{"id":2673,"date":"2021-11-01T18:09:54","date_gmt":"2021-11-01T21:09:54","guid":{"rendered":"https:\/\/blog.univicosa.com.br\/?p=2673"},"modified":"2022-05-20T11:16:34","modified_gmt":"2022-05-20T14:16:34","slug":"voce-sabe-o-que-e-ativo-biologico","status":"publish","type":"post","link":"https:\/\/blog.univicosa.com.br\/index.php\/2021\/11\/01\/voce-sabe-o-que-e-ativo-biologico\/","title":{"rendered":"Voc\u00ea sabe o que \u00e9 ativo biol\u00f3gico?"},"content":{"rendered":"\n<figure class=\"wp-block-image size-large\"><img data-attachment-id=\"2674\" data-permalink=\"https:\/\/blog.univicosa.com.br\/index.php\/2021\/11\/01\/voce-sabe-o-que-e-ativo-biologico\/ativo-biologico-contabeis-blog\/\" data-orig-file=\"https:\/\/blog.univicosa.com.br\/wp-content\/uploads\/2021\/11\/ativo-biologico-contabeis-blog.png\" data-orig-size=\"1086,652\" data-comments-opened=\"1\" data-image-meta=\"{&quot;aperture&quot;:&quot;0&quot;,&quot;credit&quot;:&quot;&quot;,&quot;camera&quot;:&quot;&quot;,&quot;caption&quot;:&quot;&quot;,&quot;created_timestamp&quot;:&quot;0&quot;,&quot;copyright&quot;:&quot;&quot;,&quot;focal_length&quot;:&quot;0&quot;,&quot;iso&quot;:&quot;0&quot;,&quot;shutter_speed&quot;:&quot;0&quot;,&quot;title&quot;:&quot;&quot;,&quot;orientation&quot;:&quot;0&quot;}\" data-image-title=\"ativo-biologico-contabeis-blog\" data-image-description=\"\" data-medium-file=\"https:\/\/blog.univicosa.com.br\/wp-content\/uploads\/2021\/11\/ativo-biologico-contabeis-blog-300x180.png\" data-large-file=\"https:\/\/blog.univicosa.com.br\/wp-content\/uploads\/2021\/11\/ativo-biologico-contabeis-blog-1024x615.png\" loading=\"lazy\" width=\"1024\" height=\"615\" src=\"https:\/\/blog.univicosa.com.br\/wp-content\/uploads\/2021\/11\/ativo-biologico-contabeis-blog-1024x615.png\" alt=\"\" class=\"wp-image-2674\" srcset=\"https:\/\/blog.univicosa.com.br\/wp-content\/uploads\/2021\/11\/ativo-biologico-contabeis-blog-1024x615.png 1024w, https:\/\/blog.univicosa.com.br\/wp-content\/uploads\/2021\/11\/ativo-biologico-contabeis-blog-300x180.png 300w, https:\/\/blog.univicosa.com.br\/wp-content\/uploads\/2021\/11\/ativo-biologico-contabeis-blog-768x461.png 768w, https:\/\/blog.univicosa.com.br\/wp-content\/uploads\/2021\/11\/ativo-biologico-contabeis-blog-850x510.png 850w, https:\/\/blog.univicosa.com.br\/wp-content\/uploads\/2021\/11\/ativo-biologico-contabeis-blog.png 1086w\" sizes=\"(max-width: 1024px) 100vw, 1024px\" \/><\/figure>\n\n\n\n<h2><strong>Ativo Biol\u00f3gico conforme o CPC 29<\/strong><\/h2>\n\n\n\n<p><em>Por Luciana Aparecida Nogueira Teixeira e N\u00e1thally Guimar\u00e3es Leandro<\/em>*<\/p>\n\n\n\n<p>As <em>International Financial Reporting Standards <\/em>(IFRS), que s\u00e3o normas internacionais de contabilidade, s\u00e3o implementadas no Brasil por meio dos CPCs, comit\u00ea de pronunciamentos cont\u00e1beis. No texto de hoje apresentaremos o CPC 29 &#8211; Ativo Biol\u00f3gico.<\/p>\n\n\n\n<h2><strong>O que \u00e9 ativo biol\u00f3gico<\/strong><strong>?<\/strong><\/h2>\n\n\n\n<p>Entende-se por ativo biol\u00f3gico um animal e\/ou plantas, vivos, semelhantes, que sobre estes devem se aplicar uma avalia\u00e7\u00e3o de valor justo (considerado o valor de mercado), logo ap\u00f3s o processo da colheita, tornando-se produtos agr\u00edcolas. Dessa forma, ocorre a transforma\u00e7\u00e3o do ativo, quando sua vida passa por um processo de adultera\u00e7\u00e3o, podendo ser classific\u00e1veis como consum\u00edveis ou de produ\u00e7\u00e3o, sendo eles maduros ou imaturos.<\/p>\n\n\n\n<p>Ativos consum\u00edveis s\u00e3o aqueles suscet\u00edveis a serem obtidos como um produto agr\u00edcola ou vendido como ativo biol\u00f3gico, como exemplo podemos citar a produ\u00e7\u00e3o de peixes, sendo tamb\u00e9m considerados maduros pois s\u00e3o aqueles prontos para serem adquiridos. Outrossim, os que se classificam para a produ\u00e7\u00e3o s\u00e3o os respectivos para a fabrica\u00e7\u00e3o, sendo visto como os imaturos que sustentam as colheitas regulares.<\/p>\n\n\n\n<p>No que tange ao valor justo, pode &#8211; se afirmar que \u00e9 o pre\u00e7o recebido pela venda de um ativo, \u00e9 considerado o pre\u00e7o de mercado, tem- se como objetivo garantir que sua determina\u00e7\u00e3o ocorre de acordo com o cen\u00e1rio atual. De acordo com o CPC 29, o ativo biol\u00f3gico deve ser mensurado a este valor.<\/p>\n\n\n\n<p>O CPC 29 trata de ativos biol\u00f3gicos e de produ\u00e7\u00e3o agr\u00edcola que consistem na colheita de ativos de uma entidade. Al\u00e9m disso, existe a transforma\u00e7\u00e3o biol\u00f3gica que compreende as diversas modifica\u00e7\u00f5es nos processos de produ\u00e7\u00e3o que devem ser levadas em considera\u00e7\u00e3o, como a situa\u00e7\u00e3o clim\u00e1tica, a economia, oferta e demanda, visto que, estas podem causar altera\u00e7\u00f5es na qualidade e quantidade do ativo, influenciando no valor justo, uma vez que, para definir este valor necessita de aten\u00e7\u00e3o, pois este pode gerar preju\u00edzos quando determinada de forma incorreta. Al\u00e9m disso, o CPC 29 trata- se a transforma\u00e7\u00e3o biol\u00f3gica e da colheita de ativos para venda ou para convers\u00e3o em produtos agr\u00edcolas ou em ativos biol\u00f3gicos adicionais pela entidade classificados como um processo de atividade agr\u00edcola.<\/p>\n\n\n\n<h2><strong>Reconhecimento de um ativo biol\u00f3gico<\/strong><\/h2>\n\n\n\n<p>De acordo com o CPC 29, o reconhecimento de um ativo biol\u00f3gico deve acontecer quando:<\/p>\n\n\n\n<ul><li>Controla o ativo como resultado de eventos passados;<\/li><li>For prov\u00e1vel que benef\u00edcios econ\u00f4micos futuros associados com o ativo fluir\u00e3o para a entidade;<\/li><li>O valor justo ou o custo do ativo puder ser mensurado confiavelmente.<\/li><\/ul>\n\n\n\n<p><em><a rel=\"noreferrer noopener\" href=\"https:\/\/univicosa.apprbs.com.br\/blog\/\" target=\"_blank\">Ei, quer<strong>\u00a0receber conte\u00fados exclusivos<\/strong>\u00a0da Univi\u00e7osa? clique aqui!\u00a0<\/a><\/em><\/p>\n\n\n\n<figure class=\"wp-block-image size-large is-resized\"><img data-attachment-id=\"2675\" data-permalink=\"https:\/\/blog.univicosa.com.br\/index.php\/2021\/11\/01\/voce-sabe-o-que-e-ativo-biologico\/passivo-ambiental-370x2592x\/\" data-orig-file=\"https:\/\/blog.univicosa.com.br\/wp-content\/uploads\/2021\/11\/passivo-ambiental-370x259@2x.jpg\" data-orig-size=\"740,518\" data-comments-opened=\"1\" data-image-meta=\"{&quot;aperture&quot;:&quot;0&quot;,&quot;credit&quot;:&quot;&quot;,&quot;camera&quot;:&quot;&quot;,&quot;caption&quot;:&quot;&quot;,&quot;created_timestamp&quot;:&quot;0&quot;,&quot;copyright&quot;:&quot;&quot;,&quot;focal_length&quot;:&quot;0&quot;,&quot;iso&quot;:&quot;0&quot;,&quot;shutter_speed&quot;:&quot;0&quot;,&quot;title&quot;:&quot;&quot;,&quot;orientation&quot;:&quot;0&quot;}\" data-image-title=\"passivo-ambiental-370&#215;259@2x\" data-image-description=\"\" data-medium-file=\"https:\/\/blog.univicosa.com.br\/wp-content\/uploads\/2021\/11\/passivo-ambiental-370x259@2x-300x210.jpg\" data-large-file=\"https:\/\/blog.univicosa.com.br\/wp-content\/uploads\/2021\/11\/passivo-ambiental-370x259@2x.jpg\" loading=\"lazy\" src=\"https:\/\/blog.univicosa.com.br\/wp-content\/uploads\/2021\/11\/passivo-ambiental-370x259@2x.jpg\" alt=\"\" class=\"wp-image-2675\" width=\"565\" height=\"396\" srcset=\"https:\/\/blog.univicosa.com.br\/wp-content\/uploads\/2021\/11\/passivo-ambiental-370x259@2x.jpg 740w, https:\/\/blog.univicosa.com.br\/wp-content\/uploads\/2021\/11\/passivo-ambiental-370x259@2x-300x210.jpg 300w\" sizes=\"(max-width: 565px) 100vw, 565px\" \/><\/figure>\n\n\n\n<h2><strong>Mensura\u00e7\u00e3o de um ativo biol\u00f3gico<\/strong><\/h2>\n\n\n\n<p>No que se refere, \u00e0 mensura\u00e7\u00e3o de um ativo biol\u00f3gico, deve-se mensurar pelo valor justo subtra\u00eddos os gastos estimados para a venda, no entanto, se n\u00e3o puder ser determinado dever\u00e1 ser avaliado pelo seu valor de custo menos a deprecia\u00e7\u00e3o ou perda, que possa ocorrer devido a mudan\u00e7as clim\u00e1ticas e pre\u00e7os de mercado, menos as despesas de venda no momento do reconhecimento inicial e final de cada per\u00edodo de compet\u00eancia, exceto no item 34 do CPC 29 em que o valor justo n\u00e3o pode ser mensurado confiavelmente, pois deve ser reconhecida no resultado do per\u00edodo quando, e somente quando, se tornar receb\u00edvel.<\/p>\n\n\n\n<p>Desse modo, destaca-se a import\u00e2ncia da correta mensura\u00e7\u00e3o destes, haja visto, que \u00e9 atrav\u00e9s da avalia\u00e7\u00e3o pelo valor justo, que os acionistas verificaram a representatividade destes ativos no patrim\u00f4nio l\u00edquido da entidade.<\/p>\n\n\n\n<h2><strong>Contabiliza\u00e7\u00e3o de um ativo biol\u00f3gico<\/strong><\/h2>\n\n\n\n<p>Quanto \u00e0 contabiliza\u00e7\u00e3o do ativo biol\u00f3gico, o CPC 29 determina que seja contabilizado pelo seu valor justo (conforme regulamento do CPC 46), dessa forma, para a divulga\u00e7\u00e3o cont\u00e1bil dos ativos biol\u00f3gicos a entidade dever\u00e1 divulgar ganhos e perdas do per\u00edodo sucedido em rela\u00e7\u00e3o ao valor inicial do ativo biol\u00f3gico e do produto agr\u00edcola, os decorrentes de mudan\u00e7as do valor justo, menos a despesas de vendas dos ativos biol\u00f3gicos.<\/p>\n\n\n\n<figure class=\"wp-block-image size-large is-resized\"><img data-attachment-id=\"2676\" data-permalink=\"https:\/\/blog.univicosa.com.br\/index.php\/2021\/11\/01\/voce-sabe-o-que-e-ativo-biologico\/touros-de-corte-e1516991868238\/\" data-orig-file=\"https:\/\/blog.univicosa.com.br\/wp-content\/uploads\/2021\/11\/Touros-de-Corte-e1516991868238.jpg\" data-orig-size=\"620,412\" data-comments-opened=\"1\" data-image-meta=\"{&quot;aperture&quot;:&quot;0&quot;,&quot;credit&quot;:&quot;ALEXANDRETEIXEIRA.COM&quot;,&quot;camera&quot;:&quot;&quot;,&quot;caption&quot;:&quot;&quot;,&quot;created_timestamp&quot;:&quot;0&quot;,&quot;copyright&quot;:&quot;ALEXANDRETEIXEIRA.COM&quot;,&quot;focal_length&quot;:&quot;0&quot;,&quot;iso&quot;:&quot;0&quot;,&quot;shutter_speed&quot;:&quot;0&quot;,&quot;title&quot;:&quot;&quot;,&quot;orientation&quot;:&quot;0&quot;}\" data-image-title=\"Touros-de-Corte-e1516991868238\" data-image-description=\"\" data-medium-file=\"https:\/\/blog.univicosa.com.br\/wp-content\/uploads\/2021\/11\/Touros-de-Corte-e1516991868238-300x199.jpg\" data-large-file=\"https:\/\/blog.univicosa.com.br\/wp-content\/uploads\/2021\/11\/Touros-de-Corte-e1516991868238.jpg\" loading=\"lazy\" src=\"https:\/\/blog.univicosa.com.br\/wp-content\/uploads\/2021\/11\/Touros-de-Corte-e1516991868238.jpg\" alt=\"\" class=\"wp-image-2676\" width=\"561\" height=\"372\" srcset=\"https:\/\/blog.univicosa.com.br\/wp-content\/uploads\/2021\/11\/Touros-de-Corte-e1516991868238.jpg 620w, https:\/\/blog.univicosa.com.br\/wp-content\/uploads\/2021\/11\/Touros-de-Corte-e1516991868238-300x199.jpg 300w\" sizes=\"(max-width: 561px) 100vw, 561px\" \/><\/figure>\n\n\n\n<h2><strong>Import\u00e2ncia para as empresas<\/strong><\/h2>\n\n\n\n<p>Mediante ao exposto, pode- se afirmar que os ativos biol\u00f3gicos s\u00e3o importantes dentro de uma organiza\u00e7\u00e3o, pois este \u00e9 uma ferramenta que pode ser analisada por um investidor durante algum processo de aplica\u00e7\u00e3o e decis\u00e3o.<\/p>\n\n\n\n<p>Neste sentido, ao realizar a correta avalia\u00e7\u00e3o de um ativo, a empresa busca atualizar o valor de mercado da produ\u00e7\u00e3o e acompanhar os valores que este representa dentro daquela entidade, pois \u00e9 atrav\u00e9s desta que s\u00e3o divulgadas de forma geral as informa\u00e7\u00f5es sobre ganhos e perdas referente \u00e0s varia\u00e7\u00f5es no valor justo, a descri\u00e7\u00e3o das atividades envolvendo cada grupo dos ativos biol\u00f3gicos e as mensura\u00e7\u00f5es ou estimativas n\u00e3o financeiras de cada um destes.&nbsp;<\/p>\n\n\n\n<p><em><strong>Por:<\/strong> <strong>Luciana Aparecida Nogueira Teixeira \u2013 Aluna do 4\u00ba per\u00edodo de Ci\u00eancias Cont\u00e1beis<\/strong><\/em>. <strong><em>N\u00e1thally Guimar\u00e3es Leandro \u2013 Aluna do 6\u00ba per\u00edodo de Ci\u00eancias Cont\u00e1beis<\/em><\/strong>. <\/p>\n\n\n\n<p><a rel=\"noreferrer noopener\" href=\"https:\/\/www.univicosa.com.br\/graduacao\/cursos\/ciencias_contabeis\" target=\"_blank\">Curtiu e quer saber mais sobre o curso de\u00a0<strong>Ci\u00eancias Cont\u00e1beis\u00a0<\/strong>da\u00a0<strong>UNIVI\u00c7OSA<\/strong>? Ent\u00e3o acesse o site da Univi\u00e7osa, clique aqui!<\/a><\/p>\n\n\n\n<p><a href=\"https:\/\/blog.univicosa.com.br\/index.php\/2021\/10\/26\/saiba-o-que-sao-os-cpcs-e-a-importancia-de-se-estudar-os-pronunciamentos-contabeis\/\" target=\"_blank\" rel=\"noreferrer noopener\">Saiba o que s\u00e3o os CPCs e a import\u00e2ncia de se estudar os Pronunciamentos Cont\u00e1beis<\/a><\/p>\n\n\n\n<p><a href=\"https:\/\/blog.univicosa.com.br\/index.php\/2021\/10\/25\/aprenda-como-abrir-a-sua-propria-empresa\/\" target=\"_blank\" rel=\"noreferrer noopener\">Aprenda como abrir a sua pr\u00f3pria empresa<\/a><\/p>\n\n\n\n<p><a href=\"https:\/\/blog.univicosa.com.br\/index.php\/2021\/09\/28\/saiba-tudo-sobre-o-mei-microempreendedor-individual\/\" target=\"_blank\" rel=\"noreferrer noopener\">Saiba tudo sobre o MEI -Microempreendedor Individual!<\/a><\/p>\n\n\n\n<p><a href=\"https:\/\/blog.univicosa.com.br\/index.php\/2021\/10\/21\/entenda-o-cooperativismo-principios-desafios-e-oportunidades\/\" target=\"_blank\" rel=\"noreferrer noopener\">Entenda o Cooperativismo: princ\u00edpios, desafios e oportunidades!<\/a><\/p>\n\n\n\n<p><a rel=\"noreferrer noopener\" href=\"https:\/\/blog.univicosa.com.br\/index.php\/2021\/10\/21\/entenda-o-cooperativismo-principios-desafios-e-oportunidades\/afinal,%20por%20que%20existem?\" target=\"_blank\">Impostos: afinal, por que existem?<\/a><\/p>\n\n\n\n<p><a href=\"https:\/\/blog.univicosa.com.br\/index.php\/2021\/10\/06\/voce-sabe-o-que-e-inflacao-a-gente-te-conta\/\" target=\"_blank\" rel=\"noreferrer noopener\">Voc\u00ea sabe o que \u00e9 infla\u00e7\u00e3o? A gente te conta!<\/a><\/p>\n\n\n\n<p><a href=\"https:\/\/blog.univicosa.com.br\/index.php\/2021\/08\/16\/1-ciencias-contabeis-areas-de-atuacao-auditoria\/\" target=\"_blank\" rel=\"noreferrer noopener\">#1 Ci\u00eancias Cont\u00e1beis \u2013 \u00c1reas de atua\u00e7\u00e3o: Auditoria<\/a><\/p>\n\n\n\n<p><a href=\"https:\/\/blog.univicosa.com.br\/index.php\/2021\/08\/24\/2-ciencias-contabeis-areas-de-atuacao-pericia-contabil\/\" target=\"_blank\" rel=\"noreferrer noopener\">#2 Ci\u00eancias Cont\u00e1beis \u2013 \u00c1reas de atua\u00e7\u00e3o: Per\u00edcia Cont\u00e1bil<\/a><\/p>\n\n\n\n<p><a href=\"https:\/\/blog.univicosa.com.br\/index.php\/2021\/09\/02\/3-ciencias-contabeis-areas-de-atuacao-consultor-tributario\/\" target=\"_blank\" rel=\"noreferrer noopener\">#3 Ci\u00eancias Cont\u00e1beis \u2013 \u00c1reas de atua\u00e7\u00e3o: Consultor Tribut\u00e1rio<\/a><\/p>\n\n\n\n<p><a href=\"https:\/\/blog.univicosa.com.br\/index.php\/2021\/09\/06\/4-ciencias-contabeis-areas-de-atuacao-pesquisa-cientifica\/\" target=\"_blank\" rel=\"noreferrer noopener\">#4 Ci\u00eancias Cont\u00e1beis \u2013 \u00c1reas de atua\u00e7\u00e3o: Pesquisa Cient\u00edfica<\/a><br><br><a href=\"https:\/\/blog.univicosa.com.br\/index.php\/2021\/09\/14\/5-ciencias-contabeis-areas-de-atuacao-pesquisa-cientifica-relatos-de-um-ex-aluno\/\" target=\"_blank\" rel=\"noreferrer noopener\">#5 Ci\u00eancias Cont\u00e1beis \u2013 \u00c1reas de atua\u00e7\u00e3o: Pesquisa Cient\u00edfica \u2013 Relatos de um ex-aluno!<\/a><\/p>\n\n\n\n<p><a href=\"https:\/\/blog.univicosa.com.br\/index.php\/2021\/07\/13\/saiba-como-a-tecnologia-da-informacao-se-aplica-a-contabilidade\/\" target=\"_blank\" rel=\"noreferrer noopener\">Saiba como a tecnologia da informa\u00e7\u00e3o se aplica a contabilidade!<\/a><\/p>\n\n\n\n<p><a href=\"https:\/\/blog.univicosa.com.br\/index.php\/2021\/07\/05\/regime-tributario-brasileiro-conheca-os-3-tipos-existentes\/\" target=\"_blank\" rel=\"noreferrer noopener\">Regime tribut\u00e1rio brasileiro: conhe\u00e7a os 3 tipos existentes!<\/a><\/p>\n\n\n\n<p><a href=\"https:\/\/blog.univicosa.com.br\/index.php\/2021\/06\/07\/voce-sabia-empresas-dentro-do-simples-nacional-podem-pagar-menos-impostos-dentro-da-lei\/\" target=\"_blank\" rel=\"noreferrer noopener\">Voc\u00ea sabia? Empresas dentro do Simples Nacional podem pagar menos impostos dentro da lei!<\/a><\/p>\n\n\n\n<p><a href=\"https:\/\/blog.univicosa.com.br\/index.php\/2021\/06\/01\/5-dicas-para-ter-um-curriculo-de-destaque\/\" target=\"_blank\" rel=\"noreferrer noopener\">5 dicas para criar um curr\u00edculo de sucesso!<\/a><\/p>\n\n\n\n<p><a href=\"https:\/\/blog.univicosa.com.br\/index.php\/2021\/07\/20\/conheca-as-vantagens-de-fazer-uma-segunda-graduacao\/\" target=\"_blank\" rel=\"noreferrer noopener\">Conhe\u00e7a as vantagens de fazer uma segunda gradua\u00e7\u00e3o<\/a><br><br><a href=\"https:\/\/blog.univicosa.com.br\/index.php\/2021\/07\/08\/networking-e-a-pandemia-como-estabelecer-conexoes-autenticas-em-tempos-de-distanciamento-social\/\" target=\"_blank\" rel=\"noreferrer noopener\">Saiba o que \u00e9 Networking e potencialize sua carreira profissional!<\/a><\/p>\n\n\n\n<p><a href=\"https:\/\/blog.univicosa.com.br\/index.php\/2021\/06\/08\/8-dicas-para-se-preparar-para-uma-entrevista-de-estagio\/\" target=\"_blank\" rel=\"noreferrer noopener\">8 dicas para se preparar para uma entrevista de est\u00e1gio!<\/a><\/p>\n\n\n\n<p><a href=\"https:\/\/blog.univicosa.com.br\/index.php\/2021\/06\/15\/10-passos-para-ter-um-perfil-mais-relevante-no-linkedin\/\">10 passos&nbsp;<\/a><a href=\"https:\/\/blog.univicosa.com.br\/index.php\/2021\/06\/15\/10-passos-para-ter-um-perfil-mais-relevante-no-linkedin\/\" target=\"_blank\" rel=\"noreferrer noopener\">p<\/a><a href=\"https:\/\/blog.univicosa.com.br\/index.php\/2021\/06\/15\/10-passos-para-ter-um-perfil-mais-relevante-no-linkedin\/\">ara ter um perfil mais relevante no LinkedIn!<\/a><\/p>\n\n\n\n<p><a rel=\"noreferrer noopener\" href=\"https:\/\/blog.univicosa.com.br\/index.php\/2021\/03\/24\/porque-cursar-ciencias-contabeis\/\" target=\"_blank\">PORQUE CURSAR CI\u00caNCIAS CONT\u00c1BEIS<\/a><br><br><a rel=\"noreferrer noopener\" href=\"https:\/\/blog.univicosa.com.br\/index.php\/2021\/07\/09\/voce-sabe-a-diferenca-entre-trabalhabilidade-e-empregabilidade\/\" target=\"_blank\">Voc\u00ea sabe a diferen\u00e7a entre Trabalhabilidade e Empregabilidade?<\/a><\/p>\n","protected":false},"excerpt":{"rendered":"<p>Ativo Biol\u00f3gico conforme o CPC 29 Por Luciana Aparecida Nogueira Teixeira e N\u00e1thally Guimar\u00e3es Leandro* As International Financial Reporting Standards (IFRS), que s\u00e3o normas internacionais de contabilidade, s\u00e3o implementadas no Brasil por meio dos CPCs, comit\u00ea de pronunciamentos cont\u00e1beis. No texto de hoje apresentaremos o CPC 29 &#8211; Ativo Biol\u00f3gico. O que \u00e9 ativo biol\u00f3gico?&#8230;<\/p>\n","protected":false},"author":2,"featured_media":2674,"comment_status":"open","ping_status":"open","sticky":false,"template":"","format":"standard","meta":{"spay_email":""},"categories":[34,15],"tags":[1058,1061,1060,409,970,196,258,300,417,259,1039,1059,256,5,51,7,1063,155,1064,92,107,96,9,1062,93],"jetpack_featured_media_url":"https:\/\/blog.univicosa.com.br\/wp-content\/uploads\/2021\/11\/ativo-biologico-contabeis-blog.png","jetpack_shortlink":"https:\/\/wp.me\/pbcCKk-H7","_links":{"self":[{"href":"https:\/\/blog.univicosa.com.br\/index.php\/wp-json\/wp\/v2\/posts\/2673"}],"collection":[{"href":"https:\/\/blog.univicosa.com.br\/index.php\/wp-json\/wp\/v2\/posts"}],"about":[{"href":"https:\/\/blog.univicosa.com.br\/index.php\/wp-json\/wp\/v2\/types\/post"}],"author":[{"embeddable":true,"href":"https:\/\/blog.univicosa.com.br\/index.php\/wp-json\/wp\/v2\/users\/2"}],"replies":[{"embeddable":true,"href":"https:\/\/blog.univicosa.com.br\/index.php\/wp-json\/wp\/v2\/comments?post=2673"}],"version-history":[{"count":2,"href":"https:\/\/blog.univicosa.com.br\/index.php\/wp-json\/wp\/v2\/posts\/2673\/revisions"}],"predecessor-version":[{"id":2679,"href":"https:\/\/blog.univicosa.com.br\/index.php\/wp-json\/wp\/v2\/posts\/2673\/revisions\/2679"}],"wp:featuredmedia":[{"embeddable":true,"href":"https:\/\/blog.univicosa.com.br\/index.php\/wp-json\/wp\/v2\/media\/2674"}],"wp:attachment":[{"href":"https:\/\/blog.univicosa.com.br\/index.php\/wp-json\/wp\/v2\/media?parent=2673"}],"wp:term":[{"taxonomy":"category","embeddable":true,"href":"https:\/\/blog.univicosa.com.br\/index.php\/wp-json\/wp\/v2\/categories?post=2673"},{"taxonomy":"post_tag","embeddable":true,"href":"https:\/\/blog.univicosa.com.br\/index.php\/wp-json\/wp\/v2\/tags?post=2673"}],"curies":[{"name":"wp","href":"https:\/\/api.w.org\/{rel}","templated":true}]}}