{"id":2666,"date":"2021-10-29T14:15:33","date_gmt":"2021-10-29T17:15:33","guid":{"rendered":"https:\/\/blog.univicosa.com.br\/?p=2666"},"modified":"2022-05-20T11:17:08","modified_gmt":"2022-05-20T14:17:08","slug":"envelhecimento-saudavel-e-a-casa-de-morar","status":"publish","type":"post","link":"https:\/\/blog.univicosa.com.br\/index.php\/2021\/10\/29\/envelhecimento-saudavel-e-a-casa-de-morar\/","title":{"rendered":"A velhice e a casa de morar"},"content":{"rendered":"\n<figure class=\"wp-block-image size-large\"><img data-attachment-id=\"2671\" data-permalink=\"https:\/\/blog.univicosa.com.br\/index.php\/2021\/10\/29\/envelhecimento-saudavel-e-a-casa-de-morar\/fserwetestg\/\" data-orig-file=\"https:\/\/blog.univicosa.com.br\/wp-content\/uploads\/2021\/10\/fserwetestg.png\" data-orig-size=\"1024,576\" data-comments-opened=\"1\" data-image-meta=\"{&quot;aperture&quot;:&quot;0&quot;,&quot;credit&quot;:&quot;&quot;,&quot;camera&quot;:&quot;&quot;,&quot;caption&quot;:&quot;&quot;,&quot;created_timestamp&quot;:&quot;0&quot;,&quot;copyright&quot;:&quot;&quot;,&quot;focal_length&quot;:&quot;0&quot;,&quot;iso&quot;:&quot;0&quot;,&quot;shutter_speed&quot;:&quot;0&quot;,&quot;title&quot;:&quot;&quot;,&quot;orientation&quot;:&quot;0&quot;}\" data-image-title=\"fserwetestg\" data-image-description=\"\" data-medium-file=\"https:\/\/blog.univicosa.com.br\/wp-content\/uploads\/2021\/10\/fserwetestg-300x169.png\" data-large-file=\"https:\/\/blog.univicosa.com.br\/wp-content\/uploads\/2021\/10\/fserwetestg.png\" loading=\"lazy\" width=\"1024\" height=\"576\" src=\"https:\/\/blog.univicosa.com.br\/wp-content\/uploads\/2021\/10\/fserwetestg.png\" alt=\"\" class=\"wp-image-2671\" srcset=\"https:\/\/blog.univicosa.com.br\/wp-content\/uploads\/2021\/10\/fserwetestg.png 1024w, https:\/\/blog.univicosa.com.br\/wp-content\/uploads\/2021\/10\/fserwetestg-300x169.png 300w, https:\/\/blog.univicosa.com.br\/wp-content\/uploads\/2021\/10\/fserwetestg-768x432.png 768w, https:\/\/blog.univicosa.com.br\/wp-content\/uploads\/2021\/10\/fserwetestg-850x478.png 850w\" sizes=\"(max-width: 1024px) 100vw, 1024px\" \/><\/figure>\n\n\n\n<p class=\"has-text-align-right\"><em>\u201cNascer \u00e9 uma possibilidade, viver \u00e9 um risco.\u00a0\u00a0 Envelhecer \u00e9 um privil\u00e9gio\u201d. <strong>Mario Quintana<\/strong><\/em><\/p>\n\n\n\n<p>O <strong>envelhecimento populacional<\/strong> \u00e9 um evento <strong>vivenciado <\/strong>em todo <strong>mundo<\/strong>, contudo, no <strong>Brasil <\/strong>esse fato ocorre de modo bastante<strong> r\u00e1pido<\/strong> e se apresenta <strong>desuniforme <\/strong>no tocante as <strong>regi\u00f5es do pa\u00eds<\/strong>. Essa condi\u00e7\u00e3o \u00e9 um complicador e confere <strong>urg\u00eancia<\/strong> no <strong>atendimento <\/strong>dessa <strong>popula\u00e7\u00e3o<\/strong>, que aumenta de forma acelerada, acarretando profundas mudan\u00e7as nacionais, em termos de demandas da popula\u00e7\u00e3o por<strong> sa\u00fade, habita\u00e7\u00e3o, educa\u00e7\u00e3o, previd\u00eancia, cultura, lazer, <\/strong>entre outros.<\/p>\n\n\n\n<p>A habita\u00e7\u00e3o \u00e9 vista como fator <strong>fundamental <\/strong>no <strong>envelhecimento saud\u00e1vel <\/strong>e <strong>ativo<\/strong>. \u00c9 por meio do ambiente<strong> dom\u00e9stico adequado<\/strong>, seguro e confort\u00e1vel, que a<strong> pessoa idosa <\/strong>pode <strong>vivenciar <\/strong>uma<strong> velhice exitosa.<\/strong> Afinal, a <strong>moradia <\/strong>configura uma das necessidades b\u00e1sicas dos indiv\u00edduos.<\/p>\n\n\n\n<p>Vale ressaltar que a<strong> moradia para as pessoas idosas<\/strong> toma contorno pr\u00f3prio, \u00e9 o local de <strong>maior perman\u00eancia <\/strong>e muitas vezes, \u00e9 a habita\u00e7\u00e3o que representa a <strong>identidade <\/strong>da vida do<strong> sujeito social<\/strong>, sendo expressada pelo \u00edcone \u201c<strong>casa<\/strong>\u201d. A resposta mais recorrente \u00e0 pergunta: \u201c<strong>onde se deseja morar?<\/strong> \u201d, feita \u00e0s pessoas de todas as idades, \u00e9, sem d\u00favida, <strong>envelhecer <\/strong>no local onde se vive.<\/p>\n\n\n\n<p><em><a rel=\"noreferrer noopener\" href=\"https:\/\/univicosa.apprbs.com.br\/blog\/\" target=\"_blank\">Ei, quer<strong>&nbsp;receber conte\u00fados exclusivos<\/strong>&nbsp;da Univi\u00e7osa? clique aqui!&nbsp;<\/a><\/em> <\/p>\n\n\n\n<figure class=\"wp-block-image size-large is-resized\"><img data-attachment-id=\"2668\" data-permalink=\"https:\/\/blog.univicosa.com.br\/index.php\/2021\/10\/29\/envelhecimento-saudavel-e-a-casa-de-morar\/a\/\" data-orig-file=\"https:\/\/blog.univicosa.com.br\/wp-content\/uploads\/2021\/10\/a.jpg\" data-orig-size=\"447,297\" data-comments-opened=\"1\" data-image-meta=\"{&quot;aperture&quot;:&quot;0&quot;,&quot;credit&quot;:&quot;&quot;,&quot;camera&quot;:&quot;&quot;,&quot;caption&quot;:&quot;&quot;,&quot;created_timestamp&quot;:&quot;0&quot;,&quot;copyright&quot;:&quot;&quot;,&quot;focal_length&quot;:&quot;0&quot;,&quot;iso&quot;:&quot;0&quot;,&quot;shutter_speed&quot;:&quot;0&quot;,&quot;title&quot;:&quot;&quot;,&quot;orientation&quot;:&quot;0&quot;}\" data-image-title=\"a\" data-image-description=\"\" data-medium-file=\"https:\/\/blog.univicosa.com.br\/wp-content\/uploads\/2021\/10\/a-300x199.jpg\" data-large-file=\"https:\/\/blog.univicosa.com.br\/wp-content\/uploads\/2021\/10\/a.jpg\" loading=\"lazy\" src=\"https:\/\/blog.univicosa.com.br\/wp-content\/uploads\/2021\/10\/a.jpg\" alt=\"\" class=\"wp-image-2668\" width=\"548\" height=\"364\" srcset=\"https:\/\/blog.univicosa.com.br\/wp-content\/uploads\/2021\/10\/a.jpg 447w, https:\/\/blog.univicosa.com.br\/wp-content\/uploads\/2021\/10\/a-300x199.jpg 300w\" sizes=\"(max-width: 548px) 100vw, 548px\" \/><\/figure>\n\n\n\n<p>Nessa <strong>perspectiva<\/strong>, compreender a <strong>habita\u00e7\u00e3o<\/strong>, para al\u00e9m das quest\u00f5es f\u00edsicas, seria um passo \u00e0 frente no entendimento da<strong> pr\u00f3pria viv\u00eancia<\/strong> da <strong>vetustez<\/strong>. \u00c9 preciso visualizar a casa para al\u00e9m da <strong>prote\u00e7\u00e3o <\/strong>e da <strong>seguran\u00e7a <\/strong>proporcionadas pelas paredes e telhado e, sim, compreender esse lugar como um <strong>espa\u00e7o <\/strong>de <strong>afeto <\/strong>e <strong>empatia <\/strong>no delongar da vida.<\/p>\n\n\n\n<p>Muitas s\u00e3o as <strong>formas de morar na velhice <\/strong>nos tempos <strong>contempor\u00e2neos<\/strong>: coabita\u00e7\u00e3o (moradia compartilhada) com v\u00ednculos afetivos ou consangu\u00edneos; condom\u00ednios exclusivos; moradias unipessoais; ILPIs (Institui\u00e7\u00f5es de longa perman\u00eancia para idosos); dentre outras. Essas moradias s\u00e3o escolhidas conforme o grau de independ\u00eancia e autonomia, das condi\u00e7\u00f5es <strong>socioecon\u00f4micas <\/strong>e <strong>culturais <\/strong>de cada indiv\u00edduo que vivencia a velhice.<\/p>\n\n\n\n<p>Uma<strong> casa digna<\/strong> e <strong>adequada <\/strong>\u00e9 <strong>direito <\/strong>de todo <strong>cidad\u00e3o brasileiro,<\/strong> o <strong>envelhecimento humano <\/strong>est\u00e1 intimamente associado \u00e0 casa onde se mora, especialmente no que se refere a ideia de <strong>pertencimento<\/strong>, ao conforto e \u00e0 <strong>qualidade <\/strong>de <strong>vida<\/strong>. Elementos pr\u00f3prios da moradia repercutem, de maneira singular, na forma de viver e de <strong>experenciar <\/strong>a <strong>velhice<\/strong>.<\/p>\n\n\n\n<p><strong><em>*Por: Eleusy Nat\u00e1lia Miguel&nbsp;<\/em><\/strong><em>\u2013 economista dom\u00e9stica, arquiteta urbanista e assistente social. Professora no curso de Arquitetura e Urbanismo da Univi\u00e7osa em disciplinas das \u00e1reas de Hist\u00f3ria, Patrim\u00f4nio e Pl\u00e1stica. O texto acima foi baseado em sua tese de doutorado (UFV-2021) intitulada: <\/em>Velhice, habita\u00e7\u00e3o e qualidade de vida: an\u00e1lise de pol\u00edticas e programas sociais no Brasil e em Portugal.<\/p>\n\n\n\n<p><a rel=\"noreferrer noopener\" href=\"https:\/\/www.univicosa.com.br\/graduacao\/cursos\/arquitetura_e_urbanismo\" target=\"_blank\">Curtiu e quer saber mais sobre o curso de&nbsp;<strong>Arquitetura e Urbanismo<\/strong>&nbsp;da&nbsp;<strong>UNIVI\u00c7OSA<\/strong>? Ent\u00e3o acesse o site da Univi\u00e7osa, clique aqui!<\/a> <\/p>\n\n\n\n<p><a href=\"https:\/\/blog.univicosa.com.br\/index.php\/2021\/10\/22\/os-modos-de-morar-e-a-arquitetura\/\">Os modos de morar e a Arquitetura<\/a><\/p>\n\n\n\n<p><a rel=\"noreferrer noopener\" href=\"https:\/\/blog.univicosa.com.br\/index.php\/2021\/10\/07\/voce-sabe-o-que-e-abstracao-artistica\/\" target=\"_blank\">Voc\u00ea sabe o que \u00e9 abstra\u00e7\u00e3o art\u00edstica?<\/a><\/p>\n\n\n\n<p><a href=\"https:\/\/blog.univicosa.com.br\/index.php\/2021\/10\/22\/os-modos-de-morar-e-a-arquitetura\/saiba%20tudo%20sobre%20a%20arquitetura%20da%20paisagem!\" target=\"_blank\" rel=\"noreferrer noopener\">Paisagismo: saiba tudo sobre a arquitetura da paisagem!<\/a><\/p>\n\n\n\n<p><a href=\"https:\/\/blog.univicosa.com.br\/index.php\/2021\/05\/26\/dicas-para-organizar-o-seu-estudo-em-casa\/\" target=\"_blank\" rel=\"noreferrer noopener\">Dicas para organizar o seu estudo em casa!<\/a><br><br><a href=\"https:\/\/blog.univicosa.com.br\/index.php\/2021\/07\/20\/conheca-as-vantagens-de-fazer-uma-segunda-graduacao\/\" target=\"_blank\" rel=\"noreferrer noopener\">Conhe\u00e7a as vantagens de fazer uma segunda gradua\u00e7\u00e3o<\/a><\/p>\n\n\n\n<p><a href=\"https:\/\/blog.univicosa.com.br\/index.php\/2021\/07\/26\/curiosidades-e-mercado-de-trabalho-arquitetura-e-urbanismo\/\" target=\"_blank\" rel=\"noreferrer noopener\">Curiosidades e mercado de trabalho: Arquitetura e Urbanismo<\/a><br><br><a href=\"https:\/\/blog.univicosa.com.br\/index.php\/2021\/07\/16\/5-dicas-para-se-destacar-no-mercado-de-trabalho\/\" target=\"_blank\" rel=\"noreferrer noopener\">5 dicas para se destacar no mercado de trabalho<\/a><br><br><a href=\"https:\/\/blog.univicosa.com.br\/index.php\/2021\/06\/01\/5-dicas-para-ter-um-curriculo-de-destaque\/\" target=\"_blank\" rel=\"noreferrer noopener\">5 dicas para criar um curr\u00edculo de sucesso!<\/a><\/p>\n\n\n\n<p><a href=\"https:\/\/blog.univicosa.com.br\/index.php\/2021\/06\/09\/transmita-suas-ideias-atraves-do-desenho\/\" target=\"_blank\" rel=\"noreferrer noopener\">Transmita suas ideias atrav\u00e9s do desenho!<\/a><br><br><a href=\"https:\/\/blog.univicosa.com.br\/index.php\/2021\/06\/22\/6-dicas-simples-de-como-fazer-um-mapa-mental-e-mandar-bem-nos-estudos\/\" target=\"_blank\" rel=\"noreferrer noopener\">6 dicas simples de como fazer um MAPA MENTAL e mandar bem nos estudos<\/a><br><br><a href=\"https:\/\/blog.univicosa.com.br\/index.php\/2021\/06\/15\/10-passos-para-ter-um-perfil-mais-relevante-no-linkedin\/\" target=\"_blank\" rel=\"noreferrer noopener\">10 passos para ter um perfil mais relevante no LinkedIn!<\/a><\/p>\n\n\n\n<p><a href=\"https:\/\/univicosa.apprbs.com.br\/gruda-na-uni\" target=\"_blank\" rel=\"noreferrer noopener\">Ei, voc\u00ea est\u00e1 estudando para o&nbsp;<strong>ENEM<\/strong>? A gente te ajuda! Tem conte\u00fado de exatas (matem\u00e1tica), humanas (portugu\u00eas), ci\u00eancias da natureza (Qu\u00edmica, Biologia), atualidades e muito mais,&nbsp;<strong>Gruda na Uni<\/strong>&nbsp;e vem! Clique aqui!<\/a><\/p>\n\n\n\n<p><a href=\"https:\/\/blog.univicosa.com.br\/index.php\/2021\/01\/20\/eu-sou-do-time-ciencias-exatas-eu-sou-univicosa\/\" target=\"_blank\" rel=\"noreferrer noopener\">Eu sou do time&nbsp;<strong>Ci\u00eancias Exatas<\/strong>, eu sou #UNIVI\u00c7OSA<\/a><\/p>\n\n\n\n<p><a rel=\"noreferrer noopener\" href=\"https:\/\/blog.univicosa.com.br\/index.php\/2020\/04\/29\/guia-de-organizacao-no-home-office-dicas-deixar-o-seu-ambiente-mais-produtivo\/\" target=\"_blank\">Guia de organiza\u00e7\u00e3o: dicas para deixar o seu&nbsp;<strong>ambiente de estudos<\/strong>&nbsp;ainda mais produtivo<\/a><\/p>\n\n\n\n<p><\/p>\n","protected":false},"excerpt":{"rendered":"<p>\u201cNascer \u00e9 uma possibilidade, viver \u00e9 um risco.\u00a0\u00a0 Envelhecer \u00e9 um privil\u00e9gio\u201d. Mario Quintana O envelhecimento populacional \u00e9 um evento vivenciado em todo mundo, contudo, no Brasil esse fato ocorre de modo bastante r\u00e1pido e se apresenta desuniforme no tocante as regi\u00f5es do pa\u00eds. Essa condi\u00e7\u00e3o \u00e9 um complicador e confere urg\u00eancia no atendimento dessa&#8230;<\/p>\n","protected":false},"author":2,"featured_media":2671,"comment_status":"open","ping_status":"open","sticky":false,"template":"","format":"standard","meta":{"spay_email":""},"categories":[28,14],"tags":[333,102,409,970,196,374,1056,936,1055,1057,1054,51,7,339,1053,92,1017,754,64,9,93],"jetpack_featured_media_url":"https:\/\/blog.univicosa.com.br\/wp-content\/uploads\/2021\/10\/fserwetestg.png","jetpack_shortlink":"https:\/\/wp.me\/pbcCKk-H0","_links":{"self":[{"href":"https:\/\/blog.univicosa.com.br\/index.php\/wp-json\/wp\/v2\/posts\/2666"}],"collection":[{"href":"https:\/\/blog.univicosa.com.br\/index.php\/wp-json\/wp\/v2\/posts"}],"about":[{"href":"https:\/\/blog.univicosa.com.br\/index.php\/wp-json\/wp\/v2\/types\/post"}],"author":[{"embeddable":true,"href":"https:\/\/blog.univicosa.com.br\/index.php\/wp-json\/wp\/v2\/users\/2"}],"replies":[{"embeddable":true,"href":"https:\/\/blog.univicosa.com.br\/index.php\/wp-json\/wp\/v2\/comments?post=2666"}],"version-history":[{"count":3,"href":"https:\/\/blog.univicosa.com.br\/index.php\/wp-json\/wp\/v2\/posts\/2666\/revisions"}],"predecessor-version":[{"id":2672,"href":"https:\/\/blog.univicosa.com.br\/index.php\/wp-json\/wp\/v2\/posts\/2666\/revisions\/2672"}],"wp:featuredmedia":[{"embeddable":true,"href":"https:\/\/blog.univicosa.com.br\/index.php\/wp-json\/wp\/v2\/media\/2671"}],"wp:attachment":[{"href":"https:\/\/blog.univicosa.com.br\/index.php\/wp-json\/wp\/v2\/media?parent=2666"}],"wp:term":[{"taxonomy":"category","embeddable":true,"href":"https:\/\/blog.univicosa.com.br\/index.php\/wp-json\/wp\/v2\/categories?post=2666"},{"taxonomy":"post_tag","embeddable":true,"href":"https:\/\/blog.univicosa.com.br\/index.php\/wp-json\/wp\/v2\/tags?post=2666"}],"curies":[{"name":"wp","href":"https:\/\/api.w.org\/{rel}","templated":true}]}}