{"id":2640,"date":"2021-10-22T14:28:09","date_gmt":"2021-10-22T17:28:09","guid":{"rendered":"https:\/\/blog.univicosa.com.br\/?p=2640"},"modified":"2022-05-20T11:16:41","modified_gmt":"2022-05-20T14:16:41","slug":"os-modos-de-morar-e-a-arquitetura","status":"publish","type":"post","link":"https:\/\/blog.univicosa.com.br\/index.php\/2021\/10\/22\/os-modos-de-morar-e-a-arquitetura\/","title":{"rendered":"Os modos de morar e a Arquitetura"},"content":{"rendered":"\n<figure class=\"wp-block-image size-large\"><img data-attachment-id=\"2647\" data-permalink=\"https:\/\/blog.univicosa.com.br\/index.php\/2021\/10\/22\/os-modos-de-morar-e-a-arquitetura\/arq-blog-modos-de-morar\/\" data-orig-file=\"https:\/\/blog.univicosa.com.br\/wp-content\/uploads\/2021\/10\/arq-blog-modos-de-morar.png\" data-orig-size=\"1024,576\" data-comments-opened=\"1\" data-image-meta=\"{&quot;aperture&quot;:&quot;0&quot;,&quot;credit&quot;:&quot;&quot;,&quot;camera&quot;:&quot;&quot;,&quot;caption&quot;:&quot;&quot;,&quot;created_timestamp&quot;:&quot;0&quot;,&quot;copyright&quot;:&quot;&quot;,&quot;focal_length&quot;:&quot;0&quot;,&quot;iso&quot;:&quot;0&quot;,&quot;shutter_speed&quot;:&quot;0&quot;,&quot;title&quot;:&quot;&quot;,&quot;orientation&quot;:&quot;0&quot;}\" data-image-title=\"arq-blog-modos-de-morar\" data-image-description=\"\" data-medium-file=\"https:\/\/blog.univicosa.com.br\/wp-content\/uploads\/2021\/10\/arq-blog-modos-de-morar-300x169.png\" data-large-file=\"https:\/\/blog.univicosa.com.br\/wp-content\/uploads\/2021\/10\/arq-blog-modos-de-morar.png\" loading=\"lazy\" width=\"1024\" height=\"576\" src=\"https:\/\/blog.univicosa.com.br\/wp-content\/uploads\/2021\/10\/arq-blog-modos-de-morar.png\" alt=\"\" class=\"wp-image-2647\" srcset=\"https:\/\/blog.univicosa.com.br\/wp-content\/uploads\/2021\/10\/arq-blog-modos-de-morar.png 1024w, https:\/\/blog.univicosa.com.br\/wp-content\/uploads\/2021\/10\/arq-blog-modos-de-morar-300x169.png 300w, https:\/\/blog.univicosa.com.br\/wp-content\/uploads\/2021\/10\/arq-blog-modos-de-morar-768x432.png 768w, https:\/\/blog.univicosa.com.br\/wp-content\/uploads\/2021\/10\/arq-blog-modos-de-morar-850x478.png 850w\" sizes=\"(max-width: 1024px) 100vw, 1024px\" \/><\/figure>\n\n\n\n<p><em>Por Maressa Fonseca *<\/em><\/p>\n\n\n\n<p class=\"has-text-align-right\"><em>\u201cA <strong>casa <\/strong>\u00e9 o nosso <strong>canto <\/strong>do <strong>mundo<\/strong>.<\/em> <em>Abriga o devaneio, protege o sonhador, permite <strong>sonhar <\/strong>em paz.\u201d<\/em> <em>(Gast\u00f3n Bachelard)<\/em><\/p>\n\n\n\n<p>O que vem a sua <strong>mente <\/strong>quando voc\u00ea pensa em <strong>casa<\/strong>?<\/p>\n\n\n\n<figure class=\"wp-block-image size-large is-resized\"><img data-attachment-id=\"2641\" data-permalink=\"https:\/\/blog.univicosa.com.br\/index.php\/2021\/10\/22\/os-modos-de-morar-e-a-arquitetura\/arq-01\/\" data-orig-file=\"https:\/\/blog.univicosa.com.br\/wp-content\/uploads\/2021\/10\/arq-01.jpg\" data-orig-size=\"1726,243\" data-comments-opened=\"1\" data-image-meta=\"{&quot;aperture&quot;:&quot;0&quot;,&quot;credit&quot;:&quot;&quot;,&quot;camera&quot;:&quot;&quot;,&quot;caption&quot;:&quot;&quot;,&quot;created_timestamp&quot;:&quot;0&quot;,&quot;copyright&quot;:&quot;&quot;,&quot;focal_length&quot;:&quot;0&quot;,&quot;iso&quot;:&quot;0&quot;,&quot;shutter_speed&quot;:&quot;0&quot;,&quot;title&quot;:&quot;&quot;,&quot;orientation&quot;:&quot;0&quot;}\" data-image-title=\"arq-01\" data-image-description=\"\" data-medium-file=\"https:\/\/blog.univicosa.com.br\/wp-content\/uploads\/2021\/10\/arq-01-300x42.jpg\" data-large-file=\"https:\/\/blog.univicosa.com.br\/wp-content\/uploads\/2021\/10\/arq-01-1024x144.jpg\" loading=\"lazy\" src=\"https:\/\/blog.univicosa.com.br\/wp-content\/uploads\/2021\/10\/arq-01-1024x144.jpg\" alt=\"\" class=\"wp-image-2641\" width=\"706\" height=\"100\" srcset=\"https:\/\/blog.univicosa.com.br\/wp-content\/uploads\/2021\/10\/arq-01-1024x144.jpg 1024w, https:\/\/blog.univicosa.com.br\/wp-content\/uploads\/2021\/10\/arq-01-300x42.jpg 300w, https:\/\/blog.univicosa.com.br\/wp-content\/uploads\/2021\/10\/arq-01-768x108.jpg 768w, https:\/\/blog.univicosa.com.br\/wp-content\/uploads\/2021\/10\/arq-01-1536x216.jpg 1536w, https:\/\/blog.univicosa.com.br\/wp-content\/uploads\/2021\/10\/arq-01-850x120.jpg 850w, https:\/\/blog.univicosa.com.br\/wp-content\/uploads\/2021\/10\/arq-01.jpg 1726w\" sizes=\"(max-width: 706px) 100vw, 706px\" \/><\/figure>\n\n\n\n<p>Para mim, <strong>casa \u00e9 acolhimento: <\/strong>\u201cv<em>amos l\u00e1 em casa tomar um caf\u00e9<\/em>?\u201d Casa \u00e9 <strong>o lugar em que a gente volta<\/strong> depois de um dia agitado, toma um banho, coloca uma roupa confort\u00e1vel, come aquela comidinha gostosa, fala do nosso dia com as pessoas queridas, descansa.<\/p>\n\n\n\n<p>J\u00e1 percebeu que <strong>casa lembra fam\u00edlia<\/strong>? \u201c<em>L\u00e1 em casa, todo mundo gosta de feijoada<\/em>!\u201d E essa <strong>fam\u00edlia <\/strong>pode ser tanto aquela que nos trouxe \u00e0 vida e nos cuidou, quanto a fam\u00edlia que n\u00f3s escolhemos para cuidar e para viver. \u201c<em>Quem casa, quer casa<\/em>\u201d, j\u00e1 ouviu?<\/p>\n\n\n\n<p><strong>N\u00f3s, arquitetos, amamos casas.<\/strong> A habita\u00e7\u00e3o \u00e9 um tema hist\u00f3rico e essencial para a Arquitetura, pois <strong>as casas s\u00e3o o reflexo dos modos de morar das pessoas.<\/strong><\/p>\n\n\n\n<p>E o que s\u00e3o<strong> modos de morar?<\/strong><\/p>\n\n\n\n<p>Os modos de morar s\u00e3o as diversas <strong>formas em que as pessoas habitam as suas casas<\/strong>, e isso tem a ver com as formas como elas tamb\u00e9m <strong>vivem<\/strong> <strong>as suas vidas<\/strong>. Eles falam muito sobre a cultura de uma sociedade, seus h\u00e1bitos, os tipos de rela\u00e7\u00f5es familiares, e at\u00e9 mesmo sobre as orienta\u00e7\u00f5es pol\u00edticas e existenciais das pessoas. <\/p>\n\n\n\n<figure class=\"wp-block-image size-large\"><img data-attachment-id=\"2642\" data-permalink=\"https:\/\/blog.univicosa.com.br\/index.php\/2021\/10\/22\/os-modos-de-morar-e-a-arquitetura\/arq-2\/\" data-orig-file=\"https:\/\/blog.univicosa.com.br\/wp-content\/uploads\/2021\/10\/arq-2.jpg\" data-orig-size=\"1015,277\" data-comments-opened=\"1\" data-image-meta=\"{&quot;aperture&quot;:&quot;0&quot;,&quot;credit&quot;:&quot;&quot;,&quot;camera&quot;:&quot;&quot;,&quot;caption&quot;:&quot;&quot;,&quot;created_timestamp&quot;:&quot;0&quot;,&quot;copyright&quot;:&quot;&quot;,&quot;focal_length&quot;:&quot;0&quot;,&quot;iso&quot;:&quot;0&quot;,&quot;shutter_speed&quot;:&quot;0&quot;,&quot;title&quot;:&quot;&quot;,&quot;orientation&quot;:&quot;0&quot;}\" data-image-title=\"arq-2\" data-image-description=\"\" data-medium-file=\"https:\/\/blog.univicosa.com.br\/wp-content\/uploads\/2021\/10\/arq-2-300x82.jpg\" data-large-file=\"https:\/\/blog.univicosa.com.br\/wp-content\/uploads\/2021\/10\/arq-2.jpg\" loading=\"lazy\" width=\"1015\" height=\"277\" src=\"https:\/\/blog.univicosa.com.br\/wp-content\/uploads\/2021\/10\/arq-2.jpg\" alt=\"\" class=\"wp-image-2642\" srcset=\"https:\/\/blog.univicosa.com.br\/wp-content\/uploads\/2021\/10\/arq-2.jpg 1015w, https:\/\/blog.univicosa.com.br\/wp-content\/uploads\/2021\/10\/arq-2-300x82.jpg 300w, https:\/\/blog.univicosa.com.br\/wp-content\/uploads\/2021\/10\/arq-2-768x210.jpg 768w, https:\/\/blog.univicosa.com.br\/wp-content\/uploads\/2021\/10\/arq-2-850x232.jpg 850w\" sizes=\"(max-width: 1015px) 100vw, 1015px\" \/><\/figure>\n\n\n\n<p><em>Casa Modernista da Rua da Bahia (Gregory Warchavchik), Casa de Vidro (Lina Bo Bardi), Resid\u00eancia Oscar Americano (Osvaldo Bratke)<\/em><\/p>\n\n\n\n<p>Em um per\u00edodo espec\u00edfico da <strong>Hist\u00f3ria da Arquitetura<\/strong> a habita\u00e7\u00e3o foi um grande tema de debate e de produ\u00e7\u00e3o. Foi no <strong>Movimento Moderno<\/strong> que muito da forma de morar que conhecemos hoje se desenvolveu. <strong>Voc\u00ea sabia que ambientes com fun\u00e7\u00f5es espec\u00edficas (dormir, cozinhar, higienizar, descansar, etc.) n\u00e3o eram t\u00e3o comuns no passado?<\/strong> At\u00e9 mesmo se voc\u00ea visitar uma fazenda ou uma casinha de sap\u00ea, voc\u00ea pode ver que existem poucos c\u00f4modos nessas moradias.<\/p>\n\n\n\n<p>Com a pandemia do coronav\u00edrus, muitos de n\u00f3s tivemos uma <strong>rotina de passar mais tempo nas nossas casas.<\/strong> O trabalho mudou, o estudo mudou, nossas intera\u00e7\u00f5es sociais e nossas atividades foram confinadas num s\u00f3 espa\u00e7o.<\/p>\n\n\n\n<p>Pensando nisso, fiz uma proposta aos <strong>estudantes-futuros-arquitetos<\/strong> da turma de <strong>ARQ 112 \u2013 Arquitetura Brasileira II: <\/strong>reformarmos habita\u00e7\u00f5es ic\u00f4nicas da arquitetura modernista brasileira para adapt\u00e1-las a uma nova realidade de trabalho em casa.<\/p>\n\n\n\n<figure class=\"wp-block-image size-large\"><img data-attachment-id=\"2643\" data-permalink=\"https:\/\/blog.univicosa.com.br\/index.php\/2021\/10\/22\/os-modos-de-morar-e-a-arquitetura\/arq-3\/\" data-orig-file=\"https:\/\/blog.univicosa.com.br\/wp-content\/uploads\/2021\/10\/arq-3.jpg\" data-orig-size=\"1015,241\" data-comments-opened=\"1\" data-image-meta=\"{&quot;aperture&quot;:&quot;0&quot;,&quot;credit&quot;:&quot;&quot;,&quot;camera&quot;:&quot;&quot;,&quot;caption&quot;:&quot;&quot;,&quot;created_timestamp&quot;:&quot;0&quot;,&quot;copyright&quot;:&quot;&quot;,&quot;focal_length&quot;:&quot;0&quot;,&quot;iso&quot;:&quot;0&quot;,&quot;shutter_speed&quot;:&quot;0&quot;,&quot;title&quot;:&quot;&quot;,&quot;orientation&quot;:&quot;0&quot;}\" data-image-title=\"arq-3\" data-image-description=\"\" data-medium-file=\"https:\/\/blog.univicosa.com.br\/wp-content\/uploads\/2021\/10\/arq-3-300x71.jpg\" data-large-file=\"https:\/\/blog.univicosa.com.br\/wp-content\/uploads\/2021\/10\/arq-3.jpg\" loading=\"lazy\" width=\"1015\" height=\"241\" src=\"https:\/\/blog.univicosa.com.br\/wp-content\/uploads\/2021\/10\/arq-3.jpg\" alt=\"\" class=\"wp-image-2643\" srcset=\"https:\/\/blog.univicosa.com.br\/wp-content\/uploads\/2021\/10\/arq-3.jpg 1015w, https:\/\/blog.univicosa.com.br\/wp-content\/uploads\/2021\/10\/arq-3-300x71.jpg 300w, https:\/\/blog.univicosa.com.br\/wp-content\/uploads\/2021\/10\/arq-3-768x182.jpg 768w, https:\/\/blog.univicosa.com.br\/wp-content\/uploads\/2021\/10\/arq-3-850x202.jpg 850w\" sizes=\"(max-width: 1015px) 100vw, 1015px\" \/><\/figure>\n\n\n\n<p><em>Casa Modernista da Rua Santa Cruz (Gregory Warchavchik), Casa de Canoas (Oscar Niemeyer), Edif\u00edcio do Conjunto JK (Oscar Niemeyer)<\/em><\/p>\n\n\n\n<p>Foi uma experi\u00eancia muito interessante e bonita, pois foi preciso <strong>analisar as obras arquitet\u00f4nicas<\/strong>, conhecer o seu <strong>contexto<\/strong>, seus <strong>arquitetos e clientes<\/strong> e pensar em como elas poderiam ser <strong>reformadas para um poss\u00edvel uso atual.<\/strong><\/p>\n\n\n\n<p>Voc\u00ea pode <strong>conferir alguns desses trabalhos aqui<\/strong> e espero que goste tanto quanto eu. &#x1f60a;&nbsp;<\/p>\n\n\n\n<figure class=\"wp-block-image size-large\"><img data-attachment-id=\"2644\" data-permalink=\"https:\/\/blog.univicosa.com.br\/index.php\/2021\/10\/22\/os-modos-de-morar-e-a-arquitetura\/arq-4\/\" data-orig-file=\"https:\/\/blog.univicosa.com.br\/wp-content\/uploads\/2021\/10\/arq-4.png\" data-orig-size=\"1295,917\" data-comments-opened=\"1\" data-image-meta=\"{&quot;aperture&quot;:&quot;0&quot;,&quot;credit&quot;:&quot;&quot;,&quot;camera&quot;:&quot;&quot;,&quot;caption&quot;:&quot;&quot;,&quot;created_timestamp&quot;:&quot;0&quot;,&quot;copyright&quot;:&quot;&quot;,&quot;focal_length&quot;:&quot;0&quot;,&quot;iso&quot;:&quot;0&quot;,&quot;shutter_speed&quot;:&quot;0&quot;,&quot;title&quot;:&quot;&quot;,&quot;orientation&quot;:&quot;0&quot;}\" data-image-title=\"arq-4\" data-image-description=\"\" data-medium-file=\"https:\/\/blog.univicosa.com.br\/wp-content\/uploads\/2021\/10\/arq-4-300x212.png\" data-large-file=\"https:\/\/blog.univicosa.com.br\/wp-content\/uploads\/2021\/10\/arq-4-1024x725.png\" loading=\"lazy\" width=\"1024\" height=\"725\" src=\"https:\/\/blog.univicosa.com.br\/wp-content\/uploads\/2021\/10\/arq-4-1024x725.png\" alt=\"\" class=\"wp-image-2644\" srcset=\"https:\/\/blog.univicosa.com.br\/wp-content\/uploads\/2021\/10\/arq-4-1024x725.png 1024w, https:\/\/blog.univicosa.com.br\/wp-content\/uploads\/2021\/10\/arq-4-300x212.png 300w, https:\/\/blog.univicosa.com.br\/wp-content\/uploads\/2021\/10\/arq-4-768x544.png 768w, https:\/\/blog.univicosa.com.br\/wp-content\/uploads\/2021\/10\/arq-4-850x602.png 850w, https:\/\/blog.univicosa.com.br\/wp-content\/uploads\/2021\/10\/arq-4.png 1295w\" sizes=\"(max-width: 1024px) 100vw, 1024px\" \/><\/figure>\n\n\n\n<p>An\u00e1lise: Casa Modernista da Rua Santa Cruz, arquiteto Gregory Warchavchik (1927).<\/p>\n\n\n\n<p>Proposta: Novo layout interno e espa\u00e7os exteriores para organiza\u00e7\u00e3o de eventos, afinal a cliente \u00e9 uma produtora de eventos que quer conciliar trabalho e fam\u00edlia.<\/p>\n\n\n\n<p>Estudantes: Emiliana Mercedes, Luiza Kfuri e Thaynara de Melo.<\/p>\n\n\n\n<figure class=\"wp-block-image size-large\"><img data-attachment-id=\"2645\" data-permalink=\"https:\/\/blog.univicosa.com.br\/index.php\/2021\/10\/22\/os-modos-de-morar-e-a-arquitetura\/arq-5\/\" data-orig-file=\"https:\/\/blog.univicosa.com.br\/wp-content\/uploads\/2021\/10\/arq-5.png\" data-orig-size=\"1300,920\" data-comments-opened=\"1\" data-image-meta=\"{&quot;aperture&quot;:&quot;0&quot;,&quot;credit&quot;:&quot;&quot;,&quot;camera&quot;:&quot;&quot;,&quot;caption&quot;:&quot;&quot;,&quot;created_timestamp&quot;:&quot;0&quot;,&quot;copyright&quot;:&quot;&quot;,&quot;focal_length&quot;:&quot;0&quot;,&quot;iso&quot;:&quot;0&quot;,&quot;shutter_speed&quot;:&quot;0&quot;,&quot;title&quot;:&quot;&quot;,&quot;orientation&quot;:&quot;0&quot;}\" data-image-title=\"arq-5\" data-image-description=\"\" data-medium-file=\"https:\/\/blog.univicosa.com.br\/wp-content\/uploads\/2021\/10\/arq-5-300x212.png\" data-large-file=\"https:\/\/blog.univicosa.com.br\/wp-content\/uploads\/2021\/10\/arq-5-1024x725.png\" loading=\"lazy\" width=\"1024\" height=\"725\" src=\"https:\/\/blog.univicosa.com.br\/wp-content\/uploads\/2021\/10\/arq-5-1024x725.png\" alt=\"\" class=\"wp-image-2645\" srcset=\"https:\/\/blog.univicosa.com.br\/wp-content\/uploads\/2021\/10\/arq-5-1024x725.png 1024w, https:\/\/blog.univicosa.com.br\/wp-content\/uploads\/2021\/10\/arq-5-300x212.png 300w, https:\/\/blog.univicosa.com.br\/wp-content\/uploads\/2021\/10\/arq-5-768x544.png 768w, https:\/\/blog.univicosa.com.br\/wp-content\/uploads\/2021\/10\/arq-5-850x602.png 850w, https:\/\/blog.univicosa.com.br\/wp-content\/uploads\/2021\/10\/arq-5.png 1300w\" sizes=\"(max-width: 1024px) 100vw, 1024px\" \/><\/figure>\n\n\n\n<p>An\u00e1lise: Resid\u00eancia Oscar Americano, arquiteto Oswaldo Bratke (1952).&nbsp;<\/p>\n\n\n\n<p>Proposta: Cria\u00e7\u00e3o de um ateli\u00ea e galeria de exposi\u00e7\u00e3o de arte para um casal, um arquiteto e uma artista pl\u00e1stica.<\/p>\n\n\n\n<p>Grupo: Let\u00edcia Paiva, Lu\u00edsa Cruz e Rafaela Silva.&nbsp;<\/p>\n\n\n\n<figure class=\"wp-block-image size-large\"><img data-attachment-id=\"2646\" data-permalink=\"https:\/\/blog.univicosa.com.br\/index.php\/2021\/10\/22\/os-modos-de-morar-e-a-arquitetura\/arq-6\/\" data-orig-file=\"https:\/\/blog.univicosa.com.br\/wp-content\/uploads\/2021\/10\/arq-6.png\" data-orig-size=\"1288,920\" data-comments-opened=\"1\" data-image-meta=\"{&quot;aperture&quot;:&quot;0&quot;,&quot;credit&quot;:&quot;&quot;,&quot;camera&quot;:&quot;&quot;,&quot;caption&quot;:&quot;&quot;,&quot;created_timestamp&quot;:&quot;0&quot;,&quot;copyright&quot;:&quot;&quot;,&quot;focal_length&quot;:&quot;0&quot;,&quot;iso&quot;:&quot;0&quot;,&quot;shutter_speed&quot;:&quot;0&quot;,&quot;title&quot;:&quot;&quot;,&quot;orientation&quot;:&quot;0&quot;}\" data-image-title=\"arq-6\" data-image-description=\"\" data-medium-file=\"https:\/\/blog.univicosa.com.br\/wp-content\/uploads\/2021\/10\/arq-6-300x214.png\" data-large-file=\"https:\/\/blog.univicosa.com.br\/wp-content\/uploads\/2021\/10\/arq-6-1024x731.png\" loading=\"lazy\" width=\"1024\" height=\"731\" src=\"https:\/\/blog.univicosa.com.br\/wp-content\/uploads\/2021\/10\/arq-6-1024x731.png\" alt=\"\" class=\"wp-image-2646\" srcset=\"https:\/\/blog.univicosa.com.br\/wp-content\/uploads\/2021\/10\/arq-6-1024x731.png 1024w, https:\/\/blog.univicosa.com.br\/wp-content\/uploads\/2021\/10\/arq-6-300x214.png 300w, https:\/\/blog.univicosa.com.br\/wp-content\/uploads\/2021\/10\/arq-6-768x549.png 768w, https:\/\/blog.univicosa.com.br\/wp-content\/uploads\/2021\/10\/arq-6-850x607.png 850w, https:\/\/blog.univicosa.com.br\/wp-content\/uploads\/2021\/10\/arq-6.png 1288w\" sizes=\"(max-width: 1024px) 100vw, 1024px\" \/><\/figure>\n\n\n\n<p>An\u00e1lise: Conjunto JK, arquiteto Oscar Niemeyer (1961).<\/p>\n\n\n\n<p>Proposta: Adequar um apartamento para um chefe de cozinha que tamb\u00e9m grava v\u00eddeos de receitas em casa.<\/p>\n\n\n\n<p>Estudantes: Karine Almeida, Jamille Colatino e Thamara Ramalho.<\/p>\n\n\n\n<p><em><strong>*Por: Maressa Fonseca e Souza <\/strong>&#8211; arquiteta e urbanista, professora no curso de Arquitetura e Urbanismo da Univi\u00e7osa em disciplinas das \u00e1reas de Hist\u00f3ria e Projeto Arquitet\u00f4nico. Atualmente desenvolve sua pesquisa de doutorado investigando os modos de morar na habita\u00e7\u00e3o estudantil universit\u00e1ria. Voc\u00ea pode encontr\u00e1-la em <\/em><a href=\"http:\/\/www.instagram.com\/maressa.arq\"><em>@maressa.arq<\/em><\/a><em>.<\/em><\/p>\n\n\n\n<p><a href=\"https:\/\/blog.univicosa.com.br\/index.php\/2021\/10\/07\/voce-sabe-o-que-e-abstracao-artistica\/\" target=\"_blank\" rel=\"noreferrer noopener\">Voc\u00ea sabe o que \u00e9 abstra\u00e7\u00e3o art\u00edstica?<\/a><\/p>\n\n\n\n<p><a rel=\"noreferrer noopener\" href=\"https:\/\/www.univicosa.com.br\/graduacao\/cursos\/arquitetura_e_urbanismo\" target=\"_blank\">Curtiu e quer saber mais sobre o curso de\u00a0<strong>Arquitetura e Urbanismo<\/strong>\u00a0da\u00a0<strong>UNIVI\u00c7OSA<\/strong>? Ent\u00e3o acesse o site da Univi\u00e7osa, clique aqui!<\/a><\/p>\n\n\n\n<p><a href=\"saiba tudo sobre a arquitetura da paisagem!\" target=\"_blank\" rel=\"noreferrer noopener\">Paisagismo: saiba tudo sobre a arquitetura da paisagem!<\/a><\/p>\n\n\n\n<p><a href=\"https:\/\/blog.univicosa.com.br\/index.php\/2021\/05\/26\/dicas-para-organizar-o-seu-estudo-em-casa\/\" target=\"_blank\" rel=\"noreferrer noopener\">Dicas para organizar o seu estudo em casa!<\/a><br><br><a href=\"https:\/\/blog.univicosa.com.br\/index.php\/2021\/07\/20\/conheca-as-vantagens-de-fazer-uma-segunda-graduacao\/\" target=\"_blank\" rel=\"noreferrer noopener\">Conhe\u00e7a as vantagens de fazer uma segunda gradua\u00e7\u00e3o<\/a><\/p>\n\n\n\n<p><a href=\"https:\/\/blog.univicosa.com.br\/index.php\/2021\/07\/26\/curiosidades-e-mercado-de-trabalho-arquitetura-e-urbanismo\/\" target=\"_blank\" rel=\"noreferrer noopener\">Curiosidades e mercado de trabalho: Arquitetura e Urbanismo<\/a><br><br><a href=\"https:\/\/blog.univicosa.com.br\/index.php\/2021\/07\/16\/5-dicas-para-se-destacar-no-mercado-de-trabalho\/\" target=\"_blank\" rel=\"noreferrer noopener\">5 dicas para se destacar no mercado de trabalho<\/a><br><br><a href=\"https:\/\/blog.univicosa.com.br\/index.php\/2021\/06\/01\/5-dicas-para-ter-um-curriculo-de-destaque\/\" target=\"_blank\" rel=\"noreferrer noopener\">5 dicas para criar um curr\u00edculo de sucesso!<\/a><\/p>\n\n\n\n<p><a href=\"https:\/\/blog.univicosa.com.br\/index.php\/2021\/06\/09\/transmita-suas-ideias-atraves-do-desenho\/\" target=\"_blank\" rel=\"noreferrer noopener\">Transmita suas ideias atrav\u00e9s do desenho!<\/a><br><br><a href=\"https:\/\/blog.univicosa.com.br\/index.php\/2021\/06\/22\/6-dicas-simples-de-como-fazer-um-mapa-mental-e-mandar-bem-nos-estudos\/\" target=\"_blank\" rel=\"noreferrer noopener\">6 dicas simples de como fazer um MAPA MENTAL e mandar bem nos estudos<\/a><br><br><a href=\"https:\/\/blog.univicosa.com.br\/index.php\/2021\/06\/15\/10-passos-para-ter-um-perfil-mais-relevante-no-linkedin\/\" target=\"_blank\" rel=\"noreferrer noopener\">10 passos para ter um perfil mais relevante no LinkedIn!<\/a><\/p>\n\n\n\n<p><a href=\"https:\/\/univicosa.apprbs.com.br\/gruda-na-uni\" target=\"_blank\" rel=\"noreferrer noopener\">Ei, voc\u00ea est\u00e1 estudando para o&nbsp;<strong>ENEM<\/strong>? A gente te ajuda! Tem conte\u00fado de exatas (matem\u00e1tica), humanas (portugu\u00eas), ci\u00eancias da natureza (Qu\u00edmica, Biologia), atualidades e muito mais,&nbsp;<strong>Gruda na Uni<\/strong>&nbsp;e vem! Clique aqui!<\/a><\/p>\n\n\n\n<p><a href=\"https:\/\/blog.univicosa.com.br\/index.php\/2021\/01\/20\/eu-sou-do-time-ciencias-exatas-eu-sou-univicosa\/\" target=\"_blank\" rel=\"noreferrer noopener\">Eu sou do time&nbsp;<strong>Ci\u00eancias Exatas<\/strong>, eu sou #UNIVI\u00c7OSA<\/a><\/p>\n\n\n\n<p><a rel=\"noreferrer noopener\" href=\"https:\/\/blog.univicosa.com.br\/index.php\/2020\/04\/29\/guia-de-organizacao-no-home-office-dicas-deixar-o-seu-ambiente-mais-produtivo\/\" target=\"_blank\">Guia de organiza\u00e7\u00e3o: dicas para deixar o seu\u00a0<strong>ambiente de estudos<\/strong>\u00a0ainda mais produtivo<\/a> <\/p>\n","protected":false},"excerpt":{"rendered":"<p>Por Maressa Fonseca * \u201cA casa \u00e9 o nosso canto do mundo. Abriga o devaneio, protege o sonhador, permite sonhar em paz.\u201d (Gast\u00f3n Bachelard) O que vem a sua mente quando voc\u00ea pensa em casa? Para mim, casa \u00e9 acolhimento: \u201cvamos l\u00e1 em casa tomar um caf\u00e9?\u201d Casa \u00e9 o lugar em que a gente&#8230;<\/p>\n","protected":false},"author":2,"featured_media":2647,"comment_status":"open","ping_status":"open","sticky":false,"template":"","format":"standard","meta":{"spay_email":""},"categories":[28,14],"tags":[236,333,102,103,374,1018,1021,1020,1019,988,1022,878,92,1023,1015,1017,203,96,9,93],"jetpack_featured_media_url":"https:\/\/blog.univicosa.com.br\/wp-content\/uploads\/2021\/10\/arq-blog-modos-de-morar.png","jetpack_shortlink":"https:\/\/wp.me\/pbcCKk-GA","_links":{"self":[{"href":"https:\/\/blog.univicosa.com.br\/index.php\/wp-json\/wp\/v2\/posts\/2640"}],"collection":[{"href":"https:\/\/blog.univicosa.com.br\/index.php\/wp-json\/wp\/v2\/posts"}],"about":[{"href":"https:\/\/blog.univicosa.com.br\/index.php\/wp-json\/wp\/v2\/types\/post"}],"author":[{"embeddable":true,"href":"https:\/\/blog.univicosa.com.br\/index.php\/wp-json\/wp\/v2\/users\/2"}],"replies":[{"embeddable":true,"href":"https:\/\/blog.univicosa.com.br\/index.php\/wp-json\/wp\/v2\/comments?post=2640"}],"version-history":[{"count":4,"href":"https:\/\/blog.univicosa.com.br\/index.php\/wp-json\/wp\/v2\/posts\/2640\/revisions"}],"predecessor-version":[{"id":2651,"href":"https:\/\/blog.univicosa.com.br\/index.php\/wp-json\/wp\/v2\/posts\/2640\/revisions\/2651"}],"wp:featuredmedia":[{"embeddable":true,"href":"https:\/\/blog.univicosa.com.br\/index.php\/wp-json\/wp\/v2\/media\/2647"}],"wp:attachment":[{"href":"https:\/\/blog.univicosa.com.br\/index.php\/wp-json\/wp\/v2\/media?parent=2640"}],"wp:term":[{"taxonomy":"category","embeddable":true,"href":"https:\/\/blog.univicosa.com.br\/index.php\/wp-json\/wp\/v2\/categories?post=2640"},{"taxonomy":"post_tag","embeddable":true,"href":"https:\/\/blog.univicosa.com.br\/index.php\/wp-json\/wp\/v2\/tags?post=2640"}],"curies":[{"name":"wp","href":"https:\/\/api.w.org\/{rel}","templated":true}]}}