{"id":2626,"date":"2021-10-13T21:33:07","date_gmt":"2021-10-14T00:33:07","guid":{"rendered":"https:\/\/blog.univicosa.com.br\/?p=2626"},"modified":"2022-05-20T11:17:19","modified_gmt":"2022-05-20T14:17:19","slug":"paisagismo-saiba-tudo-sobre-a-arquitetura-da-paisagem","status":"publish","type":"post","link":"https:\/\/blog.univicosa.com.br\/index.php\/2021\/10\/13\/paisagismo-saiba-tudo-sobre-a-arquitetura-da-paisagem\/","title":{"rendered":"Paisagismo: saiba tudo sobre a arquitetura da paisagem!"},"content":{"rendered":"\n<figure class=\"wp-block-image size-large\"><img data-attachment-id=\"2631\" data-permalink=\"https:\/\/blog.univicosa.com.br\/index.php\/2021\/10\/13\/paisagismo-saiba-tudo-sobre-a-arquitetura-da-paisagem\/arq-paisagem-blog\/\" data-orig-file=\"https:\/\/blog.univicosa.com.br\/wp-content\/uploads\/2021\/10\/arq-paisagem-blog.png\" data-orig-size=\"1024,576\" data-comments-opened=\"1\" data-image-meta=\"{&quot;aperture&quot;:&quot;0&quot;,&quot;credit&quot;:&quot;&quot;,&quot;camera&quot;:&quot;&quot;,&quot;caption&quot;:&quot;&quot;,&quot;created_timestamp&quot;:&quot;0&quot;,&quot;copyright&quot;:&quot;&quot;,&quot;focal_length&quot;:&quot;0&quot;,&quot;iso&quot;:&quot;0&quot;,&quot;shutter_speed&quot;:&quot;0&quot;,&quot;title&quot;:&quot;&quot;,&quot;orientation&quot;:&quot;0&quot;}\" data-image-title=\"arq-paisagem-blog\" data-image-description=\"\" data-medium-file=\"https:\/\/blog.univicosa.com.br\/wp-content\/uploads\/2021\/10\/arq-paisagem-blog-300x169.png\" data-large-file=\"https:\/\/blog.univicosa.com.br\/wp-content\/uploads\/2021\/10\/arq-paisagem-blog.png\" loading=\"lazy\" width=\"1024\" height=\"576\" src=\"https:\/\/blog.univicosa.com.br\/wp-content\/uploads\/2021\/10\/arq-paisagem-blog.png\" alt=\"\" class=\"wp-image-2631\" srcset=\"https:\/\/blog.univicosa.com.br\/wp-content\/uploads\/2021\/10\/arq-paisagem-blog.png 1024w, https:\/\/blog.univicosa.com.br\/wp-content\/uploads\/2021\/10\/arq-paisagem-blog-300x169.png 300w, https:\/\/blog.univicosa.com.br\/wp-content\/uploads\/2021\/10\/arq-paisagem-blog-768x432.png 768w, https:\/\/blog.univicosa.com.br\/wp-content\/uploads\/2021\/10\/arq-paisagem-blog-850x478.png 850w\" sizes=\"(max-width: 1024px) 100vw, 1024px\" \/><\/figure>\n\n\n\n<p><strong><em>Por Arq. Gerusa Ribeiro Borges Coelho*<\/em><\/strong><\/p>\n\n\n\n<p><strong>Projetos paisag\u00edsticos<\/strong> podem tornar nossas <strong>cidades <\/strong>mais <strong>humanas <\/strong>ao utilizar os <strong>elementos <\/strong>do <strong>meio natural<\/strong> para <strong>harmonizar <\/strong>as rela\u00e7\u00f5es de <strong>propor\u00e7\u00e3o <\/strong>e <strong>escala <\/strong>entre <strong>edifica\u00e7\u00f5es <\/strong>e <strong>usu\u00e1rios<\/strong>, integrar os elementos constru\u00eddos e o <strong>entorno<\/strong>, <strong>criar visuais, valorizar pontos focais e perspectivas,<\/strong> bem como, <strong>criar lugares <\/strong>que convidam a <strong>perman\u00eancia <\/strong>e a <strong>conviv\u00eancia<\/strong>.<\/p>\n\n\n\n<figure class=\"wp-block-image size-large is-resized\"><img data-attachment-id=\"2628\" data-permalink=\"https:\/\/blog.univicosa.com.br\/index.php\/2021\/10\/13\/paisagismo-saiba-tudo-sobre-a-arquitetura-da-paisagem\/20181026paisagismo-capa-1200x675-1\/\" data-orig-file=\"https:\/\/blog.univicosa.com.br\/wp-content\/uploads\/2021\/10\/20181026paisagismo-capa-1200x675-1.jpg\" data-orig-size=\"1200,675\" data-comments-opened=\"1\" data-image-meta=\"{&quot;aperture&quot;:&quot;0&quot;,&quot;credit&quot;:&quot;&quot;,&quot;camera&quot;:&quot;&quot;,&quot;caption&quot;:&quot;&quot;,&quot;created_timestamp&quot;:&quot;0&quot;,&quot;copyright&quot;:&quot;&quot;,&quot;focal_length&quot;:&quot;0&quot;,&quot;iso&quot;:&quot;0&quot;,&quot;shutter_speed&quot;:&quot;0&quot;,&quot;title&quot;:&quot;&quot;,&quot;orientation&quot;:&quot;0&quot;}\" data-image-title=\"20181026paisagismo-capa-1200&#215;675-1\" data-image-description=\"\" data-medium-file=\"https:\/\/blog.univicosa.com.br\/wp-content\/uploads\/2021\/10\/20181026paisagismo-capa-1200x675-1-300x169.jpg\" data-large-file=\"https:\/\/blog.univicosa.com.br\/wp-content\/uploads\/2021\/10\/20181026paisagismo-capa-1200x675-1-1024x576.jpg\" loading=\"lazy\" src=\"https:\/\/blog.univicosa.com.br\/wp-content\/uploads\/2021\/10\/20181026paisagismo-capa-1200x675-1-1024x576.jpg\" alt=\"\" class=\"wp-image-2628\" width=\"554\" height=\"311\" srcset=\"https:\/\/blog.univicosa.com.br\/wp-content\/uploads\/2021\/10\/20181026paisagismo-capa-1200x675-1-1024x576.jpg 1024w, https:\/\/blog.univicosa.com.br\/wp-content\/uploads\/2021\/10\/20181026paisagismo-capa-1200x675-1-300x169.jpg 300w, https:\/\/blog.univicosa.com.br\/wp-content\/uploads\/2021\/10\/20181026paisagismo-capa-1200x675-1-768x432.jpg 768w, https:\/\/blog.univicosa.com.br\/wp-content\/uploads\/2021\/10\/20181026paisagismo-capa-1200x675-1-850x478.jpg 850w, https:\/\/blog.univicosa.com.br\/wp-content\/uploads\/2021\/10\/20181026paisagismo-capa-1200x675-1.jpg 1200w\" sizes=\"(max-width: 554px) 100vw, 554px\" \/><\/figure>\n\n\n\n<p>Mas como <strong>dominar <\/strong>o <strong>processo <\/strong>de <strong>cria\u00e7\u00e3o <\/strong>da <strong>paisagem <\/strong>sem conhecer de maneira profunda quest\u00f5es <strong>t\u00e9cnicas <\/strong>sobre a <strong>bot\u00e2nica <\/strong>ou mesmo os nomes <strong>cient\u00edfico <\/strong>ou <strong>popular <\/strong>de <strong>esp\u00e9cies vegetais? <\/strong><\/p>\n\n\n\n<p>Esse caminho vamos <strong>percorrer <\/strong>na <strong>disciplina ARQ 121<\/strong> do curso de <strong>Arquitetura e Urbanismo <\/strong>da UNIVI\u00c7OSA, utilizando <strong>ferramentas<\/strong>, <strong>descobrindo estrat\u00e9gias <\/strong>e <strong>discutindo <\/strong>teorias durante as diversas etapas de <strong>projeto paisag\u00edstico<\/strong>.<\/p>\n\n\n\n<p>O <strong>paisagismo <\/strong>\u00e9 a \u00fanica <strong>express\u00e3o <\/strong>art\u00edstica em que <strong>participam <\/strong>os<strong> cinco sentidos do ser humano<\/strong>, diz o mestre <em><strong>Arq. Benedito Abbud<\/strong><\/em>, pois envolve al\u00e9m da <strong>vis\u00e3o<\/strong>, o <strong>olfato<\/strong>, a <strong>audi\u00e7\u00e3o<\/strong>, o <strong>paladar <\/strong>e o <strong>tato <\/strong>mediante uma<strong> rica viv\u00eancia sensorial<\/strong>. Quanto mais um <strong>projeto paisag\u00edstico <\/strong>agu\u00e7a nossos <strong>sentidos<\/strong>, melhor cumpre o seu <strong>papel<\/strong>. <\/p>\n\n\n\n<figure class=\"wp-block-image size-large is-resized\"><img data-attachment-id=\"2627\" data-permalink=\"https:\/\/blog.univicosa.com.br\/index.php\/2021\/10\/13\/paisagismo-saiba-tudo-sobre-a-arquitetura-da-paisagem\/t433543\/\" data-orig-file=\"https:\/\/blog.univicosa.com.br\/wp-content\/uploads\/2021\/10\/t433543.jpg\" data-orig-size=\"1000,750\" data-comments-opened=\"1\" data-image-meta=\"{&quot;aperture&quot;:&quot;0&quot;,&quot;credit&quot;:&quot;&quot;,&quot;camera&quot;:&quot;&quot;,&quot;caption&quot;:&quot;&quot;,&quot;created_timestamp&quot;:&quot;0&quot;,&quot;copyright&quot;:&quot;&quot;,&quot;focal_length&quot;:&quot;0&quot;,&quot;iso&quot;:&quot;0&quot;,&quot;shutter_speed&quot;:&quot;0&quot;,&quot;title&quot;:&quot;&quot;,&quot;orientation&quot;:&quot;0&quot;}\" data-image-title=\"t433543\" data-image-description=\"\" data-medium-file=\"https:\/\/blog.univicosa.com.br\/wp-content\/uploads\/2021\/10\/t433543-300x225.jpg\" data-large-file=\"https:\/\/blog.univicosa.com.br\/wp-content\/uploads\/2021\/10\/t433543.jpg\" loading=\"lazy\" src=\"https:\/\/blog.univicosa.com.br\/wp-content\/uploads\/2021\/10\/t433543.jpg\" alt=\"\" class=\"wp-image-2627\" width=\"553\" height=\"415\" srcset=\"https:\/\/blog.univicosa.com.br\/wp-content\/uploads\/2021\/10\/t433543.jpg 1000w, https:\/\/blog.univicosa.com.br\/wp-content\/uploads\/2021\/10\/t433543-300x225.jpg 300w, https:\/\/blog.univicosa.com.br\/wp-content\/uploads\/2021\/10\/t433543-768x576.jpg 768w, https:\/\/blog.univicosa.com.br\/wp-content\/uploads\/2021\/10\/t433543-850x638.jpg 850w\" sizes=\"(max-width: 553px) 100vw, 553px\" \/><\/figure>\n\n\n\n<p><strong>Cores<\/strong>, <strong>formas<\/strong>, <strong>sabores <\/strong>e <strong>odores <\/strong>s\u00e3o os <strong>componentes b\u00e1sicos <\/strong>do projeto <strong>paisag\u00edstico <\/strong>que associados aos elementos din\u00e2micos como o ar, a \u00e1gua, o fogo, a terra, a flora, a fauna e o tempo, s\u00e3o capazes de <strong>transformar o espa\u00e7o f\u00edsico.<\/strong><\/p>\n\n\n\n<p>A <strong>arquitetura <\/strong>da <strong>paisagem <\/strong>enquanto <strong>projeto t\u00e9cnico <\/strong>passa por diferentes <strong>etapas <\/strong>que se iniciam <strong>conhecendo <\/strong>o cliente e suas <strong>vontades <\/strong>e <strong>necessidades<\/strong>, coleta de<strong> dados f\u00edsicos<\/strong>, an\u00e1lise da topografia, do entorno e das vistas, passando pelo tipo de solo, as esp\u00e9cies vegetais recomendadas, todas as etapas do projeto, aspectos t\u00e9cnicos relacionados a irriga\u00e7\u00e3o e finalizado com a orienta\u00e7\u00e3o sobre a manuten\u00e7\u00e3o do espa\u00e7o criado.<\/p>\n\n\n\n<p>O <strong>projeto paisag\u00edstico <\/strong>deve fazer com que os <strong>percursos <\/strong>sejam marcados por <strong>prazerosas descobertas<\/strong>, modelando a <strong>paisagem <\/strong>por meio de volumes <strong>vegetais <\/strong>constitu\u00eddos basicamente por<strong> estratos arb\u00f3reos,<\/strong> arbustivos e de forra\u00e7\u00e3o, trazendo cores, perfumes e sabores atraindo os olhares do observador.<\/p>\n\n\n\n<p><em><a rel=\"noreferrer noopener\" href=\"https:\/\/univicosa.apprbs.com.br\/blog\/\" target=\"_blank\">Ei, quer<strong>&nbsp;receber conte\u00fados exclusivos<\/strong>&nbsp;da Univi\u00e7osa? Clique aqui!<\/a><\/em><\/p>\n\n\n\n<figure class=\"wp-block-image size-large is-resized\"><img data-attachment-id=\"2629\" data-permalink=\"https:\/\/blog.univicosa.com.br\/index.php\/2021\/10\/13\/paisagismo-saiba-tudo-sobre-a-arquitetura-da-paisagem\/attachment\/2118799\/\" data-orig-file=\"https:\/\/blog.univicosa.com.br\/wp-content\/uploads\/2021\/10\/2118799.jpg\" data-orig-size=\"750,501\" data-comments-opened=\"1\" data-image-meta=\"{&quot;aperture&quot;:&quot;0&quot;,&quot;credit&quot;:&quot;&quot;,&quot;camera&quot;:&quot;&quot;,&quot;caption&quot;:&quot;&quot;,&quot;created_timestamp&quot;:&quot;0&quot;,&quot;copyright&quot;:&quot;&quot;,&quot;focal_length&quot;:&quot;0&quot;,&quot;iso&quot;:&quot;0&quot;,&quot;shutter_speed&quot;:&quot;0&quot;,&quot;title&quot;:&quot;&quot;,&quot;orientation&quot;:&quot;0&quot;}\" data-image-title=\"2118799\" data-image-description=\"\" data-medium-file=\"https:\/\/blog.univicosa.com.br\/wp-content\/uploads\/2021\/10\/2118799-300x200.jpg\" data-large-file=\"https:\/\/blog.univicosa.com.br\/wp-content\/uploads\/2021\/10\/2118799.jpg\" loading=\"lazy\" src=\"https:\/\/blog.univicosa.com.br\/wp-content\/uploads\/2021\/10\/2118799.jpg\" alt=\"\" class=\"wp-image-2629\" width=\"554\" height=\"370\" srcset=\"https:\/\/blog.univicosa.com.br\/wp-content\/uploads\/2021\/10\/2118799.jpg 750w, https:\/\/blog.univicosa.com.br\/wp-content\/uploads\/2021\/10\/2118799-300x200.jpg 300w\" sizes=\"(max-width: 554px) 100vw, 554px\" \/><\/figure>\n\n\n\n<p>N\u00e3o se trata de criar <strong>espa\u00e7os <\/strong>de <strong>beleza<\/strong>, ali\u00e1s um conceito muito <strong>subjetivo <\/strong>e <strong>individualizado<\/strong>, mas sim <strong>criar oportunidades<\/strong> de <strong>encontros<\/strong>, enfatizando os<strong> pontos positivos do local,<\/strong> <strong>melhorando <\/strong>os <strong>aspectos negativos da paisagem<\/strong>, criando vazios <strong>interessantes<\/strong>, trabalhando com a <strong>volumetria <\/strong>da <strong>vegeta\u00e7\u00e3o <\/strong>e todo o potencial das esp\u00e9cies vegetais, agu\u00e7ando os cinco sentidos e a <strong>mem\u00f3ria <\/strong>do <strong>usu\u00e1rio<\/strong>.<\/p>\n\n\n\n<p>Quem n\u00e3o se <strong>lembra <\/strong>da casa da <strong>av\u00f3 <\/strong>ao sentir o <strong>perfume <\/strong>da <strong>\u201cdama da noite<\/strong>\u201d ou do \u201c<strong>jasmim do imperador<\/strong>\u201d? Ou <strong>acordar <\/strong>com os <strong>p\u00e1ssaros <\/strong>como <strong>trilha sonora <\/strong>do <strong>jardim <\/strong>ou colher folhas de \u201c<strong>capim lim\u00e3o<\/strong>\u201d para aquele gostoso ch\u00e1 com bolo de fub\u00e1? Assim, com os <strong>projetos paisag\u00edsticos<\/strong>, temos a <strong>oportunidade <\/strong>de<strong> criar lugares<\/strong> repletos de <strong>identidade <\/strong>e <strong>significados<\/strong>.<\/p>\n\n\n\n<figure class=\"wp-block-image size-large is-resized\"><img data-attachment-id=\"2630\" data-permalink=\"https:\/\/blog.univicosa.com.br\/index.php\/2021\/10\/13\/paisagismo-saiba-tudo-sobre-a-arquitetura-da-paisagem\/o-que-e-paisagismo-paisagismo-jardim\/\" data-orig-file=\"https:\/\/blog.univicosa.com.br\/wp-content\/uploads\/2021\/10\/o-que-e-paisagismo-paisagismo-jardim.jpg\" data-orig-size=\"1000,665\" data-comments-opened=\"1\" data-image-meta=\"{&quot;aperture&quot;:&quot;0&quot;,&quot;credit&quot;:&quot;&quot;,&quot;camera&quot;:&quot;&quot;,&quot;caption&quot;:&quot;&quot;,&quot;created_timestamp&quot;:&quot;0&quot;,&quot;copyright&quot;:&quot;&quot;,&quot;focal_length&quot;:&quot;0&quot;,&quot;iso&quot;:&quot;0&quot;,&quot;shutter_speed&quot;:&quot;0&quot;,&quot;title&quot;:&quot;&quot;,&quot;orientation&quot;:&quot;0&quot;}\" data-image-title=\"o-que-e-paisagismo-paisagismo-jardim\" data-image-description=\"\" data-medium-file=\"https:\/\/blog.univicosa.com.br\/wp-content\/uploads\/2021\/10\/o-que-e-paisagismo-paisagismo-jardim-300x200.jpg\" data-large-file=\"https:\/\/blog.univicosa.com.br\/wp-content\/uploads\/2021\/10\/o-que-e-paisagismo-paisagismo-jardim.jpg\" loading=\"lazy\" src=\"https:\/\/blog.univicosa.com.br\/wp-content\/uploads\/2021\/10\/o-que-e-paisagismo-paisagismo-jardim.jpg\" alt=\"\" class=\"wp-image-2630\" width=\"551\" height=\"365\" srcset=\"https:\/\/blog.univicosa.com.br\/wp-content\/uploads\/2021\/10\/o-que-e-paisagismo-paisagismo-jardim.jpg 1000w, https:\/\/blog.univicosa.com.br\/wp-content\/uploads\/2021\/10\/o-que-e-paisagismo-paisagismo-jardim-300x200.jpg 300w, https:\/\/blog.univicosa.com.br\/wp-content\/uploads\/2021\/10\/o-que-e-paisagismo-paisagismo-jardim-850x565.jpg 850w\" sizes=\"(max-width: 551px) 100vw, 551px\" \/><\/figure>\n\n\n\n<p>Em <strong>2022 <\/strong>nosso <strong>encontro<\/strong> est\u00e1 <strong>marcado<\/strong>. Juntos faremos da <strong>arquitetura da paisagem<\/strong> uma oportunidade de <strong>projetar espa\u00e7os vivos<\/strong>, <strong>mut\u00e1veis <\/strong>e <strong>inesquec\u00edveis<\/strong>.<\/p>\n\n\n\n<p>*<strong><em>Por Arq. Gerusa Ribeiro Borges Coelho<\/em><\/strong> &#8211; <em>Arquiteta e Urbanista pela UFSC 1996. Mestre em Eng. Civil pela UFV 2010. Trabalhou no Iplam Vi\u00e7osa de 2010 a 2020.<\/em><\/p>\n\n\n\n<p><a href=\"https:\/\/blog.univicosa.com.br\/index.php\/2021\/10\/07\/voce-sabe-o-que-e-abstracao-artistica\/\">Voc\u00ea sabe o que \u00e9 abstra\u00e7\u00e3o art\u00edstica?<\/a> <\/p>\n\n\n\n<p><a href=\"https:\/\/www.univicosa.com.br\/graduacao\/cursos\/arquitetura_e_urbanismo\" target=\"_blank\" rel=\"noreferrer noopener\">Curtiu e quer saber mais sobre o curso de&nbsp;<strong>Arquitetura e Urbanismo<\/strong>&nbsp;da&nbsp;<strong>UNIVI\u00c7OSA<\/strong>? Ent\u00e3o acesse o site da Univi\u00e7osa, clique aqui!<\/a><\/p>\n\n\n\n<p><a href=\"https:\/\/blog.univicosa.com.br\/index.php\/2021\/05\/26\/dicas-para-organizar-o-seu-estudo-em-casa\/\" target=\"_blank\" rel=\"noreferrer noopener\">Dicas para organizar o seu estudo em casa!<\/a><br><br><a href=\"https:\/\/blog.univicosa.com.br\/index.php\/2021\/07\/20\/conheca-as-vantagens-de-fazer-uma-segunda-graduacao\/\" target=\"_blank\" rel=\"noreferrer noopener\">Conhe\u00e7a as vantagens de fazer uma segunda gradua\u00e7\u00e3o<\/a><\/p>\n\n\n\n<p><a href=\"https:\/\/blog.univicosa.com.br\/index.php\/2021\/07\/26\/curiosidades-e-mercado-de-trabalho-arquitetura-e-urbanismo\/\" target=\"_blank\" rel=\"noreferrer noopener\">Curiosidades e mercado de trabalho: Arquitetura e Urbanismo<\/a><br><br><a href=\"https:\/\/blog.univicosa.com.br\/index.php\/2021\/07\/16\/5-dicas-para-se-destacar-no-mercado-de-trabalho\/\" target=\"_blank\" rel=\"noreferrer noopener\">5 dicas para se destacar no mercado de trabalho<\/a><br><br><a href=\"https:\/\/blog.univicosa.com.br\/index.php\/2021\/06\/01\/5-dicas-para-ter-um-curriculo-de-destaque\/\" target=\"_blank\" rel=\"noreferrer noopener\">5 dicas para criar um curr\u00edculo de sucesso!<\/a><\/p>\n\n\n\n<p><a href=\"https:\/\/blog.univicosa.com.br\/index.php\/2021\/06\/09\/transmita-suas-ideias-atraves-do-desenho\/\" target=\"_blank\" rel=\"noreferrer noopener\">Transmita suas ideias atrav\u00e9s do desenho!<\/a><br><br><a href=\"https:\/\/blog.univicosa.com.br\/index.php\/2021\/06\/22\/6-dicas-simples-de-como-fazer-um-mapa-mental-e-mandar-bem-nos-estudos\/\" target=\"_blank\" rel=\"noreferrer noopener\">6 dicas simples de como fazer um MAPA MENTAL e mandar bem nos estudos<\/a><br><br><a href=\"https:\/\/blog.univicosa.com.br\/index.php\/2021\/06\/15\/10-passos-para-ter-um-perfil-mais-relevante-no-linkedin\/\" target=\"_blank\" rel=\"noreferrer noopener\">10 passos para ter um perfil mais relevante no LinkedIn!<\/a><\/p>\n\n\n\n<p><a href=\"https:\/\/univicosa.apprbs.com.br\/gruda-na-uni\" target=\"_blank\" rel=\"noreferrer noopener\">Ei, voc\u00ea est\u00e1 estudando para o&nbsp;<strong>ENEM<\/strong>? A gente te ajuda! Tem conte\u00fado de exatas (matem\u00e1tica), humanas (portugu\u00eas), ci\u00eancias da natureza (Qu\u00edmica, Biologia), atualidades e muito mais,&nbsp;<strong>Gruda na Uni<\/strong>&nbsp;e vem! Clique aqui!<\/a><\/p>\n\n\n\n<p><a href=\"https:\/\/blog.univicosa.com.br\/index.php\/2021\/01\/20\/eu-sou-do-time-ciencias-exatas-eu-sou-univicosa\/\" target=\"_blank\" rel=\"noreferrer noopener\">Eu sou do time&nbsp;<strong>Ci\u00eancias Exatas<\/strong>, eu sou #UNIVI\u00c7OSA<\/a><\/p>\n\n\n\n<p><a rel=\"noreferrer noopener\" href=\"https:\/\/blog.univicosa.com.br\/index.php\/2020\/04\/29\/guia-de-organizacao-no-home-office-dicas-deixar-o-seu-ambiente-mais-produtivo\/\" target=\"_blank\">Guia de organiza\u00e7\u00e3o: dicas para deixar o seu&nbsp;<strong>ambiente de estudos<\/strong>&nbsp;ainda mais produtivo<\/a> <\/p>\n","protected":false},"excerpt":{"rendered":"<p>Por Arq. Gerusa Ribeiro Borges Coelho* Projetos paisag\u00edsticos podem tornar nossas cidades mais humanas ao utilizar os elementos do meio natural para harmonizar as rela\u00e7\u00f5es de propor\u00e7\u00e3o e escala entre edifica\u00e7\u00f5es e usu\u00e1rios, integrar os elementos constru\u00eddos e o entorno, criar visuais, valorizar pontos focais e perspectivas, bem como, criar lugares que convidam a perman\u00eancia&#8230;<\/p>\n","protected":false},"author":2,"featured_media":2631,"comment_status":"open","ping_status":"open","sticky":false,"template":"","format":"standard","meta":{"spay_email":""},"categories":[28,14],"tags":[333,102,991,274,999,409,970,994,175,176,936,438,993,109,998,271,418,7,992,272,92,168,169,997,107,340,1000,96,9,117,93,995,996],"jetpack_featured_media_url":"https:\/\/blog.univicosa.com.br\/wp-content\/uploads\/2021\/10\/arq-paisagem-blog.png","jetpack_shortlink":"https:\/\/wp.me\/pbcCKk-Gm","_links":{"self":[{"href":"https:\/\/blog.univicosa.com.br\/index.php\/wp-json\/wp\/v2\/posts\/2626"}],"collection":[{"href":"https:\/\/blog.univicosa.com.br\/index.php\/wp-json\/wp\/v2\/posts"}],"about":[{"href":"https:\/\/blog.univicosa.com.br\/index.php\/wp-json\/wp\/v2\/types\/post"}],"author":[{"embeddable":true,"href":"https:\/\/blog.univicosa.com.br\/index.php\/wp-json\/wp\/v2\/users\/2"}],"replies":[{"embeddable":true,"href":"https:\/\/blog.univicosa.com.br\/index.php\/wp-json\/wp\/v2\/comments?post=2626"}],"version-history":[{"count":2,"href":"https:\/\/blog.univicosa.com.br\/index.php\/wp-json\/wp\/v2\/posts\/2626\/revisions"}],"predecessor-version":[{"id":2633,"href":"https:\/\/blog.univicosa.com.br\/index.php\/wp-json\/wp\/v2\/posts\/2626\/revisions\/2633"}],"wp:featuredmedia":[{"embeddable":true,"href":"https:\/\/blog.univicosa.com.br\/index.php\/wp-json\/wp\/v2\/media\/2631"}],"wp:attachment":[{"href":"https:\/\/blog.univicosa.com.br\/index.php\/wp-json\/wp\/v2\/media?parent=2626"}],"wp:term":[{"taxonomy":"category","embeddable":true,"href":"https:\/\/blog.univicosa.com.br\/index.php\/wp-json\/wp\/v2\/categories?post=2626"},{"taxonomy":"post_tag","embeddable":true,"href":"https:\/\/blog.univicosa.com.br\/index.php\/wp-json\/wp\/v2\/tags?post=2626"}],"curies":[{"name":"wp","href":"https:\/\/api.w.org\/{rel}","templated":true}]}}