{"id":2599,"date":"2021-10-07T13:30:24","date_gmt":"2021-10-07T16:30:24","guid":{"rendered":"https:\/\/blog.univicosa.com.br\/?p=2599"},"modified":"2022-05-20T11:17:28","modified_gmt":"2022-05-20T14:17:28","slug":"voce-sabe-o-que-e-abstracao-artistica","status":"publish","type":"post","link":"https:\/\/blog.univicosa.com.br\/index.php\/2021\/10\/07\/voce-sabe-o-que-e-abstracao-artistica\/","title":{"rendered":"Voc\u00ea sabe o que \u00e9 abstra\u00e7\u00e3o art\u00edstica?"},"content":{"rendered":"\n<figure class=\"wp-block-image size-large\"><img data-attachment-id=\"2600\" data-permalink=\"https:\/\/blog.univicosa.com.br\/index.php\/2021\/10\/07\/voce-sabe-o-que-e-abstracao-artistica\/vc-sabe-abstracao-arquitetura-blog\/\" data-orig-file=\"https:\/\/blog.univicosa.com.br\/wp-content\/uploads\/2021\/10\/vc-sabe-abstracao-arquitetura-blog.png\" data-orig-size=\"1024,576\" data-comments-opened=\"1\" data-image-meta=\"{&quot;aperture&quot;:&quot;0&quot;,&quot;credit&quot;:&quot;&quot;,&quot;camera&quot;:&quot;&quot;,&quot;caption&quot;:&quot;&quot;,&quot;created_timestamp&quot;:&quot;0&quot;,&quot;copyright&quot;:&quot;&quot;,&quot;focal_length&quot;:&quot;0&quot;,&quot;iso&quot;:&quot;0&quot;,&quot;shutter_speed&quot;:&quot;0&quot;,&quot;title&quot;:&quot;&quot;,&quot;orientation&quot;:&quot;0&quot;}\" data-image-title=\"vc-sabe-abstracao-arquitetura-blog\" data-image-description=\"\" data-medium-file=\"https:\/\/blog.univicosa.com.br\/wp-content\/uploads\/2021\/10\/vc-sabe-abstracao-arquitetura-blog-300x169.png\" data-large-file=\"https:\/\/blog.univicosa.com.br\/wp-content\/uploads\/2021\/10\/vc-sabe-abstracao-arquitetura-blog.png\" loading=\"lazy\" width=\"1024\" height=\"576\" src=\"https:\/\/blog.univicosa.com.br\/wp-content\/uploads\/2021\/10\/vc-sabe-abstracao-arquitetura-blog.png\" alt=\"\" class=\"wp-image-2600\" srcset=\"https:\/\/blog.univicosa.com.br\/wp-content\/uploads\/2021\/10\/vc-sabe-abstracao-arquitetura-blog.png 1024w, https:\/\/blog.univicosa.com.br\/wp-content\/uploads\/2021\/10\/vc-sabe-abstracao-arquitetura-blog-300x169.png 300w, https:\/\/blog.univicosa.com.br\/wp-content\/uploads\/2021\/10\/vc-sabe-abstracao-arquitetura-blog-768x432.png 768w, https:\/\/blog.univicosa.com.br\/wp-content\/uploads\/2021\/10\/vc-sabe-abstracao-arquitetura-blog-850x478.png 850w\" sizes=\"(max-width: 1024px) 100vw, 1024px\" \/><\/figure>\n\n\n\n<p><strong><em>*Por Liz Valente<\/em><\/strong><\/p>\n\n\n\n<p>Pode at\u00e9 parecer <strong>exagero<\/strong>, mas o fato \u00e9 que<strong> toda obra de arte <\/strong>\u00e9 uma <strong>abstra\u00e7\u00e3o<\/strong>. Mesmo as <strong>pinturas <\/strong>mais <strong>realistas <\/strong>n\u00e3o passam de uma <strong>neblina <\/strong>diante da <strong>realidade<\/strong>, uma <strong>representa\u00e7\u00e3o limitada <\/strong>diante da <strong>natureza<\/strong>. <\/p>\n\n\n\n<p>\u201c<em>Vejo na minha obra um eco do que me impressionou, vejo que a natureza me contou algo<\/em>\u201d <a rel=\"noreferrer noopener\" href=\"#_ftn1\" target=\"_blank\">[1]<\/a> diz <strong><em>Van Gogh<\/em><\/strong> em uma carta ao seu irm\u00e3o Th\u00e9o.<\/p>\n\n\n\n<figure class=\"wp-block-image size-large is-resized\"><img data-attachment-id=\"2601\" data-permalink=\"https:\/\/blog.univicosa.com.br\/index.php\/2021\/10\/07\/voce-sabe-o-que-e-abstracao-artistica\/attachment\/145\/\" data-orig-file=\"https:\/\/blog.univicosa.com.br\/wp-content\/uploads\/2021\/10\/145.jpg\" data-orig-size=\"1120,665\" data-comments-opened=\"1\" data-image-meta=\"{&quot;aperture&quot;:&quot;0&quot;,&quot;credit&quot;:&quot;&quot;,&quot;camera&quot;:&quot;&quot;,&quot;caption&quot;:&quot;&quot;,&quot;created_timestamp&quot;:&quot;0&quot;,&quot;copyright&quot;:&quot;&quot;,&quot;focal_length&quot;:&quot;0&quot;,&quot;iso&quot;:&quot;0&quot;,&quot;shutter_speed&quot;:&quot;0&quot;,&quot;title&quot;:&quot;&quot;,&quot;orientation&quot;:&quot;0&quot;}\" data-image-title=\"145\" data-image-description=\"\" data-medium-file=\"https:\/\/blog.univicosa.com.br\/wp-content\/uploads\/2021\/10\/145-300x178.jpg\" data-large-file=\"https:\/\/blog.univicosa.com.br\/wp-content\/uploads\/2021\/10\/145-1024x608.jpg\" loading=\"lazy\" src=\"https:\/\/blog.univicosa.com.br\/wp-content\/uploads\/2021\/10\/145-1024x608.jpg\" alt=\"\" class=\"wp-image-2601\" width=\"535\" height=\"317\" srcset=\"https:\/\/blog.univicosa.com.br\/wp-content\/uploads\/2021\/10\/145-1024x608.jpg 1024w, https:\/\/blog.univicosa.com.br\/wp-content\/uploads\/2021\/10\/145-300x178.jpg 300w, https:\/\/blog.univicosa.com.br\/wp-content\/uploads\/2021\/10\/145-768x456.jpg 768w, https:\/\/blog.univicosa.com.br\/wp-content\/uploads\/2021\/10\/145-850x505.jpg 850w, https:\/\/blog.univicosa.com.br\/wp-content\/uploads\/2021\/10\/145.jpg 1120w\" sizes=\"(max-width: 535px) 100vw, 535px\" \/><figcaption>Ilustra\u00e7\u00e3o: Liz Valente<\/figcaption><\/figure>\n\n\n\n<p><em><a rel=\"noreferrer noopener\" href=\"https:\/\/univicosa.apprbs.com.br\/blog\/\" target=\"_blank\">Ei, quer<strong>\u00a0receber conte\u00fados exclusivos<\/strong>\u00a0da Univi\u00e7osa? Clique aqui!<\/a><\/em><\/p>\n\n\n\n<p>Se toda<strong> obra de arte <\/strong>\u00e9 uma <strong>abstra\u00e7\u00e3o<\/strong>, resta a pergunta que tipo de <strong>abstra\u00e7\u00e3o <\/strong>voc\u00ea quer <strong>desenvolver <\/strong>em seu <strong>trabalho art\u00edstico? <\/strong>O ato <strong>art\u00edstico <\/strong>passa a ser um <strong>recorte <\/strong>da <strong>realidade <\/strong>a partir das lentes de um <strong>observador<\/strong>, ou, nas palavras de <strong><em>Kandinsky<\/em><\/strong>, \u201c<a href=\"https:\/\/www.fraseseversos.com\/autores\/wassily-kandinsky\/criar-uma-obra-de-arte-e-criar-um-mundo\/\" target=\"_blank\" rel=\"noreferrer noopener\"><em>Criar uma obra de arte \u00e9 criar um mundo<\/em>.<\/a>\u201d<a href=\"#_ftn2\" target=\"_blank\" rel=\"noreferrer noopener\">[2]<\/a><\/p>\n\n\n\n<p>Diferente do que muitos imaginam, a <strong>abstra\u00e7\u00e3o <\/strong>\u00e9 um <strong>exerc\u00edcio<\/strong> que pode ser <strong>aprendido <\/strong>e <strong>desenvolvido<\/strong>. No curso de<strong> Arquitetura e Urbanismo<\/strong> da <strong>Univi\u00e7osa <\/strong>os alunos s\u00e3o convidados a<strong> explorar o processo de abstra\u00e7\u00e3o <\/strong>por meio do <strong>exerc\u00edcio processual <\/strong>de <strong>desenhos seriados <\/strong>a partir de um <strong>elemento <\/strong>dado da <strong>natureza<\/strong>. <\/p>\n\n\n\n<p>Por meio da <strong>observa\u00e7\u00e3o intencional <\/strong>das <strong>linhas estruturantes<\/strong> de um <strong>elemento <\/strong>qualquer e o recorte ordenado de <strong>imagens<\/strong>. Em seguida, eles devem <strong>construir <\/strong>um<strong> pequeno objeto tridimensional <\/strong>confeccionado em papel\u00e3o. <\/p>\n\n\n\n<p>O <strong>resultado <\/strong>\u00e9 sempre <strong>surpreendente <\/strong>uma vez que o <strong>olhar<\/strong> de cada <strong>aluno <\/strong>\u00e9 <strong>\u00fanico<\/strong>. Aos poucos essa <strong>abstra\u00e7\u00e3o art\u00edstica <\/strong>e <strong>po\u00e9tica <\/strong>seja dos materiais, das m\u00eddias ou dos volumes passa a ser <strong>caracter\u00edsticas <\/strong>integradoras da <strong>atua\u00e7\u00e3o profissional<\/strong>.<\/p>\n\n\n\n<p><a href=\"https:\/\/blog.univicosa.com.br\/index.php\/2021\/09\/11\/tudo-o-que-voce-precisa-saber-para-ingressar-em-um-curso-superior\/\" target=\"_blank\" rel=\"noreferrer noopener\">Tudo o que voc\u00ea precisa saber para ingressar em um curso superior<\/a> <\/p>\n\n\n\n<p>Veja a seguir o <strong>trabalho <\/strong>feito pela aluna <em><strong>Amanda Maria Vicente<\/strong><\/em> na disciplina de<strong> ARQ104<\/strong> Concep\u00e7\u00e3o formal em arquitetura, no segundo semestre de 2021.<\/p>\n\n\n\n<figure class=\"wp-block-image size-large is-resized\"><img data-attachment-id=\"2602\" data-permalink=\"https:\/\/blog.univicosa.com.br\/index.php\/2021\/10\/07\/voce-sabe-o-que-e-abstracao-artistica\/attachment\/45218\/\" data-orig-file=\"https:\/\/blog.univicosa.com.br\/wp-content\/uploads\/2021\/10\/45218.png\" data-orig-size=\"680,451\" data-comments-opened=\"1\" data-image-meta=\"{&quot;aperture&quot;:&quot;0&quot;,&quot;credit&quot;:&quot;&quot;,&quot;camera&quot;:&quot;&quot;,&quot;caption&quot;:&quot;&quot;,&quot;created_timestamp&quot;:&quot;0&quot;,&quot;copyright&quot;:&quot;&quot;,&quot;focal_length&quot;:&quot;0&quot;,&quot;iso&quot;:&quot;0&quot;,&quot;shutter_speed&quot;:&quot;0&quot;,&quot;title&quot;:&quot;&quot;,&quot;orientation&quot;:&quot;0&quot;}\" data-image-title=\"45218\" data-image-description=\"\" data-medium-file=\"https:\/\/blog.univicosa.com.br\/wp-content\/uploads\/2021\/10\/45218-300x199.png\" data-large-file=\"https:\/\/blog.univicosa.com.br\/wp-content\/uploads\/2021\/10\/45218.png\" loading=\"lazy\" src=\"https:\/\/blog.univicosa.com.br\/wp-content\/uploads\/2021\/10\/45218.png\" alt=\"\" class=\"wp-image-2602\" width=\"531\" height=\"351\" srcset=\"https:\/\/blog.univicosa.com.br\/wp-content\/uploads\/2021\/10\/45218.png 680w, https:\/\/blog.univicosa.com.br\/wp-content\/uploads\/2021\/10\/45218-300x199.png 300w, https:\/\/blog.univicosa.com.br\/wp-content\/uploads\/2021\/10\/45218-350x230.png 350w\" sizes=\"(max-width: 531px) 100vw, 531px\" \/><\/figure>\n\n\n\n<p>(realidade dada)<\/p>\n\n\n\n<figure class=\"wp-block-image size-large is-resized\"><img data-attachment-id=\"2603\" data-permalink=\"https:\/\/blog.univicosa.com.br\/index.php\/2021\/10\/07\/voce-sabe-o-que-e-abstracao-artistica\/attachment\/48548\/\" data-orig-file=\"https:\/\/blog.univicosa.com.br\/wp-content\/uploads\/2021\/10\/48548.png\" data-orig-size=\"936,933\" data-comments-opened=\"1\" data-image-meta=\"{&quot;aperture&quot;:&quot;0&quot;,&quot;credit&quot;:&quot;&quot;,&quot;camera&quot;:&quot;&quot;,&quot;caption&quot;:&quot;&quot;,&quot;created_timestamp&quot;:&quot;0&quot;,&quot;copyright&quot;:&quot;&quot;,&quot;focal_length&quot;:&quot;0&quot;,&quot;iso&quot;:&quot;0&quot;,&quot;shutter_speed&quot;:&quot;0&quot;,&quot;title&quot;:&quot;&quot;,&quot;orientation&quot;:&quot;0&quot;}\" data-image-title=\"48548\" data-image-description=\"\" data-medium-file=\"https:\/\/blog.univicosa.com.br\/wp-content\/uploads\/2021\/10\/48548-300x300.png\" data-large-file=\"https:\/\/blog.univicosa.com.br\/wp-content\/uploads\/2021\/10\/48548.png\" loading=\"lazy\" src=\"https:\/\/blog.univicosa.com.br\/wp-content\/uploads\/2021\/10\/48548.png\" alt=\"\" class=\"wp-image-2603\" width=\"529\" height=\"527\" srcset=\"https:\/\/blog.univicosa.com.br\/wp-content\/uploads\/2021\/10\/48548.png 936w, https:\/\/blog.univicosa.com.br\/wp-content\/uploads\/2021\/10\/48548-300x299.png 300w, https:\/\/blog.univicosa.com.br\/wp-content\/uploads\/2021\/10\/48548-150x150.png 150w, https:\/\/blog.univicosa.com.br\/wp-content\/uploads\/2021\/10\/48548-768x766.png 768w, https:\/\/blog.univicosa.com.br\/wp-content\/uploads\/2021\/10\/48548-850x847.png 850w\" sizes=\"(max-width: 529px) 100vw, 529px\" \/><\/figure>\n\n\n\n<p>(linhas estruturantes)<\/p>\n\n\n\n<figure class=\"wp-block-image size-large is-resized\"><img data-attachment-id=\"2604\" data-permalink=\"https:\/\/blog.univicosa.com.br\/index.php\/2021\/10\/07\/voce-sabe-o-que-e-abstracao-artistica\/attachment\/483268\/\" data-orig-file=\"https:\/\/blog.univicosa.com.br\/wp-content\/uploads\/2021\/10\/483268.png\" data-orig-size=\"1480,1328\" data-comments-opened=\"1\" data-image-meta=\"{&quot;aperture&quot;:&quot;0&quot;,&quot;credit&quot;:&quot;&quot;,&quot;camera&quot;:&quot;&quot;,&quot;caption&quot;:&quot;&quot;,&quot;created_timestamp&quot;:&quot;0&quot;,&quot;copyright&quot;:&quot;&quot;,&quot;focal_length&quot;:&quot;0&quot;,&quot;iso&quot;:&quot;0&quot;,&quot;shutter_speed&quot;:&quot;0&quot;,&quot;title&quot;:&quot;&quot;,&quot;orientation&quot;:&quot;0&quot;}\" data-image-title=\"483268\" data-image-description=\"\" data-medium-file=\"https:\/\/blog.univicosa.com.br\/wp-content\/uploads\/2021\/10\/483268-300x269.png\" data-large-file=\"https:\/\/blog.univicosa.com.br\/wp-content\/uploads\/2021\/10\/483268-1024x919.png\" loading=\"lazy\" src=\"https:\/\/blog.univicosa.com.br\/wp-content\/uploads\/2021\/10\/483268-1024x919.png\" alt=\"\" class=\"wp-image-2604\" width=\"528\" height=\"473\" srcset=\"https:\/\/blog.univicosa.com.br\/wp-content\/uploads\/2021\/10\/483268-1024x919.png 1024w, https:\/\/blog.univicosa.com.br\/wp-content\/uploads\/2021\/10\/483268-300x269.png 300w, https:\/\/blog.univicosa.com.br\/wp-content\/uploads\/2021\/10\/483268-768x689.png 768w, https:\/\/blog.univicosa.com.br\/wp-content\/uploads\/2021\/10\/483268-850x763.png 850w, https:\/\/blog.univicosa.com.br\/wp-content\/uploads\/2021\/10\/483268.png 1480w\" sizes=\"(max-width: 528px) 100vw, 528px\" \/><\/figure>\n\n\n\n<p>(linhas estruturantes simplificadas)<\/p>\n\n\n\n<figure class=\"wp-block-image size-large is-resized\"><img data-attachment-id=\"2605\" data-permalink=\"https:\/\/blog.univicosa.com.br\/index.php\/2021\/10\/07\/voce-sabe-o-que-e-abstracao-artistica\/attachment\/89756\/\" data-orig-file=\"https:\/\/blog.univicosa.com.br\/wp-content\/uploads\/2021\/10\/89756.png\" data-orig-size=\"1128,1502\" data-comments-opened=\"1\" data-image-meta=\"{&quot;aperture&quot;:&quot;0&quot;,&quot;credit&quot;:&quot;&quot;,&quot;camera&quot;:&quot;&quot;,&quot;caption&quot;:&quot;&quot;,&quot;created_timestamp&quot;:&quot;0&quot;,&quot;copyright&quot;:&quot;&quot;,&quot;focal_length&quot;:&quot;0&quot;,&quot;iso&quot;:&quot;0&quot;,&quot;shutter_speed&quot;:&quot;0&quot;,&quot;title&quot;:&quot;&quot;,&quot;orientation&quot;:&quot;0&quot;}\" data-image-title=\"89756\" data-image-description=\"\" data-medium-file=\"https:\/\/blog.univicosa.com.br\/wp-content\/uploads\/2021\/10\/89756-225x300.png\" data-large-file=\"https:\/\/blog.univicosa.com.br\/wp-content\/uploads\/2021\/10\/89756-769x1024.png\" loading=\"lazy\" src=\"https:\/\/blog.univicosa.com.br\/wp-content\/uploads\/2021\/10\/89756-769x1024.png\" alt=\"\" class=\"wp-image-2605\" width=\"296\" height=\"394\" srcset=\"https:\/\/blog.univicosa.com.br\/wp-content\/uploads\/2021\/10\/89756-769x1024.png 769w, https:\/\/blog.univicosa.com.br\/wp-content\/uploads\/2021\/10\/89756-225x300.png 225w, https:\/\/blog.univicosa.com.br\/wp-content\/uploads\/2021\/10\/89756-768x1023.png 768w, https:\/\/blog.univicosa.com.br\/wp-content\/uploads\/2021\/10\/89756-300x399.png 300w, https:\/\/blog.univicosa.com.br\/wp-content\/uploads\/2021\/10\/89756-850x1132.png 850w, https:\/\/blog.univicosa.com.br\/wp-content\/uploads\/2021\/10\/89756.png 1128w\" sizes=\"(max-width: 296px) 100vw, 296px\" \/><\/figure>\n\n\n\n<figure class=\"wp-block-image size-large is-resized\"><img data-attachment-id=\"2606\" data-permalink=\"https:\/\/blog.univicosa.com.br\/index.php\/2021\/10\/07\/voce-sabe-o-que-e-abstracao-artistica\/klkl5\/\" data-orig-file=\"https:\/\/blog.univicosa.com.br\/wp-content\/uploads\/2021\/10\/klkl5.png\" data-orig-size=\"1112,1483\" data-comments-opened=\"1\" data-image-meta=\"{&quot;aperture&quot;:&quot;0&quot;,&quot;credit&quot;:&quot;&quot;,&quot;camera&quot;:&quot;&quot;,&quot;caption&quot;:&quot;&quot;,&quot;created_timestamp&quot;:&quot;0&quot;,&quot;copyright&quot;:&quot;&quot;,&quot;focal_length&quot;:&quot;0&quot;,&quot;iso&quot;:&quot;0&quot;,&quot;shutter_speed&quot;:&quot;0&quot;,&quot;title&quot;:&quot;&quot;,&quot;orientation&quot;:&quot;0&quot;}\" data-image-title=\"klkl5\" data-image-description=\"\" data-medium-file=\"https:\/\/blog.univicosa.com.br\/wp-content\/uploads\/2021\/10\/klkl5-225x300.png\" data-large-file=\"https:\/\/blog.univicosa.com.br\/wp-content\/uploads\/2021\/10\/klkl5-768x1024.png\" loading=\"lazy\" src=\"https:\/\/blog.univicosa.com.br\/wp-content\/uploads\/2021\/10\/klkl5-768x1024.png\" alt=\"\" class=\"wp-image-2606\" width=\"298\" height=\"398\" srcset=\"https:\/\/blog.univicosa.com.br\/wp-content\/uploads\/2021\/10\/klkl5-768x1024.png 768w, https:\/\/blog.univicosa.com.br\/wp-content\/uploads\/2021\/10\/klkl5-225x300.png 225w, https:\/\/blog.univicosa.com.br\/wp-content\/uploads\/2021\/10\/klkl5-300x400.png 300w, https:\/\/blog.univicosa.com.br\/wp-content\/uploads\/2021\/10\/klkl5-850x1134.png 850w, https:\/\/blog.univicosa.com.br\/wp-content\/uploads\/2021\/10\/klkl5.png 1112w\" sizes=\"(max-width: 298px) 100vw, 298px\" \/><\/figure>\n\n\n\n<p>(objeto tridimensional)<\/p>\n\n\n\n<p><strong><em>*Por Liz Valente<\/em><\/strong> <strong><em>&#8211; Arquiteta e Urbanista e mestre em Arquitetura pela UFV. Em seu mestrado ela investigou as rela\u00e7\u00f5es entre arte e arquitetura no espa\u00e7o do museu de arte contempor\u00e2nea. Ela tamb\u00e9m \u00e9 autora de pe\u00e7as de teatro, desenhista e artista de diversas m\u00eddias.<\/em><\/strong><\/p>\n\n\n\n<p><a href=\"https:\/\/www.univicosa.com.br\/graduacao\/cursos\/arquitetura_e_urbanismo\" target=\"_blank\" rel=\"noreferrer noopener\">Curtiu e quer saber mais sobre o curso de\u00a0<strong>Arquitetura e Urbanismo<\/strong>\u00a0da\u00a0<strong>UNIVI\u00c7OSA<\/strong>? Ent\u00e3o acesse o site da Univi\u00e7osa, clique aqui!<\/a><\/p>\n\n\n\n<p><a href=\"https:\/\/blog.univicosa.com.br\/index.php\/2021\/05\/26\/dicas-para-organizar-o-seu-estudo-em-casa\/\" target=\"_blank\" rel=\"noreferrer noopener\">Dicas para organizar o seu estudo em casa!<\/a> <br><br><a href=\"https:\/\/blog.univicosa.com.br\/index.php\/2021\/07\/20\/conheca-as-vantagens-de-fazer-uma-segunda-graduacao\/\" target=\"_blank\" rel=\"noreferrer noopener\">Conhe\u00e7a as vantagens de fazer uma segunda gradua\u00e7\u00e3o<\/a><\/p>\n\n\n\n<p><a href=\"https:\/\/blog.univicosa.com.br\/index.php\/2021\/07\/26\/curiosidades-e-mercado-de-trabalho-arquitetura-e-urbanismo\/\" target=\"_blank\" rel=\"noreferrer noopener\">Curiosidades e mercado de trabalho: Arquitetura e Urbanismo<\/a> <br><br><a href=\"https:\/\/blog.univicosa.com.br\/index.php\/2021\/07\/16\/5-dicas-para-se-destacar-no-mercado-de-trabalho\/\" target=\"_blank\" rel=\"noreferrer noopener\">5 dicas para se destacar no mercado de trabalho<\/a><br><br><a href=\"https:\/\/blog.univicosa.com.br\/index.php\/2021\/06\/01\/5-dicas-para-ter-um-curriculo-de-destaque\/\" target=\"_blank\" rel=\"noreferrer noopener\">5 dicas para criar um curr\u00edculo de sucesso!<\/a><\/p>\n\n\n\n<p><a href=\"https:\/\/blog.univicosa.com.br\/index.php\/2021\/06\/09\/transmita-suas-ideias-atraves-do-desenho\/\" target=\"_blank\" rel=\"noreferrer noopener\">Transmita suas ideias atrav\u00e9s do desenho!<\/a> <br><br><a href=\"https:\/\/blog.univicosa.com.br\/index.php\/2021\/06\/22\/6-dicas-simples-de-como-fazer-um-mapa-mental-e-mandar-bem-nos-estudos\/\" target=\"_blank\" rel=\"noreferrer noopener\">6 dicas simples de como fazer um MAPA MENTAL e mandar bem nos estudos<\/a><br><br><a href=\"https:\/\/blog.univicosa.com.br\/index.php\/2021\/06\/15\/10-passos-para-ter-um-perfil-mais-relevante-no-linkedin\/\" target=\"_blank\" rel=\"noreferrer noopener\">10 passos para ter um perfil mais relevante no LinkedIn!<\/a><\/p>\n\n\n\n<p><a href=\"https:\/\/univicosa.apprbs.com.br\/gruda-na-uni\" target=\"_blank\" rel=\"noreferrer noopener\">Ei, voc\u00ea est\u00e1 estudando para o\u00a0<strong>ENEM<\/strong>? A gente te ajuda! Tem conte\u00fado de exatas (matem\u00e1tica), humanas (portugu\u00eas), ci\u00eancias da natureza (Qu\u00edmica, Biologia), atualidades e muito mais,\u00a0<strong>Gruda na Uni<\/strong>\u00a0e vem! Clique aqui!<\/a><\/p>\n\n\n\n<p><a href=\"https:\/\/blog.univicosa.com.br\/index.php\/2021\/01\/20\/eu-sou-do-time-ciencias-exatas-eu-sou-univicosa\/\" target=\"_blank\" rel=\"noreferrer noopener\">Eu sou do time\u00a0<strong>Ci\u00eancias Exatas<\/strong>, eu sou #UNIVI\u00c7OSA<\/a><\/p>\n\n\n\n<p><a href=\"https:\/\/blog.univicosa.com.br\/index.php\/2020\/04\/29\/guia-de-organizacao-no-home-office-dicas-deixar-o-seu-ambiente-mais-produtivo\/\" target=\"_blank\" rel=\"noreferrer noopener\">Guia de organiza\u00e7\u00e3o: dicas para deixar o seu\u00a0<strong>ambiente de estudos<\/strong>\u00a0ainda mais produtivo<\/a><\/p>\n\n\n\n<p><\/p>\n\n\n\n<hr class=\"wp-block-separator\"\/>\n\n\n\n<p><a href=\"#_ftnref1\">[1]<\/a> VAN GOGH.&nbsp;<em>Cartas a Th\u00e9o<\/em>. S\u00e3o Paulo\/Porto Alegre: L&amp;PM, 1986<\/p>\n\n\n\n<p><a href=\"#_ftnref2\">[2]<\/a> KANDINSKY, W. <em>Ponto e Linha sobre Plano<\/em>. S\u00e3o Paulo. Martins Fontes, 1997.<\/p>\n","protected":false},"excerpt":{"rendered":"<p>*Por Liz Valente Pode at\u00e9 parecer exagero, mas o fato \u00e9 que toda obra de arte \u00e9 uma abstra\u00e7\u00e3o. Mesmo as pinturas mais realistas n\u00e3o passam de uma neblina diante da realidade, uma representa\u00e7\u00e3o limitada diante da natureza. \u201cVejo na minha obra um eco do que me impressionou, vejo que a natureza me contou algo\u201d&#8230;<\/p>\n","protected":false},"author":2,"featured_media":2600,"comment_status":"open","ping_status":"open","sticky":false,"template":"","format":"standard","meta":{"spay_email":""},"categories":[28,14],"tags":[962,959,961,965,102,103,329,960,409,510,936,964,109,51,963,7,440,967,754,96,52,9,104,966,117],"jetpack_featured_media_url":"https:\/\/blog.univicosa.com.br\/wp-content\/uploads\/2021\/10\/vc-sabe-abstracao-arquitetura-blog.png","jetpack_shortlink":"https:\/\/wp.me\/pbcCKk-FV","_links":{"self":[{"href":"https:\/\/blog.univicosa.com.br\/index.php\/wp-json\/wp\/v2\/posts\/2599"}],"collection":[{"href":"https:\/\/blog.univicosa.com.br\/index.php\/wp-json\/wp\/v2\/posts"}],"about":[{"href":"https:\/\/blog.univicosa.com.br\/index.php\/wp-json\/wp\/v2\/types\/post"}],"author":[{"embeddable":true,"href":"https:\/\/blog.univicosa.com.br\/index.php\/wp-json\/wp\/v2\/users\/2"}],"replies":[{"embeddable":true,"href":"https:\/\/blog.univicosa.com.br\/index.php\/wp-json\/wp\/v2\/comments?post=2599"}],"version-history":[{"count":2,"href":"https:\/\/blog.univicosa.com.br\/index.php\/wp-json\/wp\/v2\/posts\/2599\/revisions"}],"predecessor-version":[{"id":2609,"href":"https:\/\/blog.univicosa.com.br\/index.php\/wp-json\/wp\/v2\/posts\/2599\/revisions\/2609"}],"wp:featuredmedia":[{"embeddable":true,"href":"https:\/\/blog.univicosa.com.br\/index.php\/wp-json\/wp\/v2\/media\/2600"}],"wp:attachment":[{"href":"https:\/\/blog.univicosa.com.br\/index.php\/wp-json\/wp\/v2\/media?parent=2599"}],"wp:term":[{"taxonomy":"category","embeddable":true,"href":"https:\/\/blog.univicosa.com.br\/index.php\/wp-json\/wp\/v2\/categories?post=2599"},{"taxonomy":"post_tag","embeddable":true,"href":"https:\/\/blog.univicosa.com.br\/index.php\/wp-json\/wp\/v2\/tags?post=2599"}],"curies":[{"name":"wp","href":"https:\/\/api.w.org\/{rel}","templated":true}]}}