{"id":2591,"date":"2021-10-06T17:45:53","date_gmt":"2021-10-06T20:45:53","guid":{"rendered":"https:\/\/blog.univicosa.com.br\/?p=2591"},"modified":"2022-05-20T11:17:32","modified_gmt":"2022-05-20T14:17:32","slug":"voce-sabe-o-que-e-inflacao-a-gente-te-conta","status":"publish","type":"post","link":"https:\/\/blog.univicosa.com.br\/index.php\/2021\/10\/06\/voce-sabe-o-que-e-inflacao-a-gente-te-conta\/","title":{"rendered":"Voc\u00ea sabe o que \u00e9 infla\u00e7\u00e3o? A gente te conta!"},"content":{"rendered":"\n<figure class=\"wp-block-image size-large\"><img data-attachment-id=\"2594\" data-permalink=\"https:\/\/blog.univicosa.com.br\/index.php\/2021\/10\/06\/voce-sabe-o-que-e-inflacao-a-gente-te-conta\/fgewrwrwqe\/\" data-orig-file=\"https:\/\/blog.univicosa.com.br\/wp-content\/uploads\/2021\/10\/fgewrwrwqe.png\" data-orig-size=\"1024,576\" data-comments-opened=\"1\" data-image-meta=\"{&quot;aperture&quot;:&quot;0&quot;,&quot;credit&quot;:&quot;&quot;,&quot;camera&quot;:&quot;&quot;,&quot;caption&quot;:&quot;&quot;,&quot;created_timestamp&quot;:&quot;0&quot;,&quot;copyright&quot;:&quot;&quot;,&quot;focal_length&quot;:&quot;0&quot;,&quot;iso&quot;:&quot;0&quot;,&quot;shutter_speed&quot;:&quot;0&quot;,&quot;title&quot;:&quot;&quot;,&quot;orientation&quot;:&quot;0&quot;}\" data-image-title=\"fgewrwrwqe\" data-image-description=\"\" data-medium-file=\"https:\/\/blog.univicosa.com.br\/wp-content\/uploads\/2021\/10\/fgewrwrwqe-300x169.png\" data-large-file=\"https:\/\/blog.univicosa.com.br\/wp-content\/uploads\/2021\/10\/fgewrwrwqe.png\" loading=\"lazy\" width=\"1024\" height=\"576\" src=\"https:\/\/blog.univicosa.com.br\/wp-content\/uploads\/2021\/10\/fgewrwrwqe.png\" alt=\"\" class=\"wp-image-2594\" srcset=\"https:\/\/blog.univicosa.com.br\/wp-content\/uploads\/2021\/10\/fgewrwrwqe.png 1024w, https:\/\/blog.univicosa.com.br\/wp-content\/uploads\/2021\/10\/fgewrwrwqe-300x169.png 300w, https:\/\/blog.univicosa.com.br\/wp-content\/uploads\/2021\/10\/fgewrwrwqe-768x432.png 768w, https:\/\/blog.univicosa.com.br\/wp-content\/uploads\/2021\/10\/fgewrwrwqe-850x478.png 850w\" sizes=\"(max-width: 1024px) 100vw, 1024px\" \/><\/figure>\n\n\n\n<p><em><strong>Por: Marcos Sp\u00ednola Nazareth*<\/strong><\/em><\/p>\n\n\n\n<p>O <strong>Relat\u00f3rio Focus<\/strong><a href=\"#_ftn1\" target=\"_blank\" rel=\"noreferrer noopener\">[1]<\/a> publicado pelo <strong>Banco Central do Brasil<\/strong> no \u00faltimo dia 04 de outubro apresentou, mais uma vez, <strong>aumento <\/strong>nas <strong>expectativas <\/strong>de <strong>mercado <\/strong>para o principal<strong> \u00edndice de infla\u00e7\u00e3o <\/strong>da nossa <strong>economia<\/strong>, o <strong>IPCA <\/strong>(\u00cdndice Nacional de Pre\u00e7os ao Consumidor Amplo) calculado e divulgado mensalmente pelo <strong>IBGE<\/strong><a href=\"#_ftn2\" target=\"_blank\" rel=\"noreferrer noopener\">[2]<\/a>. As proje\u00e7\u00f5es, por enquanto, s\u00e3o de que os <strong>pre\u00e7os <\/strong>de refer\u00eancia da <strong>nossa economia<\/strong> terminem <strong>2021<\/strong> com v<strong>aria\u00e7\u00e3o positiva de 8,51%, <\/strong>muito pr\u00f3ximo a p\u00e9ssima marca de dois d\u00edgitos ao ano. O gr\u00e1fico abaixo mostra que a tend\u00eancia altista das expectativas de infla\u00e7\u00e3o para <strong>2021 <\/strong>(linha azul) vem desde o in\u00edcio desse ano.<\/p>\n\n\n\n<figure class=\"wp-block-image size-large is-resized\"><img data-attachment-id=\"2593\" data-permalink=\"https:\/\/blog.univicosa.com.br\/index.php\/2021\/10\/06\/voce-sabe-o-que-e-inflacao-a-gente-te-conta\/ewewrfeawfresrf\/\" data-orig-file=\"https:\/\/blog.univicosa.com.br\/wp-content\/uploads\/2021\/10\/ewewrfeawfresrf.png\" data-orig-size=\"387,208\" data-comments-opened=\"1\" data-image-meta=\"{&quot;aperture&quot;:&quot;0&quot;,&quot;credit&quot;:&quot;&quot;,&quot;camera&quot;:&quot;&quot;,&quot;caption&quot;:&quot;&quot;,&quot;created_timestamp&quot;:&quot;0&quot;,&quot;copyright&quot;:&quot;&quot;,&quot;focal_length&quot;:&quot;0&quot;,&quot;iso&quot;:&quot;0&quot;,&quot;shutter_speed&quot;:&quot;0&quot;,&quot;title&quot;:&quot;&quot;,&quot;orientation&quot;:&quot;0&quot;}\" data-image-title=\"ewewrfeawfresrf\" data-image-description=\"\" data-medium-file=\"https:\/\/blog.univicosa.com.br\/wp-content\/uploads\/2021\/10\/ewewrfeawfresrf-300x161.png\" data-large-file=\"https:\/\/blog.univicosa.com.br\/wp-content\/uploads\/2021\/10\/ewewrfeawfresrf.png\" loading=\"lazy\" src=\"https:\/\/blog.univicosa.com.br\/wp-content\/uploads\/2021\/10\/ewewrfeawfresrf.png\" alt=\"\" class=\"wp-image-2593\" width=\"404\" height=\"217\" srcset=\"https:\/\/blog.univicosa.com.br\/wp-content\/uploads\/2021\/10\/ewewrfeawfresrf.png 387w, https:\/\/blog.univicosa.com.br\/wp-content\/uploads\/2021\/10\/ewewrfeawfresrf-300x161.png 300w\" sizes=\"(max-width: 404px) 100vw, 404px\" \/><\/figure>\n\n\n\n<p><em><strong>Fonte<\/strong>: Relat\u00f3rio de Mercado Focus \u2013 BCB.<\/em><\/p>\n\n\n\n<p>Sabe-se que o <strong>fen\u00f4meno inflacion\u00e1rio<\/strong> de uma <strong>economia <\/strong>\u00e9 altamente <strong>complexo<\/strong>, especialmente nas atuais economias altamente <strong>sofisticadas <\/strong>e <strong>globalizadas<\/strong>, dependente de<strong> diversas vari\u00e1veis<\/strong> e sujeito a todo tipo de <strong>choques<\/strong>. Sendo assim, as interpreta\u00e7\u00f5es das poss\u00edveis causas de uma acelera\u00e7\u00e3o da infla\u00e7\u00e3o e suas consequ\u00eancias n\u00e3o s\u00e3o tarefas triviais para <strong>analistas econ\u00f4micos.<\/strong><\/p>\n\n\n\n<p>Dito isto, de modo geral,<strong> define-se infla\u00e7\u00e3o como a eleva\u00e7\u00e3o persistente e generalizada dos pre\u00e7os dos bens e servi\u00e7os de uma economia.<\/strong> Tecnicamente, a <strong>taxa <\/strong>de <strong>infla\u00e7\u00e3o <\/strong>\u00e9 a <strong>varia\u00e7\u00e3o percentual <\/strong>do <strong>n\u00edvel <\/strong>de <strong>pre\u00e7os <\/strong>em rela\u00e7\u00e3o ao <strong>per\u00edodo anterior<\/strong><a href=\"#_ftn3\" target=\"_blank\" rel=\"noreferrer noopener\">[3]<\/a>.<\/p>\n\n\n\n<p>Normalmente,<strong> altas taxas de infla\u00e7\u00e3o <\/strong>e, principalmente, <strong>expectativas <\/strong>de <strong>persist\u00eancia <\/strong>do <strong>processo inflacion\u00e1rio <\/strong>ao longo do tempo imp\u00f5e uma s\u00e9rie de <strong>problemas <\/strong>a <strong>sociedade <\/strong>como: <strong>perda <\/strong>de<strong> poder aquisitivo<\/strong> da popula\u00e7\u00e3o <strong>consumidora<\/strong>, <strong>redu\u00e7\u00e3o <\/strong>de <strong>investimentos <\/strong>em novos <strong>neg\u00f3cios <\/strong>(pelo aumento de incertezas quanto ao fluxo de caixa futuro), <strong>eleva\u00e7\u00e3o <\/strong>dos <strong>custos empresariais <\/strong>e consequente redu\u00e7\u00e3o do <strong>faturamento<\/strong>, aumento do desemprego etc. Estes efeitos se <strong>retroalimentam <\/strong>e intensificam as <strong>consequ\u00eancias<\/strong>, podendo sair completamente de controle, se n\u00e3o h\u00e1 uma atua\u00e7\u00e3o firme da autoridade monet\u00e1ria ou fiscal em tempo. Logo, manter a <strong>infla\u00e7\u00e3o em n\u00edveis baixos<\/strong> \u00e9 uma das <strong>metas <\/strong>mais <strong>importantes <\/strong>dos formuladores de <strong>pol\u00edticas econ\u00f4micas <\/strong>em todo o mundo.<\/p>\n\n\n\n<figure class=\"wp-block-image size-large is-resized\"><img data-attachment-id=\"2596\" data-permalink=\"https:\/\/blog.univicosa.com.br\/index.php\/2021\/10\/06\/voce-sabe-o-que-e-inflacao-a-gente-te-conta\/inflacao-uma-velha-conhecida-se-apresenta-as-novas0311388101202109251144-sm\/\" data-orig-file=\"https:\/\/blog.univicosa.com.br\/wp-content\/uploads\/2021\/10\/Inflacao-uma-velha-conhecida-se-apresenta-as-novas0311388101202109251144-sm.jpg\" data-orig-size=\"799,533\" data-comments-opened=\"1\" data-image-meta=\"{&quot;aperture&quot;:&quot;0&quot;,&quot;credit&quot;:&quot;&quot;,&quot;camera&quot;:&quot;&quot;,&quot;caption&quot;:&quot;&quot;,&quot;created_timestamp&quot;:&quot;0&quot;,&quot;copyright&quot;:&quot;&quot;,&quot;focal_length&quot;:&quot;0&quot;,&quot;iso&quot;:&quot;0&quot;,&quot;shutter_speed&quot;:&quot;0&quot;,&quot;title&quot;:&quot;&quot;,&quot;orientation&quot;:&quot;0&quot;}\" data-image-title=\"Inflacao-uma-velha-conhecida-se-apresenta-as-novas0311388101202109251144-sm\" data-image-description=\"\" data-medium-file=\"https:\/\/blog.univicosa.com.br\/wp-content\/uploads\/2021\/10\/Inflacao-uma-velha-conhecida-se-apresenta-as-novas0311388101202109251144-sm-300x200.jpg\" data-large-file=\"https:\/\/blog.univicosa.com.br\/wp-content\/uploads\/2021\/10\/Inflacao-uma-velha-conhecida-se-apresenta-as-novas0311388101202109251144-sm.jpg\" loading=\"lazy\" src=\"https:\/\/blog.univicosa.com.br\/wp-content\/uploads\/2021\/10\/Inflacao-uma-velha-conhecida-se-apresenta-as-novas0311388101202109251144-sm.jpg\" alt=\"\" class=\"wp-image-2596\" width=\"548\" height=\"365\" srcset=\"https:\/\/blog.univicosa.com.br\/wp-content\/uploads\/2021\/10\/Inflacao-uma-velha-conhecida-se-apresenta-as-novas0311388101202109251144-sm.jpg 799w, https:\/\/blog.univicosa.com.br\/wp-content\/uploads\/2021\/10\/Inflacao-uma-velha-conhecida-se-apresenta-as-novas0311388101202109251144-sm-300x200.jpg 300w, https:\/\/blog.univicosa.com.br\/wp-content\/uploads\/2021\/10\/Inflacao-uma-velha-conhecida-se-apresenta-as-novas0311388101202109251144-sm-768x512.jpg 768w\" sizes=\"(max-width: 548px) 100vw, 548px\" \/><\/figure>\n\n\n\n<p>Nesse sentido, a causa mais <strong>comum <\/strong>de <strong>processos inflacion\u00e1rios <\/strong>reportada pela <strong>literatura econ\u00f4mica <\/strong>\u00e9 o <strong>excesso de oferta monet\u00e1ria<\/strong> ou <strong>excessivo aumento de liquidez<\/strong> pelos <strong>governos <\/strong>para<strong> financiar gastos<\/strong> ou expandir de <strong>cr\u00e9dito<\/strong>. Entretanto, como dito antes, invariavelmente o processo \u00e9 complexo e envolve outros fatores. Pode ocorrer, por exemplo, aumento da procura de bens e servi\u00e7os na economia, por motivos de prefer\u00eancias e\/ou necessidades do <strong>consumidor<\/strong>, sem que exista uma resposta equivalente pelo lado da oferta.<\/p>\n\n\n\n<p>\u00a0H\u00e1 ainda outras <strong>tr\u00eas raz\u00f5es<\/strong> <strong>explicativas <\/strong>para <strong>aumentos persistentes <\/strong>dos <strong>pre\u00e7os <\/strong>numa <strong>economia<\/strong>: <strong>(<em>i<\/em>)<\/strong> a infla\u00e7\u00e3o de <strong>oferta <\/strong>que \u00e9 aquela em que h\u00e1 um aumento nos custos de produ\u00e7\u00e3o da economia e\/ou em virtude da eleva\u00e7\u00e3o do c\u00e2mbio, das taxas de juros, sal\u00e1rios, combust\u00edveis e tarifas p\u00fablicas; <strong>(<em>ii<\/em>)<\/strong> a infla\u00e7\u00e3o <strong>estrutural <\/strong>que se relaciona com a inefici\u00eancia de servi\u00e7os de infraestrutura fornecidos pela economia e, portanto, na rigidez de sua oferta; e, por fim <strong>(<em>iii<\/em>) <\/strong>a infla\u00e7\u00e3o <strong>inercial <\/strong>que decorre de expectativas altistas dos agentes econ\u00f4micos em fun\u00e7\u00e3o de uma mem\u00f3ria inflacion\u00e1ria, alimentada pela elevada indexa\u00e7\u00e3o (corre\u00e7\u00e3o monet\u00e1ria autom\u00e1tica) de toda <strong>economia<\/strong>.<\/p>\n\n\n\n<p><em><a rel=\"noreferrer noopener\" href=\"https:\/\/univicosa.apprbs.com.br\/blog\/\" target=\"_blank\">Ei, quer<strong> receber conte\u00fados exclusivos<\/strong> da Univi\u00e7osa? Como: blog posts, dicas para arrasar no vestibular, dicas para conseguir o emprego dos sonhos, dicas para arrasar nos estudos, dicas de eventos e muito mais? Clique aqui!<\/a><\/em> <\/p>\n\n\n\n<figure class=\"wp-block-image size-large is-resized\"><img data-attachment-id=\"2595\" data-permalink=\"https:\/\/blog.univicosa.com.br\/index.php\/2021\/10\/06\/voce-sabe-o-que-e-inflacao-a-gente-te-conta\/inflacao\/\" data-orig-file=\"https:\/\/blog.univicosa.com.br\/wp-content\/uploads\/2021\/10\/Inflacao.png\" data-orig-size=\"1200,675\" data-comments-opened=\"1\" data-image-meta=\"{&quot;aperture&quot;:&quot;0&quot;,&quot;credit&quot;:&quot;&quot;,&quot;camera&quot;:&quot;&quot;,&quot;caption&quot;:&quot;&quot;,&quot;created_timestamp&quot;:&quot;0&quot;,&quot;copyright&quot;:&quot;&quot;,&quot;focal_length&quot;:&quot;0&quot;,&quot;iso&quot;:&quot;0&quot;,&quot;shutter_speed&quot;:&quot;0&quot;,&quot;title&quot;:&quot;&quot;,&quot;orientation&quot;:&quot;0&quot;}\" data-image-title=\"Inflacao\" data-image-description=\"\" data-medium-file=\"https:\/\/blog.univicosa.com.br\/wp-content\/uploads\/2021\/10\/Inflacao-300x169.png\" data-large-file=\"https:\/\/blog.univicosa.com.br\/wp-content\/uploads\/2021\/10\/Inflacao-1024x576.png\" loading=\"lazy\" src=\"https:\/\/blog.univicosa.com.br\/wp-content\/uploads\/2021\/10\/Inflacao-1024x576.png\" alt=\"\" class=\"wp-image-2595\" width=\"539\" height=\"303\" srcset=\"https:\/\/blog.univicosa.com.br\/wp-content\/uploads\/2021\/10\/Inflacao-1024x576.png 1024w, https:\/\/blog.univicosa.com.br\/wp-content\/uploads\/2021\/10\/Inflacao-300x169.png 300w, https:\/\/blog.univicosa.com.br\/wp-content\/uploads\/2021\/10\/Inflacao-768x432.png 768w, https:\/\/blog.univicosa.com.br\/wp-content\/uploads\/2021\/10\/Inflacao-850x478.png 850w, https:\/\/blog.univicosa.com.br\/wp-content\/uploads\/2021\/10\/Inflacao.png 1200w\" sizes=\"(max-width: 539px) 100vw, 539px\" \/><\/figure>\n\n\n\n<p>Dessa maneira, <strong>analistas <\/strong>tem sugerido que essa <strong>acelera\u00e7\u00e3o inflacion\u00e1ria brasileira<\/strong>, no fim das contas, recebe <strong>influ\u00eancia <\/strong>desses <strong>quatros fatores<\/strong>, em diferente graus:<strong> aumento excessivo da demanda<\/strong> em fun\u00e7\u00e3o das <strong>pol\u00edticas monet\u00e1rias<\/strong> e <strong>fiscais <\/strong>dos \u00faltimos meses no sentido de <strong>aumentar liquidez <\/strong>e <strong>gasto <\/strong>na <strong>economia <\/strong>para combater a crise, concomitantemente com a<strong> redu\u00e7\u00e3o da oferta em diversos setores <\/strong>por causa de todas as <strong>incertezas <\/strong>relacionadas a <strong>pandemia <\/strong>e desarranjos nas cadeias de <strong>suprimentos<\/strong>; o ressurgimento dos <strong>problemas cr\u00f4nicos<\/strong> da <strong>infraestrutura brasileira <\/strong>como, por exemplo, <strong>insufici\u00eancia de equipamentos<\/strong> e <strong>m\u00e3o-de-obra qualificada <\/strong>para setores <strong>tecnol\u00f3gicos<\/strong> e <strong>crise energ\u00e9tica<\/strong> por causa do <strong>estresse h\u00eddrico<\/strong>, al\u00e9m dos aumentos dos <strong>pre\u00e7os <\/strong>por causa da eleva\u00e7\u00e3o dos custos associados a eleva\u00e7\u00e3o da <strong>taxa <\/strong>de <strong>c\u00e2mbio <\/strong>e <strong>pre\u00e7os <\/strong>dos <strong>combust\u00edveis<\/strong>;\u00a0<\/p>\n\n\n\n<p>Evidentemente que a <strong>infla\u00e7\u00e3o <\/strong>tende a <strong>prejudicar <\/strong>mais as <strong>camadas menos favorecidas da sociedade<\/strong> porque elas costumam destinar a maior parcela da sua renda para itens de <strong>consumo relativamente aos mais ricos da sociedade<\/strong>. Estes \u00faltimos, por outro lado, reservam uma parte maior dos seus rendimentos para ativos e <strong>investimentos <\/strong>que, a rigor, rep\u00f5em as perdas de valor impostas pela infla\u00e7\u00e3o. Al\u00e9m do mais, quando h\u00e1 um <strong>agravamento <\/strong>da <strong>situa\u00e7\u00e3o <\/strong>como assinalado mais acima, os mais <strong>pobres s\u00e3o os primeiros a perderam o emprego<\/strong>, sem normalmente possu\u00edrem reservas de emerg\u00eancia e boa qualifica\u00e7\u00e3o para procurarem novas <strong>oportunidades<\/strong>.<\/p>\n\n\n\n<p>Logo, \u00e9 preciso <strong>combater o in\u00edcio desse processo inflacion\u00e1rio<\/strong> no <strong>Brasil <\/strong>com os rem\u00e9dios oferecidos pela<strong> ci\u00eancia econ\u00f4mica<\/strong>: <strong>pol\u00edtica monet\u00e1ria cred\u00edvel <\/strong>e focada em trazer as expectativas de infla\u00e7\u00e3o para o centro da meta; <strong>direcionar as despesas p\u00fablicas <\/strong>para resolver problemas cr\u00f4nicos de <strong>infraestrutura<\/strong>, al\u00e9m de<strong> implementar reformas institucionais <\/strong>que melhore o <strong>ambiente<\/strong> de <strong>neg\u00f3cios<\/strong>; e, por fim, mas n\u00e3o menos importante, <strong>desindexar <\/strong>a e<strong>conomia brasileira<\/strong>, favorecendo o <strong>aumento de pre\u00e7os<\/strong> atrelado ao aumento de <strong>valor dos bens e servi\u00e7os <\/strong>e de <strong>produtividade <\/strong>dos <strong>neg\u00f3cios<\/strong>. Fazendo assim, a economia crescer\u00e1 com boas oportunidades para todos, aumento de renda dos trabalhadores e pre\u00e7os est\u00e1veis.<\/p>\n\n\n\n<p><em><strong>Por: Marcos Sp\u00ednola Nazareth<\/strong><\/em> <strong>&#8211; <em>Professor de Economia Univi\u00e7osa e Pesquisador PAEG\/UFV<\/em><\/strong>.<\/p>\n\n\n\n<p><a href=\"https:\/\/www.univicosa.com.br\/graduacao\/cursos\/ciencias_contabeis\">Curtiu e quer saber mais sobre o curso de\u00a0<strong>Ci\u00eancias Cont\u00e1beis\u00a0<\/strong>da\u00a0<strong>UNIVI\u00c7OSA<\/strong>? Ent\u00e3o acesse o site da Univi\u00e7osa, clique aqui!<\/a><\/p>\n\n\n\n<p><a href=\"https:\/\/blog.univicosa.com.br\/index.php\/2021\/09\/28\/saiba-tudo-sobre-o-mei-microempreendedor-individual\/\">Saiba tudo sobre o MEI -Microempreendedor Individual!<\/a> <\/p>\n\n\n\n<p><a href=\"https:\/\/blog.univicosa.com.br\/index.php\/2021\/08\/16\/1-ciencias-contabeis-areas-de-atuacao-auditoria\/\">#1 Ci\u00eancias Cont\u00e1beis \u2013 \u00c1reas de atua\u00e7\u00e3o: Auditoria<\/a><\/p>\n\n\n\n<p><a href=\"https:\/\/blog.univicosa.com.br\/index.php\/2021\/08\/24\/2-ciencias-contabeis-areas-de-atuacao-pericia-contabil\/\">#2 Ci\u00eancias Cont\u00e1beis \u2013 \u00c1reas de atua\u00e7\u00e3o: Per\u00edcia Cont\u00e1bil<\/a><\/p>\n\n\n\n<p><a href=\"https:\/\/blog.univicosa.com.br\/index.php\/2021\/09\/02\/3-ciencias-contabeis-areas-de-atuacao-consultor-tributario\/\">#3 Ci\u00eancias Cont\u00e1beis \u2013 \u00c1reas de atua\u00e7\u00e3o: Consultor Tribut\u00e1rio<\/a><\/p>\n\n\n\n<p><a href=\"https:\/\/blog.univicosa.com.br\/index.php\/2021\/09\/06\/4-ciencias-contabeis-areas-de-atuacao-pesquisa-cientifica\/\">#4 Ci\u00eancias Cont\u00e1beis \u2013 \u00c1reas de atua\u00e7\u00e3o: Pesquisa Cient\u00edfica<\/a><br><br><a href=\"https:\/\/blog.univicosa.com.br\/index.php\/2021\/09\/14\/5-ciencias-contabeis-areas-de-atuacao-pesquisa-cientifica-relatos-de-um-ex-aluno\/\">#5 Ci\u00eancias Cont\u00e1beis \u2013 \u00c1reas de atua\u00e7\u00e3o: Pesquisa Cient\u00edfica \u2013 Relatos de um ex-aluno!<\/a><\/p>\n\n\n\n<p><a href=\"https:\/\/blog.univicosa.com.br\/index.php\/2021\/07\/13\/saiba-como-a-tecnologia-da-informacao-se-aplica-a-contabilidade\/\">Saiba como a tecnologia da informa\u00e7\u00e3o se aplica a contabilidade!<\/a><\/p>\n\n\n\n<p><a href=\"https:\/\/blog.univicosa.com.br\/index.php\/2021\/07\/05\/regime-tributario-brasileiro-conheca-os-3-tipos-existentes\/\">Regime tribut\u00e1rio brasileiro: conhe\u00e7a os 3 tipos existentes!<\/a><\/p>\n\n\n\n<p><a href=\"https:\/\/blog.univicosa.com.br\/index.php\/2021\/06\/07\/voce-sabia-empresas-dentro-do-simples-nacional-podem-pagar-menos-impostos-dentro-da-lei\/\">Voc\u00ea sabia? Empresas dentro do Simples Nacional podem pagar menos impostos dentro da lei!<\/a><\/p>\n\n\n\n<p><a href=\"https:\/\/blog.univicosa.com.br\/index.php\/2021\/06\/01\/5-dicas-para-ter-um-curriculo-de-destaque\/\">5 dicas para criar um curr\u00edculo de sucesso!<\/a><\/p>\n\n\n\n<p><a href=\"https:\/\/blog.univicosa.com.br\/index.php\/2021\/07\/20\/conheca-as-vantagens-de-fazer-uma-segunda-graduacao\/\">Conhe\u00e7a as vantagens de fazer uma segunda gradua\u00e7\u00e3o<\/a><br><br><a href=\"https:\/\/blog.univicosa.com.br\/index.php\/2021\/07\/08\/networking-e-a-pandemia-como-estabelecer-conexoes-autenticas-em-tempos-de-distanciamento-social\/\">Saiba o que \u00e9 Networking e potencialize sua carreira profissional!<\/a><\/p>\n\n\n\n<p><a href=\"https:\/\/blog.univicosa.com.br\/index.php\/2021\/06\/08\/8-dicas-para-se-preparar-para-uma-entrevista-de-estagio\/\">8 dicas para se preparar para uma entrevista de est\u00e1gio!<\/a><\/p>\n\n\n\n<p><a href=\"https:\/\/blog.univicosa.com.br\/index.php\/2021\/06\/15\/10-passos-para-ter-um-perfil-mais-relevante-no-linkedin\/\">10 passos para ter um perfil mais relevante no LinkedIn!<\/a><\/p>\n\n\n\n<p><a href=\"https:\/\/blog.univicosa.com.br\/index.php\/2021\/03\/24\/porque-cursar-ciencias-contabeis\/\">PORQUE CURSAR CI\u00caNCIAS CONT\u00c1BEIS<\/a><br><br><a href=\"https:\/\/blog.univicosa.com.br\/index.php\/2021\/07\/09\/voce-sabe-a-diferenca-entre-trabalhabilidade-e-empregabilidade\/\">Voc\u00ea sabe a diferen\u00e7a entre Trabalhabilidade e Empregabilidade?<\/a><\/p>\n\n\n\n<hr class=\"wp-block-separator\"\/>\n\n\n\n<p><a href=\"#_ftnref1\">[1]<\/a> A \u00edntegra do Relat\u00f3rio com todas as proje\u00e7\u00f5es, inclusive de outros \u00edndices de atividade econ\u00f4mica, acessar: https:\/\/www.bcb.gov.br\/publicacoes\/focus<\/p>\n\n\n\n<p><a href=\"#_ftnref2\">[2]<\/a> Para mais informa\u00e7\u00f5es sobre o IPCA, como metodologia de c\u00e1lculo e outros detalhes, consultar link: https:\/\/www.ibge.gov.br\/estatisticas\/economicas\/precos-e-custos\/9256-indice-nacional-de-precos-ao-consumidor-amplo.html?=&amp;t=o-que-e<\/p>\n\n\n\n<p><a href=\"#_ftnref3\">[3]<\/a> Na situa\u00e7\u00e3o acima, a expectativa de uma taxa de infla\u00e7\u00e3o de 8,51% em 2021 refere-se \u00e0 varia\u00e7\u00e3o em rela\u00e7\u00e3o a 2020.<\/p>\n","protected":false},"excerpt":{"rendered":"<p>Por: Marcos Sp\u00ednola Nazareth* O Relat\u00f3rio Focus[1] publicado pelo Banco Central do Brasil no \u00faltimo dia 04 de outubro apresentou, mais uma vez, aumento nas expectativas de mercado para o principal \u00edndice de infla\u00e7\u00e3o da nossa economia, o IPCA (\u00cdndice Nacional de Pre\u00e7os ao Consumidor Amplo) calculado e divulgado mensalmente pelo IBGE[2]. As proje\u00e7\u00f5es, por&#8230;<\/p>\n","protected":false},"author":2,"featured_media":2594,"comment_status":"open","ping_status":"open","sticky":false,"template":"","format":"standard","meta":{"spay_email":""},"categories":[33,34,17,14],"tags":[952,510,196,258,417,936,5,109,954,953,51,958,7,950,92,957,805,956,107,951,9,93],"jetpack_featured_media_url":"https:\/\/blog.univicosa.com.br\/wp-content\/uploads\/2021\/10\/fgewrwrwqe.png","jetpack_shortlink":"https:\/\/wp.me\/pbcCKk-FN","_links":{"self":[{"href":"https:\/\/blog.univicosa.com.br\/index.php\/wp-json\/wp\/v2\/posts\/2591"}],"collection":[{"href":"https:\/\/blog.univicosa.com.br\/index.php\/wp-json\/wp\/v2\/posts"}],"about":[{"href":"https:\/\/blog.univicosa.com.br\/index.php\/wp-json\/wp\/v2\/types\/post"}],"author":[{"embeddable":true,"href":"https:\/\/blog.univicosa.com.br\/index.php\/wp-json\/wp\/v2\/users\/2"}],"replies":[{"embeddable":true,"href":"https:\/\/blog.univicosa.com.br\/index.php\/wp-json\/wp\/v2\/comments?post=2591"}],"version-history":[{"count":2,"href":"https:\/\/blog.univicosa.com.br\/index.php\/wp-json\/wp\/v2\/posts\/2591\/revisions"}],"predecessor-version":[{"id":2598,"href":"https:\/\/blog.univicosa.com.br\/index.php\/wp-json\/wp\/v2\/posts\/2591\/revisions\/2598"}],"wp:featuredmedia":[{"embeddable":true,"href":"https:\/\/blog.univicosa.com.br\/index.php\/wp-json\/wp\/v2\/media\/2594"}],"wp:attachment":[{"href":"https:\/\/blog.univicosa.com.br\/index.php\/wp-json\/wp\/v2\/media?parent=2591"}],"wp:term":[{"taxonomy":"category","embeddable":true,"href":"https:\/\/blog.univicosa.com.br\/index.php\/wp-json\/wp\/v2\/categories?post=2591"},{"taxonomy":"post_tag","embeddable":true,"href":"https:\/\/blog.univicosa.com.br\/index.php\/wp-json\/wp\/v2\/tags?post=2591"}],"curies":[{"name":"wp","href":"https:\/\/api.w.org\/{rel}","templated":true}]}}