{"id":2575,"date":"2021-09-28T18:07:28","date_gmt":"2021-09-28T21:07:28","guid":{"rendered":"https:\/\/blog.univicosa.com.br\/?p=2575"},"modified":"2022-05-20T11:17:40","modified_gmt":"2022-05-20T14:17:40","slug":"saiba-tudo-sobre-o-mei-microempreendedor-individual","status":"publish","type":"post","link":"https:\/\/blog.univicosa.com.br\/index.php\/2021\/09\/28\/saiba-tudo-sobre-o-mei-microempreendedor-individual\/","title":{"rendered":"Saiba tudo sobre o MEI -Microempreendedor Individual!"},"content":{"rendered":"\n<figure class=\"wp-block-image size-large\"><img data-attachment-id=\"2576\" data-permalink=\"https:\/\/blog.univicosa.com.br\/index.php\/2021\/09\/28\/saiba-tudo-sobre-o-mei-microempreendedor-individual\/blog-mei-contaveis\/\" data-orig-file=\"https:\/\/blog.univicosa.com.br\/wp-content\/uploads\/2021\/09\/blog-mei-contaveis.png\" data-orig-size=\"1086,652\" data-comments-opened=\"1\" data-image-meta=\"{&quot;aperture&quot;:&quot;0&quot;,&quot;credit&quot;:&quot;&quot;,&quot;camera&quot;:&quot;&quot;,&quot;caption&quot;:&quot;&quot;,&quot;created_timestamp&quot;:&quot;0&quot;,&quot;copyright&quot;:&quot;&quot;,&quot;focal_length&quot;:&quot;0&quot;,&quot;iso&quot;:&quot;0&quot;,&quot;shutter_speed&quot;:&quot;0&quot;,&quot;title&quot;:&quot;&quot;,&quot;orientation&quot;:&quot;0&quot;}\" data-image-title=\"blog-mei-contaveis\" data-image-description=\"\" data-medium-file=\"https:\/\/blog.univicosa.com.br\/wp-content\/uploads\/2021\/09\/blog-mei-contaveis-300x180.png\" data-large-file=\"https:\/\/blog.univicosa.com.br\/wp-content\/uploads\/2021\/09\/blog-mei-contaveis-1024x615.png\" loading=\"lazy\" width=\"1024\" height=\"615\" src=\"https:\/\/blog.univicosa.com.br\/wp-content\/uploads\/2021\/09\/blog-mei-contaveis-1024x615.png\" alt=\"\" class=\"wp-image-2576\" srcset=\"https:\/\/blog.univicosa.com.br\/wp-content\/uploads\/2021\/09\/blog-mei-contaveis-1024x615.png 1024w, https:\/\/blog.univicosa.com.br\/wp-content\/uploads\/2021\/09\/blog-mei-contaveis-300x180.png 300w, https:\/\/blog.univicosa.com.br\/wp-content\/uploads\/2021\/09\/blog-mei-contaveis-768x461.png 768w, https:\/\/blog.univicosa.com.br\/wp-content\/uploads\/2021\/09\/blog-mei-contaveis-850x510.png 850w, https:\/\/blog.univicosa.com.br\/wp-content\/uploads\/2021\/09\/blog-mei-contaveis.png 1086w\" sizes=\"(max-width: 1024px) 100vw, 1024px\" \/><\/figure>\n\n\n\n<p><em><strong>MEI- saiba tudo sobre essa forma jur\u00eddica de tributa\u00e7\u00e3o e saiba quais s\u00e3o as vantagens de se formalizar<\/strong><\/em>!<br><em>Por Myriam Mello*<\/em><\/p>\n\n\n\n<h2><strong>O que \u00e9 MEI?<\/strong><strong><\/strong><\/h2>\n\n\n\n<p><strong>Microempreendedor Individual <\/strong>\u00e9 uma forma de <strong>tributa\u00e7\u00e3o institu\u00edda<\/strong> pela <strong>Lei <\/strong>complementar <em>n\u00ba 128\/2008 <\/em>para aquelas <strong>pessoas <\/strong>que<strong> trabalham por conta pr\u00f3pria <\/strong>poderem se <strong>formalizar <\/strong>como <strong>empres\u00e1rio <\/strong>de forma r\u00e1pida, pr\u00e1tica e sem muita burocracia.<\/p>\n\n\n\n<p>O <strong>MEI <\/strong>s\u00f3 pode ter um funcion\u00e1rio, recebendo um sal\u00e1rio m\u00ednimo ou o piso da categoria. Vale destacar que esse funcion\u00e1rio n\u00e3o pode ser c\u00f4njuge do MEI .<\/p>\n\n\n\n<h2><strong>O que \u00e9 preciso para se formalizar?<\/strong><strong><\/strong><\/h2>\n\n\n\n<p>Precisa exercer atividade permitida ao MEI prevista no anexo XIII da Resolu\u00e7\u00e3o do Comit\u00ea Gestor do Simples Nacional de n\u00ba 94\/2011, como por exemplo a Diarista, mec\u00e2nico, pedreiro, cabelereiro ou outras constantes na Lei.<\/p>\n\n\n\n<p>A novidade para o MEI em 2021, \u00e9 o projeto de lei complementar (PLP 108\/2021), que pretende aumenta o&nbsp;limite&nbsp;de faturamento para o enquadramento como microempreendedor individual (MEI), passando de R$ 81 mil para R$ 130 mil. E permite ainda a esse empres\u00e1rio ter at\u00e9 dois funcion\u00e1rios. Lembrando que esse projeto segue para an\u00e1lise e vota\u00e7\u00e3o na c\u00e2mara dos deputados e ele ainda n\u00e3o foi aprovado. Se caso for aprovado j\u00e1 come\u00e7a a valer a partir de 2022.<\/p>\n\n\n\n<h2><strong>Obriga\u00e7\u00f5es do MEI?<\/strong><\/h2>\n\n\n\n<ul><li>Possuir um \u00fanico estabelecimento, n\u00e3o pode ter filial<\/li><li>Emiss\u00e3o de nota fiscal de vendas \u00e0 pessoas jur\u00eddicas<\/li><li>Guardar as notas fiscais e controle de vendas no prazo m\u00ednimo de 5 anos<\/li><li>Preparar relat\u00f3rio mensal de receitas brutas<\/li><li>Enviar o DASN- MEI (declara\u00e7\u00e3o anual PARA o MEI)<\/li><\/ul>\n\n\n\n<h2><strong>Benef\u00edcios<\/strong><\/h2>\n\n\n\n<ul><li>MEI tem o CNPJ e inscri\u00e7\u00e3o municipal<\/li><li>Aposentadoria por idade- 60 anos \u2013mulher e 65 para homem. Para isso precisa contribuir pelo menos 15 anos<\/li><li>Aposentadoria por invalidez. A partir de 1 ano de contribui\u00e7\u00e3o.<\/li><li>Sal\u00e1rio maternidade. Ap\u00f3s 10 meses de contribui\u00e7\u00e3o<\/li><li>Auxilio doen\u00e7a. Ap\u00f3s 1 ano de contribui\u00e7\u00e3o<\/li><li>Pens\u00e3o por morte e aux\u00edlio reclus\u00e3o- esses dois benef\u00edcios t\u00eam dura\u00e7\u00e3o vari\u00e1vel, conforme idade e o tipo de benefici\u00e1rio<\/li><li>Dispensa da escritura\u00e7\u00e3o fiscal e cont\u00e1bil<\/li><li>Mais acessibilidade aos servi\u00e7os financeiros<\/li><li>Pode participar de licita\u00e7\u00e3o, vender para o governo.<\/li><li>Menor custo com funcion\u00e1rio (3% INSS, 8% FGTS sobre sal\u00e1rio m\u00ednimo)<\/li><li>Sem taxas de registro para formaliza\u00e7\u00e3o<\/li><li>Burocracia reduzida, apenas o DASN SIMEI<\/li><\/ul>\n\n\n\n<p><em><a href=\"https:\/\/univicosa.apprbs.com.br\/blog\/\">Ei, quer receber conte\u00fados exclusivos da Univi\u00e7osa? Como: blog posts, dicas para arrasar no vestibular, dicas para conseguir o emprego dos sonhos, dicas para arrasar nos estudos, dicas de eventos e muito mais? Clique aqui!<\/a><\/em><\/p>\n\n\n\n<figure class=\"wp-block-image size-large is-resized\"><img data-attachment-id=\"2578\" data-permalink=\"https:\/\/blog.univicosa.com.br\/index.php\/2021\/09\/28\/saiba-tudo-sobre-o-mei-microempreendedor-individual\/o-que-e-um-microempreendedor-individual\/\" data-orig-file=\"https:\/\/blog.univicosa.com.br\/wp-content\/uploads\/2021\/09\/o-que-e-um-microempreendedor-individual.png\" data-orig-size=\"800,533\" data-comments-opened=\"1\" data-image-meta=\"{&quot;aperture&quot;:&quot;0&quot;,&quot;credit&quot;:&quot;&quot;,&quot;camera&quot;:&quot;&quot;,&quot;caption&quot;:&quot;&quot;,&quot;created_timestamp&quot;:&quot;0&quot;,&quot;copyright&quot;:&quot;&quot;,&quot;focal_length&quot;:&quot;0&quot;,&quot;iso&quot;:&quot;0&quot;,&quot;shutter_speed&quot;:&quot;0&quot;,&quot;title&quot;:&quot;&quot;,&quot;orientation&quot;:&quot;0&quot;}\" data-image-title=\"o-que-e-um-microempreendedor-individual\" data-image-description=\"\" data-medium-file=\"https:\/\/blog.univicosa.com.br\/wp-content\/uploads\/2021\/09\/o-que-e-um-microempreendedor-individual-300x200.png\" data-large-file=\"https:\/\/blog.univicosa.com.br\/wp-content\/uploads\/2021\/09\/o-que-e-um-microempreendedor-individual.png\" loading=\"lazy\" src=\"https:\/\/blog.univicosa.com.br\/wp-content\/uploads\/2021\/09\/o-que-e-um-microempreendedor-individual.png\" alt=\"\" class=\"wp-image-2578\" width=\"568\" height=\"378\" srcset=\"https:\/\/blog.univicosa.com.br\/wp-content\/uploads\/2021\/09\/o-que-e-um-microempreendedor-individual.png 800w, https:\/\/blog.univicosa.com.br\/wp-content\/uploads\/2021\/09\/o-que-e-um-microempreendedor-individual-300x200.png 300w, https:\/\/blog.univicosa.com.br\/wp-content\/uploads\/2021\/09\/o-que-e-um-microempreendedor-individual-768x512.png 768w\" sizes=\"(max-width: 568px) 100vw, 568px\" \/><\/figure>\n\n\n\n<h2><strong>Por\u00e9m antes de se formalizar aten\u00e7\u00e3o pois existem algumas ressalvas, como:<\/strong><strong><\/strong><\/h2>\n\n\n\n<ul><li>Pessoa que recebe o Seguro-desemprego: pode ser formalizada, mas perde a concess\u00e3o do benef\u00edcio no m\u00eas seguinte ao da formaliza\u00e7\u00e3o;<\/li><li>Pessoa que trabalha registrada no regime CLT: pode ser formalizada, mas, em caso de demiss\u00e3o sem justa causa, n\u00e3o ter\u00e1 direito ao Seguro Desemprego.<\/li><li>Pessoa que recebe Aux\u00edlio-Doen\u00e7a: pode ser formalizada, mas perde o benef\u00edcio a partir do m\u00eas da formaliza\u00e7\u00e3o;<\/li><\/ul>\n\n\n\n<h2><strong>N\u00e3o poder\u00e1 se formalizar como MEI:<\/strong><strong><\/strong><\/h2>\n\n\n\n<ul><li>Pessoa que recebe benef\u00edcio do BPC \/ LOAS (Benef\u00edcio de Presta\u00e7\u00e3o Continuada da Assist\u00eancia Social\/Lei Org\u00e2nica de Assist\u00eancia Social),<\/li><li>Pessoa que recebe o Auxilio Idoso;<\/li><li>Pessoa que recebe aposentadoria por invalidez;<\/li><li>Pensionista e Servidor P\u00fablico Federal em atividade, observando que os crit\u00e9rios podem variar conforme legisla\u00e7\u00e3o estadual ou municipal.<\/li><li>Estrangeiro com visto provis\u00f3rio (formalizar apenas mediante apresenta\u00e7\u00e3o do RNE \u2013 Registro Nacional de Estrangeiros, pois este, \u00e9 o \u201cvisto permanente\u201d).<\/li><li>Pessoa que seja titular, s\u00f3cio ou administrador de outra empresa.<\/li><\/ul>\n\n\n\n<h2><strong>O cadastro \u00e9 on line, realizado no portal do microempreendedor:<\/strong><strong><\/strong><\/h2>\n\n\n\n<p><a href=\"http:\/\/www.portaldoempreendedor.gov.br\/\">www.portaldoempreendedor.gov.br<\/a><\/p>\n\n\n\n<p>Para isso, o <strong>interessado <\/strong>deve ter em m\u00e3os <strong>documentos pessoais <\/strong>como o CPF, RG, T\u00edtulo de eleitor, e-mail, telefone, endere\u00e7o residencial e n\u00famero da declara\u00e7\u00e3o do imposto de renda pessoa f\u00edsica. \u00a0E tamb\u00e9m as informa\u00e7\u00f5es do neg\u00f3cio como o tipo de atividade, forma de atua\u00e7\u00e3o e o local onde \u00e9 realizado.\u00a0<\/p>\n\n\n\n<p>Al\u00e9m de ser <strong>pr\u00e1tico <\/strong>e <strong>f\u00e1cil <\/strong>se <strong>formalizar<\/strong>, o <strong>MEI <\/strong>ainda poder\u00e1 receber uma ajuda gr\u00e1tis, uma consultoria inicial durante 12 meses. Essa consultoria \u00e9 feita pelo escrit\u00f3rio de contabilidade que for optante pelo Simples Nacional.<\/p>\n\n\n\n<p>Para cancelar a inscri\u00e7\u00e3o como MEI, basta acessar o Portal do Empreendedor e solicitar a baixa do registro. Ap\u00f3s realizar a Baixa no Portal do Empreendedor, o MEI dever\u00e1 preencher a Declara\u00e7\u00e3o Anual do MEI &#8211; DASN\/SIMEI de Extin\u00e7\u00e3o \u2013 Encerramento, no Portal do Simples Nacional.<\/p>\n\n\n\n<p>*<em>Por\u00a0<strong>Myriam Mello<\/strong>\u00a0\u2013 Professora do curso de Ci\u00eancias Cont\u00e1beis da UNIVI\u00c7OSA.<\/em><\/p>\n\n\n\n<p><a href=\"https:\/\/www.univicosa.com.br\/graduacao\/cursos\/ciencias_contabeis\">Curtiu e quer saber mais sobre o curso de&nbsp;<strong>Ci\u00eancias Cont\u00e1beis&nbsp;<\/strong>da&nbsp;<strong>UNIVI\u00c7OSA<\/strong>? Ent\u00e3o acesse o site da Univi\u00e7osa, clique aqui!<\/a><\/p>\n\n\n\n<p><a href=\"https:\/\/blog.univicosa.com.br\/index.php\/2021\/08\/16\/1-ciencias-contabeis-areas-de-atuacao-auditoria\/\">#1 Ci\u00eancias Cont\u00e1beis \u2013 \u00c1reas de atua\u00e7\u00e3o: Auditoria<\/a><\/p>\n\n\n\n<p><a href=\"https:\/\/blog.univicosa.com.br\/index.php\/2021\/08\/24\/2-ciencias-contabeis-areas-de-atuacao-pericia-contabil\/\">#2 Ci\u00eancias Cont\u00e1beis \u2013 \u00c1reas de atua\u00e7\u00e3o: Per\u00edcia Cont\u00e1bil<\/a><\/p>\n\n\n\n<p><a href=\"https:\/\/blog.univicosa.com.br\/index.php\/2021\/09\/02\/3-ciencias-contabeis-areas-de-atuacao-consultor-tributario\/\">#3 Ci\u00eancias Cont\u00e1beis \u2013 \u00c1reas de atua\u00e7\u00e3o: Consultor Tribut\u00e1rio<\/a><\/p>\n\n\n\n<p><a href=\"https:\/\/blog.univicosa.com.br\/index.php\/2021\/09\/06\/4-ciencias-contabeis-areas-de-atuacao-pesquisa-cientifica\/\">#4 Ci\u00eancias Cont\u00e1beis \u2013 \u00c1reas de atua\u00e7\u00e3o: Pesquisa Cient\u00edfica<\/a><br><br><a href=\"https:\/\/blog.univicosa.com.br\/index.php\/2021\/09\/14\/5-ciencias-contabeis-areas-de-atuacao-pesquisa-cientifica-relatos-de-um-ex-aluno\/\">#5 Ci\u00eancias Cont\u00e1beis \u2013 \u00c1reas de atua\u00e7\u00e3o: Pesquisa Cient\u00edfica \u2013 Relatos de um ex-aluno!<\/a><\/p>\n\n\n\n<p><a href=\"https:\/\/blog.univicosa.com.br\/index.php\/2021\/07\/13\/saiba-como-a-tecnologia-da-informacao-se-aplica-a-contabilidade\/\">Saiba como a tecnologia da informa\u00e7\u00e3o se aplica a contabilidade!<\/a><\/p>\n\n\n\n<p><a href=\"https:\/\/blog.univicosa.com.br\/index.php\/2021\/07\/05\/regime-tributario-brasileiro-conheca-os-3-tipos-existentes\/\">Regime tribut\u00e1rio brasileiro: conhe\u00e7a os 3 tipos existentes!<\/a><\/p>\n\n\n\n<p><a href=\"https:\/\/blog.univicosa.com.br\/index.php\/2021\/06\/07\/voce-sabia-empresas-dentro-do-simples-nacional-podem-pagar-menos-impostos-dentro-da-lei\/\">Voc\u00ea sabia? Empresas dentro do Simples Nacional podem pagar menos impostos dentro da lei!<\/a><\/p>\n\n\n\n<p><a href=\"https:\/\/blog.univicosa.com.br\/index.php\/2021\/06\/01\/5-dicas-para-ter-um-curriculo-de-destaque\/\">5 dicas para criar um curr\u00edculo de sucesso!<\/a><\/p>\n\n\n\n<p><a href=\"https:\/\/blog.univicosa.com.br\/index.php\/2021\/07\/20\/conheca-as-vantagens-de-fazer-uma-segunda-graduacao\/\">Conhe\u00e7a as vantagens de fazer uma segunda gradua\u00e7\u00e3o<\/a><br><br><a href=\"https:\/\/blog.univicosa.com.br\/index.php\/2021\/07\/08\/networking-e-a-pandemia-como-estabelecer-conexoes-autenticas-em-tempos-de-distanciamento-social\/\">Saiba o que \u00e9 Networking e potencialize sua carreira profissional!<\/a><\/p>\n\n\n\n<p><a href=\"https:\/\/blog.univicosa.com.br\/index.php\/2021\/06\/08\/8-dicas-para-se-preparar-para-uma-entrevista-de-estagio\/\">8 dicas para se preparar para uma entrevista de est\u00e1gio!<\/a><\/p>\n\n\n\n<p><a href=\"https:\/\/blog.univicosa.com.br\/index.php\/2021\/06\/15\/10-passos-para-ter-um-perfil-mais-relevante-no-linkedin\/\">10 passos para ter um perfil mais relevante no LinkedIn!<\/a><\/p>\n\n\n\n<p><a href=\"https:\/\/blog.univicosa.com.br\/index.php\/2021\/03\/24\/porque-cursar-ciencias-contabeis\/\">PORQUE CURSAR CI\u00caNCIAS CONT\u00c1BEIS<\/a><br><br><a href=\"https:\/\/blog.univicosa.com.br\/index.php\/2021\/07\/09\/voce-sabe-a-diferenca-entre-trabalhabilidade-e-empregabilidade\/\">Voc\u00ea sabe a diferen\u00e7a entre Trabalhabilidade e Empregabilidade?<\/a><\/p>\n\n\n\n<p><\/p>\n\n\n\n<hr class=\"wp-block-separator\"\/>\n\n\n\n<p><strong>Refer\u00eancia<\/strong>s<br><br>BRASIL. Lei Complementar n\u00ba123, de 14 de dezembro de 2006. Institui o Estatuto Nacional da Microempresa e da Empresa de Pequeno Porte; altera os dispositivos das Leis n\u00ba 8.212 e 8.213, ambas de 24 de julho de 1991, da Consolida\u00e7\u00e3o das Leis do Trabalho &#8211; CLT, aprovada pelo Decreto-Lei no 5.452, de 1o de maio de 1943, da Lei no 10.189, de 14 de fevereiro de 2001, da Lei Complementar no 63, de 11 de janeiro de 1990; e revoga as Leis no 9.317, de 5 de dezembro de 1996, e 9.841, de 5 de outubro de 1999. Dispon\u00edvel em: &lt; http:\/\/www.planalto.gov.br\/ccivil_03\/Leis\/lcp\/lcp123.htm>. Acesso em: 20 de setembro, de 2021.<\/p>\n","protected":false},"excerpt":{"rendered":"<p>MEI- saiba tudo sobre essa forma jur\u00eddica de tributa\u00e7\u00e3o e saiba quais s\u00e3o as vantagens de se formalizar!Por Myriam Mello* O que \u00e9 MEI? Microempreendedor Individual \u00e9 uma forma de tributa\u00e7\u00e3o institu\u00edda pela Lei complementar n\u00ba 128\/2008 para aquelas pessoas que trabalham por conta pr\u00f3pria poderem se formalizar como empres\u00e1rio de forma r\u00e1pida, pr\u00e1tica e&#8230;<\/p>\n","protected":false},"author":2,"featured_media":2576,"comment_status":"open","ping_status":"open","sticky":false,"template":"","format":"standard","meta":{"spay_email":""},"categories":[34,15,1],"tags":[510,258,300,936,297,298,806,51,7,197,930,931,257,932,92,933,769,934,96,9,93],"jetpack_featured_media_url":"https:\/\/blog.univicosa.com.br\/wp-content\/uploads\/2021\/09\/blog-mei-contaveis.png","jetpack_shortlink":"https:\/\/wp.me\/pbcCKk-Fx","_links":{"self":[{"href":"https:\/\/blog.univicosa.com.br\/index.php\/wp-json\/wp\/v2\/posts\/2575"}],"collection":[{"href":"https:\/\/blog.univicosa.com.br\/index.php\/wp-json\/wp\/v2\/posts"}],"about":[{"href":"https:\/\/blog.univicosa.com.br\/index.php\/wp-json\/wp\/v2\/types\/post"}],"author":[{"embeddable":true,"href":"https:\/\/blog.univicosa.com.br\/index.php\/wp-json\/wp\/v2\/users\/2"}],"replies":[{"embeddable":true,"href":"https:\/\/blog.univicosa.com.br\/index.php\/wp-json\/wp\/v2\/comments?post=2575"}],"version-history":[{"count":2,"href":"https:\/\/blog.univicosa.com.br\/index.php\/wp-json\/wp\/v2\/posts\/2575\/revisions"}],"predecessor-version":[{"id":2580,"href":"https:\/\/blog.univicosa.com.br\/index.php\/wp-json\/wp\/v2\/posts\/2575\/revisions\/2580"}],"wp:featuredmedia":[{"embeddable":true,"href":"https:\/\/blog.univicosa.com.br\/index.php\/wp-json\/wp\/v2\/media\/2576"}],"wp:attachment":[{"href":"https:\/\/blog.univicosa.com.br\/index.php\/wp-json\/wp\/v2\/media?parent=2575"}],"wp:term":[{"taxonomy":"category","embeddable":true,"href":"https:\/\/blog.univicosa.com.br\/index.php\/wp-json\/wp\/v2\/categories?post=2575"},{"taxonomy":"post_tag","embeddable":true,"href":"https:\/\/blog.univicosa.com.br\/index.php\/wp-json\/wp\/v2\/tags?post=2575"}],"curies":[{"name":"wp","href":"https:\/\/api.w.org\/{rel}","templated":true}]}}