{"id":2558,"date":"2021-09-23T13:30:38","date_gmt":"2021-09-23T16:30:38","guid":{"rendered":"https:\/\/blog.univicosa.com.br\/?p=2558"},"modified":"2022-05-20T11:17:47","modified_gmt":"2022-05-20T14:17:47","slug":"fatores-de-risco-para-a-incontinencia-urinaria-e-fecal-no-pos-parto","status":"publish","type":"post","link":"https:\/\/blog.univicosa.com.br\/index.php\/2021\/09\/23\/fatores-de-risco-para-a-incontinencia-urinaria-e-fecal-no-pos-parto\/","title":{"rendered":"Fatores de risco para a incontin\u00eancia urin\u00e1ria e fecal no p\u00f3s-parto"},"content":{"rendered":"\n<figure class=\"wp-block-image size-large\"><img data-attachment-id=\"2559\" data-permalink=\"https:\/\/blog.univicosa.com.br\/index.php\/2021\/09\/23\/fatores-de-risco-para-a-incontinencia-urinaria-e-fecal-no-pos-parto\/incontinencia-no-pos-parto-blog\/\" data-orig-file=\"https:\/\/blog.univicosa.com.br\/wp-content\/uploads\/2021\/09\/incontinencia-no-pos-parto-blog.png\" data-orig-size=\"1086,652\" data-comments-opened=\"1\" data-image-meta=\"{&quot;aperture&quot;:&quot;0&quot;,&quot;credit&quot;:&quot;&quot;,&quot;camera&quot;:&quot;&quot;,&quot;caption&quot;:&quot;&quot;,&quot;created_timestamp&quot;:&quot;0&quot;,&quot;copyright&quot;:&quot;&quot;,&quot;focal_length&quot;:&quot;0&quot;,&quot;iso&quot;:&quot;0&quot;,&quot;shutter_speed&quot;:&quot;0&quot;,&quot;title&quot;:&quot;&quot;,&quot;orientation&quot;:&quot;0&quot;}\" data-image-title=\"incontinencia-no-pos-parto-blog\" data-image-description=\"\" data-medium-file=\"https:\/\/blog.univicosa.com.br\/wp-content\/uploads\/2021\/09\/incontinencia-no-pos-parto-blog-300x180.png\" data-large-file=\"https:\/\/blog.univicosa.com.br\/wp-content\/uploads\/2021\/09\/incontinencia-no-pos-parto-blog-1024x615.png\" loading=\"lazy\" width=\"1024\" height=\"615\" src=\"https:\/\/blog.univicosa.com.br\/wp-content\/uploads\/2021\/09\/incontinencia-no-pos-parto-blog-1024x615.png\" alt=\"\" class=\"wp-image-2559\" srcset=\"https:\/\/blog.univicosa.com.br\/wp-content\/uploads\/2021\/09\/incontinencia-no-pos-parto-blog-1024x615.png 1024w, https:\/\/blog.univicosa.com.br\/wp-content\/uploads\/2021\/09\/incontinencia-no-pos-parto-blog-300x180.png 300w, https:\/\/blog.univicosa.com.br\/wp-content\/uploads\/2021\/09\/incontinencia-no-pos-parto-blog-768x461.png 768w, https:\/\/blog.univicosa.com.br\/wp-content\/uploads\/2021\/09\/incontinencia-no-pos-parto-blog-850x510.png 850w, https:\/\/blog.univicosa.com.br\/wp-content\/uploads\/2021\/09\/incontinencia-no-pos-parto-blog.png 1086w\" sizes=\"(max-width: 1024px) 100vw, 1024px\" \/><\/figure>\n\n\n\n<p><em>Conhe\u00e7a os fatores de risco para o desenvolvimento de incontin\u00eancia urin\u00e1ria e incontin\u00eancia fecal no p\u00f3s-parto de longo prazo.<\/em><\/p>\n\n\n\n<p>Uma revis\u00e3o recente cujos autores foram fisioterapeutas, elencaram uma s\u00e9rie de fatores de riscos que podem desencadear a incontin\u00eancia urin\u00e1ria (IU) e a incontin\u00eancia fecal (IF) no p\u00f3s-parto de 18 meses at\u00e9 10 anos.<\/p>\n\n\n\n<p><strong>Os autores conclu\u00edram que, as gestantes que apresentarem os fatores descritos abaixo, possuem grandes chances de desenvolverem IU no p\u00f3s-parto de longo prazo:<\/strong><\/p>\n\n\n\n<ul><li>IU durante a gesta\u00e7\u00e3o;<\/li><li>Parto vaginal instrumentado (uso do f\u00f3rceps);<\/li><li>Episiotomia;<\/li><li>Lacera\u00e7\u00e3o perineal durante o parto (o estudo n\u00e3o deixou claro o grau de lacera\u00e7\u00e3o que entra como fator de risco, mas comentaram algo em torno de lacera\u00e7\u00e3o grau moderado a severo \u2013 II ou III);<\/li><li>Presen\u00e7a de constipa\u00e7\u00e3o intestinal.<\/li><\/ul>\n\n\n\n<p><strong>J\u00e1 as gestantes que apresentarem os fatores listados a seguir, possuem grandes chances de desenvolverem IF no p\u00f3s-parto de 18 meses a 10 anos:<\/strong><\/p>\n\n\n\n<ul><li>IF durante a gesta\u00e7\u00e3o;<\/li><li>Idade materna maior que 35 anos;<\/li><li>IMC pr\u00e9-natal maior que 30 (obesidade pr\u00e9-natal);<\/li><li>Parto vaginal instrumentado (f\u00f3rceps);<\/li><li>Peso do RN maior que 4kg;<\/li><li>Uso da ocitocina para induzir o parto;<\/li><li>Parto vaginal espont\u00e2neo.<\/li><\/ul>\n\n\n\n<p><em><a href=\"https:\/\/univicosa.apprbs.com.br\/blog\/\">Ei, quer receber conte\u00fados exclusivos da Univi\u00e7osa? Como: blog posts, dicas para arrasar no vestibular, dicas para conseguir o emprego dos sonhos, dicas para arrasar nos estudos, dicas de eventos e muito mais? Clique aqui!<\/a><\/em><\/p>\n\n\n\n<figure class=\"wp-block-image size-large\"><img data-attachment-id=\"2560\" data-permalink=\"https:\/\/blog.univicosa.com.br\/index.php\/2021\/09\/23\/fatores-de-risco-para-a-incontinencia-urinaria-e-fecal-no-pos-parto\/indoor-shot-of-attractor-casually-dressed-positive-young-expectant-mother-with-european-appearance-sitting-on-gray-sofa-in-living-room-keeping-legs-crossed-and-touching-her-large-belly-smiling\/\" data-orig-file=\"https:\/\/blog.univicosa.com.br\/wp-content\/uploads\/2021\/09\/young-pregnant-woman-posing-indoor-scaled.jpg\" data-orig-size=\"2560,1707\" data-comments-opened=\"1\" data-image-meta=\"{&quot;aperture&quot;:&quot;2.5&quot;,&quot;credit&quot;:&quot;&quot;,&quot;camera&quot;:&quot;Canon EOS 5D Mark II&quot;,&quot;caption&quot;:&quot;Indoor shot of attractor casually dressed positive young expectant mother with European appearance sitting on gray sofa in living room, keeping legs crossed and touching her large belly, smiling&quot;,&quot;created_timestamp&quot;:&quot;1550757169&quot;,&quot;copyright&quot;:&quot;&quot;,&quot;focal_length&quot;:&quot;50&quot;,&quot;iso&quot;:&quot;100&quot;,&quot;shutter_speed&quot;:&quot;0.00625&quot;,&quot;title&quot;:&quot;Indoor shot of attractor casually dressed positive young expectant mother with European appearance sitting on gray sofa in living room, keeping legs crossed and touching her large belly, smiling&quot;,&quot;orientation&quot;:&quot;1&quot;}\" data-image-title=\"Indoor shot of attractor casually dressed positive young expectant mother with European appearance sitting on gray sofa in living room, keeping legs crossed and touching her large belly, smiling\" data-image-description=\"\" data-medium-file=\"https:\/\/blog.univicosa.com.br\/wp-content\/uploads\/2021\/09\/young-pregnant-woman-posing-indoor-300x200.jpg\" data-large-file=\"https:\/\/blog.univicosa.com.br\/wp-content\/uploads\/2021\/09\/young-pregnant-woman-posing-indoor-1024x683.jpg\" loading=\"lazy\" width=\"1024\" height=\"683\" src=\"https:\/\/blog.univicosa.com.br\/wp-content\/uploads\/2021\/09\/young-pregnant-woman-posing-indoor-1024x683.jpg\" alt=\"\" class=\"wp-image-2560\" srcset=\"https:\/\/blog.univicosa.com.br\/wp-content\/uploads\/2021\/09\/young-pregnant-woman-posing-indoor-1024x683.jpg 1024w, https:\/\/blog.univicosa.com.br\/wp-content\/uploads\/2021\/09\/young-pregnant-woman-posing-indoor-300x200.jpg 300w, https:\/\/blog.univicosa.com.br\/wp-content\/uploads\/2021\/09\/young-pregnant-woman-posing-indoor-768x512.jpg 768w, https:\/\/blog.univicosa.com.br\/wp-content\/uploads\/2021\/09\/young-pregnant-woman-posing-indoor-1536x1024.jpg 1536w, https:\/\/blog.univicosa.com.br\/wp-content\/uploads\/2021\/09\/young-pregnant-woman-posing-indoor-2048x1365.jpg 2048w, https:\/\/blog.univicosa.com.br\/wp-content\/uploads\/2021\/09\/young-pregnant-woman-posing-indoor-850x567.jpg 850w\" sizes=\"(max-width: 1024px) 100vw, 1024px\" \/><\/figure>\n\n\n\n<p><a href=\"https:\/\/blog.univicosa.com.br\/index.php\/2020\/07\/28\/10-curiosidades-sobre-a-carreira-em-fisioterapia\/\">10 curiosidades sobre a carreira em Fisioterapia<\/a><br><br>Al\u00e9m disso, o estudo evidenciou que o parto cesariano, n\u00e3o funcionou como fator protetor para IF e nem para prolapso genital, bem como n\u00e3o previne disfun\u00e7\u00f5es do AP. Por outro lado, ele tamb\u00e9m destacou que parto vaginal n\u00e3o \u00e9 fator de risco para IU.<\/p>\n\n\n\n<p>Do ponto de vista da fisioterapia, \u00e9 importante dizer que, diante desse estudo, temos muito trabalho a fazer no per\u00edodo gestacional. Dentre todos os fatores de riscos citados, temos os fatores considerados mut\u00e1veis, e que, justamente por serem pass\u00edveis de mudan\u00e7a, podemos atuar em cima deles, como a presen\u00e7a de constipa\u00e7\u00e3o intestinal, que pode ser controlada a partir de alimenta\u00e7\u00e3o e atividade f\u00edsica, da mesma forma, a obesidade pr\u00e9-natal, que pode ser controlada com essas mesmas interven\u00e7\u00f5es, e em ambas, tamb\u00e9m podemos recorrer ao encaminhamento para o nutricionista. <\/p>\n\n\n\n<p>Os demais fatores, apesar de serem considerados imut\u00e1veis, ainda \u00e9 poss\u00edvel atuarmos em cima de alguns, como a IU e IF gestacional, que s\u00e3o trat\u00e1veis com a fisioterapia p\u00e9lvica, e, ainda, a import\u00e2ncia de um acompanhamento gestacional com a fisioterapia p\u00e9lvica a fim de fortalecer e preparar o AP para o parto, assim, caso a gestante venha a precisar de um parto instrumentado, de uma episiotomia, ou se o feto vir a pesar 4 kg ou mais, um AP bem preparado pode passar por essas situa\u00e7\u00f5es com mais tranquilidade, favorecendo a recupera\u00e7\u00e3o e diminuindo as chances do desenvolvimento de IU e IF no p\u00f3s parto.<\/p>\n\n\n\n<p><em>*Texto: Profa. Andr\u00e9ia Kely R.C. de Almeida.<br>Aluna: L\u00edlian Rocha de Sousa.<\/em><\/p>\n\n\n\n<p><a href=\"https:\/\/blog.univicosa.com.br\/index.php\/2021\/09\/16\/a-importancia-da-fisioterapia-no-cti-em-tratamento-de-um-paciente-politraumatizado\/\">A import\u00e2ncia da Fisioterapia no CTI em tratamento de um paciente politraumatizado<\/a> <\/p>\n\n\n\n<p><a href=\"https:\/\/blog.univicosa.com.br\/index.php\/2021\/03\/29\/o-papel-do-fisioterapeuta-nas-diferentes-fases-da-covid-19\/\">O papel do Fisioterapeuta nas diferentes fases da COVID-19<\/a><\/p>\n\n\n\n<p><a href=\"https:\/\/blog.univicosa.com.br\/index.php\/2020\/11\/26\/fisioterapia-e-saude-disfuncao-temporomandibular-dtm\/\">Fisioterapia e sa\u00fade: disfun\u00e7\u00e3o temporomandibular (DTM)<\/a><\/p>\n\n\n\n<p><a href=\"https:\/\/blog.univicosa.com.br\/index.php\/2021\/06\/17\/sua-faculdade-nao-te-prepara-para-o-mercado-de-trabalho\/\">Sua faculdade n\u00e3o te prepara para o mercado de trabalho?<\/a><\/p>\n\n\n\n<p><a href=\"https:\/\/blog.univicosa.com.br\/index.php\/2020\/08\/03\/alunas-de-enfermagem-da-univicosa-foram-convocadas-para-atuar-no-enfrentamento-da-covid-19-por-meio-do-programa-brasil-conta-comigo\/\">Alunas de Enfermagem da Univi\u00e7osa foram convocadas para atuar no enfrentamento da COVID-19 por meio do Programa \u201cBrasil Conta Comigo\u201d<\/a><\/p>\n\n\n\n<p><a href=\"https:\/\/blog.univicosa.com.br\/index.php\/2021\/09\/13\/univicosa-entenda-por-que-voce-deve-escolher-a-nossa-instituicao\/\" target=\"_blank\" rel=\"noreferrer noopener\">UNIVI\u00c7OSA: entenda por que voc\u00ea deve escolher a nossa institui\u00e7\u00e3o<\/a><\/p>\n\n\n\n<p><a href=\"https:\/\/blog.univicosa.com.br\/index.php\/2021\/09\/11\/saiba-diferenciar-o-ensino-presencial-ead-ensino-remoto-e-o-ensino-hibrido\/\" target=\"_blank\" rel=\"noreferrer noopener\">Saiba diferenciar o Ensino Presencial, EAD, Ensino Remoto e o Ensino H\u00edbrido!<\/a><\/p>\n\n\n\n<p><a href=\"https:\/\/blog.univicosa.com.br\/index.php\/2021\/09\/11\/descubra-o-que-diferencia-bacharelado-licenciatura-e-tecnologico\/\" target=\"_blank\" rel=\"noreferrer noopener\">Descubra o que diferencia bacharelado, licenciatura e tecn\u00f3logo!<\/a><\/p>\n\n\n\n<p><a href=\"https:\/\/blog.univicosa.com.br\/index.php\/2021\/09\/11\/como-convencer-meus-pais-a-investir-na-minha-graduacao\/\" target=\"_blank\" rel=\"noreferrer noopener\">Como convencer meus pais a investir na minha gradua\u00e7\u00e3o?<\/a><\/p>\n\n\n\n<p><a rel=\"noreferrer noopener\" href=\"https:\/\/blog.univicosa.com.br\/index.php\/2021\/09\/11\/tudo-o-que-voce-precisa-saber-para-ingressar-em-um-curso-superior\/\" target=\"_blank\">Tudo o que voc\u00ea precisa saber para ingressar em um curso superior<\/a> <\/p>\n\n\n\n<p><\/p>\n\n\n\n<hr class=\"wp-block-separator\"\/>\n\n\n\n<p><strong>Refer\u00eancia<\/strong>: HAGE\u2010FRANSEN, Monique A. H. et al. Pregnancy\u2010 and obstetric\u2010related risk factors for urinary incontinence, fecal incontinence, or pelvic organ prolapse later in life: a systematic review and meta\u2830analysis. Acta Obstetricia Et Gynecologica Scandinavica, [S.L.], v. 100, n. 3, p. 373-382, 2 nov. 2020. Wiley.<\/p>\n","protected":false},"excerpt":{"rendered":"<p>Conhe\u00e7a os fatores de risco para o desenvolvimento de incontin\u00eancia urin\u00e1ria e incontin\u00eancia fecal no p\u00f3s-parto de longo prazo. Uma revis\u00e3o recente cujos autores foram fisioterapeutas, elencaram uma s\u00e9rie de fatores de riscos que podem desencadear a incontin\u00eancia urin\u00e1ria (IU) e a incontin\u00eancia fecal (IF) no p\u00f3s-parto de 18 meses at\u00e9 10 anos. Os autores&#8230;<\/p>\n","protected":false},"author":2,"featured_media":2559,"comment_status":"open","ping_status":"open","sticky":false,"template":"","format":"standard","meta":{"spay_email":""},"categories":[40,42,16],"tags":[858,51,913,912,896,744,7,906,908,911,909,92,907,905,904,915,914,64,901,9,910,93],"jetpack_featured_media_url":"https:\/\/blog.univicosa.com.br\/wp-content\/uploads\/2021\/09\/incontinencia-no-pos-parto-blog.png","jetpack_shortlink":"https:\/\/wp.me\/pbcCKk-Fg","_links":{"self":[{"href":"https:\/\/blog.univicosa.com.br\/index.php\/wp-json\/wp\/v2\/posts\/2558"}],"collection":[{"href":"https:\/\/blog.univicosa.com.br\/index.php\/wp-json\/wp\/v2\/posts"}],"about":[{"href":"https:\/\/blog.univicosa.com.br\/index.php\/wp-json\/wp\/v2\/types\/post"}],"author":[{"embeddable":true,"href":"https:\/\/blog.univicosa.com.br\/index.php\/wp-json\/wp\/v2\/users\/2"}],"replies":[{"embeddable":true,"href":"https:\/\/blog.univicosa.com.br\/index.php\/wp-json\/wp\/v2\/comments?post=2558"}],"version-history":[{"count":1,"href":"https:\/\/blog.univicosa.com.br\/index.php\/wp-json\/wp\/v2\/posts\/2558\/revisions"}],"predecessor-version":[{"id":2561,"href":"https:\/\/blog.univicosa.com.br\/index.php\/wp-json\/wp\/v2\/posts\/2558\/revisions\/2561"}],"wp:featuredmedia":[{"embeddable":true,"href":"https:\/\/blog.univicosa.com.br\/index.php\/wp-json\/wp\/v2\/media\/2559"}],"wp:attachment":[{"href":"https:\/\/blog.univicosa.com.br\/index.php\/wp-json\/wp\/v2\/media?parent=2558"}],"wp:term":[{"taxonomy":"category","embeddable":true,"href":"https:\/\/blog.univicosa.com.br\/index.php\/wp-json\/wp\/v2\/categories?post=2558"},{"taxonomy":"post_tag","embeddable":true,"href":"https:\/\/blog.univicosa.com.br\/index.php\/wp-json\/wp\/v2\/tags?post=2558"}],"curies":[{"name":"wp","href":"https:\/\/api.w.org\/{rel}","templated":true}]}}