{"id":2545,"date":"2021-09-14T21:15:50","date_gmt":"2021-09-15T00:15:50","guid":{"rendered":"https:\/\/blog.univicosa.com.br\/?p=2545"},"modified":"2022-05-20T11:18:01","modified_gmt":"2022-05-20T14:18:01","slug":"5-ciencias-contabeis-areas-de-atuacao-pesquisa-cientifica-relatos-de-um-ex-aluno","status":"publish","type":"post","link":"https:\/\/blog.univicosa.com.br\/index.php\/2021\/09\/14\/5-ciencias-contabeis-areas-de-atuacao-pesquisa-cientifica-relatos-de-um-ex-aluno\/","title":{"rendered":"#5 Ci\u00eancias Cont\u00e1beis \u2013 \u00c1reas de atua\u00e7\u00e3o: Pesquisa Cient\u00edfica &#8211; Relatos de um ex-aluno!"},"content":{"rendered":"\n<figure class=\"wp-block-image size-large\"><img data-attachment-id=\"2546\" data-permalink=\"https:\/\/blog.univicosa.com.br\/index.php\/2021\/09\/14\/5-ciencias-contabeis-areas-de-atuacao-pesquisa-cientifica-relatos-de-um-ex-aluno\/ares-de-atuacao-contabeis-ex-aluno-blog\/\" data-orig-file=\"https:\/\/blog.univicosa.com.br\/wp-content\/uploads\/2021\/09\/ares-de-atuacao-contabeis-ex-aluno-blog.png\" data-orig-size=\"1086,652\" data-comments-opened=\"1\" data-image-meta=\"{&quot;aperture&quot;:&quot;0&quot;,&quot;credit&quot;:&quot;&quot;,&quot;camera&quot;:&quot;&quot;,&quot;caption&quot;:&quot;&quot;,&quot;created_timestamp&quot;:&quot;0&quot;,&quot;copyright&quot;:&quot;&quot;,&quot;focal_length&quot;:&quot;0&quot;,&quot;iso&quot;:&quot;0&quot;,&quot;shutter_speed&quot;:&quot;0&quot;,&quot;title&quot;:&quot;&quot;,&quot;orientation&quot;:&quot;0&quot;}\" data-image-title=\"ares-de-atuacao-contabeis-ex-aluno-blog\" data-image-description=\"\" data-medium-file=\"https:\/\/blog.univicosa.com.br\/wp-content\/uploads\/2021\/09\/ares-de-atuacao-contabeis-ex-aluno-blog-300x180.png\" data-large-file=\"https:\/\/blog.univicosa.com.br\/wp-content\/uploads\/2021\/09\/ares-de-atuacao-contabeis-ex-aluno-blog-1024x615.png\" loading=\"lazy\" width=\"1024\" height=\"615\" src=\"https:\/\/blog.univicosa.com.br\/wp-content\/uploads\/2021\/09\/ares-de-atuacao-contabeis-ex-aluno-blog-1024x615.png\" alt=\"\" class=\"wp-image-2546\" srcset=\"https:\/\/blog.univicosa.com.br\/wp-content\/uploads\/2021\/09\/ares-de-atuacao-contabeis-ex-aluno-blog-1024x615.png 1024w, https:\/\/blog.univicosa.com.br\/wp-content\/uploads\/2021\/09\/ares-de-atuacao-contabeis-ex-aluno-blog-300x180.png 300w, https:\/\/blog.univicosa.com.br\/wp-content\/uploads\/2021\/09\/ares-de-atuacao-contabeis-ex-aluno-blog-768x461.png 768w, https:\/\/blog.univicosa.com.br\/wp-content\/uploads\/2021\/09\/ares-de-atuacao-contabeis-ex-aluno-blog-850x510.png 850w, https:\/\/blog.univicosa.com.br\/wp-content\/uploads\/2021\/09\/ares-de-atuacao-contabeis-ex-aluno-blog.png 1086w\" sizes=\"(max-width: 1024px) 100vw, 1024px\" \/><\/figure>\n\n\n\n<p>No texto de hoje apresentaremos o depoimento de <strong>Maur\u00edcio Paiva<\/strong>, nosso querido <strong>ex-aluno <\/strong>do<strong> Curso de Ci\u00eancias Cont\u00e1beis da Univi\u00e7osa,<\/strong> que pretende seguir <strong>carreira acad\u00eamica <\/strong>e nos contar\u00e1 um pouco da sua experi\u00eancia com<strong> pesquisa cient\u00edfica<\/strong> ap\u00f3s se formar.<\/p>\n\n\n\n<p>Maur\u00edcio Ant\u00f4nio de Paiva atualmente \u00e9 <strong>bolsista <\/strong>de apoio t\u00e9cnico da <strong>Funda\u00e7\u00e3o de Amparo \u00e0 pesquisa do Estado de Minas Gerais<\/strong> (FAPEMIG), em parceria com Funda\u00e7\u00e3o Renova, no plano de a\u00e7\u00e3o \u201cPesquisa, desenvolvimento e inova\u00e7\u00e3o para recupera\u00e7\u00e3o das \u00e1reas impactadas pelo rompimento da Barragem de Fund\u00e3o \u2013 Mariana \u2013 MG&#8221;, tendo como orientadora, a Professora <strong>Suely de F\u00e1tima Ramos<\/strong> da <strong>Universidade Federal de Vi\u00e7osa (UFV)<\/strong>.<\/p>\n\n\n\n<p>O projeto \u00e9 intitulado, \u201c<strong>Desenvolvimento de matriz sustent\u00e1vel de produ\u00e7\u00e3o para a cadeia de leite e derivados nas regi\u00f5es do Alto Rio Doce e Governador Valadares<\/strong>\u201d.<\/p>\n\n\n\n<p>E a equipe composta para constru\u00e7\u00e3o e execu\u00e7\u00e3o desse projeto \u00e9 multidisciplinar contando com a participa\u00e7\u00e3o da Professora Myriam Mello, do curso de Ci\u00eancias Cont\u00e1beis da Univi\u00e7osa, Gualter Rocha, aluno do 8\u00ba per\u00edodo da Univi\u00e7osa, e com membros que fazem parte do Departamento de Economia Rural (DER), Departamento de Economia (DEE), Departamento de Zootecnia (DZO), Departamento de Administra\u00e7\u00e3o e Contabilidade (DAD) e Departamento de Tecnologia de Alimentos (DTA), todos estes vinculados a Universidade Federal de Vi\u00e7osa (UFV).<\/p>\n\n\n\n<figure class=\"wp-block-image size-large is-resized\"><img data-attachment-id=\"2547\" data-permalink=\"https:\/\/blog.univicosa.com.br\/index.php\/2021\/09\/14\/5-ciencias-contabeis-areas-de-atuacao-pesquisa-cientifica-relatos-de-um-ex-aluno\/ciencias-contabeis-ead\/\" data-orig-file=\"https:\/\/blog.univicosa.com.br\/wp-content\/uploads\/2021\/09\/ciencias-contabeis-ead.jpg\" data-orig-size=\"1000,668\" data-comments-opened=\"1\" data-image-meta=\"{&quot;aperture&quot;:&quot;0&quot;,&quot;credit&quot;:&quot;&quot;,&quot;camera&quot;:&quot;&quot;,&quot;caption&quot;:&quot;&quot;,&quot;created_timestamp&quot;:&quot;0&quot;,&quot;copyright&quot;:&quot;&quot;,&quot;focal_length&quot;:&quot;0&quot;,&quot;iso&quot;:&quot;0&quot;,&quot;shutter_speed&quot;:&quot;0&quot;,&quot;title&quot;:&quot;&quot;,&quot;orientation&quot;:&quot;0&quot;}\" data-image-title=\"ciencias-contabeis-ead\" data-image-description=\"\" data-medium-file=\"https:\/\/blog.univicosa.com.br\/wp-content\/uploads\/2021\/09\/ciencias-contabeis-ead-300x200.jpg\" data-large-file=\"https:\/\/blog.univicosa.com.br\/wp-content\/uploads\/2021\/09\/ciencias-contabeis-ead.jpg\" loading=\"lazy\" src=\"https:\/\/blog.univicosa.com.br\/wp-content\/uploads\/2021\/09\/ciencias-contabeis-ead.jpg\" alt=\"\" class=\"wp-image-2547\" width=\"551\" height=\"367\" srcset=\"https:\/\/blog.univicosa.com.br\/wp-content\/uploads\/2021\/09\/ciencias-contabeis-ead.jpg 1000w, https:\/\/blog.univicosa.com.br\/wp-content\/uploads\/2021\/09\/ciencias-contabeis-ead-300x200.jpg 300w, https:\/\/blog.univicosa.com.br\/wp-content\/uploads\/2021\/09\/ciencias-contabeis-ead-768x513.jpg 768w, https:\/\/blog.univicosa.com.br\/wp-content\/uploads\/2021\/09\/ciencias-contabeis-ead-850x568.jpg 850w\" sizes=\"(max-width: 551px) 100vw, 551px\" \/><\/figure>\n\n\n\n<p><a href=\"https:\/\/blog.univicosa.com.br\/index.php\/2021\/09\/06\/4-ciencias-contabeis-areas-de-atuacao-pesquisa-cientifica\/\">#4 Ci\u00eancias Cont\u00e1beis \u2013 \u00c1reas de atua\u00e7\u00e3o: Pesquisa Cient\u00edfica<\/a> <\/p>\n\n\n\n<h2><strong>Conforme relatos de Maur\u00edcio<\/strong><\/h2>\n\n\n\n<p>\u201cFoi com imensa alegria que recebi o contato da professora Myriam (Univi\u00e7osa) me informando sobre a vaga para participar do projeto de pesquisa, de imediato enviei meu curr\u00edculo juntamente com meu hist\u00f3rico escolar para participar da sele\u00e7\u00e3o.<\/p>\n\n\n\n<p>No dia 25 de janeiro de 2021 recebi o contato da professora Suely de F\u00e1tima Ramos Silveira (UFV) para marcar uma reuni\u00e3o para que ela pudesse me explicar como seria o operacional da pesquisa e no dia 01 de fevereiro de 2021 minha bolsa foi aprovada.<\/p>\n\n\n\n<p>No in\u00edcio dos trabalhos de pesquisa foi realizado um levantamento pelos professores para estabelecer 7 munic\u00edpios a serem visitados durante os trabalhos de campo. Dessa an\u00e1lise foram selecionados os munic\u00edpios de Mariana, Barra Longa, Naque, Governador Valadares, Tumiritinga, Conselheiro Pena e Ponte Nova.<\/p>\n\n\n\n<p>A equipe de campo foi composta por mim, Dayanne Lima (Dra. em zootecnia) e J\u00falia Baroni (estudante de veterin\u00e1ria), nosso trabalho consistiu em aplicar question\u00e1rios aos produtores rurais previamente selecionados, secretaria de agricultura, Emater, latic\u00ednios, cooperativas e associa\u00e7\u00f5es de produtores de leite.<\/p>\n\n\n\n<p>O trabalho de campo foi maravilhoso, tive a oportunidade de conhecer v\u00e1rios munic\u00edpios, ter contato com os produtores e com os representantes dos \u00f3rg\u00e3os aqui citados, foi a minha oportunidade de aplicar os conhecimentos que aprendi na sala de aula em situa\u00e7\u00f5es reais e muito complexas no que tange principalmente a quest\u00e3o gerencial e de custos nas propriedades rurais.<\/p>\n\n\n\n<p><em><a href=\"https:\/\/univicosa.apprbs.com.br\/blog\/\">Ei, quer receber conte\u00fados exclusivos da Univi\u00e7osa? Como: blog posts, dicas para arrasar no vestibular, dicas para conseguir o emprego dos sonhos, dicas para arrasar nos estudos, dicas de eventos e muito mais? Clique aqui!<\/a><\/em><\/p>\n\n\n\n<figure class=\"wp-block-image size-large is-resized\"><img data-attachment-id=\"2549\" data-permalink=\"https:\/\/blog.univicosa.com.br\/index.php\/2021\/09\/14\/5-ciencias-contabeis-areas-de-atuacao-pesquisa-cientifica-relatos-de-um-ex-aluno\/13-passos-fundamentais-para-se-tornar-um-contador-de-sucesso\/\" data-orig-file=\"https:\/\/blog.univicosa.com.br\/wp-content\/uploads\/2021\/09\/13-passos-fundamentais-para-se-tornar-um-contador-de-sucesso.jpg\" data-orig-size=\"750,500\" data-comments-opened=\"1\" data-image-meta=\"{&quot;aperture&quot;:&quot;0&quot;,&quot;credit&quot;:&quot;&quot;,&quot;camera&quot;:&quot;&quot;,&quot;caption&quot;:&quot;&quot;,&quot;created_timestamp&quot;:&quot;0&quot;,&quot;copyright&quot;:&quot;&quot;,&quot;focal_length&quot;:&quot;0&quot;,&quot;iso&quot;:&quot;0&quot;,&quot;shutter_speed&quot;:&quot;0&quot;,&quot;title&quot;:&quot;&quot;,&quot;orientation&quot;:&quot;0&quot;}\" data-image-title=\"13-passos-fundamentais-para-se-tornar-um-contador-de-sucesso\" data-image-description=\"\" data-medium-file=\"https:\/\/blog.univicosa.com.br\/wp-content\/uploads\/2021\/09\/13-passos-fundamentais-para-se-tornar-um-contador-de-sucesso-300x200.jpg\" data-large-file=\"https:\/\/blog.univicosa.com.br\/wp-content\/uploads\/2021\/09\/13-passos-fundamentais-para-se-tornar-um-contador-de-sucesso.jpg\" loading=\"lazy\" src=\"https:\/\/blog.univicosa.com.br\/wp-content\/uploads\/2021\/09\/13-passos-fundamentais-para-se-tornar-um-contador-de-sucesso.jpg\" alt=\"\" class=\"wp-image-2549\" width=\"537\" height=\"357\" srcset=\"https:\/\/blog.univicosa.com.br\/wp-content\/uploads\/2021\/09\/13-passos-fundamentais-para-se-tornar-um-contador-de-sucesso.jpg 750w, https:\/\/blog.univicosa.com.br\/wp-content\/uploads\/2021\/09\/13-passos-fundamentais-para-se-tornar-um-contador-de-sucesso-300x200.jpg 300w\" sizes=\"(max-width: 537px) 100vw, 537px\" \/><\/figure>\n\n\n\n<p>Outro ponto sensacional de participar de uma pesquisa \u00e9 com rela\u00e7\u00e3o ao aprendizado, como a equipe desse projeto de pesquisa \u00e9 multidisciplinar temos acesso a informa\u00e7\u00f5es de v\u00e1rias \u00e1reas do conhecimento, nas viagens de campo aprendi muito sobre a sanidade dos rebanhos, t\u00e9cnicas de manejo com vistas a reduzir os custos e aumentar os ganhos nas propriedades.<\/p>\n\n\n\n<p>Participar de uma pesquisa \u00e9 muito mais que reconhecimento na \u00e1rea acad\u00eamica, \u00e9 uma oportunidade de ajudar de fato a melhorar a vidas das pessoas, de elaborar ideias e processos que possam contribuir para manter e gerar empregos, trazer renda para as popula\u00e7\u00f5es locais e consequentemente melhorar a vida dos indiv\u00edduos das regi\u00f5es participantes e posteriormente aplicar tais ideias e processos nas demais regi\u00f5es do pa\u00eds.<\/p>\n\n\n\n<p>A saudosa Cora Coralina dizia \u201cO saber a gente aprende com os mestres e os livros. A sabedoria se aprende \u00e9 com a vida e com os humildes. \u201d, pois bem, durante os trabalhos de pesquisa temos a oportunidade de aprender com as pessoas que vivem nas regi\u00f5es estudadas e que nos evidenciam o que realmente acontece com eles, quais os reais problemas que eles enfrentam no dia a dia para que com vis\u00e3o de realidade possamos elaborar solu\u00e7\u00f5es que de fato poder\u00e3o ser implantadas levando em considera\u00e7\u00e3o cada uma dessas regi\u00f5es.<\/p>\n\n\n\n<p>Aproveito para ressaltar a import\u00e2ncia das pesquisas cientificas para o desenvolvimento do nosso pa\u00eds, sejam estas pesquisas das mais diversas \u00e1reas do conhecimento pois s\u00e3o uma ferramenta fundamental para o desenvolvimento da nossa sociedade\u201d<\/p>\n\n\n\n<p><strong><em>Maur\u00edcio Ant\u00f4nio de Paiva \u00e9 ex- aluno da Univi\u00e7osa e atualmente atua como bolsista de apoio t\u00e9cnico da FAPEMIG.<\/em><\/strong><\/p>\n\n\n\n<p>*<em>Por&nbsp;<strong>Myriam Mello<\/strong>&nbsp;\u2013 Professora do curso de Ci\u00eancias Cont\u00e1beis da UNIVI\u00c7OSA.<\/em><\/p>\n\n\n\n<p><a href=\"https:\/\/www.univicosa.com.br\/graduacao\/cursos\/ciencias_contabeis\">Curtiu e quer saber mais sobre o curso de&nbsp;<strong>Ci\u00eancias Cont\u00e1beis&nbsp;<\/strong>da&nbsp;<strong>UNIVI\u00c7OSA<\/strong>? Ent\u00e3o acesse o site da Univi\u00e7osa, clique aqui!<\/a><\/p>\n\n\n\n<p><a href=\"https:\/\/blog.univicosa.com.br\/index.php\/2021\/08\/16\/1-ciencias-contabeis-areas-de-atuacao-auditoria\/\">#1 Ci\u00eancias Cont\u00e1beis \u2013 \u00c1reas de atua\u00e7\u00e3o: Auditoria<\/a><\/p>\n\n\n\n<p><a href=\"https:\/\/blog.univicosa.com.br\/index.php\/2021\/08\/24\/2-ciencias-contabeis-areas-de-atuacao-pericia-contabil\/\">#2 Ci\u00eancias Cont\u00e1beis \u2013 \u00c1reas de atua\u00e7\u00e3o: Per\u00edcia Cont\u00e1bil<\/a><\/p>\n\n\n\n<p><a href=\"https:\/\/blog.univicosa.com.br\/index.php\/2021\/09\/02\/3-ciencias-contabeis-areas-de-atuacao-consultor-tributario\/\">#3 Ci\u00eancias Cont\u00e1beis \u2013 \u00c1reas de atua\u00e7\u00e3o: Consultor Tribut\u00e1rio<\/a><\/p>\n\n\n\n<p><a href=\"https:\/\/blog.univicosa.com.br\/index.php\/2021\/09\/06\/4-ciencias-contabeis-areas-de-atuacao-pesquisa-cientifica\/\">#4 Ci\u00eancias Cont\u00e1beis \u2013 \u00c1reas de atua\u00e7\u00e3o: Pesquisa Cient\u00edfica<\/a><\/p>\n\n\n\n<p><a href=\"https:\/\/blog.univicosa.com.br\/index.php\/2021\/07\/13\/saiba-como-a-tecnologia-da-informacao-se-aplica-a-contabilidade\/\">Saiba como a tecnologia da informa\u00e7\u00e3o se aplica a contabilidade!<\/a><\/p>\n\n\n\n<p><a href=\"https:\/\/blog.univicosa.com.br\/index.php\/2021\/07\/05\/regime-tributario-brasileiro-conheca-os-3-tipos-existentes\/\">Regime tribut\u00e1rio brasileiro: conhe\u00e7a os 3 tipos existentes!<\/a><\/p>\n\n\n\n<p><a href=\"https:\/\/blog.univicosa.com.br\/index.php\/2021\/06\/07\/voce-sabia-empresas-dentro-do-simples-nacional-podem-pagar-menos-impostos-dentro-da-lei\/\">Voc\u00ea sabia? Empresas dentro do Simples Nacional podem pagar menos impostos dentro da lei!<\/a><\/p>\n\n\n\n<p><a href=\"https:\/\/blog.univicosa.com.br\/index.php\/2021\/06\/01\/5-dicas-para-ter-um-curriculo-de-destaque\/\">5 dicas para criar um curr\u00edculo de sucesso!<\/a><\/p>\n\n\n\n<p><a href=\"https:\/\/blog.univicosa.com.br\/index.php\/2021\/07\/20\/conheca-as-vantagens-de-fazer-uma-segunda-graduacao\/\">Conhe\u00e7a as vantagens de fazer uma segunda gradua\u00e7\u00e3o<\/a><br><br><a href=\"https:\/\/blog.univicosa.com.br\/index.php\/2021\/07\/08\/networking-e-a-pandemia-como-estabelecer-conexoes-autenticas-em-tempos-de-distanciamento-social\/\">Saiba o que \u00e9 Networking e potencialize sua carreira profissional!<\/a><\/p>\n\n\n\n<p><a href=\"https:\/\/blog.univicosa.com.br\/index.php\/2021\/06\/08\/8-dicas-para-se-preparar-para-uma-entrevista-de-estagio\/\">8 dicas para se preparar para uma entrevista de est\u00e1gio!<\/a><\/p>\n\n\n\n<p><a href=\"https:\/\/blog.univicosa.com.br\/index.php\/2021\/06\/15\/10-passos-para-ter-um-perfil-mais-relevante-no-linkedin\/\">10 passos para ter um perfil mais relevante no LinkedIn!<\/a><\/p>\n\n\n\n<p><a href=\"https:\/\/blog.univicosa.com.br\/index.php\/2021\/03\/24\/porque-cursar-ciencias-contabeis\/\">PORQUE CURSAR CI\u00caNCIAS CONT\u00c1BEIS<\/a><br><br><a href=\"https:\/\/blog.univicosa.com.br\/index.php\/2021\/07\/09\/voce-sabe-a-diferenca-entre-trabalhabilidade-e-empregabilidade\/\">Voc\u00ea sabe a diferen\u00e7a entre Trabalhabilidade e Empregabilidade?<\/a><\/p>\n","protected":false},"excerpt":{"rendered":"<p>No texto de hoje apresentaremos o depoimento de Maur\u00edcio Paiva, nosso querido ex-aluno do Curso de Ci\u00eancias Cont\u00e1beis da Univi\u00e7osa, que pretende seguir carreira acad\u00eamica e nos contar\u00e1 um pouco da sua experi\u00eancia com pesquisa cient\u00edfica ap\u00f3s se formar. Maur\u00edcio Ant\u00f4nio de Paiva atualmente \u00e9 bolsista de apoio t\u00e9cnico da Funda\u00e7\u00e3o de Amparo \u00e0 pesquisa&#8230;<\/p>\n","protected":false},"author":2,"featured_media":2546,"comment_status":"open","ping_status":"open","sticky":false,"template":"","format":"standard","meta":{"spay_email":""},"categories":[22,34,15,1],"tags":[699,893,258,300,417,51,892,7,92,763,107,96,9,93],"jetpack_featured_media_url":"https:\/\/blog.univicosa.com.br\/wp-content\/uploads\/2021\/09\/ares-de-atuacao-contabeis-ex-aluno-blog.png","jetpack_shortlink":"https:\/\/wp.me\/pbcCKk-F3","_links":{"self":[{"href":"https:\/\/blog.univicosa.com.br\/index.php\/wp-json\/wp\/v2\/posts\/2545"}],"collection":[{"href":"https:\/\/blog.univicosa.com.br\/index.php\/wp-json\/wp\/v2\/posts"}],"about":[{"href":"https:\/\/blog.univicosa.com.br\/index.php\/wp-json\/wp\/v2\/types\/post"}],"author":[{"embeddable":true,"href":"https:\/\/blog.univicosa.com.br\/index.php\/wp-json\/wp\/v2\/users\/2"}],"replies":[{"embeddable":true,"href":"https:\/\/blog.univicosa.com.br\/index.php\/wp-json\/wp\/v2\/comments?post=2545"}],"version-history":[{"count":1,"href":"https:\/\/blog.univicosa.com.br\/index.php\/wp-json\/wp\/v2\/posts\/2545\/revisions"}],"predecessor-version":[{"id":2550,"href":"https:\/\/blog.univicosa.com.br\/index.php\/wp-json\/wp\/v2\/posts\/2545\/revisions\/2550"}],"wp:featuredmedia":[{"embeddable":true,"href":"https:\/\/blog.univicosa.com.br\/index.php\/wp-json\/wp\/v2\/media\/2546"}],"wp:attachment":[{"href":"https:\/\/blog.univicosa.com.br\/index.php\/wp-json\/wp\/v2\/media?parent=2545"}],"wp:term":[{"taxonomy":"category","embeddable":true,"href":"https:\/\/blog.univicosa.com.br\/index.php\/wp-json\/wp\/v2\/categories?post=2545"},{"taxonomy":"post_tag","embeddable":true,"href":"https:\/\/blog.univicosa.com.br\/index.php\/wp-json\/wp\/v2\/tags?post=2545"}],"curies":[{"name":"wp","href":"https:\/\/api.w.org\/{rel}","templated":true}]}}