{"id":2477,"date":"2021-09-13T15:20:02","date_gmt":"2021-09-13T18:20:02","guid":{"rendered":"https:\/\/blog.univicosa.com.br\/?p=2477"},"modified":"2025-10-17T15:22:52","modified_gmt":"2025-10-17T18:22:52","slug":"vem-conferir-o-que-nossos-alunos-e-ex-alunos-falam-da-gente","status":"publish","type":"post","link":"https:\/\/blog.univicosa.com.br\/index.php\/2021\/09\/13\/vem-conferir-o-que-nossos-alunos-e-ex-alunos-falam-da-gente\/","title":{"rendered":"Depoimentos de alunos e ex-alunos sobre a Univi\u00e7osa!"},"content":{"rendered":"\n<figure class=\"wp-block-image size-large\"><img data-attachment-id=\"4441\" data-permalink=\"https:\/\/blog.univicosa.com.br\/index.php\/2021\/09\/13\/vem-conferir-o-que-nossos-alunos-e-ex-alunos-falam-da-gente\/vem-conferir-6-1024x616-capa\/\" data-orig-file=\"https:\/\/blog.univicosa.com.br\/wp-content\/uploads\/2021\/09\/Vem-conferir-6-1024x616-CAPA.png\" data-orig-size=\"1024,616\" data-comments-opened=\"1\" data-image-meta=\"{&quot;aperture&quot;:&quot;0&quot;,&quot;credit&quot;:&quot;&quot;,&quot;camera&quot;:&quot;&quot;,&quot;caption&quot;:&quot;&quot;,&quot;created_timestamp&quot;:&quot;0&quot;,&quot;copyright&quot;:&quot;&quot;,&quot;focal_length&quot;:&quot;0&quot;,&quot;iso&quot;:&quot;0&quot;,&quot;shutter_speed&quot;:&quot;0&quot;,&quot;title&quot;:&quot;&quot;,&quot;orientation&quot;:&quot;0&quot;}\" data-image-title=\"Vem-conferir-6-1024&#215;616 CAPA\" data-image-description=\"\" data-medium-file=\"https:\/\/blog.univicosa.com.br\/wp-content\/uploads\/2021\/09\/Vem-conferir-6-1024x616-CAPA-300x180.png\" data-large-file=\"https:\/\/blog.univicosa.com.br\/wp-content\/uploads\/2021\/09\/Vem-conferir-6-1024x616-CAPA.png\" loading=\"lazy\" width=\"1024\" height=\"616\" src=\"https:\/\/blog.univicosa.com.br\/wp-content\/uploads\/2021\/09\/Vem-conferir-6-1024x616-CAPA.png\" alt=\"\" class=\"wp-image-4441\" srcset=\"https:\/\/blog.univicosa.com.br\/wp-content\/uploads\/2021\/09\/Vem-conferir-6-1024x616-CAPA.png 1024w, https:\/\/blog.univicosa.com.br\/wp-content\/uploads\/2021\/09\/Vem-conferir-6-1024x616-CAPA-300x180.png 300w, https:\/\/blog.univicosa.com.br\/wp-content\/uploads\/2021\/09\/Vem-conferir-6-1024x616-CAPA-768x462.png 768w, https:\/\/blog.univicosa.com.br\/wp-content\/uploads\/2021\/09\/Vem-conferir-6-1024x616-CAPA-850x511.png 850w\" sizes=\"(max-width: 1024px) 100vw, 1024px\" \/><\/figure>\n\n\n\n<p>Sabemos que o que torna um <strong>Centro Universit\u00e1rio <\/strong>um <strong>sucesso<\/strong>, al\u00e9m de <strong>professores qualificados<\/strong> e uma <strong>estrutura de qualidade<\/strong>, s\u00e3o os <strong>estudantes <\/strong>comprometidos com a sua forma\u00e7\u00e3o.<\/p>\n\n\n\n<p>Alunos e ex-alunos da <strong>UNIVI\u00c7OSA <\/strong>j\u00e1 est\u00e3o inseridos no mercado de trabalho e <strong>compartilham<\/strong>, agora, como a Institui\u00e7\u00e3o <strong>transformou <\/strong>suas <strong>vidas <\/strong>e foi <strong>importante <\/strong>para garantir uma <strong>excelente forma\u00e7\u00e3o <\/strong>e uma <strong>\u00f3tima coloca\u00e7\u00e3o<\/strong> no <strong>mercado de trabalho!<\/strong> <\/p>\n\n\n\n<p><strong>#1 &#8211; Depoimento da aluna Isabella Fonseca, graduanda em Administra\u00e7\u00e3o pela UNIVI\u00c7OSA<\/strong>.<\/p>\n\n\n\n<figure class=\"wp-block-embed is-type-video is-provider-youtube wp-block-embed-youtube wp-embed-aspect-16-9 wp-has-aspect-ratio\"><div class=\"wp-block-embed__wrapper\">\n<div class=\"jetpack-video-wrapper\"><iframe title=\"Venha ser Uni - Administra\u00e7\u00e3o \ud83d\udcca\" width=\"640\" height=\"360\" src=\"https:\/\/www.youtube.com\/embed\/xbjK2jRi-Xg?feature=oembed\" frameborder=\"0\" allow=\"accelerometer; autoplay; clipboard-write; encrypted-media; gyroscope; picture-in-picture; web-share\" referrerpolicy=\"strict-origin-when-cross-origin\" allowfullscreen><\/iframe><\/div>\n<\/div><\/figure>\n\n\n\n<p><em>&#8220;&#8230;Eu estou tendo uma grande experi\u00eancia com o mercado de trabalho, atrav\u00e9s de projetos de extens\u00e3o e palestras que fazem com que eu tenha mais no\u00e7\u00e3o mesmo de Empreendedorismo na minha vida. Esse contato com as empresas j\u00e1 aqui na gradua\u00e7\u00e3o vai me auxiliar muito quando eu me formar&#8230;&#8221; <\/em><\/p>\n\n\n\n<p><strong>#2 &#8211; Depoimento da Sirlane, aluna do curso de Administra\u00e7\u00e3o da UNIVI\u00c7OSA<\/strong>.<\/p>\n\n\n\n<figure class=\"wp-block-embed is-type-video is-provider-youtube wp-block-embed-youtube wp-embed-aspect-16-9 wp-has-aspect-ratio\"><div class=\"wp-block-embed__wrapper\">\n<div class=\"jetpack-video-wrapper\"><iframe title=\"Venha ser Uni - Arquitetura e Urbanismo \ud83c\udfdb\ufe0f\" width=\"640\" height=\"360\" src=\"https:\/\/www.youtube.com\/embed\/PHFt-USQNuM?feature=oembed\" frameborder=\"0\" allow=\"accelerometer; autoplay; clipboard-write; encrypted-media; gyroscope; picture-in-picture; web-share\" referrerpolicy=\"strict-origin-when-cross-origin\" allowfullscreen><\/iframe><\/div>\n<\/div><\/figure>\n\n\n\n<p><em>&#8220;&#8230;Aqui \u00e9 um espa\u00e7o especial do curso de Arquitetura, para trabalhar, para realmente desenvolver as disciplinas e \u00e9 super-agrad\u00e1vel porque a gente consegue interagir, o curso pede muito essa intera\u00e7\u00e3o entre os profissionais, fazemos exposi\u00e7\u00f5es e isso muda realmente a nossa forma de ver, o mundo em geral, os ambientes&#8230;&#8221; <\/em><\/p>\n\n\n\n<p><a href=\"https:\/\/blog.univicosa.com.br\/index.php\/2021\/09\/13\/5-motivos-para-fazer-graduacao-na-univicosa\/\" target=\"_blank\" rel=\"noreferrer noopener\">5 motivos para fazer gradua\u00e7\u00e3o na UNIVI\u00c7OSA<\/a><\/p>\n\n\n\n<p><strong>#3 &#8211; Depoimento de Anna Carolina, graduanda em Medicina Veterin\u00e1ria pela UNIVI\u00c7OSA.<\/strong><\/p>\n\n\n\n<figure class=\"wp-block-embed is-type-video is-provider-youtube wp-block-embed-youtube wp-embed-aspect-16-9 wp-has-aspect-ratio\"><div class=\"wp-block-embed__wrapper\">\nhttps:\/\/youtu.be\/RcndwEovgv8\n<\/div><\/figure>\n\n\n\n<p><em>&#8220;&#8230;Eu vi as oportunidades que eu podia me dar, eu visitei a UNIVI\u00c7OSA e vi as oportunidades de est\u00e1gio, tudo que me proporcionava desde o primeiro per\u00edodo, me apaixonei pela faculdade em si, pelo espa\u00e7o, a estrutura&#8230;&#8221; <\/em><\/p>\n\n\n\n<p><strong>#4 &#8211; Depoimento da ex-aluna Thamyres Stampini, graduada em Fisioterapia pela UNIVI\u00c7OSA<\/strong>.<\/p>\n\n\n\n<figure class=\"wp-block-embed is-type-video is-provider-youtube wp-block-embed-youtube wp-embed-aspect-16-9 wp-has-aspect-ratio\"><div class=\"wp-block-embed__wrapper\">\n<div class=\"jetpack-video-wrapper\"><iframe title=\"Depoimento da ex-aluna Thamyres Stampini, graduada em Fisioterapia pela UNIVI\u00c7OSA\" width=\"640\" height=\"360\" src=\"https:\/\/www.youtube.com\/embed\/43BWWdQqDVs?feature=oembed\" frameborder=\"0\" allow=\"accelerometer; autoplay; clipboard-write; encrypted-media; gyroscope; picture-in-picture; web-share\" referrerpolicy=\"strict-origin-when-cross-origin\" allowfullscreen><\/iframe><\/div>\n<\/div><\/figure>\n\n\n\n<p><em>&#8220;&#8230;Estou aqui na miha segunda casa, que \u00e9 isso que eu sinto desse lugar! Estou conseguindo muita coisa, estou trabalhando bastante na \u00e1rea que eu queria e tudo isso que tenho que reconhecer que a UNIVI\u00c7OSA fez parte, na minha forma\u00e7\u00e3o que eu n\u00e3o tenho nada a questionar, os professores incr\u00edveis e maravilhosos que a gente teve aqui durante a gradua\u00e7\u00e3o&#8230;&#8221;<\/em><\/p>\n\n\n\n<p><strong>#5 &#8211; Depoimento de Marina Said, graduanda em Ci\u00eancias Cont\u00e1beis pela UNIVI\u00c7OSA.<\/strong><\/p>\n\n\n\n<figure class=\"wp-block-embed is-type-video is-provider-youtube wp-block-embed-youtube wp-embed-aspect-16-9 wp-has-aspect-ratio\"><div class=\"wp-block-embed__wrapper\">\n<div class=\"jetpack-video-wrapper\"><iframe title=\"Depoimento de Marina Said, graduanda em Ci\u00eancias Cont\u00e1beis pela UNIVI\u00c7OSA.\" width=\"640\" height=\"360\" src=\"https:\/\/www.youtube.com\/embed\/PWXvFi-WRcI?feature=oembed\" frameborder=\"0\" allow=\"accelerometer; autoplay; clipboard-write; encrypted-media; gyroscope; picture-in-picture; web-share\" referrerpolicy=\"strict-origin-when-cross-origin\" allowfullscreen><\/iframe><\/div>\n<\/div><\/figure>\n\n\n\n<p><em>&#8220;&#8230;Escolhi a UNIVI\u00c7OSA pela alta capacidade e qualidade de ensino, dos professores, da estrutura, e do atendimento de todos os colaboradores  com a gente, com os alunos&#8230;&#8221;<\/em><\/p>\n\n\n\n<p><strong>#6 &#8211; Depoimento da ex-aluna Geovana Costa, graduada em Psicologia pela Univi\u00e7osa<\/strong>.<\/p>\n\n\n\n<figure class=\"wp-block-embed is-type-video is-provider-youtube wp-block-embed-youtube wp-embed-aspect-16-9 wp-has-aspect-ratio\"><div class=\"wp-block-embed__wrapper\">\n<div class=\"jetpack-video-wrapper\"><iframe title=\"Depoimento da ex-aluna Geovana Costa, graduada em Psicologia pela Univi\u00e7osa\" width=\"640\" height=\"360\" src=\"https:\/\/www.youtube.com\/embed\/YgkuHDa7uS4?feature=oembed\" frameborder=\"0\" allow=\"accelerometer; autoplay; clipboard-write; encrypted-media; gyroscope; picture-in-picture; web-share\" referrerpolicy=\"strict-origin-when-cross-origin\" allowfullscreen><\/iframe><\/div>\n<\/div><\/figure>\n\n\n\n<p><em>&#8220;&#8230;A minha forma\u00e7\u00e3o aqui na UNIVI\u00c7OSA me abriu muitas portas, uma delas foi estar aqui de volta n\u00e9, hoje como colaboradora, como profissional da psicologia aqui dentro nesse espa\u00e7o maravilhoso&#8230;&#8221;<\/em><\/p>\n\n\n\n<p><strong>#7- Depoimento de Hariadiny, aluna do curso de Fisioterapia da Univi\u00e7osa<\/strong>.<\/p>\n\n\n\n<figure class=\"wp-block-embed is-type-video is-provider-youtube wp-block-embed-youtube wp-embed-aspect-16-9 wp-has-aspect-ratio\"><div class=\"wp-block-embed__wrapper\">\n<div class=\"jetpack-video-wrapper\"><iframe title=\"Venha ser Uni - Fisioterapia\" width=\"640\" height=\"360\" src=\"https:\/\/www.youtube.com\/embed\/ht8jFvfSKP4?feature=oembed\" frameborder=\"0\" allow=\"accelerometer; autoplay; clipboard-write; encrypted-media; gyroscope; picture-in-picture; web-share\" referrerpolicy=\"strict-origin-when-cross-origin\" allowfullscreen><\/iframe><\/div>\n<\/div><\/figure>\n\n\n\n<p><em>&#8220;&#8230;Al\u00e9m de ter uma boa estrutura, a Fisioterapia da Uni ganhou o meu cora\u00e7\u00e3o porque a minha vida inteira eu venho auxiliando as pessoas ent\u00e3o o curso trabalha para reabilitar, prevenir, ent\u00e3o me identifiquei com ele na minha vida at\u00e9 agora&#8230;&#8221;<\/em><\/p>\n\n\n\n<p><strong>#8- Depoimento de D\u00e9lcia Nepomuceno, aluna do curso de Ci\u00eancias Cont\u00e1beis da Univi\u00e7osa<\/strong>.<\/p>\n\n\n\n<figure class=\"wp-block-embed is-type-video is-provider-youtube wp-block-embed-youtube wp-embed-aspect-16-9 wp-has-aspect-ratio\"><div class=\"wp-block-embed__wrapper\">\n<div class=\"jetpack-video-wrapper\"><iframe title=\"Depoimento da aluna D\u00e9lcia Nepomuceno, graduanda em Ci\u00eancias Cont\u00e1beis pela Univi\u00e7osa.\" width=\"640\" height=\"360\" src=\"https:\/\/www.youtube.com\/embed\/Kond-Hznjh0?feature=oembed\" frameborder=\"0\" allow=\"accelerometer; autoplay; clipboard-write; encrypted-media; gyroscope; picture-in-picture; web-share\" referrerpolicy=\"strict-origin-when-cross-origin\" allowfullscreen><\/iframe><\/div>\n<\/div><\/figure>\n\n\n\n<p><em>&#8220;&#8230;Eu escolhi cursar Ci\u00eancias Cont\u00e1beis aqui na UNIVI\u00c7OSA pelo fato de ser uma faculdade reconhecida, com profissionais competentes e reconhecidos no mercado de trabalho. O nosso curso recentemente foi reconhecido pelo MEC como o melhor curso de Ci\u00eancias Cont\u00e1beis do Brasil&#8230;&#8221;<\/em><\/p>\n\n\n\n<p>Viu s\u00f3? A <strong>UNIVI\u00c7OSA <\/strong>foi feita<strong> para voc\u00ea!<\/strong> S\u00e3o<strong> 16 cursos<\/strong> de gradua\u00e7\u00e3o ministrados por <strong>professores mestres <\/strong>e <strong>doutores<\/strong>, uma estrutura moderna e ampla para oferecer a voc\u00ea o melhor ensino da regi\u00e3o rumo a um futuro de sucesso! Vem com a gente!<\/p>\n\n\n\n<p><a href=\"https:\/\/blog.univicosa.com.br\/index.php\/2021\/09\/13\/univicosa-entenda-por-que-voce-deve-escolher-a-nossa-instituicao\/\" target=\"_blank\" rel=\"noreferrer noopener\">UNIVI\u00c7OSA: entenda por que voc\u00ea deve escolher a nossa institui\u00e7\u00e3o<\/a><\/p>\n\n\n\n<p><a href=\"https:\/\/blog.univicosa.com.br\/index.php\/2021\/09\/11\/saiba-diferenciar-o-ensino-presencial-ead-ensino-remoto-e-o-ensino-hibrido\/\" target=\"_blank\" rel=\"noreferrer noopener\">Saiba diferenciar o Ensino Presencial, EAD, Ensino Remoto e o Ensino H\u00edbrido!<\/a><\/p>\n\n\n\n<p><a href=\"https:\/\/blog.univicosa.com.br\/index.php\/2021\/09\/11\/descubra-o-que-diferencia-bacharelado-licenciatura-e-tecnologico\/\" target=\"_blank\" rel=\"noreferrer noopener\">Descubra o que diferencia bacharelado, licenciatura e tecn\u00f3logo!<\/a><\/p>\n\n\n\n<p><a href=\"https:\/\/blog.univicosa.com.br\/index.php\/2021\/09\/11\/como-convencer-meus-pais-a-investir-na-minha-graduacao\/\" target=\"_blank\" rel=\"noreferrer noopener\">Como convencer meus pais a investir na minha gradua\u00e7\u00e3o?<\/a><\/p>\n\n\n\n<p><a href=\"https:\/\/blog.univicosa.com.br\/index.php\/2021\/09\/11\/tudo-o-que-voce-precisa-saber-para-ingressar-em-um-curso-superior\/\" target=\"_blank\" rel=\"noreferrer noopener\">Tudo o que voc\u00ea precisa saber para ingressar em um curso superior<\/a><\/p>\n\n\n\n<p><\/p>\n","protected":false},"excerpt":{"rendered":"<p>Sabemos que o que torna um Centro Universit\u00e1rio um sucesso, al\u00e9m de professores qualificados e uma estrutura de qualidade, s\u00e3o os estudantes comprometidos com a sua forma\u00e7\u00e3o. Alunos e ex-alunos da UNIVI\u00c7OSA j\u00e1 est\u00e3o inseridos no mercado de trabalho e compartilham, agora, como a Institui\u00e7\u00e3o transformou suas vidas e foi importante para garantir uma excelente&#8230;<\/p>\n","protected":false},"author":2,"featured_media":4441,"comment_status":"open","ping_status":"open","sticky":true,"template":"","format":"standard","meta":{"spay_email":""},"categories":[22,1],"tags":[870,869,868,629,873,109,871,872,51,7,100,92,107,512,96,52,9,117,93],"jetpack_featured_media_url":"https:\/\/blog.univicosa.com.br\/wp-content\/uploads\/2021\/09\/Vem-conferir-6-1024x616-CAPA.png","jetpack_shortlink":"https:\/\/wp.me\/pbcCKk-DX","_links":{"self":[{"href":"https:\/\/blog.univicosa.com.br\/index.php\/wp-json\/wp\/v2\/posts\/2477"}],"collection":[{"href":"https:\/\/blog.univicosa.com.br\/index.php\/wp-json\/wp\/v2\/posts"}],"about":[{"href":"https:\/\/blog.univicosa.com.br\/index.php\/wp-json\/wp\/v2\/types\/post"}],"author":[{"embeddable":true,"href":"https:\/\/blog.univicosa.com.br\/index.php\/wp-json\/wp\/v2\/users\/2"}],"replies":[{"embeddable":true,"href":"https:\/\/blog.univicosa.com.br\/index.php\/wp-json\/wp\/v2\/comments?post=2477"}],"version-history":[{"count":24,"href":"https:\/\/blog.univicosa.com.br\/index.php\/wp-json\/wp\/v2\/posts\/2477\/revisions"}],"predecessor-version":[{"id":4580,"href":"https:\/\/blog.univicosa.com.br\/index.php\/wp-json\/wp\/v2\/posts\/2477\/revisions\/4580"}],"wp:featuredmedia":[{"embeddable":true,"href":"https:\/\/blog.univicosa.com.br\/index.php\/wp-json\/wp\/v2\/media\/4441"}],"wp:attachment":[{"href":"https:\/\/blog.univicosa.com.br\/index.php\/wp-json\/wp\/v2\/media?parent=2477"}],"wp:term":[{"taxonomy":"category","embeddable":true,"href":"https:\/\/blog.univicosa.com.br\/index.php\/wp-json\/wp\/v2\/categories?post=2477"},{"taxonomy":"post_tag","embeddable":true,"href":"https:\/\/blog.univicosa.com.br\/index.php\/wp-json\/wp\/v2\/tags?post=2477"}],"curies":[{"name":"wp","href":"https:\/\/api.w.org\/{rel}","templated":true}]}}