{"id":2441,"date":"2021-09-11T16:30:12","date_gmt":"2021-09-11T19:30:12","guid":{"rendered":"https:\/\/blog.univicosa.com.br\/?p=2441"},"modified":"2025-05-27T16:46:32","modified_gmt":"2025-05-27T19:46:32","slug":"entenda-o-que-e-prouni-fies-vestibular-social-e-unifacil","status":"publish","type":"post","link":"https:\/\/blog.univicosa.com.br\/index.php\/2021\/09\/11\/entenda-o-que-e-prouni-fies-vestibular-social-e-unifacil\/","title":{"rendered":"Entenda o que \u00e9: ProUni, Fies, Vestibular Social e UniF\u00e1cil!"},"content":{"rendered":"\n<figure class=\"wp-block-image size-large is-style-default\"><img data-attachment-id=\"3727\" data-permalink=\"https:\/\/blog.univicosa.com.br\/index.php\/2021\/09\/11\/entenda-o-que-e-prouni-fies-vestibular-social-e-unifacil\/capa-do-blog-padrao-novo-3-2\/\" data-orig-file=\"https:\/\/blog.univicosa.com.br\/wp-content\/uploads\/2021\/09\/Capa-do-blog-padrao-novo.3.png\" data-orig-size=\"1086,652\" data-comments-opened=\"1\" data-image-meta=\"{&quot;aperture&quot;:&quot;0&quot;,&quot;credit&quot;:&quot;&quot;,&quot;camera&quot;:&quot;&quot;,&quot;caption&quot;:&quot;&quot;,&quot;created_timestamp&quot;:&quot;0&quot;,&quot;copyright&quot;:&quot;&quot;,&quot;focal_length&quot;:&quot;0&quot;,&quot;iso&quot;:&quot;0&quot;,&quot;shutter_speed&quot;:&quot;0&quot;,&quot;title&quot;:&quot;&quot;,&quot;orientation&quot;:&quot;0&quot;}\" data-image-title=\"Capa do blog padr\u00e3o novo.3\" data-image-description=\"\" data-medium-file=\"https:\/\/blog.univicosa.com.br\/wp-content\/uploads\/2021\/09\/Capa-do-blog-padrao-novo.3-300x180.png\" data-large-file=\"https:\/\/blog.univicosa.com.br\/wp-content\/uploads\/2021\/09\/Capa-do-blog-padrao-novo.3-1024x615.png\" loading=\"lazy\" width=\"1024\" height=\"615\" src=\"https:\/\/blog.univicosa.com.br\/wp-content\/uploads\/2021\/09\/Capa-do-blog-padrao-novo.3-1024x615.png\" alt=\"\" class=\"wp-image-3727\" srcset=\"https:\/\/blog.univicosa.com.br\/wp-content\/uploads\/2021\/09\/Capa-do-blog-padrao-novo.3-1024x615.png 1024w, https:\/\/blog.univicosa.com.br\/wp-content\/uploads\/2021\/09\/Capa-do-blog-padrao-novo.3-300x180.png 300w, https:\/\/blog.univicosa.com.br\/wp-content\/uploads\/2021\/09\/Capa-do-blog-padrao-novo.3-768x461.png 768w, https:\/\/blog.univicosa.com.br\/wp-content\/uploads\/2021\/09\/Capa-do-blog-padrao-novo.3-850x510.png 850w, https:\/\/blog.univicosa.com.br\/wp-content\/uploads\/2021\/09\/Capa-do-blog-padrao-novo.3.png 1086w\" sizes=\"(max-width: 1024px) 100vw, 1024px\" \/><\/figure>\n\n\n\n<p>Um dos <strong>momentos mais importantes <\/strong>de nossas <strong>vidas <\/strong>\u00e9 quando <strong>ingressamos <\/strong>em um <strong>curso superior<\/strong>, por\u00e9m, antes de <strong>realizarmos esse sonho<\/strong>, muitas <strong>d\u00favidas <\/strong>passam por nossa <strong>cabe\u00e7a<\/strong>, dentre elas, de que forma conseguirei atingir este <strong>sonho <\/strong>sem<strong> pesar no meu bolso?<\/strong> <\/p>\n\n\n\n<p>Afinal, <strong>durante muito tempo<\/strong>, a falta de dinheiro tornou-se um <strong>impedimento <\/strong>para que muitas <strong>pessoas n\u00e3o <\/strong>come\u00e7assem a <strong>estudar<\/strong>! A resposta desse dilema <strong>n\u00e3o \u00e9 simples<\/strong>, mas vamos te mostrar <strong>alguns caminhos<\/strong> para que voc\u00ea <strong>comece <\/strong>a <strong>estudar&nbsp;<\/strong>hoje mesmo!<\/p>\n\n\n\n<p>Antes de mais nada, voc\u00ea deve ter conclu\u00eddo o <strong>Ensino M\u00e9dio.<\/strong> Feito isso, deve escolher a<strong> Institui\u00e7\u00e3o de Ensino Superior <\/strong>que oferece o <strong>curso <\/strong>e a <strong>estrutura <\/strong>que voc\u00ea tanto <strong>deseja<\/strong>, por fim, deve passar por <strong>alguma forma de ingresso<\/strong>, seja ela o <strong>Vestibular Tradicional <\/strong>(exemplo: ENEM ou Vestibular da pr\u00f3pria institui\u00e7\u00e3o), ProUni, Vestibular Social, Fies ou UniF\u00e1cil!<\/p>\n\n\n\n<p>Se <strong>voc\u00ea n\u00e3o conhece<\/strong> nenhum destes <strong>programas <\/strong>de <strong>ingresso, bolsa e facilidades <\/strong>ao <strong>Ensino Superior<\/strong>, calma, a gente te <strong>explica <\/strong>direitinho!<\/p>\n\n\n\n<figure class=\"wp-block-image size-large\"><img data-attachment-id=\"4539\" data-permalink=\"https:\/\/blog.univicosa.com.br\/index.php\/2024\/08\/19\/como-equilibrar-estudo-e-vida-pessoal-dicas-para-gerenciar-seu-tempo\/clique-aqui-pos-graduacao-1100-x-80-px-1-2\/\" data-orig-file=\"https:\/\/blog.univicosa.com.br\/wp-content\/uploads\/2024\/08\/CLIQUE-AQUI-POS-GRADUACAO-1100-x-80-px-1.png\" data-orig-size=\"1100,80\" data-comments-opened=\"1\" data-image-meta=\"{&quot;aperture&quot;:&quot;0&quot;,&quot;credit&quot;:&quot;&quot;,&quot;camera&quot;:&quot;&quot;,&quot;caption&quot;:&quot;&quot;,&quot;created_timestamp&quot;:&quot;0&quot;,&quot;copyright&quot;:&quot;&quot;,&quot;focal_length&quot;:&quot;0&quot;,&quot;iso&quot;:&quot;0&quot;,&quot;shutter_speed&quot;:&quot;0&quot;,&quot;title&quot;:&quot;&quot;,&quot;orientation&quot;:&quot;0&quot;}\" data-image-title=\"CLIQUE AQUI &#8211; P\u00d3S-GRADUA\u00c7\u00c3O (1100 x 80 px) (1)\" data-image-description=\"\" data-medium-file=\"https:\/\/blog.univicosa.com.br\/wp-content\/uploads\/2024\/08\/CLIQUE-AQUI-POS-GRADUACAO-1100-x-80-px-1-300x22.png\" data-large-file=\"https:\/\/blog.univicosa.com.br\/wp-content\/uploads\/2024\/08\/CLIQUE-AQUI-POS-GRADUACAO-1100-x-80-px-1-1024x74.png\" loading=\"lazy\" width=\"1024\" height=\"74\" src=\"https:\/\/blog.univicosa.com.br\/wp-content\/uploads\/2024\/08\/CLIQUE-AQUI-POS-GRADUACAO-1100-x-80-px-1-1024x74.png\" alt=\"\" class=\"wp-image-4539\" srcset=\"https:\/\/blog.univicosa.com.br\/wp-content\/uploads\/2024\/08\/CLIQUE-AQUI-POS-GRADUACAO-1100-x-80-px-1-1024x74.png 1024w, https:\/\/blog.univicosa.com.br\/wp-content\/uploads\/2024\/08\/CLIQUE-AQUI-POS-GRADUACAO-1100-x-80-px-1-300x22.png 300w, https:\/\/blog.univicosa.com.br\/wp-content\/uploads\/2024\/08\/CLIQUE-AQUI-POS-GRADUACAO-1100-x-80-px-1-768x56.png 768w, https:\/\/blog.univicosa.com.br\/wp-content\/uploads\/2024\/08\/CLIQUE-AQUI-POS-GRADUACAO-1100-x-80-px-1-850x62.png 850w, https:\/\/blog.univicosa.com.br\/wp-content\/uploads\/2024\/08\/CLIQUE-AQUI-POS-GRADUACAO-1100-x-80-px-1.png 1100w\" sizes=\"(max-width: 1024px) 100vw, 1024px\" \/><\/figure>\n\n\n\n<h2 class=\"has-text-align-center has-white-color has-vivid-cyan-blue-background-color has-text-color has-background has-large-font-size\">PROUNI<\/h2>\n\n\n\n<p><strong>O que \u00e9 o ProUni?<\/strong> O Programa Universidade para Todos (<a href=\"http:\/\/prouniportal.mec.gov.br\/\" data-type=\"URL\" data-id=\"http:\/\/prouniportal.mec.gov.br\/\" target=\"_blank\" rel=\"noreferrer noopener\">ProUni<\/a>) \u00e9 uma iniciativa do Governo Federal que oferece bolsas de estudos em faculdades particulares para estudantes em vulnerabilidade econ\u00f4mica.<\/p>\n\n\n\n<p><strong>Como funciona o ProUni?<\/strong> O ProUni \u00e9 um programa do Governo Federal que visa oferecer bolsas de estudo, oferecendo dois tipos de bolsas: integral (100% da mensalidade) e parcial (50% da mensalidade).<\/p>\n\n\n\n<p><strong>Bolsas de 100%:<\/strong> renda de at\u00e9 um sal\u00e1rio m\u00ednimo e meio por pessoa da fam\u00edlia<\/p>\n\n\n\n<p><strong>Bolsas de 50%:<\/strong> renda de at\u00e9 tr\u00eas sal\u00e1rios m\u00ednimos por pessoa da fam\u00edlia<\/p>\n\n\n\n<p><strong>Para me inscrever no ProUni 2025\/02, devo ter realizado o ENEM? <\/strong>Para se inscrever no ProUni 2025\/02, <strong>o candidato dever\u00e1 ter realizado a edi\u00e7\u00e3o mais recente do Exame Nacional do Ensino M\u00e9dio (ENEM)<\/strong>. Al\u00e9m disto, o candidato deve ter obtido nota superior a <strong>450<\/strong> <strong>pontos<\/strong>, n\u00e3o possuir diploma de curso superior, al\u00e9m de n\u00e3o ter zerado a nota da reda\u00e7\u00e3o!\u00a0<\/p>\n\n\n\n<h2 class=\"has-text-align-center has-white-color has-vivid-cyan-blue-background-color has-text-color has-background has-large-font-size\">FIES<\/h2>\n\n\n\n<p><strong>O que \u00e9 o FIES?<\/strong> O Fundo de Financiamento Estudantil (<strong><a href=\"http:\/\/portalfies.mec.gov.br\/\" data-type=\"URL\" data-id=\"http:\/\/portalfies.mec.gov.br\/\" target=\"_blank\" rel=\"noreferrer noopener\">Novo FIES<\/a><\/strong>) \u00e9 um programa do<strong> Minist\u00e9rio da Educa\u00e7\u00e3o<\/strong> (MEC), que tem como objetivo <strong>conceder financiamento a estudantes em cursos superiores n\u00e3o gratuitos<\/strong>, ofertados por institui\u00e7\u00f5es de educa\u00e7\u00e3o superior n\u00e3o gratuitas aderentes ao programa. Com o FIES, o estudante recebe uma ajuda do governo federal para pagar a faculdade e s\u00f3 come\u00e7a a quitar esse valor depois de formado.<\/p>\n\n\n\n<p><strong>Quais s\u00e3o as condi\u00e7\u00f5es de financiamento do Novo FIES?<\/strong> Para estudantes com renda familiar per capita de at\u00e9 <strong>3 sal\u00e1rios m\u00ednimos<\/strong>, os financiamentos concedidos com recursos do Fies ter\u00e3o uma<strong> taxa real zero de juros, <\/strong>o que \u00e9 muito bom!<\/p>\n\n\n\n<p><strong>Quem pode concorrer ao Novo FIES?<\/strong> Para participar do Novo Fies \u00e9 preciso ter alcan\u00e7ado uma m\u00e9dia igual ou superior a <strong>450 pontos<\/strong> na soma das provas objetivas do <strong>Enem<\/strong> e n\u00e3o ter <strong>zerado a reda\u00e7\u00e3o<\/strong>; O candidato poder\u00e1 utilizar sua nota do <strong>ENEM do ano 2010 em diante<\/strong>. A renda familiar do candidato n\u00e3o pode ser maior que<strong> tr\u00eas sal\u00e1rios m\u00ednimos<\/strong> por pessoa que comp\u00f5e o grupo familiar.<\/p>\n\n\n\n<h2 class=\"has-text-align-center has-white-color has-vivid-cyan-blue-background-color has-text-color has-background has-large-font-size\">VESTIBULAR SOCIAL<\/h2>\n\n\n\n<p>O<strong> Vestibular Social<\/strong> \u00e9 um <strong>processo seletivo <\/strong>anual realizado pela <strong>UNIVI\u00c7OSA <\/strong>para concess\u00e3o de <strong>bolsas <\/strong>de <strong>estudo<\/strong>. Ele \u00e9 composto por 4 etapas: inscri\u00e7\u00e3o, prova, entrega de documentos comprobat\u00f3rios e visita\/entrevista com o assistente social. O Social \u00e9 voltado a estudantes em vulnerabilidade econ\u00f4mica, concedendo descontos que v\u00e3o de<strong> 40% a 80%, <\/strong>com vagas em <strong>todos os cursos<\/strong> da <strong>UNIVI\u00c7OSA.&nbsp;&nbsp;<\/strong><\/p>\n\n\n\n<p><strong>Quais os crit\u00e9rios para participar do Vestibular Social?<\/strong> Para participar do nosso <strong>processo seletivo<\/strong>, voc\u00ea deve cumprir os seguintes requisitos:<\/p>\n\n\n\n<ul><li>Ter renda per capita de, renda de at\u00e9 1 sal\u00e1rio m\u00ednimo e meio por pessoa da fam\u00edlia;<\/li><li>Ter conclu\u00eddo o <strong>Ensino M\u00e9dio<\/strong>;<\/li><li><strong>N\u00e3o <\/strong>possuir Ensino Superior;<\/li><li>Morar em <strong>Vi\u00e7osa <\/strong>ou em uma das <strong>cidades <\/strong>contempladas no <strong>Edital<\/strong>.<\/li><\/ul>\n\n\n\n<p><strong>Para saber mais<\/strong> sobre o Vestibular Social da UNIVI\u00c7OSA, <a rel=\"noreferrer noopener\" href=\"https:\/\/www.univicosa.com.br\/graduacao\/bolsas\/vestibular_social\" data-type=\"URL\" data-id=\"https:\/\/www.univicosa.com.br\/graduacao\/bolsas\/vestibular_social\" target=\"_blank\">clique aqui<\/a>. <\/p>\n\n\n\n<figure class=\"wp-block-image size-large\"><img data-attachment-id=\"4539\" data-permalink=\"https:\/\/blog.univicosa.com.br\/index.php\/2024\/08\/19\/como-equilibrar-estudo-e-vida-pessoal-dicas-para-gerenciar-seu-tempo\/clique-aqui-pos-graduacao-1100-x-80-px-1-2\/\" data-orig-file=\"https:\/\/blog.univicosa.com.br\/wp-content\/uploads\/2024\/08\/CLIQUE-AQUI-POS-GRADUACAO-1100-x-80-px-1.png\" data-orig-size=\"1100,80\" data-comments-opened=\"1\" data-image-meta=\"{&quot;aperture&quot;:&quot;0&quot;,&quot;credit&quot;:&quot;&quot;,&quot;camera&quot;:&quot;&quot;,&quot;caption&quot;:&quot;&quot;,&quot;created_timestamp&quot;:&quot;0&quot;,&quot;copyright&quot;:&quot;&quot;,&quot;focal_length&quot;:&quot;0&quot;,&quot;iso&quot;:&quot;0&quot;,&quot;shutter_speed&quot;:&quot;0&quot;,&quot;title&quot;:&quot;&quot;,&quot;orientation&quot;:&quot;0&quot;}\" data-image-title=\"CLIQUE AQUI &#8211; P\u00d3S-GRADUA\u00c7\u00c3O (1100 x 80 px) (1)\" data-image-description=\"\" data-medium-file=\"https:\/\/blog.univicosa.com.br\/wp-content\/uploads\/2024\/08\/CLIQUE-AQUI-POS-GRADUACAO-1100-x-80-px-1-300x22.png\" data-large-file=\"https:\/\/blog.univicosa.com.br\/wp-content\/uploads\/2024\/08\/CLIQUE-AQUI-POS-GRADUACAO-1100-x-80-px-1-1024x74.png\" loading=\"lazy\" width=\"1024\" height=\"74\" src=\"https:\/\/blog.univicosa.com.br\/wp-content\/uploads\/2024\/08\/CLIQUE-AQUI-POS-GRADUACAO-1100-x-80-px-1-1024x74.png\" alt=\"\" class=\"wp-image-4539\" srcset=\"https:\/\/blog.univicosa.com.br\/wp-content\/uploads\/2024\/08\/CLIQUE-AQUI-POS-GRADUACAO-1100-x-80-px-1-1024x74.png 1024w, https:\/\/blog.univicosa.com.br\/wp-content\/uploads\/2024\/08\/CLIQUE-AQUI-POS-GRADUACAO-1100-x-80-px-1-300x22.png 300w, https:\/\/blog.univicosa.com.br\/wp-content\/uploads\/2024\/08\/CLIQUE-AQUI-POS-GRADUACAO-1100-x-80-px-1-768x56.png 768w, https:\/\/blog.univicosa.com.br\/wp-content\/uploads\/2024\/08\/CLIQUE-AQUI-POS-GRADUACAO-1100-x-80-px-1-850x62.png 850w, https:\/\/blog.univicosa.com.br\/wp-content\/uploads\/2024\/08\/CLIQUE-AQUI-POS-GRADUACAO-1100-x-80-px-1.png 1100w\" sizes=\"(max-width: 1024px) 100vw, 1024px\" \/><\/figure>\n\n\n\n<h2 class=\"has-text-align-center has-white-color has-vivid-cyan-blue-background-color has-text-color has-background has-large-font-size\">UNIF\u00c1CIL<\/h2>\n\n\n\n<p>O <strong>UniF\u00e1cil<\/strong> \u00e9 o <a href=\"https:\/\/www.univicosa.com.br\/graduacao\/financiamentos\/unifacil\" target=\"_blank\" rel=\"noreferrer noopener\"><strong>Programa de Mensalidade Reduzida<\/strong> com amplia\u00e7\u00e3o do prazo de pagamento<\/a> da UNIVI\u00c7OSA. Trata-se de um <strong>Programa pr\u00f3prio da Institui\u00e7\u00e3o<\/strong>, que objetiva auxiliar o aluno no pagamento das mensalidades.<\/p>\n\n\n\n<p>S\u00e3o concedidos <strong>percentuais de financiamento<\/strong> <strong>de at\u00e9 50%<\/strong> do valor corrente da mensalidade. O pagamento dos <strong>50% restantes<\/strong> dever\u00e1 ser feito ap\u00f3s a <strong>conclus\u00e3o do curso<\/strong>, com o mesmo prazo de utiliza\u00e7\u00e3o do <strong>UniF\u00e1cil<\/strong>. Se o estudante utilizou o servi\u00e7o por 5 anos, por exemplo, ter\u00e1 at\u00e9 5 anos ap\u00f3s a sua formatura para quitar o valor restante. Ah, e o mais bacana deste programa \u00e9 que ele tem juros zero. Isso mesmo, juros zero!<\/p>\n\n\n\n<p><strong>Como solicitar o UniF\u00e1cil?<\/strong> Para <strong>usufruir <\/strong>dos <strong>benef\u00edcios <\/strong>do Programa de Mensalidade Reduzida da UNIVI\u00c7OSA, o estudante deve estar<strong> regularmente matriculado<\/strong> na Institui\u00e7\u00e3o e <strong>solicitar <\/strong>o <strong>servi\u00e7o <\/strong>junto \u00e0<strong> Tesouraria Acad\u00eamica. <\/strong>Incr\u00edvel, n\u00e3o? Se voc\u00ea j\u00e1 \u00e9 aluno da Uni, aproveite j\u00e1 o <strong>UniF\u00e1cil<\/strong>!<\/p>\n\n\n\n<p>Viu s\u00f3 que legal?! S\u00e3o v\u00e1rias as <strong>formas <\/strong>e <strong>facilidades <\/strong>para se <strong>ingressar <\/strong>no <strong>Ensino Superior<\/strong>, desde programas do Governo Federal, como programas da pr\u00f3pria UNIVI\u00c7OSA. <\/p>\n\n\n\n<p>Com tantas <strong>facilidades<\/strong>, hoje, ficou muito <strong>mais f\u00e1cil<\/strong> iniciar a <strong>gradua\u00e7\u00e3o <\/strong>e realizar o <strong>sonho <\/strong>de obter uma <strong>profiss\u00e3o <\/strong>e construir um <strong>futuro de sucesso!&nbsp;&nbsp;<\/strong><\/p>\n\n\n\n<p><a rel=\"noreferrer noopener\" href=\"https:\/\/blog.univicosa.com.br\/index.php\/2021\/09\/11\/5-motivos-para-voce-investir-em-um-curso-superior-agora-mesmo\/\" target=\"_blank\">5 motivos para voc\u00ea investir em um curso superior agora mesmo!<\/a><\/p>\n\n\n\n<p><a rel=\"noreferrer noopener\" href=\"https:\/\/blog.univicosa.com.br\/index.php\/2021\/09\/11\/tudo-o-que-voce-precisa-saber-para-ingressar-em-um-curso-superior\/\" target=\"_blank\">Tudo o que voc\u00ea precisa saber para ingressar em um curso superior<\/a><\/p>\n\n\n\n<p><a href=\"https:\/\/blog.univicosa.com.br\/index.php\/2021\/09\/11\/descubra-a-media-salarial-de-profissionais-com-curso-superior-em-cada-area\/\" target=\"_blank\" rel=\"noreferrer noopener\">Descubra a m\u00e9dia salarial de profissionais com curso superior em cada \u00e1rea<\/a> <\/p>\n\n\n\n<p><a href=\"https:\/\/blog.univicosa.com.br\/index.php\/2021\/09\/11\/cursos-superiores-que-mais-empregam-na-regiao-e-no-pais\/\" target=\"_blank\" rel=\"noreferrer noopener\">Cursos superiores que mais empregam na regi\u00e3o e no pa\u00eds!<\/a> <\/p>\n\n\n\n<p><a href=\"https:\/\/blog.univicosa.com.br\/index.php\/2021\/09\/11\/qual-e-o-melhor-momento-para-iniciar-uma-graduacao\/\" target=\"_blank\" rel=\"noreferrer noopener\">Qual \u00e9 o melhor momento para iniciar uma gradua\u00e7\u00e3o?<\/a><\/p>\n\n\n\n<p><a href=\"https:\/\/blog.univicosa.com.br\/index.php\/2021\/09\/11\/entenda-como-o-curso-superior-pode-ser-seu-diferencial-no-mercado-de-trabalho\/\" target=\"_blank\" rel=\"noreferrer noopener\">Entenda como o curso superior pode ser seu diferencial no mercado de trabalho<\/a> <\/p>\n","protected":false},"excerpt":{"rendered":"<p>Um dos momentos mais importantes de nossas vidas \u00e9 quando ingressamos em um curso superior, por\u00e9m, antes de realizarmos esse sonho, muitas d\u00favidas passam por nossa cabe\u00e7a, dentre elas, de que forma conseguirei atingir este sonho sem pesar no meu bolso? Afinal, durante muito tempo, a falta de dinheiro tornou-se um impedimento para que muitas&#8230;<\/p>\n","protected":false},"author":2,"featured_media":3727,"comment_status":"open","ping_status":"open","sticky":false,"template":"","format":"standard","meta":{"spay_email":""},"categories":[22,17,15,18,20,1,23],"tags":[815,109,395,806,51,110,816,814,7,92,809,804,805,808,807,812,96,813,9,117,811,810,93],"jetpack_featured_media_url":"https:\/\/blog.univicosa.com.br\/wp-content\/uploads\/2021\/09\/Capa-do-blog-padrao-novo.3.png","jetpack_shortlink":"https:\/\/wp.me\/pbcCKk-Dn","_links":{"self":[{"href":"https:\/\/blog.univicosa.com.br\/index.php\/wp-json\/wp\/v2\/posts\/2441"}],"collection":[{"href":"https:\/\/blog.univicosa.com.br\/index.php\/wp-json\/wp\/v2\/posts"}],"about":[{"href":"https:\/\/blog.univicosa.com.br\/index.php\/wp-json\/wp\/v2\/types\/post"}],"author":[{"embeddable":true,"href":"https:\/\/blog.univicosa.com.br\/index.php\/wp-json\/wp\/v2\/users\/2"}],"replies":[{"embeddable":true,"href":"https:\/\/blog.univicosa.com.br\/index.php\/wp-json\/wp\/v2\/comments?post=2441"}],"version-history":[{"count":7,"href":"https:\/\/blog.univicosa.com.br\/index.php\/wp-json\/wp\/v2\/posts\/2441\/revisions"}],"predecessor-version":[{"id":4543,"href":"https:\/\/blog.univicosa.com.br\/index.php\/wp-json\/wp\/v2\/posts\/2441\/revisions\/4543"}],"wp:featuredmedia":[{"embeddable":true,"href":"https:\/\/blog.univicosa.com.br\/index.php\/wp-json\/wp\/v2\/media\/3727"}],"wp:attachment":[{"href":"https:\/\/blog.univicosa.com.br\/index.php\/wp-json\/wp\/v2\/media?parent=2441"}],"wp:term":[{"taxonomy":"category","embeddable":true,"href":"https:\/\/blog.univicosa.com.br\/index.php\/wp-json\/wp\/v2\/categories?post=2441"},{"taxonomy":"post_tag","embeddable":true,"href":"https:\/\/blog.univicosa.com.br\/index.php\/wp-json\/wp\/v2\/tags?post=2441"}],"curies":[{"name":"wp","href":"https:\/\/api.w.org\/{rel}","templated":true}]}}