{"id":2437,"date":"2021-09-11T16:13:46","date_gmt":"2021-09-11T19:13:46","guid":{"rendered":"https:\/\/blog.univicosa.com.br\/?p=2437"},"modified":"2022-05-20T16:54:19","modified_gmt":"2022-05-20T19:54:19","slug":"qual-e-o-melhor-momento-para-iniciar-uma-graduacao","status":"publish","type":"post","link":"https:\/\/blog.univicosa.com.br\/index.php\/2021\/09\/11\/qual-e-o-melhor-momento-para-iniciar-uma-graduacao\/","title":{"rendered":"Qual \u00e9 o melhor momento para iniciar uma gradua\u00e7\u00e3o?"},"content":{"rendered":"\n<figure class=\"wp-block-image size-large\"><img data-attachment-id=\"2438\" data-permalink=\"https:\/\/blog.univicosa.com.br\/index.php\/2021\/09\/11\/qual-e-o-melhor-momento-para-iniciar-uma-graduacao\/6-momento-graduacao-blog\/\" data-orig-file=\"https:\/\/blog.univicosa.com.br\/wp-content\/uploads\/2021\/09\/6-momento-graduacao-blog.png\" data-orig-size=\"1086,652\" data-comments-opened=\"1\" data-image-meta=\"{&quot;aperture&quot;:&quot;0&quot;,&quot;credit&quot;:&quot;&quot;,&quot;camera&quot;:&quot;&quot;,&quot;caption&quot;:&quot;&quot;,&quot;created_timestamp&quot;:&quot;0&quot;,&quot;copyright&quot;:&quot;&quot;,&quot;focal_length&quot;:&quot;0&quot;,&quot;iso&quot;:&quot;0&quot;,&quot;shutter_speed&quot;:&quot;0&quot;,&quot;title&quot;:&quot;&quot;,&quot;orientation&quot;:&quot;0&quot;}\" data-image-title=\"6-momento-graduacao-blog\" data-image-description=\"\" data-medium-file=\"https:\/\/blog.univicosa.com.br\/wp-content\/uploads\/2021\/09\/6-momento-graduacao-blog-300x180.png\" data-large-file=\"https:\/\/blog.univicosa.com.br\/wp-content\/uploads\/2021\/09\/6-momento-graduacao-blog-1024x615.png\" loading=\"lazy\" width=\"1024\" height=\"615\" src=\"https:\/\/blog.univicosa.com.br\/wp-content\/uploads\/2021\/09\/6-momento-graduacao-blog-1024x615.png\" alt=\"\" class=\"wp-image-2438\" srcset=\"https:\/\/blog.univicosa.com.br\/wp-content\/uploads\/2021\/09\/6-momento-graduacao-blog-1024x615.png 1024w, https:\/\/blog.univicosa.com.br\/wp-content\/uploads\/2021\/09\/6-momento-graduacao-blog-300x180.png 300w, https:\/\/blog.univicosa.com.br\/wp-content\/uploads\/2021\/09\/6-momento-graduacao-blog-768x461.png 768w, https:\/\/blog.univicosa.com.br\/wp-content\/uploads\/2021\/09\/6-momento-graduacao-blog-850x510.png 850w, https:\/\/blog.univicosa.com.br\/wp-content\/uploads\/2021\/09\/6-momento-graduacao-blog.png 1086w\" sizes=\"(max-width: 1024px) 100vw, 1024px\" \/><\/figure>\n\n\n\n<p>o <strong>sucesso acad\u00eamico<\/strong> <strong>n\u00e3o <\/strong>est\u00e1 <strong>atrelado <\/strong>a <strong>idade <\/strong>mas sim a uma <strong>gradua\u00e7\u00e3o <\/strong>de <strong>\u00f3tima qualidade <\/strong>e <strong>metas profissionais! <\/strong><\/p>\n\n\n\n<p>Sabemos que a vida <strong>profissional<\/strong> acaba sendo um <strong>assunto extremamente importante <\/strong>para a grande maioria das pessoas, afinal, \u00e9 bem normal existir essa <strong>preocupa\u00e7\u00e3o <\/strong>em <strong>construir <\/strong>e <strong>consolidar <\/strong>uma carreira <strong>bem sucedida. <\/strong>Com isso em <strong>mente<\/strong>, come\u00e7ar um <strong>curso superior <\/strong>\u00e9 uma atitude que requer <strong>certos cuidados<\/strong>.<\/p>\n\n\n\n<p>Tomar a <strong>decis\u00e3o <\/strong>de <strong>estudar <\/strong>em uma <strong>faculdade <\/strong>\u00e9 muito <strong>importante <\/strong>pois pode <strong>envolver muitas quest\u00f5es<\/strong>, sobretudo, quando ainda n\u00e3o se tem em mente qual <strong>curso <\/strong>e <strong>\u00e1rea <\/strong>deseja seguir. Contudo, o ponto principal \u00e9, <strong>independente de sua idade<\/strong>, fazer uma <strong>gradua\u00e7\u00e3o <\/strong>pode <strong>abrir muitas portas.<\/strong><\/p>\n\n\n\n<p><strong>Separamos 4 pontos primordiais para esclarecer qual o momento certo para iniciar uma gradua\u00e7\u00e3o e tirar algumas d\u00favidas, confira!<\/strong><\/p>\n\n\n\n<figure class=\"wp-block-image\"><a href=\"https:\/\/univicosa.apprbs.com.br\/blog\/\" target=\"_blank\" rel=\"noreferrer noopener\"><img data-attachment-id=\"2757\" data-permalink=\"https:\/\/blog.univicosa.com.br\/index.php\/2022\/01\/03\/saiba-tudo-sobre-o-curso-de-administracao\/receba-conteudos-univicosa-imagem-geral-blog\/\" data-orig-file=\"https:\/\/blog.univicosa.com.br\/wp-content\/uploads\/2022\/01\/RECEBA-CONTEUDOS-UNIVICOSA-imagem-geral-blog.png\" data-orig-size=\"675,50\" data-comments-opened=\"1\" data-image-meta=\"{&quot;aperture&quot;:&quot;0&quot;,&quot;credit&quot;:&quot;&quot;,&quot;camera&quot;:&quot;&quot;,&quot;caption&quot;:&quot;&quot;,&quot;created_timestamp&quot;:&quot;0&quot;,&quot;copyright&quot;:&quot;&quot;,&quot;focal_length&quot;:&quot;0&quot;,&quot;iso&quot;:&quot;0&quot;,&quot;shutter_speed&quot;:&quot;0&quot;,&quot;title&quot;:&quot;&quot;,&quot;orientation&quot;:&quot;0&quot;}\" data-image-title=\"RECEBA-CONTEUDOS-UNIVICOSA-imagem-geral-blog\" data-image-description=\"\" data-medium-file=\"https:\/\/blog.univicosa.com.br\/wp-content\/uploads\/2022\/01\/RECEBA-CONTEUDOS-UNIVICOSA-imagem-geral-blog-300x22.png\" data-large-file=\"https:\/\/blog.univicosa.com.br\/wp-content\/uploads\/2022\/01\/RECEBA-CONTEUDOS-UNIVICOSA-imagem-geral-blog.png\" loading=\"lazy\" width=\"675\" height=\"50\" src=\"https:\/\/blog.univicosa.com.br\/wp-content\/uploads\/2022\/01\/RECEBA-CONTEUDOS-UNIVICOSA-imagem-geral-blog.png\" alt=\"\" class=\"wp-image-2757\" srcset=\"https:\/\/blog.univicosa.com.br\/wp-content\/uploads\/2022\/01\/RECEBA-CONTEUDOS-UNIVICOSA-imagem-geral-blog.png 675w, https:\/\/blog.univicosa.com.br\/wp-content\/uploads\/2022\/01\/RECEBA-CONTEUDOS-UNIVICOSA-imagem-geral-blog-300x22.png 300w\" sizes=\"(max-width: 675px) 100vw, 675px\" \/><\/a><\/figure>\n\n\n\n<p>Quando <strong>pensamos <\/strong>em uma <strong>gradua\u00e7\u00e3o<\/strong>, tudo que vem \u00e0 cabe\u00e7a \u00e9, s\u00e3o pelo menos<strong> 4 a 5 anos<\/strong> de muito <strong>estudo <\/strong>e <strong>dedica\u00e7\u00e3o<\/strong>, esse \u00e9 um motivo que muitas vezes <strong>impede <\/strong>algu\u00e9m de <strong>ingressar <\/strong>no Ensino Superior, afinal, muitas pessoas precisam <strong>trabalhar <\/strong>e <strong>estudar <\/strong>ao mesmo tempo, o que pode acabar adiando a decis\u00e3o de iniciar um curso superior. <\/p>\n\n\n\n<p>Entretanto, atualmente, al\u00e9m das <strong>modalidades<\/strong> de <strong>Ensino Remoto, Ensino \u00e0 Dist\u00e2ncia <\/strong>ou<strong> Ensino H\u00edbrido<\/strong>, tamb\u00e9m existem faculdades onde o curso \u00e9 oferecido somente em um momento do dia, seja ele na <strong>manh\u00e3<\/strong>, <strong>tarde <\/strong>ou <strong>noite<\/strong>, isso <strong>facilita <\/strong>a <strong>vida <\/strong>de muitas <strong>pessoas <\/strong>que <strong>trabalham <\/strong>e sonham em estudar, afinal, voc\u00ea pode <strong>trabalhar durante o dia e estudar a noite<\/strong>, ou vice-versa! <\/p>\n\n\n\n<h2>E <strong>qual a melhor \u00e9poca para fazer uma faculdade?<\/strong><\/h2>\n\n\n\n<p>Quando o assunto \u00e9 <strong>ingressar <\/strong>numa <strong>gradua\u00e7\u00e3o<\/strong>, a imagem que a maior parte das pessoas t\u00eam na cabe\u00e7a \u00e9 de um <strong>grupo de jovens e adolescentes<\/strong>.<\/p>\n\n\n\n<p>A ideia de que a <strong>gradua\u00e7\u00e3o <\/strong>s\u00f3 pode ser feita ap\u00f3s o <strong>Ensino M\u00e9dio<\/strong> est\u00e1 <strong>ultrapassada <\/strong>e esconde preconceitos. Segundo o jornal <a href=\"https:\/\/www.gazetadopovo.com.br\/\" data-type=\"URL\" data-id=\"https:\/\/www.gazetadopovo.com.br\/\" target=\"_blank\" rel=\"noreferrer noopener\">Gazeta do Povo<\/a>, mais de 1\/3 dos estudantes universit\u00e1rios no Brasil tem mais de 30 anos de idade! Portanto, nunca \u00e9 tarde para iniciar uma gradua\u00e7\u00e3o.<\/p>\n\n\n\n<p><strong>Conhe\u00e7a os dois lados da moeda de se estudar em cada fase da vida:<\/strong><\/p>\n\n\n\n<p><strong>1) Ap\u00f3s a conclus\u00e3o do Ensino M\u00e9dio<\/strong><\/p>\n\n\n\n<p>Quem emenda o Ensino M\u00e9dio com a gradua\u00e7\u00e3o tem mais facilidade de se adaptar porque, teoricamente, est\u00e1 com a cabe\u00e7a fresca em rela\u00e7\u00e3o \u00e0s disciplinas b\u00e1sicas, como Portugu\u00eas e Matem\u00e1tica.<\/p>\n\n\n\n<p>Essa pode ser uma etapa muito proveitosa para acelerar os estudos e dar start na sua carreira.&nbsp;<\/p>\n\n\n\n<p><strong>2) Aos 20 e poucos anos<\/strong><\/p>\n\n\n\n<p>As pessoas que se matriculam nessa faixa et\u00e1ria na gradua\u00e7\u00e3o, normalmente, j\u00e1 passaram por um cursinho pr\u00e9-vestibular ou tiveram alguma experi\u00eancia no mercado de trabalho.<\/p>\n\n\n\n<p>Por isso, a jornada delas costuma ser um pouco diferente dos mais jovens. Nessa fase, elas passam a dar mais valor aos estudos e querem conclu\u00ed-los o mais r\u00e1pido poss\u00edvel.<\/p>\n\n\n\n<figure class=\"wp-block-image\"><a href=\"https:\/\/univicosa.apprbs.com.br\/blog\/\" target=\"_blank\" rel=\"noreferrer noopener\"><img data-attachment-id=\"2757\" data-permalink=\"https:\/\/blog.univicosa.com.br\/index.php\/2022\/01\/03\/saiba-tudo-sobre-o-curso-de-administracao\/receba-conteudos-univicosa-imagem-geral-blog\/\" data-orig-file=\"https:\/\/blog.univicosa.com.br\/wp-content\/uploads\/2022\/01\/RECEBA-CONTEUDOS-UNIVICOSA-imagem-geral-blog.png\" data-orig-size=\"675,50\" data-comments-opened=\"1\" data-image-meta=\"{&quot;aperture&quot;:&quot;0&quot;,&quot;credit&quot;:&quot;&quot;,&quot;camera&quot;:&quot;&quot;,&quot;caption&quot;:&quot;&quot;,&quot;created_timestamp&quot;:&quot;0&quot;,&quot;copyright&quot;:&quot;&quot;,&quot;focal_length&quot;:&quot;0&quot;,&quot;iso&quot;:&quot;0&quot;,&quot;shutter_speed&quot;:&quot;0&quot;,&quot;title&quot;:&quot;&quot;,&quot;orientation&quot;:&quot;0&quot;}\" data-image-title=\"RECEBA-CONTEUDOS-UNIVICOSA-imagem-geral-blog\" data-image-description=\"\" data-medium-file=\"https:\/\/blog.univicosa.com.br\/wp-content\/uploads\/2022\/01\/RECEBA-CONTEUDOS-UNIVICOSA-imagem-geral-blog-300x22.png\" data-large-file=\"https:\/\/blog.univicosa.com.br\/wp-content\/uploads\/2022\/01\/RECEBA-CONTEUDOS-UNIVICOSA-imagem-geral-blog.png\" loading=\"lazy\" width=\"675\" height=\"50\" src=\"https:\/\/blog.univicosa.com.br\/wp-content\/uploads\/2022\/01\/RECEBA-CONTEUDOS-UNIVICOSA-imagem-geral-blog.png\" alt=\"\" class=\"wp-image-2757\" srcset=\"https:\/\/blog.univicosa.com.br\/wp-content\/uploads\/2022\/01\/RECEBA-CONTEUDOS-UNIVICOSA-imagem-geral-blog.png 675w, https:\/\/blog.univicosa.com.br\/wp-content\/uploads\/2022\/01\/RECEBA-CONTEUDOS-UNIVICOSA-imagem-geral-blog-300x22.png 300w\" sizes=\"(max-width: 675px) 100vw, 675px\" \/><\/a><\/figure>\n\n\n\n<p><strong>3) A partir dos 30 anos<\/strong><\/p>\n\n\n\n<p>Quem chega \u00e0 faculdade depois dos 30 anos provavelmente teve que abandonar os estudos em algum momento e se dedicar apenas ao trabalho.<\/p>\n\n\n\n<p>A vantagem \u00e9 que o universit\u00e1rio j\u00e1 consegue interligar suas experi\u00eancias pr\u00e1ticas com o que \u00e9 estudado, sua maturidade garante uma dedica\u00e7\u00e3o maior aos estudos. Assim, ele consegue aplicar o que \u00e9 aprendido de um jeito mais r\u00e1pido.<\/p>\n\n\n\n<p><a href=\"https:\/\/blog.univicosa.com.br\/index.php\/2021\/09\/11\/entenda-como-o-curso-superior-pode-ser-seu-diferencial-no-mercado-de-trabalho\/\" target=\"_blank\" rel=\"noreferrer noopener\">Entenda como o curso superior pode ser seu diferencial no mercado de trabalho<\/a><\/p>\n\n\n\n<p><strong>4) Mais de 40 anos&nbsp;<\/strong><\/p>\n\n\n\n<p>Nunca \u00e9 tarde para realizar um sonho! Essa \u00e9 a principal motiva\u00e7\u00e3o de um universit\u00e1rio com mais de 40 anos.<\/p>\n\n\n\n<p>\u00c9 poss\u00edvel notar que os estudantes dessa faixa et\u00e1ria est\u00e3o entre os mais empolgados com o curso e animados com o momento em que est\u00e3o vivendo.<\/p>\n\n\n\n<p><strong>Gradua\u00e7\u00e3o: cai bem em v\u00e1rios momento da vida<\/strong>!<\/p>\n\n\n\n<p>J\u00e1 deu para perceber que n\u00e3o existe hora ideal para se formar, n\u00e9!?&nbsp;<\/p>\n\n\n\n<p>Conquistar o <strong>diploma <\/strong>da <strong>gradua\u00e7\u00e3o <\/strong>abre diversas portas na <strong>vida pessoal <\/strong>e na <strong>profissional<\/strong>. Quem n\u00e3o se d\u00e1 conta disso corre o risco de ficar para tr\u00e1s na corrida pelas vagas do mercado de trabalho.\u00a0<\/p>\n\n\n\n<figure class=\"wp-block-image\"><a href=\"https:\/\/univicosa.apprbs.com.br\/blog\/\" target=\"_blank\" rel=\"noreferrer noopener\"><img data-attachment-id=\"2757\" data-permalink=\"https:\/\/blog.univicosa.com.br\/index.php\/2022\/01\/03\/saiba-tudo-sobre-o-curso-de-administracao\/receba-conteudos-univicosa-imagem-geral-blog\/\" data-orig-file=\"https:\/\/blog.univicosa.com.br\/wp-content\/uploads\/2022\/01\/RECEBA-CONTEUDOS-UNIVICOSA-imagem-geral-blog.png\" data-orig-size=\"675,50\" data-comments-opened=\"1\" data-image-meta=\"{&quot;aperture&quot;:&quot;0&quot;,&quot;credit&quot;:&quot;&quot;,&quot;camera&quot;:&quot;&quot;,&quot;caption&quot;:&quot;&quot;,&quot;created_timestamp&quot;:&quot;0&quot;,&quot;copyright&quot;:&quot;&quot;,&quot;focal_length&quot;:&quot;0&quot;,&quot;iso&quot;:&quot;0&quot;,&quot;shutter_speed&quot;:&quot;0&quot;,&quot;title&quot;:&quot;&quot;,&quot;orientation&quot;:&quot;0&quot;}\" data-image-title=\"RECEBA-CONTEUDOS-UNIVICOSA-imagem-geral-blog\" data-image-description=\"\" data-medium-file=\"https:\/\/blog.univicosa.com.br\/wp-content\/uploads\/2022\/01\/RECEBA-CONTEUDOS-UNIVICOSA-imagem-geral-blog-300x22.png\" data-large-file=\"https:\/\/blog.univicosa.com.br\/wp-content\/uploads\/2022\/01\/RECEBA-CONTEUDOS-UNIVICOSA-imagem-geral-blog.png\" loading=\"lazy\" width=\"675\" height=\"50\" src=\"https:\/\/blog.univicosa.com.br\/wp-content\/uploads\/2022\/01\/RECEBA-CONTEUDOS-UNIVICOSA-imagem-geral-blog.png\" alt=\"\" class=\"wp-image-2757\" srcset=\"https:\/\/blog.univicosa.com.br\/wp-content\/uploads\/2022\/01\/RECEBA-CONTEUDOS-UNIVICOSA-imagem-geral-blog.png 675w, https:\/\/blog.univicosa.com.br\/wp-content\/uploads\/2022\/01\/RECEBA-CONTEUDOS-UNIVICOSA-imagem-geral-blog-300x22.png 300w\" sizes=\"(max-width: 675px) 100vw, 675px\" \/><\/a><\/figure>\n\n\n\n<p><a href=\"https:\/\/blog.univicosa.com.br\/index.php\/2021\/09\/11\/5-motivos-para-voce-investir-em-um-curso-superior-agora-mesmo\/\" target=\"_blank\" rel=\"noreferrer noopener\">5 motivos para voc\u00ea investir em um curso superior agora mesmo!<\/a> <\/p>\n\n\n\n<p><a href=\"https:\/\/blog.univicosa.com.br\/index.php\/2021\/09\/11\/tudo-o-que-voce-precisa-saber-para-ingressar-em-um-curso-superior\/\" target=\"_blank\" rel=\"noreferrer noopener\">Tudo o que voc\u00ea precisa saber para ingressar em um curso superior<\/a> <\/p>\n","protected":false},"excerpt":{"rendered":"<p>o sucesso acad\u00eamico n\u00e3o est\u00e1 atrelado a idade mas sim a uma gradua\u00e7\u00e3o de \u00f3tima qualidade e metas profissionais! Sabemos que a vida profissional acaba sendo um assunto extremamente importante para a grande maioria das pessoas, afinal, \u00e9 bem normal existir essa preocupa\u00e7\u00e3o em construir e consolidar uma carreira bem sucedida. Com isso em mente,&#8230;<\/p>\n","protected":false},"author":2,"featured_media":2438,"comment_status":"open","ping_status":"open","sticky":false,"template":"","format":"standard","meta":{"spay_email":""},"categories":[22,17,19,18,20,1,23],"tags":[51,803,7,802,800,801,797,92,799,798,96,9,117,93],"jetpack_featured_media_url":"https:\/\/blog.univicosa.com.br\/wp-content\/uploads\/2021\/09\/6-momento-graduacao-blog.png","jetpack_shortlink":"https:\/\/wp.me\/pbcCKk-Dj","_links":{"self":[{"href":"https:\/\/blog.univicosa.com.br\/index.php\/wp-json\/wp\/v2\/posts\/2437"}],"collection":[{"href":"https:\/\/blog.univicosa.com.br\/index.php\/wp-json\/wp\/v2\/posts"}],"about":[{"href":"https:\/\/blog.univicosa.com.br\/index.php\/wp-json\/wp\/v2\/types\/post"}],"author":[{"embeddable":true,"href":"https:\/\/blog.univicosa.com.br\/index.php\/wp-json\/wp\/v2\/users\/2"}],"replies":[{"embeddable":true,"href":"https:\/\/blog.univicosa.com.br\/index.php\/wp-json\/wp\/v2\/comments?post=2437"}],"version-history":[{"count":3,"href":"https:\/\/blog.univicosa.com.br\/index.php\/wp-json\/wp\/v2\/posts\/2437\/revisions"}],"predecessor-version":[{"id":2852,"href":"https:\/\/blog.univicosa.com.br\/index.php\/wp-json\/wp\/v2\/posts\/2437\/revisions\/2852"}],"wp:featuredmedia":[{"embeddable":true,"href":"https:\/\/blog.univicosa.com.br\/index.php\/wp-json\/wp\/v2\/media\/2438"}],"wp:attachment":[{"href":"https:\/\/blog.univicosa.com.br\/index.php\/wp-json\/wp\/v2\/media?parent=2437"}],"wp:term":[{"taxonomy":"category","embeddable":true,"href":"https:\/\/blog.univicosa.com.br\/index.php\/wp-json\/wp\/v2\/categories?post=2437"},{"taxonomy":"post_tag","embeddable":true,"href":"https:\/\/blog.univicosa.com.br\/index.php\/wp-json\/wp\/v2\/tags?post=2437"}],"curies":[{"name":"wp","href":"https:\/\/api.w.org\/{rel}","templated":true}]}}