{"id":2419,"date":"2021-09-11T14:20:55","date_gmt":"2021-09-11T17:20:55","guid":{"rendered":"https:\/\/blog.univicosa.com.br\/?p=2419"},"modified":"2022-05-20T16:54:27","modified_gmt":"2022-05-20T19:54:27","slug":"cursos-superiores-que-mais-empregam-na-regiao-e-no-pais","status":"publish","type":"post","link":"https:\/\/blog.univicosa.com.br\/index.php\/2021\/09\/11\/cursos-superiores-que-mais-empregam-na-regiao-e-no-pais\/","title":{"rendered":"Cursos superiores que mais empregam na regi\u00e3o e no pa\u00eds!"},"content":{"rendered":"\n<figure class=\"wp-block-image size-large\"><img data-attachment-id=\"2420\" data-permalink=\"https:\/\/blog.univicosa.com.br\/index.php\/2021\/09\/11\/cursos-superiores-que-mais-empregam-na-regiao-e-no-pais\/2-cursos-mais-empregam-blog\/\" data-orig-file=\"https:\/\/blog.univicosa.com.br\/wp-content\/uploads\/2021\/09\/2-cursos-mais-empregam-blog.png\" data-orig-size=\"1086,652\" data-comments-opened=\"1\" data-image-meta=\"{&quot;aperture&quot;:&quot;0&quot;,&quot;credit&quot;:&quot;&quot;,&quot;camera&quot;:&quot;&quot;,&quot;caption&quot;:&quot;&quot;,&quot;created_timestamp&quot;:&quot;0&quot;,&quot;copyright&quot;:&quot;&quot;,&quot;focal_length&quot;:&quot;0&quot;,&quot;iso&quot;:&quot;0&quot;,&quot;shutter_speed&quot;:&quot;0&quot;,&quot;title&quot;:&quot;&quot;,&quot;orientation&quot;:&quot;0&quot;}\" data-image-title=\"2 &#8211; cursos mais empregam blog\" data-image-description=\"\" data-medium-file=\"https:\/\/blog.univicosa.com.br\/wp-content\/uploads\/2021\/09\/2-cursos-mais-empregam-blog-300x180.png\" data-large-file=\"https:\/\/blog.univicosa.com.br\/wp-content\/uploads\/2021\/09\/2-cursos-mais-empregam-blog-1024x615.png\" loading=\"lazy\" width=\"1024\" height=\"615\" src=\"https:\/\/blog.univicosa.com.br\/wp-content\/uploads\/2021\/09\/2-cursos-mais-empregam-blog-1024x615.png\" alt=\"\" class=\"wp-image-2420\" srcset=\"https:\/\/blog.univicosa.com.br\/wp-content\/uploads\/2021\/09\/2-cursos-mais-empregam-blog-1024x615.png 1024w, https:\/\/blog.univicosa.com.br\/wp-content\/uploads\/2021\/09\/2-cursos-mais-empregam-blog-300x180.png 300w, https:\/\/blog.univicosa.com.br\/wp-content\/uploads\/2021\/09\/2-cursos-mais-empregam-blog-768x461.png 768w, https:\/\/blog.univicosa.com.br\/wp-content\/uploads\/2021\/09\/2-cursos-mais-empregam-blog-850x510.png 850w, https:\/\/blog.univicosa.com.br\/wp-content\/uploads\/2021\/09\/2-cursos-mais-empregam-blog.png 1086w\" sizes=\"(max-width: 1024px) 100vw, 1024px\" \/><\/figure>\n\n\n\n<p>Com o <strong>grande avan\u00e7o industrial <\/strong>e <strong>tecnol\u00f3gico <\/strong>no interior de <strong>Minas Gerais<\/strong>, diversas <strong>\u00e1reas de atua\u00e7\u00e3o <\/strong>tem se destacado nos \u00faltimos anos, gerando uma <strong>grande demanda<\/strong> por <strong>profissionais <\/strong>capacitados e bem formados na regi\u00e3o. <\/p>\n\n\n\n<p>Segundo o <strong>IBGE<\/strong>, houve um<strong> avan\u00e7o de 1,7% <\/strong>na <a href=\"https:\/\/diariodocomercio.com.br\/economia\/producao-industrial-tem-avanco-de-17-em-minas\/\" data-type=\"URL\" data-id=\"https:\/\/diariodocomercio.com.br\/economia\/producao-industrial-tem-avanco-de-17-em-minas\/\" target=\"_blank\" rel=\"noreferrer noopener\"><strong>produ\u00e7\u00e3o industrial<\/strong><\/a><strong> <\/strong>de <strong>Minas Gerais<\/strong> no <strong>primeiro trimestre de 2021<\/strong>, ficando acima da <strong>m\u00e9dia nacional <\/strong>no Brasil, que teve uma queda de 2,4%, o que demonstra o <strong>crescimento <\/strong>do <strong>estado <\/strong>e a crescente <strong>demanda <\/strong>por <strong>profissionais capacitados<\/strong>. <\/p>\n\n\n\n<p>Segundo um levantamento feito pela <strong>Secretaria de Estado de Desenvolvimento Social de Minas Gerais<\/strong> (SEDESE), a demanda por <strong>profissionais <\/strong>de<strong> diversas \u00e1reas<\/strong> cresceu de forma consistente nos \u00faltimos anos, se destacando as <strong>\u00e1reas <\/strong>da <strong>sa\u00fade<\/strong>, <strong>ind\u00fastria<\/strong>, <strong>engenharia <\/strong>e <strong>tecnologia da informa\u00e7\u00e3o<\/strong>!<\/p>\n\n\n\n<p>Estudos ainda <strong>apontam <\/strong>que este \u00e9 o <strong>melhor momento para se investir em uma gradua\u00e7\u00e3o<\/strong>, pois, mesmo neste per\u00edodo desafiador de <strong>pandemia<\/strong>, as <strong>empresas <\/strong>passaram a buscar<strong> ainda mais<\/strong> por <strong>profissionais <\/strong>que <strong>apresentam <\/strong>algum &#8211; ou v\u00e1rios &#8211; <strong>diferenciais<\/strong>, e a <strong>faculdade<\/strong> \u00e9, sem d\u00favidas, a institui\u00e7\u00e3o que ir\u00e1 <strong>garantir estes diferenciais<\/strong>, abrir as portas do <strong>mercado de trabalho<\/strong> e aumentar as <strong>possibilidades <\/strong>de <strong>conquista <\/strong>neste cen\u00e1rio de grande concorr\u00eancia.<\/p>\n\n\n\n<figure class=\"wp-block-image\"><a href=\"https:\/\/univicosa.apprbs.com.br\/blog\/\" target=\"_blank\" rel=\"noreferrer noopener\"><img data-attachment-id=\"2757\" data-permalink=\"https:\/\/blog.univicosa.com.br\/index.php\/2022\/01\/03\/saiba-tudo-sobre-o-curso-de-administracao\/receba-conteudos-univicosa-imagem-geral-blog\/\" data-orig-file=\"https:\/\/blog.univicosa.com.br\/wp-content\/uploads\/2022\/01\/RECEBA-CONTEUDOS-UNIVICOSA-imagem-geral-blog.png\" data-orig-size=\"675,50\" data-comments-opened=\"1\" data-image-meta=\"{&quot;aperture&quot;:&quot;0&quot;,&quot;credit&quot;:&quot;&quot;,&quot;camera&quot;:&quot;&quot;,&quot;caption&quot;:&quot;&quot;,&quot;created_timestamp&quot;:&quot;0&quot;,&quot;copyright&quot;:&quot;&quot;,&quot;focal_length&quot;:&quot;0&quot;,&quot;iso&quot;:&quot;0&quot;,&quot;shutter_speed&quot;:&quot;0&quot;,&quot;title&quot;:&quot;&quot;,&quot;orientation&quot;:&quot;0&quot;}\" data-image-title=\"RECEBA-CONTEUDOS-UNIVICOSA-imagem-geral-blog\" data-image-description=\"\" data-medium-file=\"https:\/\/blog.univicosa.com.br\/wp-content\/uploads\/2022\/01\/RECEBA-CONTEUDOS-UNIVICOSA-imagem-geral-blog-300x22.png\" data-large-file=\"https:\/\/blog.univicosa.com.br\/wp-content\/uploads\/2022\/01\/RECEBA-CONTEUDOS-UNIVICOSA-imagem-geral-blog.png\" loading=\"lazy\" width=\"675\" height=\"50\" src=\"https:\/\/blog.univicosa.com.br\/wp-content\/uploads\/2022\/01\/RECEBA-CONTEUDOS-UNIVICOSA-imagem-geral-blog.png\" alt=\"\" class=\"wp-image-2757\" srcset=\"https:\/\/blog.univicosa.com.br\/wp-content\/uploads\/2022\/01\/RECEBA-CONTEUDOS-UNIVICOSA-imagem-geral-blog.png 675w, https:\/\/blog.univicosa.com.br\/wp-content\/uploads\/2022\/01\/RECEBA-CONTEUDOS-UNIVICOSA-imagem-geral-blog-300x22.png 300w\" sizes=\"(max-width: 675px) 100vw, 675px\" \/><\/a><\/figure>\n\n\n\n<h2><strong>Confira abaixo as dez \u00e1reas de atua\u00e7\u00e3o que mais empregam no interior de Minas Gerais!<\/strong><\/h2>\n\n\n\n<p><strong>Top 10 \u00e1reas que mais empregam na nossa regi\u00e3o:<\/strong><\/p>\n\n\n\n<p>01: Enfermagem e cursos da \u00e1rea da sa\u00fade<\/p>\n\n\n\n<p>02: Inform\u00e1tica<\/p>\n\n\n\n<p>03: Marketing<\/p>\n\n\n\n<p>04: Manuten\u00e7\u00e3o e Suporte em Inform\u00e1tica<\/p>\n\n\n\n<p>05: Odontologia &#8211; Sa\u00fade Bucal<\/p>\n\n\n\n<p>06: Redes de Computadores &#8211; Tecnologia da Informa\u00e7\u00e3o <\/p>\n\n\n\n<p>07: Secretariado<\/p>\n\n\n\n<p>08: Setor administrativo e cont\u00e1bil<\/p>\n\n\n\n<p>09: Constru\u00e7\u00e3o Civil<\/p>\n\n\n\n<p>10: Engenharias<\/p>\n\n\n\n<p><em>*Mapeamento realizado pela Secretaria de Estado de Desenvolvimento Social&nbsp;(<a href=\"https:\/\/interessedeminas.uai.com.br\/2020\/01\/09\/confira-profissoes-com-mais-chances-de-empregos-em-varias-regioes-de-mg\/\" data-type=\"URL\" data-id=\"https:\/\/interessedeminas.uai.com.br\/2020\/01\/09\/confira-profissoes-com-mais-chances-de-empregos-em-varias-regioes-de-mg\/\" target=\"_blank\" rel=\"noreferrer noopener\">SEDESE<\/a>). <\/em> <\/p>\n\n\n\n<p>Uma<strong> importante pesquisa<\/strong> realizada pelo <a rel=\"noreferrer noopener\" href=\"https:\/\/www.semesp.org.br\/mapa-do-ensino-superior\/edicao-11\/dados-estados-e-regioes\/sudeste\/minas-gerais\/\" target=\"_blank\"><strong>Instituto Semesp<\/strong><\/a> revelou quais s\u00e3o os<strong> cursos superiores<\/strong> que mais <strong>empregam <\/strong>no <strong>Brasil<\/strong>, o levantamento foi realizado no fim do ano de 2020 e contou com <strong>profissionais formandos e egressos<\/strong>, confira abaixo a lista de gradua\u00e7\u00f5es em destaque!<\/p>\n\n\n\n<figure class=\"wp-block-image\"><a href=\"https:\/\/univicosa.apprbs.com.br\/blog\/\" target=\"_blank\" rel=\"noreferrer noopener\"><img data-attachment-id=\"2757\" data-permalink=\"https:\/\/blog.univicosa.com.br\/index.php\/2022\/01\/03\/saiba-tudo-sobre-o-curso-de-administracao\/receba-conteudos-univicosa-imagem-geral-blog\/\" data-orig-file=\"https:\/\/blog.univicosa.com.br\/wp-content\/uploads\/2022\/01\/RECEBA-CONTEUDOS-UNIVICOSA-imagem-geral-blog.png\" data-orig-size=\"675,50\" data-comments-opened=\"1\" data-image-meta=\"{&quot;aperture&quot;:&quot;0&quot;,&quot;credit&quot;:&quot;&quot;,&quot;camera&quot;:&quot;&quot;,&quot;caption&quot;:&quot;&quot;,&quot;created_timestamp&quot;:&quot;0&quot;,&quot;copyright&quot;:&quot;&quot;,&quot;focal_length&quot;:&quot;0&quot;,&quot;iso&quot;:&quot;0&quot;,&quot;shutter_speed&quot;:&quot;0&quot;,&quot;title&quot;:&quot;&quot;,&quot;orientation&quot;:&quot;0&quot;}\" data-image-title=\"RECEBA-CONTEUDOS-UNIVICOSA-imagem-geral-blog\" data-image-description=\"\" data-medium-file=\"https:\/\/blog.univicosa.com.br\/wp-content\/uploads\/2022\/01\/RECEBA-CONTEUDOS-UNIVICOSA-imagem-geral-blog-300x22.png\" data-large-file=\"https:\/\/blog.univicosa.com.br\/wp-content\/uploads\/2022\/01\/RECEBA-CONTEUDOS-UNIVICOSA-imagem-geral-blog.png\" loading=\"lazy\" width=\"675\" height=\"50\" src=\"https:\/\/blog.univicosa.com.br\/wp-content\/uploads\/2022\/01\/RECEBA-CONTEUDOS-UNIVICOSA-imagem-geral-blog.png\" alt=\"\" class=\"wp-image-2757\" srcset=\"https:\/\/blog.univicosa.com.br\/wp-content\/uploads\/2022\/01\/RECEBA-CONTEUDOS-UNIVICOSA-imagem-geral-blog.png 675w, https:\/\/blog.univicosa.com.br\/wp-content\/uploads\/2022\/01\/RECEBA-CONTEUDOS-UNIVICOSA-imagem-geral-blog-300x22.png 300w\" sizes=\"(max-width: 675px) 100vw, 675px\" \/><\/a><\/figure>\n\n\n\n<p><strong>Top 10 cursos que mais empregam no pa\u00eds:<\/strong><\/p>\n\n\n\n<p>Medicina: 100%<\/p>\n\n\n\n<p>Engenharia de Computa\u00e7\u00e3o: 97,4%<\/p>\n\n\n\n<p>Ci\u00eancia da Computa\u00e7\u00e3o: 93,2%<\/p>\n\n\n\n<p>Enfermagem: 92,5%<\/p>\n\n\n\n<p>Fisioterapia: 91,3%<\/p>\n\n\n\n<p>Biomedicina: 90,4%<\/p>\n\n\n\n<p>Sistemas de Informa\u00e7\u00e3o: 89,9%<\/p>\n\n\n\n<p>Geografia: 88,3%<\/p>\n\n\n\n<p>Contabilidade: 87,4%<\/p>\n\n\n\n<p>Economia: 87%<\/p>\n\n\n\n<p>A pesquisa <strong>revela <\/strong>ainda que, em maioria, as <strong>gradua\u00e7\u00f5es <\/strong>que mais <strong>empregam <\/strong>no pa\u00eds s\u00e3o as da<strong> \u00e1rea da sa\u00fade e da tecnologia.<\/strong><\/p>\n\n\n\n<p>O <strong>levantamento <\/strong>mostrou que <strong>61,4% dos estudantes<\/strong> rec\u00e9m graduados em <strong>institui\u00e7\u00f5es particulare<\/strong>s e<strong> 65,2%<\/strong> de estudantes rec\u00e9m graduados em <strong>institui\u00e7\u00f5es p\u00fablicas<\/strong> est\u00e3o <strong>empregados <\/strong>e atuam na \u00e1rea de forma\u00e7\u00e3o.<\/p>\n\n\n\n<p>Portanto, fica claro que, <strong>possuir um diploma <\/strong>neste<strong> cen\u00e1rio de instabilidades<\/strong> ainda \u00e9 muito <strong>importante <\/strong>e <strong>extremamente fundamental <\/strong>para quem almeja uma <strong>carreira de sucesso<\/strong>. <\/p>\n\n\n\n<p>Que tal come\u00e7ar a <strong>sua gradua\u00e7\u00e3o<\/strong> e garantir um <strong>espa\u00e7o <\/strong>neste <strong>concorrido <\/strong>mercado de trabalho? <strong>Escolha a institui\u00e7\u00e3o certa<\/strong> e d\u00ea o pontap\u00e9 inicial para a realiza\u00e7\u00e3o deste sonho. <a rel=\"noreferrer noopener\" href=\"https:\/\/blog.univicosa.com.br\/index.php\/2021\/09\/11\/tudo-o-que-voce-precisa-saber-para-ingressar-em-um-curso-superior\/\" data-type=\"URL\" data-id=\"https:\/\/blog.univicosa.com.br\/index.php\/2021\/09\/11\/tudo-o-que-voce-precisa-saber-para-ingressar-em-um-curso-superior\/\" target=\"_blank\"><strong>Tudo o que voc\u00ea precisa saber para ingressar em um curso superior, clique aqui!<\/strong><\/a><\/p>\n\n\n\n<figure class=\"wp-block-image\"><a href=\"https:\/\/univicosa.apprbs.com.br\/blog\/\" target=\"_blank\" rel=\"noreferrer noopener\"><img data-attachment-id=\"2757\" data-permalink=\"https:\/\/blog.univicosa.com.br\/index.php\/2022\/01\/03\/saiba-tudo-sobre-o-curso-de-administracao\/receba-conteudos-univicosa-imagem-geral-blog\/\" data-orig-file=\"https:\/\/blog.univicosa.com.br\/wp-content\/uploads\/2022\/01\/RECEBA-CONTEUDOS-UNIVICOSA-imagem-geral-blog.png\" data-orig-size=\"675,50\" data-comments-opened=\"1\" data-image-meta=\"{&quot;aperture&quot;:&quot;0&quot;,&quot;credit&quot;:&quot;&quot;,&quot;camera&quot;:&quot;&quot;,&quot;caption&quot;:&quot;&quot;,&quot;created_timestamp&quot;:&quot;0&quot;,&quot;copyright&quot;:&quot;&quot;,&quot;focal_length&quot;:&quot;0&quot;,&quot;iso&quot;:&quot;0&quot;,&quot;shutter_speed&quot;:&quot;0&quot;,&quot;title&quot;:&quot;&quot;,&quot;orientation&quot;:&quot;0&quot;}\" data-image-title=\"RECEBA-CONTEUDOS-UNIVICOSA-imagem-geral-blog\" data-image-description=\"\" data-medium-file=\"https:\/\/blog.univicosa.com.br\/wp-content\/uploads\/2022\/01\/RECEBA-CONTEUDOS-UNIVICOSA-imagem-geral-blog-300x22.png\" data-large-file=\"https:\/\/blog.univicosa.com.br\/wp-content\/uploads\/2022\/01\/RECEBA-CONTEUDOS-UNIVICOSA-imagem-geral-blog.png\" loading=\"lazy\" width=\"675\" height=\"50\" src=\"https:\/\/blog.univicosa.com.br\/wp-content\/uploads\/2022\/01\/RECEBA-CONTEUDOS-UNIVICOSA-imagem-geral-blog.png\" alt=\"\" class=\"wp-image-2757\" srcset=\"https:\/\/blog.univicosa.com.br\/wp-content\/uploads\/2022\/01\/RECEBA-CONTEUDOS-UNIVICOSA-imagem-geral-blog.png 675w, https:\/\/blog.univicosa.com.br\/wp-content\/uploads\/2022\/01\/RECEBA-CONTEUDOS-UNIVICOSA-imagem-geral-blog-300x22.png 300w\" sizes=\"(max-width: 675px) 100vw, 675px\" \/><\/a><\/figure>\n\n\n\n<p>O Centro Universit\u00e1rio de Vi\u00e7osa \u2013 <strong>UNIVI\u00c7OSA <\/strong>oferece vagas em<strong> 15 cursos de gradua\u00e7\u00e3o<\/strong> nas tr\u00eas \u00e1reas do saber: Ci\u00eancias Exatas, Ci\u00eancias Humanas e Ci\u00eancias Biol\u00f3gicas e da Sa\u00fade!&nbsp; Confira todos os cursos de <strong>gradua\u00e7\u00e3o <\/strong>oferecidos pela UNIVI\u00c7OSA, <a href=\"https:\/\/www.univicosa.com.br\/graduacao\/cursos\" data-type=\"URL\" data-id=\"https:\/\/www.univicosa.com.br\/graduacao\/cursos\" target=\"_blank\" rel=\"noreferrer noopener\">clique aqui<\/a>!&nbsp;<\/p>\n","protected":false},"excerpt":{"rendered":"<p>Com o grande avan\u00e7o industrial e tecnol\u00f3gico no interior de Minas Gerais, diversas \u00e1reas de atua\u00e7\u00e3o tem se destacado nos \u00faltimos anos, gerando uma grande demanda por profissionais capacitados e bem formados na regi\u00e3o. Segundo o IBGE, houve um avan\u00e7o de 1,7% na produ\u00e7\u00e3o industrial de Minas Gerais no primeiro trimestre de 2021, ficando acima&#8230;<\/p>\n","protected":false},"author":2,"featured_media":2420,"comment_status":"open","ping_status":"open","sticky":false,"template":"","format":"standard","meta":{"spay_email":""},"categories":[22,17,19,18,20,1,23],"tags":[638,94,775,776,549,311,109,51,7,781,780,100,92,107,777,778,782,96,9,117,93,779],"jetpack_featured_media_url":"https:\/\/blog.univicosa.com.br\/wp-content\/uploads\/2021\/09\/2-cursos-mais-empregam-blog.png","jetpack_shortlink":"https:\/\/wp.me\/pbcCKk-D1","_links":{"self":[{"href":"https:\/\/blog.univicosa.com.br\/index.php\/wp-json\/wp\/v2\/posts\/2419"}],"collection":[{"href":"https:\/\/blog.univicosa.com.br\/index.php\/wp-json\/wp\/v2\/posts"}],"about":[{"href":"https:\/\/blog.univicosa.com.br\/index.php\/wp-json\/wp\/v2\/types\/post"}],"author":[{"embeddable":true,"href":"https:\/\/blog.univicosa.com.br\/index.php\/wp-json\/wp\/v2\/users\/2"}],"replies":[{"embeddable":true,"href":"https:\/\/blog.univicosa.com.br\/index.php\/wp-json\/wp\/v2\/comments?post=2419"}],"version-history":[{"count":6,"href":"https:\/\/blog.univicosa.com.br\/index.php\/wp-json\/wp\/v2\/posts\/2419\/revisions"}],"predecessor-version":[{"id":2857,"href":"https:\/\/blog.univicosa.com.br\/index.php\/wp-json\/wp\/v2\/posts\/2419\/revisions\/2857"}],"wp:featuredmedia":[{"embeddable":true,"href":"https:\/\/blog.univicosa.com.br\/index.php\/wp-json\/wp\/v2\/media\/2420"}],"wp:attachment":[{"href":"https:\/\/blog.univicosa.com.br\/index.php\/wp-json\/wp\/v2\/media?parent=2419"}],"wp:term":[{"taxonomy":"category","embeddable":true,"href":"https:\/\/blog.univicosa.com.br\/index.php\/wp-json\/wp\/v2\/categories?post=2419"},{"taxonomy":"post_tag","embeddable":true,"href":"https:\/\/blog.univicosa.com.br\/index.php\/wp-json\/wp\/v2\/tags?post=2419"}],"curies":[{"name":"wp","href":"https:\/\/api.w.org\/{rel}","templated":true}]}}