{"id":2385,"date":"2021-08-31T14:47:46","date_gmt":"2021-08-31T17:47:46","guid":{"rendered":"https:\/\/blog.univicosa.com.br\/?p=2385"},"modified":"2021-08-31T14:47:46","modified_gmt":"2021-08-31T17:47:46","slug":"agosto-dourado-promocao-do-aleitamento-materno","status":"publish","type":"post","link":"https:\/\/blog.univicosa.com.br\/index.php\/2021\/08\/31\/agosto-dourado-promocao-do-aleitamento-materno\/","title":{"rendered":"Agosto dourado: promo\u00e7\u00e3o do aleitamento materno"},"content":{"rendered":"\n<figure class=\"wp-block-image size-large\"><img data-attachment-id=\"2387\" data-permalink=\"https:\/\/blog.univicosa.com.br\/index.php\/2021\/08\/31\/agosto-dourado-promocao-do-aleitamento-materno\/blog-aleiamento-materno-agosto-dourado-1\/\" data-orig-file=\"https:\/\/blog.univicosa.com.br\/wp-content\/uploads\/2021\/08\/blog-aleiamento-materno-agosto-dourado-1.png\" data-orig-size=\"1024,576\" data-comments-opened=\"1\" data-image-meta=\"{&quot;aperture&quot;:&quot;0&quot;,&quot;credit&quot;:&quot;&quot;,&quot;camera&quot;:&quot;&quot;,&quot;caption&quot;:&quot;&quot;,&quot;created_timestamp&quot;:&quot;0&quot;,&quot;copyright&quot;:&quot;&quot;,&quot;focal_length&quot;:&quot;0&quot;,&quot;iso&quot;:&quot;0&quot;,&quot;shutter_speed&quot;:&quot;0&quot;,&quot;title&quot;:&quot;&quot;,&quot;orientation&quot;:&quot;0&quot;}\" data-image-title=\"blog-aleiamento-materno-agosto-dourado-1\" data-image-description=\"\" data-medium-file=\"https:\/\/blog.univicosa.com.br\/wp-content\/uploads\/2021\/08\/blog-aleiamento-materno-agosto-dourado-1-300x169.png\" data-large-file=\"https:\/\/blog.univicosa.com.br\/wp-content\/uploads\/2021\/08\/blog-aleiamento-materno-agosto-dourado-1.png\" loading=\"lazy\" width=\"1024\" height=\"576\" src=\"https:\/\/blog.univicosa.com.br\/wp-content\/uploads\/2021\/08\/blog-aleiamento-materno-agosto-dourado-1.png\" alt=\"\" class=\"wp-image-2387\" srcset=\"https:\/\/blog.univicosa.com.br\/wp-content\/uploads\/2021\/08\/blog-aleiamento-materno-agosto-dourado-1.png 1024w, https:\/\/blog.univicosa.com.br\/wp-content\/uploads\/2021\/08\/blog-aleiamento-materno-agosto-dourado-1-300x169.png 300w, https:\/\/blog.univicosa.com.br\/wp-content\/uploads\/2021\/08\/blog-aleiamento-materno-agosto-dourado-1-768x432.png 768w, https:\/\/blog.univicosa.com.br\/wp-content\/uploads\/2021\/08\/blog-aleiamento-materno-agosto-dourado-1-850x478.png 850w\" sizes=\"(max-width: 1024px) 100vw, 1024px\" \/><\/figure>\n\n\n\n<p><strong>Voc\u00ea sabe a import\u00e2ncia do agosto dourado?<\/strong><\/p>\n\n\n\n<p>Segundo a <strong><a href=\"https:\/\/agenciabrasil.ebc.com.br\/saude\/noticia\/2021-08\/agosto-dourado-amamentacao-previne-doencas-da-infancia#:~:text=O%20Agosto%20Dourado%20simboliza%20a,o%20sexto%20m%C3%AAs%20de%20idade.\" data-type=\"URL\" data-id=\"https:\/\/agenciabrasil.ebc.com.br\/saude\/noticia\/2021-08\/agosto-dourado-amamentacao-previne-doencas-da-infancia#:~:text=O%20Agosto%20Dourado%20simboliza%20a,o%20sexto%20m%C3%AAs%20de%20idade.\">Ag\u00eancia Brasil<\/a><\/strong>, o Agosto Dourado &#8220;simboliza a luta pelo incentivo \u00e0 amamenta\u00e7\u00e3o \u2013 a cor dourada est\u00e1 relacionada ao padr\u00e3o ouro de qualidade do leite materno. De acordo com a Organiza\u00e7\u00e3o Mundial da Sa\u00fade (OMS) e o Fundo das Na\u00e7\u00f5es Unidas para a Inf\u00e2ncia (Unicef), por ano, cerca de seis milh\u00f5es de vidas s\u00e3o salvas por causa do aumento das taxas de amamenta\u00e7\u00e3o exclusiva at\u00e9 o sexto m\u00eas de idade&#8221;. <\/p>\n\n\n\n<figure class=\"wp-block-image size-large is-resized\"><img data-attachment-id=\"2388\" data-permalink=\"https:\/\/blog.univicosa.com.br\/index.php\/2021\/08\/31\/agosto-dourado-promocao-do-aleitamento-materno\/lchiktfyrty\/\" data-orig-file=\"https:\/\/blog.univicosa.com.br\/wp-content\/uploads\/2021\/08\/lchiktfyrty.png\" data-orig-size=\"1080,1080\" data-comments-opened=\"1\" data-image-meta=\"{&quot;aperture&quot;:&quot;0&quot;,&quot;credit&quot;:&quot;&quot;,&quot;camera&quot;:&quot;&quot;,&quot;caption&quot;:&quot;&quot;,&quot;created_timestamp&quot;:&quot;0&quot;,&quot;copyright&quot;:&quot;&quot;,&quot;focal_length&quot;:&quot;0&quot;,&quot;iso&quot;:&quot;0&quot;,&quot;shutter_speed&quot;:&quot;0&quot;,&quot;title&quot;:&quot;&quot;,&quot;orientation&quot;:&quot;0&quot;}\" data-image-title=\"lchiktfyrty\" data-image-description=\"\" data-medium-file=\"https:\/\/blog.univicosa.com.br\/wp-content\/uploads\/2021\/08\/lchiktfyrty-300x300.png\" data-large-file=\"https:\/\/blog.univicosa.com.br\/wp-content\/uploads\/2021\/08\/lchiktfyrty-1024x1024.png\" loading=\"lazy\" src=\"https:\/\/blog.univicosa.com.br\/wp-content\/uploads\/2021\/08\/lchiktfyrty-1024x1024.png\" alt=\"\" class=\"wp-image-2388\" width=\"495\" height=\"495\" srcset=\"https:\/\/blog.univicosa.com.br\/wp-content\/uploads\/2021\/08\/lchiktfyrty-1024x1024.png 1024w, https:\/\/blog.univicosa.com.br\/wp-content\/uploads\/2021\/08\/lchiktfyrty-300x300.png 300w, https:\/\/blog.univicosa.com.br\/wp-content\/uploads\/2021\/08\/lchiktfyrty-150x150.png 150w, https:\/\/blog.univicosa.com.br\/wp-content\/uploads\/2021\/08\/lchiktfyrty-768x768.png 768w, https:\/\/blog.univicosa.com.br\/wp-content\/uploads\/2021\/08\/lchiktfyrty-850x850.png 850w, https:\/\/blog.univicosa.com.br\/wp-content\/uploads\/2021\/08\/lchiktfyrty.png 1080w\" sizes=\"(max-width: 495px) 100vw, 495px\" \/><\/figure>\n\n\n\n<p><em><a href=\"https:\/\/univicosa.apprbs.com.br\/blog\/\">Ei, quer receber\u00a0<strong>conte\u00fados exclusivos\u00a0<\/strong>da\u00a0<strong>Univi\u00e7osa<\/strong>? Como: blog posts, dicas para arrasar no\u00a0<strong>vestibular<\/strong>, dicas para conseguir o\u00a0<strong>emprego<\/strong>\u00a0dos sonhos, dicas para arrasar nos\u00a0<strong>estudos<\/strong>, dicas de\u00a0<strong>eventos\u00a0<\/strong>e muito mais?\u00a0<strong>Clique aqui!<\/strong><\/a><\/em><\/p>\n\n\n\n<p>Em <strong>Vi\u00e7osa<\/strong> &#8211; <strong>MG<\/strong>, as equipes de sa\u00fade da fam\u00edlia das UBS&#8217;s orientam as m\u00e3es, especialmente as pu\u00e9rperas, sobre a import\u00e2ncia do alimento para a crian\u00e7a Neste ano, as estagi\u00e1rias Amaly Assis Carneiro, Nathany Lessa e Thayane junto aos seus preceptores da unidade b\u00e1sica de sa\u00fade da Barrinha, abra\u00e7aram a causa e mostraram a import\u00e2ncia deste campanha neste ano de 2021.<\/p>\n\n\n\n<p><strong>Voc\u00ea sabe como doar leite humano?<\/strong><\/p>\n\n\n\n<p>Para doar, a lactante tem duas op\u00e7\u00f5es: a coleta pode ser feita no Banco de Leite \u2013 no Hospital S\u00e3o Sebasti\u00e3o, ou em casa. Caso, a doadora opte por fazer a coleta domiciliar, recebe em sua casa, toda semana, um kit com materiais esterilizados (pote vidro para armazenamento, m\u00e1scara, touca e etiqueta) para retirar e armazenar o leite. <\/p>\n\n\n\n<p><strong>Banco de leite humano &#8211; <\/strong><br>Endere\u00e7o: Rua Tenente Kummel, 36. Centro &#8211; Vi\u00e7osa &#8211; MG. <br>Telefone: (31) 3899-8352.<\/p>\n\n\n\n<p><a href=\"https:\/\/blog.univicosa.com.br\/index.php\/2020\/07\/28\/10-curiosidades-sobre-a-carreira-em-fisioterapia\/\">10 curiosidades sobre a carreira em Fisioterapia<\/a><\/p>\n\n\n\n<p><a href=\"https:\/\/blog.univicosa.com.br\/index.php\/2020\/11\/26\/fisioterapia-e-saude-disfuncao-temporomandibular-dtm\/\">Fisioterapia e sa\u00fade: disfun\u00e7\u00e3o temporomandibular (DTM)<\/a><\/p>\n\n\n\n<p><a href=\"https:\/\/blog.univicosa.com.br\/index.php\/2021\/06\/17\/sua-faculdade-nao-te-prepara-para-o-mercado-de-trabalho\/\">Sua faculdade n\u00e3o te prepara para o mercado de trabalho?<\/a><\/p>\n\n\n\n<p><a href=\"https:\/\/blog.univicosa.com.br\/index.php\/2021\/03\/29\/o-papel-do-fisioterapeuta-nas-diferentes-fases-da-covid-19\/\">O papel do Fisioterapeuta nas diferentes fases da COVID-19<\/a><\/p>\n\n\n\n<p><a href=\"https:\/\/blog.univicosa.com.br\/index.php\/2021\/01\/20\/eu-sou-do-time-ciencias-da-saude-eu-sou-univicosa\/\">Eu sou do time Ci\u00eancias da Sa\u00fade, eu sou #UNIVI\u00c7OSA<\/a><\/p>\n\n\n\n<p><a href=\"https:\/\/blog.univicosa.com.br\/index.php\/2021\/01\/07\/a-familia-uniloverfisio-esta-esperando-por-voce\/\">A Fam\u00edlia #UniloverFisio est\u00e1 esperando por voc\u00ea<\/a><\/p>\n\n\n\n<p><a href=\"https:\/\/blog.univicosa.com.br\/index.php\/2020\/08\/03\/alunas-de-enfermagem-da-univicosa-foram-convocadas-para-atuar-no-enfrentamento-da-covid-19-por-meio-do-programa-brasil-conta-comigo\/\">Alunas de Enfermagem da Univi\u00e7osa foram convocadas para atuar no enfrentamento da COVID-19 por meio do Programa \u201cBrasil Conta Comigo\u201d<\/a><\/p>\n\n\n\n<p><\/p>\n\n\n\n<figure class=\"wp-block-image size-large\"><img\/><\/figure>\n\n\n\n<p><\/p>\n","protected":false},"excerpt":{"rendered":"<p>Voc\u00ea sabe a import\u00e2ncia do agosto dourado? Segundo a Ag\u00eancia Brasil, o Agosto Dourado &#8220;simboliza a luta pelo incentivo \u00e0 amamenta\u00e7\u00e3o \u2013 a cor dourada est\u00e1 relacionada ao padr\u00e3o ouro de qualidade do leite materno. De acordo com a Organiza\u00e7\u00e3o Mundial da Sa\u00fade (OMS) e o Fundo das Na\u00e7\u00f5es Unidas para a Inf\u00e2ncia (Unicef), por&#8230;<\/p>\n","protected":false},"author":2,"featured_media":2387,"comment_status":"open","ping_status":"open","sticky":false,"template":"","format":"standard","meta":{"spay_email":""},"categories":[42,16],"tags":[739,740,741,742,745,746,409,510,743,744,95,482,92,96,93],"jetpack_featured_media_url":"https:\/\/blog.univicosa.com.br\/wp-content\/uploads\/2021\/08\/blog-aleiamento-materno-agosto-dourado-1.png","jetpack_shortlink":"https:\/\/wp.me\/pbcCKk-Ct","_links":{"self":[{"href":"https:\/\/blog.univicosa.com.br\/index.php\/wp-json\/wp\/v2\/posts\/2385"}],"collection":[{"href":"https:\/\/blog.univicosa.com.br\/index.php\/wp-json\/wp\/v2\/posts"}],"about":[{"href":"https:\/\/blog.univicosa.com.br\/index.php\/wp-json\/wp\/v2\/types\/post"}],"author":[{"embeddable":true,"href":"https:\/\/blog.univicosa.com.br\/index.php\/wp-json\/wp\/v2\/users\/2"}],"replies":[{"embeddable":true,"href":"https:\/\/blog.univicosa.com.br\/index.php\/wp-json\/wp\/v2\/comments?post=2385"}],"version-history":[{"count":1,"href":"https:\/\/blog.univicosa.com.br\/index.php\/wp-json\/wp\/v2\/posts\/2385\/revisions"}],"predecessor-version":[{"id":2389,"href":"https:\/\/blog.univicosa.com.br\/index.php\/wp-json\/wp\/v2\/posts\/2385\/revisions\/2389"}],"wp:featuredmedia":[{"embeddable":true,"href":"https:\/\/blog.univicosa.com.br\/index.php\/wp-json\/wp\/v2\/media\/2387"}],"wp:attachment":[{"href":"https:\/\/blog.univicosa.com.br\/index.php\/wp-json\/wp\/v2\/media?parent=2385"}],"wp:term":[{"taxonomy":"category","embeddable":true,"href":"https:\/\/blog.univicosa.com.br\/index.php\/wp-json\/wp\/v2\/categories?post=2385"},{"taxonomy":"post_tag","embeddable":true,"href":"https:\/\/blog.univicosa.com.br\/index.php\/wp-json\/wp\/v2\/tags?post=2385"}],"curies":[{"name":"wp","href":"https:\/\/api.w.org\/{rel}","templated":true}]}}