{"id":2365,"date":"2021-08-20T17:26:37","date_gmt":"2021-08-20T20:26:37","guid":{"rendered":"https:\/\/blog.univicosa.com.br\/?p=2365"},"modified":"2022-05-20T16:54:50","modified_gmt":"2022-05-20T19:54:50","slug":"6-rs-para-recuperar-a-saude-intestinal","status":"publish","type":"post","link":"https:\/\/blog.univicosa.com.br\/index.php\/2021\/08\/20\/6-rs-para-recuperar-a-saude-intestinal\/","title":{"rendered":"#4 \u2013 Seis R\u2019s para recuperar a sa\u00fade intestinal! \u2013 S\u00e9rie: \u201cAlimenta\u00e7\u00e3o sem \u201csofr\u00eancia\u201d!"},"content":{"rendered":"\n<figure class=\"wp-block-image size-large\"><img data-attachment-id=\"2366\" data-permalink=\"https:\/\/blog.univicosa.com.br\/index.php\/2021\/08\/20\/6-rs-para-recuperar-a-saude-intestinal\/alimentacao-sofrencia-texto-4-blog-real\/\" data-orig-file=\"https:\/\/blog.univicosa.com.br\/wp-content\/uploads\/2021\/08\/alimentacao-sofrencia-texto-4-blog-real.png\" data-orig-size=\"1024,576\" data-comments-opened=\"1\" data-image-meta=\"{&quot;aperture&quot;:&quot;0&quot;,&quot;credit&quot;:&quot;&quot;,&quot;camera&quot;:&quot;&quot;,&quot;caption&quot;:&quot;&quot;,&quot;created_timestamp&quot;:&quot;0&quot;,&quot;copyright&quot;:&quot;&quot;,&quot;focal_length&quot;:&quot;0&quot;,&quot;iso&quot;:&quot;0&quot;,&quot;shutter_speed&quot;:&quot;0&quot;,&quot;title&quot;:&quot;&quot;,&quot;orientation&quot;:&quot;0&quot;}\" data-image-title=\"alimentacao-sofrencia-texto-4-blog-real\" data-image-description=\"\" data-medium-file=\"https:\/\/blog.univicosa.com.br\/wp-content\/uploads\/2021\/08\/alimentacao-sofrencia-texto-4-blog-real-300x169.png\" data-large-file=\"https:\/\/blog.univicosa.com.br\/wp-content\/uploads\/2021\/08\/alimentacao-sofrencia-texto-4-blog-real.png\" loading=\"lazy\" width=\"1024\" height=\"576\" src=\"https:\/\/blog.univicosa.com.br\/wp-content\/uploads\/2021\/08\/alimentacao-sofrencia-texto-4-blog-real.png\" alt=\"\" class=\"wp-image-2366\" srcset=\"https:\/\/blog.univicosa.com.br\/wp-content\/uploads\/2021\/08\/alimentacao-sofrencia-texto-4-blog-real.png 1024w, https:\/\/blog.univicosa.com.br\/wp-content\/uploads\/2021\/08\/alimentacao-sofrencia-texto-4-blog-real-300x169.png 300w, https:\/\/blog.univicosa.com.br\/wp-content\/uploads\/2021\/08\/alimentacao-sofrencia-texto-4-blog-real-768x432.png 768w, https:\/\/blog.univicosa.com.br\/wp-content\/uploads\/2021\/08\/alimentacao-sofrencia-texto-4-blog-real-850x478.png 850w\" sizes=\"(max-width: 1024px) 100vw, 1024px\" \/><\/figure>\n\n\n\n<p>A<strong> sa\u00fade sist\u00eamica<\/strong> do nosso <strong>corpo <\/strong>exige uma<strong> boa condi\u00e7\u00e3o<\/strong> de <strong>sa\u00fade intestinal<\/strong>, uma vez que ambas est\u00e3o <strong>intimamente relacionadas <\/strong>e envolvem a <strong>manuten\u00e7\u00e3o <\/strong>e <strong>absor\u00e7\u00e3o <\/strong>adequada de <strong>nutrientes<\/strong>, bem como o <strong>controle de bact\u00e9rias<\/strong>, seus <strong>subprodutos <\/strong>e das <strong>toxinas<\/strong>. Por isso dizemos que<strong> cuidar da sa\u00fade intestinal<\/strong> afeta <strong>diretamente <\/strong>todo o <strong>sistema<\/strong>, incluindo a <strong>imunidade<\/strong>, a <strong>sa\u00fade neurol\u00f3gica<\/strong> e <strong>emocional<\/strong>, do controle do centro da<strong> fome e saciedade<\/strong>&#8230;\u00a0 Enfim, \u00e9 um olhar que nos convida a tratar do chamado <strong>eixo intestino-c\u00e9rebro<\/strong>, que comandam todo o<strong> funcionamento do corpo<\/strong>.<\/p>\n\n\n\n<p>O cuidado com a <strong>sa\u00fade intestinal <\/strong>exige aten\u00e7\u00e3o <strong>especialmente <\/strong>aos <strong>alimentos <\/strong>com<strong> potencial alerg\u00eanico<\/strong>, ou seja, aqueles <strong>alimentos <\/strong>que <strong>provocam altera\u00e7\u00e3o <\/strong>no <strong>equil\u00edbrio intestinal<\/strong> e <strong>consequentemente <\/strong>em <strong>todo sistema<\/strong>. Por isso, \u00e9 <strong>importante <\/strong>o <strong>acompanhamento <\/strong>de um <strong>Nutricionista <\/strong>para que este processo seja de acordo com sua <strong>realidade<\/strong>.<\/p>\n\n\n\n<p>Existem <strong>diversas maneiras <\/strong>de cuidar do <strong>intestino <\/strong>e tudo que vimos at\u00e9 aqui, j\u00e1 nos <strong>favorece <\/strong>neste cuidado, mas h\u00e1 um <strong>programa <\/strong>muito bem <strong>descrito <\/strong>e <strong>documentado <\/strong>pelo <strong><em>Institute for Funcional Medicine<\/em> <\/strong>(IFM) e pelo<strong> <em>Centro Brasileiro de Nutri\u00e7\u00e3o Cl\u00ednica Funcional<\/em><\/strong> (CBNF) que consiste na <strong>recupera\u00e7\u00e3o <\/strong>do <strong>trato gastrointestinal<\/strong> a partir de <strong>6 pilares<\/strong> baseados em seis <strong>verbos <\/strong>iniciados com a <strong>leta <\/strong>\u201c<strong>R<\/strong>\u201d, por isso ficou<strong> conhecido<\/strong> como \u201c<strong>Programa 6 R\u2019s<\/strong>\u201d. S\u00e3o eles: <strong><em>Remover, Reparar, Recolocar<\/em>, <em>Reinocular<\/em>, <em>Reequilibrar<\/em> e <em>Reavaliar<\/em><\/strong>, que resumidamente est\u00e3o descritos a seguir:<\/p>\n\n\n\n<p>1) <strong>Remover: <\/strong>Significa que antes deincluir uma <strong>alimenta\u00e7\u00e3o <\/strong>mais <strong>elaborada <\/strong>ou cheia de suplementos, simbi\u00f3ticos ou ajustada, \u00e9 importante remover os <strong>al\u00e9rgenos alimentares<\/strong>, toxinas, pat\u00f3genos, xenobi\u00f3ticos, alimentos inflamat\u00f3rios, que <strong>favore\u00e7am <\/strong>o <strong>supercrescimento <\/strong>bacteriano e f\u00fangico, assim como eliminar os fatores estressantes (controle de ansiedade, sono, estresse de rotina e outros);<\/p>\n\n\n\n<p>2) <strong>Reparar: <\/strong>diz respeito ao cuidado como <strong>epit\u00e9lio intestinal <\/strong>\u00e0 partir da <strong>inclus\u00e3o <\/strong>de <strong>alimentos n\u00e3o irritativos<\/strong>, ou seja, <strong>hipoalerg\u00eanicos<\/strong>, ricos em nutrientes e compostos bioativos (fitoqu\u00edmicos). Aqui j\u00e1 \u00e9 poss\u00edvel incluir uma alimenta\u00e7\u00e3o refor\u00e7ada ou <strong>suplementa\u00e7\u00e3o <\/strong>auxiliar para o reparo da mucosa intestinal como, por exemplo, glutamina, \u00f4mega-3, vitaminas do complexo B, zinco, vitamina A, C, D, e E;<\/p>\n\n\n\n<p><em><a href=\"https:\/\/univicosa.apprbs.com.br\/blog\/\">Ei, quer receber\u00a0<strong>conte\u00fados exclusivos\u00a0<\/strong>da\u00a0<strong>Univi\u00e7osa<\/strong>? Como: blog posts, dicas para arrasar no\u00a0<strong>vestibular<\/strong>, dicas para conseguir o\u00a0<strong>emprego<\/strong>\u00a0dos sonhos, dicas para arrasar nos\u00a0<strong>estudos<\/strong>, dicas de\u00a0<strong>eventos\u00a0<\/strong>e muito mais?\u00a0<strong>Clique aqui!<\/strong><\/a><\/em> <\/p>\n\n\n\n<figure class=\"wp-block-image size-large is-resized\"><img data-attachment-id=\"2367\" data-permalink=\"https:\/\/blog.univicosa.com.br\/index.php\/2021\/08\/20\/6-rs-para-recuperar-a-saude-intestinal\/istock-1028070360\/\" data-orig-file=\"https:\/\/blog.univicosa.com.br\/wp-content\/uploads\/2021\/08\/iStock-1028070360.jpg\" data-orig-size=\"1254,836\" data-comments-opened=\"1\" data-image-meta=\"{&quot;aperture&quot;:&quot;0&quot;,&quot;credit&quot;:&quot;&quot;,&quot;camera&quot;:&quot;&quot;,&quot;caption&quot;:&quot;&quot;,&quot;created_timestamp&quot;:&quot;0&quot;,&quot;copyright&quot;:&quot;&quot;,&quot;focal_length&quot;:&quot;0&quot;,&quot;iso&quot;:&quot;0&quot;,&quot;shutter_speed&quot;:&quot;0&quot;,&quot;title&quot;:&quot;&quot;,&quot;orientation&quot;:&quot;0&quot;}\" data-image-title=\"iStock-1028070360\" data-image-description=\"\" data-medium-file=\"https:\/\/blog.univicosa.com.br\/wp-content\/uploads\/2021\/08\/iStock-1028070360-300x200.jpg\" data-large-file=\"https:\/\/blog.univicosa.com.br\/wp-content\/uploads\/2021\/08\/iStock-1028070360-1024x683.jpg\" loading=\"lazy\" src=\"https:\/\/blog.univicosa.com.br\/wp-content\/uploads\/2021\/08\/iStock-1028070360-1024x683.jpg\" alt=\"\" class=\"wp-image-2367\" width=\"549\" height=\"365\" srcset=\"https:\/\/blog.univicosa.com.br\/wp-content\/uploads\/2021\/08\/iStock-1028070360-1024x683.jpg 1024w, https:\/\/blog.univicosa.com.br\/wp-content\/uploads\/2021\/08\/iStock-1028070360-300x200.jpg 300w, https:\/\/blog.univicosa.com.br\/wp-content\/uploads\/2021\/08\/iStock-1028070360-768x512.jpg 768w, https:\/\/blog.univicosa.com.br\/wp-content\/uploads\/2021\/08\/iStock-1028070360-850x567.jpg 850w, https:\/\/blog.univicosa.com.br\/wp-content\/uploads\/2021\/08\/iStock-1028070360.jpg 1254w\" sizes=\"(max-width: 549px) 100vw, 549px\" \/><\/figure>\n\n\n\n<p>3) <strong>Recolocar: <\/strong>neste R, \u00e9 <strong>importante <\/strong>termos <strong>aten\u00e7\u00e3o <\/strong>plena no <strong>processo <\/strong>de <strong>mastiga\u00e7\u00e3o<\/strong>, que inicia o processo de <strong>digest\u00e3o<\/strong>. Aqui tratamos da a\u00e7\u00e3o das <strong>enzimas digestivas <\/strong>e \u00e1cido clor\u00eddrico, por isso, \u00e9 importante j\u00e1 ter observado como estes agentes est\u00e3o atuando, se na condi\u00e7\u00e3o de normo, hipo ou hipercloridria. Se necess\u00e1rio, \u00e9 aqui que ser\u00e3o recolocadas as <strong>enzimas digestivas <\/strong>e o \u00e1cido clor\u00eddrico por meio da inclus\u00e3o de ch\u00e1s digestivos (ch\u00e1 verde, erva doce, hortel\u00e3 pimenta e outros) e enzimas como bromelina (do abacaxi) e papa\u00edna (do mam\u00e3o).<\/p>\n\n\n\n<p>4) <strong>Reinocular: <\/strong>fase que deve ser pensada no <strong>m\u00ednimo 30 dias <\/strong>ap\u00f3s a anterior. Busca priorizar ao <strong>m\u00e1ximo <\/strong>o consumo de alimentos ricos em <strong>fibras <\/strong>prebi\u00f3ticas* (<a href=\"https:\/\/blog.univicosa.com.br\/index.php\/2021\/08\/13\/fibras-alimentares-saiba-qual-e-a-melhor-para-voce\/\">#3 \u2013 <strong>Fibras alimentares<\/strong>: saiba qual \u00e9 a melhor para voc\u00ea! \u2013 S\u00e9rie: \u201cAlimenta\u00e7\u00e3o sem \u201csofr\u00eancia\u201d!<\/a>), polifen\u00f3is (como resveratrol das uvas) e alimentos fermentados (kefir e kombucha) para <strong>contribuir<\/strong> com o <strong>crescimento <\/strong>de <strong>bact\u00e9rias<\/strong> que melhoram o <strong>controle <\/strong>da <strong>ingest\u00e3o<\/strong> <strong>alimentar<\/strong>. E, ap\u00f3s avaliar a necessidade individual, ser\u00e1 o momento de reinocular os probi\u00f3ticos como: <em>Lactobacillus acidophilus<\/em>,\u00a0<em>Bifidobacterium bifidum<\/em>, <em>Enterococcus faecium<\/em>, <em>Lactococcus lactis<\/em>.<\/p>\n\n\n\n<p><em>*Ainda, nesta etapa, poder\u00e1 ser introduzida a suplementa\u00e7\u00e3o de prebi\u00f3ticos como FOS (fruto-oligossacar\u00eddeos), inulina, polidextrose, goma ac\u00e1cia (FibreGum).<\/em><\/p>\n\n\n\n<p>5) <strong>Reequilibrar:<\/strong> fase que enfatiza os h\u00e1bitos de vida saud\u00e1veis, como gerenciamento do estresse f\u00edsico e emocional. Aqui \u00e9 o momento <strong>focado <\/strong>no <strong>comportamento<\/strong>, incluindo medita\u00e7\u00e3o, comer com aten\u00e7\u00e3o plena, melhora da qualidade do sono e <strong>atividade f\u00edsica<\/strong>. Vale reler nosso<strong> primeiro post<\/strong> da <strong>s\u00e9rie<\/strong>!! (<a href=\"https:\/\/blog.univicosa.com.br\/index.php\/2021\/07\/29\/1-e-possivel-manter-uma-vida-saudavel-sem-restricoes-alimentares-serie-alimentacao-sem-sofrencia\/\">#1 \u2013 \u00c9 poss\u00edvel manter uma vida saud\u00e1vel sem restri\u00e7\u00f5es alimentares? \u2013 S\u00e9rie: \u201cAlimenta\u00e7\u00e3o sem \u201csofr\u00eancia\u201d!<\/a>).<\/p>\n\n\n\n<p>6) <strong>Reavaliar: <\/strong>fase <strong>realizada <\/strong>ap\u00f3s<strong> 30, 60, ou 90 dias da anterior<\/strong>, quando verificamos se os <strong>objetivos foram alcan\u00e7ados<\/strong>, se houve <strong>melhora <\/strong>na <strong>sa\u00fade <\/strong>de um modo <strong>geral <\/strong>e, a partir disso, reavaliar as condutas nutricionais. Algumas vezes, \u00e9 <strong>interessante registrar <\/strong>os <strong>alimentos escolhidos <\/strong>em cada <strong>refei\u00e7\u00e3o<\/strong>, objetivando avaliar seus sintomas, sua piora ou melhora com cada estrat\u00e9gia.<\/p>\n\n\n\n<p>Quando se trata de<strong> casos espec\u00edficos<\/strong> de <strong>altera\u00e7\u00f5es intestinais<\/strong>, \u00e9 essencial que o <strong>indiv\u00edduo <\/strong>esteja sob <strong>acompanhamento <\/strong>de um <strong>nutricionista<\/strong>, a fim de trazer cada um desses passos \u00e0 sua <strong>rotina alimentar <\/strong>e contexto de vida. Desse modo, o que parece <strong>complexo<\/strong>, dif\u00edcil ou imposs\u00edvel para muitos, sob o <strong>acompanhamento <\/strong>adequado, se torna <strong>perfeitamente poss\u00edvel <\/strong>e realiz\u00e1vel e traz in\u00fameros benef\u00edcios \u00e0 sa\u00fade e qualidade de vida de cada indiv\u00edduo.<\/p>\n\n\n\n<p>Enfim, quer <strong>viver <\/strong>com <strong>sa\u00fade<\/strong>? Cuide bem do seu \u201c<strong>c\u00e9rebro<\/strong>\u201d, ou melhor, dos <strong>centros <\/strong>de <strong>comando <\/strong>do seu <strong>corpo<\/strong>, seja aquele que mora no seu abd\u00f4men ou na sua cabe\u00e7a! <\/p>\n\n\n\n<p><em>*Por:&nbsp;<strong>M\u00f4nica de Paula Jorge<\/strong>, professora do curso de Nutri\u00e7\u00e3o da Univi\u00e7osa e preceptora de est\u00e1gios da Cl\u00ednica Integrada da Univi\u00e7osa.<\/em><\/p>\n\n\n\n<p><a href=\"https:\/\/www.univicosa.com.br\/graduacao\/cursos\/nutricao\">Curtiu e quer saber mais sobre o curso de&nbsp;<strong>Nutri\u00e7\u00e3o<\/strong>&nbsp;da&nbsp;<strong>UNIVI\u00c7OSA<\/strong>? Ent\u00e3o acesse o site da Univi\u00e7osa, clique aqui!<\/a><\/p>\n\n\n\n<p><a href=\"https:\/\/blog.univicosa.com.br\/index.php\/2021\/07\/29\/1-e-possivel-manter-uma-vida-saudavel-sem-restricoes-alimentares-serie-alimentacao-sem-sofrencia\/\"><strong>#1 \u2013 \u00c9 poss\u00edvel manter uma vida saud\u00e1vel sem restri\u00e7\u00f5es alimentares? \u2013 S\u00e9rie: \u201cAlimenta\u00e7\u00e3o sem \u201csofr\u00eancia\u201d!<\/strong><\/a><\/p>\n\n\n\n<p><a href=\"https:\/\/blog.univicosa.com.br\/index.php\/2021\/08\/05\/2-opcoes-para-manter-a-qualidade-das-suas-refeicoes-diarias-serie-alimentacao-sem-sofrencia\/\"><strong>#2 \u2013 Op\u00e7\u00f5es para manter a qualidade das suas refei\u00e7\u00f5es di\u00e1rias! \u2013 S\u00e9rie: \u201cAlimenta\u00e7\u00e3o sem \u201csofr\u00eancia\u201d!<\/strong><\/a><\/p>\n\n\n\n<p><strong><a href=\"https:\/\/blog.univicosa.com.br\/index.php\/2021\/08\/13\/fibras-alimentares-saiba-qual-e-a-melhor-para-voce\/\">#3 \u2013 Fibras alimentares: saiba qual \u00e9 a melhor para voc\u00ea! \u2013 S\u00e9rie: \u201cAlimenta\u00e7\u00e3o sem \u201csofr\u00eancia\u201d!<\/a> <\/strong><\/p>\n\n\n\n<p><a href=\"https:\/\/blog.univicosa.com.br\/index.php\/2021\/06\/08\/8-dicas-para-se-preparar-para-uma-entrevista-de-estagio\/\">8 dicas para se preparar para uma entrevista de est\u00e1gio!<\/a><\/p>\n\n\n\n<p><a href=\"https:\/\/blog.univicosa.com.br\/index.php\/2021\/06\/08\/7-dicas-para-melhorar-o-seu-sono\/\">7 dicas para melhorar o seu sono!<\/a><\/p>\n\n\n\n<p><a href=\"https:\/\/blog.univicosa.com.br\/index.php\/2021\/05\/21\/qualidade-do-sono-e-controle-de-peso-corporal\/\">Qualidade do sono e controle de peso corporal<\/a><\/p>\n\n\n\n<p><a href=\"https:\/\/blog.univicosa.com.br\/index.php\/2021\/07\/02\/voce-sabe-qual-e-o-melhor-oleo-para-cozinhar-saude\/\">Voc\u00ea sabe qual \u00e9 o melhor \u00f3leo para cozinhar? #Sa\u00fade<\/a><\/p>\n\n\n\n<p><a href=\"https:\/\/blog.univicosa.com.br\/index.php\/2021\/01\/20\/eu-sou-do-time-ciencias-da-saude-eu-sou-univicosa\/\">Voc\u00ea se interessa pela \u00e1rea da Sa\u00fade? Ent\u00e3o voc\u00ea \u00e9 do time Ci\u00eancias da Sa\u00fade, confira! #UNIVI\u00c7OSA<\/a><\/p>\n\n\n\n<p><a href=\"https:\/\/blog.univicosa.com.br\/index.php\/2020\/08\/05\/10-curiosidades-sobre-a-carreira-em-nutricao\/\">10 curiosidades sobre a carreira em Nutri\u00e7\u00e3o<\/a><\/p>\n\n\n\n<p><a href=\"https:\/\/blog.univicosa.com.br\/index.php\/2021\/06\/22\/4-passos-para-higienizar-corretamente-verduras-e-legumes\/\">4 passos para higienizar corretamente verduras e legumes!<\/a><\/p>\n\n\n\n<p><a href=\"https:\/\/blog.univicosa.com.br\/index.php\/2020\/07\/29\/cuide-se-seu-corpo-relacao-entre-obesidade-e-covid-19\/\">Cuide se seu corpo: rela\u00e7\u00e3o entre obesidade e COVID-19<\/a><\/p>\n\n\n\n<p><a href=\"https:\/\/blog.univicosa.com.br\/index.php\/2020\/07\/16\/uso-de-mascaras-e-luvas-em-estabelecimentos-da-area-de-alimentos\/\">Uso de m\u00e1scaras e luvas em estabelecimentos da \u00e1rea de alimentos<\/a><\/p>\n\n\n\n<p><a href=\"https:\/\/blog.univicosa.com.br\/index.php\/2021\/05\/25\/saiba-tudo-sobre-plantas-medicinais-e-os-seus-beneficios\/\">Saiba tudo sobre plantas medicinais e os seus benef\u00edcios!<\/a><\/p>\n\n\n\n<p><a href=\"https:\/\/blog.univicosa.com.br\/index.php\/2021\/05\/26\/dicas-para-organizar-o-seu-estudo-em-casa\/\">Dicas para organizar o seu estudo em casa!<\/a><\/p>\n\n\n\n<hr class=\"wp-block-separator\"\/>\n\n\n\n<p><strong>Refer\u00eancias Bibliogr\u00e1ficas:<\/strong><\/p>\n\n\n\n<p>DIMIDI, E.;&nbsp;Cox, SR;&nbsp;Rossi, M.;&nbsp;Whelan, K. Fermented Foods: Definitions and Characteristics, Impact on the Gut Microbiota and Effects on Gastrointestinal Health and Disease.&nbsp;<em><strong>Nutrients<\/strong>&nbsp;<\/em>2019,&nbsp;<em>11<\/em>, 1806. https:\/\/doi.org\/10.3390\/nu11081806<\/p>\n\n\n\n<p>PEREIRA M., GOUVEIA F. Modula\u00e7\u00e3o Intestinal: fundamentos e estrat\u00e9gias pr\u00e1ticas. Bras\u00edlia (DF): <strong>Editora Trato<\/strong>, 2019.<\/p>\n\n\n\n<p>PIZARROSO, N.A.; FUCI\u00d1OS, P.; GON\u00c7ALVES, C.; PASTRANA, L.; AMADO, I.R. A Review on the Role of Food-Derived Bioactive Molecules and the Microbiota\u2013Gut\u2013Brain Axis in Satiety Regulation. <strong><em>Nutrients<\/em><\/strong> 2021, 13, 632. Dispon\u00edvel em: &nbsp;&lt;https:\/\/doi.org\/10.3390\/ nu13020632&gt; Acesso em&nbsp;28&nbsp;mar.&nbsp; 2021.<\/p>\n\n\n\n<p>PUJOL, Ana Pel\u00e1gio (Org.). Nutri\u00e7\u00e3o aplicada \u00e0 est\u00e9tica. Rio de Janeiro: Rubio, 2011.<\/p>\n\n\n\n<p>SOUZA, N.; BAPTISTELLA, A.B.; PASCHOAL, V. et al. Functional Nutrition: Principles and Clinical Practice Application. <strong><em>Acta Portuguesa de Nutri\u00e7\u00e3o<\/em><\/strong>; 7:34-39, 2016.<\/p>\n\n\n\n<p>YANG, Q.;\u00a0LIANG, Q.;\u00a0BALAKRISHNAN, B.;\u00a0BELOBRAJDIC, DP;\u00a0FENG, Q.-J.;\u00a0ZHANG, W. Role of Dietary Nutrients in the Modulation of Gut Microbiota: A Narrative Review.\u00a0<em><strong>Nutrients<\/strong>\u00a0<\/em>2020,\u00a0<em>12<\/em>, 381. Dispon\u00edvel em: &lt;https:\/\/doi.org\/10.3390\/nu1202038> Acesso em: 16\/04\/21. <\/p>\n","protected":false},"excerpt":{"rendered":"<p>A sa\u00fade sist\u00eamica do nosso corpo exige uma boa condi\u00e7\u00e3o de sa\u00fade intestinal, uma vez que ambas est\u00e3o intimamente relacionadas e envolvem a manuten\u00e7\u00e3o e absor\u00e7\u00e3o adequada de nutrientes, bem como o controle de bact\u00e9rias, seus subprodutos e das toxinas. Por isso dizemos que cuidar da sa\u00fade intestinal afeta diretamente todo o sistema, incluindo a&#8230;<\/p>\n","protected":false},"author":2,"featured_media":2366,"comment_status":"open","ping_status":"open","sticky":false,"template":"","format":"standard","meta":{"spay_email":""},"categories":[43,16],"tags":[716,113,114,653,409,510,51,7,721,92,112,124,718,719,720,64,717,96,93],"jetpack_featured_media_url":"https:\/\/blog.univicosa.com.br\/wp-content\/uploads\/2021\/08\/alimentacao-sofrencia-texto-4-blog-real.png","jetpack_shortlink":"https:\/\/wp.me\/pbcCKk-C9","_links":{"self":[{"href":"https:\/\/blog.univicosa.com.br\/index.php\/wp-json\/wp\/v2\/posts\/2365"}],"collection":[{"href":"https:\/\/blog.univicosa.com.br\/index.php\/wp-json\/wp\/v2\/posts"}],"about":[{"href":"https:\/\/blog.univicosa.com.br\/index.php\/wp-json\/wp\/v2\/types\/post"}],"author":[{"embeddable":true,"href":"https:\/\/blog.univicosa.com.br\/index.php\/wp-json\/wp\/v2\/users\/2"}],"replies":[{"embeddable":true,"href":"https:\/\/blog.univicosa.com.br\/index.php\/wp-json\/wp\/v2\/comments?post=2365"}],"version-history":[{"count":3,"href":"https:\/\/blog.univicosa.com.br\/index.php\/wp-json\/wp\/v2\/posts\/2365\/revisions"}],"predecessor-version":[{"id":2370,"href":"https:\/\/blog.univicosa.com.br\/index.php\/wp-json\/wp\/v2\/posts\/2365\/revisions\/2370"}],"wp:featuredmedia":[{"embeddable":true,"href":"https:\/\/blog.univicosa.com.br\/index.php\/wp-json\/wp\/v2\/media\/2366"}],"wp:attachment":[{"href":"https:\/\/blog.univicosa.com.br\/index.php\/wp-json\/wp\/v2\/media?parent=2365"}],"wp:term":[{"taxonomy":"category","embeddable":true,"href":"https:\/\/blog.univicosa.com.br\/index.php\/wp-json\/wp\/v2\/categories?post=2365"},{"taxonomy":"post_tag","embeddable":true,"href":"https:\/\/blog.univicosa.com.br\/index.php\/wp-json\/wp\/v2\/tags?post=2365"}],"curies":[{"name":"wp","href":"https:\/\/api.w.org\/{rel}","templated":true}]}}