{"id":2356,"date":"2021-08-18T15:31:29","date_gmt":"2021-08-18T18:31:29","guid":{"rendered":"https:\/\/blog.univicosa.com.br\/?p=2356"},"modified":"2022-05-20T16:54:57","modified_gmt":"2022-05-20T19:54:57","slug":"voce-ja-pensou-em-fazer-psicologia","status":"publish","type":"post","link":"https:\/\/blog.univicosa.com.br\/index.php\/2021\/08\/18\/voce-ja-pensou-em-fazer-psicologia\/","title":{"rendered":"Voc\u00ea j\u00e1 pensou em fazer Psicologia?"},"content":{"rendered":"\n<figure class=\"wp-block-image size-large\"><img data-attachment-id=\"2357\" data-permalink=\"https:\/\/blog.univicosa.com.br\/index.php\/2021\/08\/18\/voce-ja-pensou-em-fazer-psicologia\/psico-blog\/\" data-orig-file=\"https:\/\/blog.univicosa.com.br\/wp-content\/uploads\/2021\/08\/psico-blog.png\" data-orig-size=\"1024,576\" data-comments-opened=\"1\" data-image-meta=\"{&quot;aperture&quot;:&quot;0&quot;,&quot;credit&quot;:&quot;&quot;,&quot;camera&quot;:&quot;&quot;,&quot;caption&quot;:&quot;&quot;,&quot;created_timestamp&quot;:&quot;0&quot;,&quot;copyright&quot;:&quot;&quot;,&quot;focal_length&quot;:&quot;0&quot;,&quot;iso&quot;:&quot;0&quot;,&quot;shutter_speed&quot;:&quot;0&quot;,&quot;title&quot;:&quot;&quot;,&quot;orientation&quot;:&quot;0&quot;}\" data-image-title=\"psico-blog\" data-image-description=\"\" data-medium-file=\"https:\/\/blog.univicosa.com.br\/wp-content\/uploads\/2021\/08\/psico-blog-300x169.png\" data-large-file=\"https:\/\/blog.univicosa.com.br\/wp-content\/uploads\/2021\/08\/psico-blog.png\" loading=\"lazy\" width=\"1024\" height=\"576\" src=\"https:\/\/blog.univicosa.com.br\/wp-content\/uploads\/2021\/08\/psico-blog.png\" alt=\"\" class=\"wp-image-2357\" srcset=\"https:\/\/blog.univicosa.com.br\/wp-content\/uploads\/2021\/08\/psico-blog.png 1024w, https:\/\/blog.univicosa.com.br\/wp-content\/uploads\/2021\/08\/psico-blog-300x169.png 300w, https:\/\/blog.univicosa.com.br\/wp-content\/uploads\/2021\/08\/psico-blog-768x432.png 768w, https:\/\/blog.univicosa.com.br\/wp-content\/uploads\/2021\/08\/psico-blog-850x478.png 850w\" sizes=\"(max-width: 1024px) 100vw, 1024px\" \/><\/figure>\n\n\n\n<p>A <strong>Psicologia <\/strong>est\u00e1 vinculada \u00e0 <strong>\u00e1rea <\/strong>das <strong>Ci\u00eancias Humanas <\/strong>e, tamb\u00e9m, h\u00e1 <strong>identifica\u00e7\u00e3o <\/strong>com a \u00e1rea das <strong>Ci\u00eancias da Sa\u00fade<\/strong>.\u00a0Essas s\u00e3o as <strong>ci\u00eancias <\/strong>que est\u00e3o <strong>relacionadas com a vida<\/strong>, a <strong>sa\u00fade <\/strong>e a <strong>doen\u00e7a <\/strong>e incluem a psicologia, a fisioterapia, a medicina veterin\u00e1ria, a medicina humana, a biologia, a enfermagem e tantas outras.<\/p>\n\n\n\n<p>\u00c9 <strong>garantido por lei<\/strong> que todo <strong>brasileiro <\/strong>tenha acesso a <strong>sa\u00fade<\/strong>, e a<strong> sa\u00fade mental<\/strong>, principalmente no atual momento que vivemos, o de <strong>pandemia<\/strong>, se tornou <strong>fundamental <\/strong>e <strong>necess\u00e1ria<\/strong>. \u00c9 neste cen\u00e1rio que o <strong>psic\u00f3logo <\/strong>entra para <strong>garantir <\/strong>a <strong>popula\u00e7\u00e3o <\/strong>todo o apoio <strong>necess\u00e1rio <\/strong>para que haja o <strong>restabelecimento <\/strong>da <strong>sa\u00fade mental<\/strong> dessas pessoas.  <\/p>\n\n\n\n<p><strong>Voc\u00ea sabia?<\/strong> O <strong>Curso de Psicologia<\/strong> tem dura\u00e7\u00e3o de <strong>10 per\u00edodos<\/strong>, \u00e9 oferecido no <strong>turno <\/strong>da <strong>manh\u00e3 <\/strong>ou \u00e0 <strong>noite <\/strong>e, aos <strong>formados<\/strong>, \u00e9 conferido o <strong>t\u00edtulo de bacharel<\/strong>. Este curso<strong> forma profissionais<\/strong> que <strong>ajudar\u00e3o <\/strong>as <strong>pessoas <\/strong>a <strong>restaurar <\/strong>o <strong>equil\u00edbrio emocional <\/strong>e a lidar com quest\u00f5es como: <strong>doen\u00e7as mentais<\/strong> e <strong>transtornos <\/strong>relacionados a <strong>mente<\/strong>. <\/p>\n\n\n\n<figure class=\"wp-block-image size-large is-resized\"><img data-attachment-id=\"2359\" data-permalink=\"https:\/\/blog.univicosa.com.br\/index.php\/2021\/08\/18\/voce-ja-pensou-em-fazer-psicologia\/attachment\/3918491\/\" data-orig-file=\"https:\/\/blog.univicosa.com.br\/wp-content\/uploads\/2021\/08\/3918491.jpg\" data-orig-size=\"2000,2000\" data-comments-opened=\"1\" data-image-meta=\"{&quot;aperture&quot;:&quot;0&quot;,&quot;credit&quot;:&quot;&quot;,&quot;camera&quot;:&quot;&quot;,&quot;caption&quot;:&quot;&quot;,&quot;created_timestamp&quot;:&quot;0&quot;,&quot;copyright&quot;:&quot;Freepik Company S.L. - www.freepik.com&quot;,&quot;focal_length&quot;:&quot;0&quot;,&quot;iso&quot;:&quot;0&quot;,&quot;shutter_speed&quot;:&quot;0&quot;,&quot;title&quot;:&quot;&quot;,&quot;orientation&quot;:&quot;0&quot;}\" data-image-title=\"3918491\" data-image-description=\"\" data-medium-file=\"https:\/\/blog.univicosa.com.br\/wp-content\/uploads\/2021\/08\/3918491-300x300.jpg\" data-large-file=\"https:\/\/blog.univicosa.com.br\/wp-content\/uploads\/2021\/08\/3918491-1024x1024.jpg\" loading=\"lazy\" src=\"https:\/\/blog.univicosa.com.br\/wp-content\/uploads\/2021\/08\/3918491-1024x1024.jpg\" alt=\"\" class=\"wp-image-2359\" width=\"477\" height=\"477\" srcset=\"https:\/\/blog.univicosa.com.br\/wp-content\/uploads\/2021\/08\/3918491-1024x1024.jpg 1024w, https:\/\/blog.univicosa.com.br\/wp-content\/uploads\/2021\/08\/3918491-300x300.jpg 300w, https:\/\/blog.univicosa.com.br\/wp-content\/uploads\/2021\/08\/3918491-150x150.jpg 150w, https:\/\/blog.univicosa.com.br\/wp-content\/uploads\/2021\/08\/3918491-768x768.jpg 768w, https:\/\/blog.univicosa.com.br\/wp-content\/uploads\/2021\/08\/3918491-1536x1536.jpg 1536w, https:\/\/blog.univicosa.com.br\/wp-content\/uploads\/2021\/08\/3918491-850x850.jpg 850w, https:\/\/blog.univicosa.com.br\/wp-content\/uploads\/2021\/08\/3918491.jpg 2000w\" sizes=\"(max-width: 477px) 100vw, 477px\" \/><\/figure>\n\n\n\n<p>O <strong>curso <\/strong>tem <strong>como meta central<\/strong> a <strong>forma\u00e7\u00e3o <\/strong>do <strong>Psic\u00f3logo <\/strong>voltado para a <strong>atua\u00e7\u00e3o profissional <\/strong>e para a <strong>pesquisa<\/strong>. A forma\u00e7\u00e3o \u00e9 <strong>baseada <\/strong>na: constru\u00e7\u00e3o e desenvolvimento do conhecimento cient\u00edfico em Psicologia; <strong>compreens\u00e3o <\/strong>dos <strong>m\u00faltiplos referenciais <\/strong>que buscam apreender a <strong>amplitude <\/strong>do <strong>fen\u00f4meno psicol\u00f3gico <\/strong>em suas interfaces com os <strong>fen\u00f4menos <\/strong>biol\u00f3gicos e sociais; no reconhecimento da <strong>diversidade <\/strong>de <strong>perspectivas <\/strong>necess\u00e1rias para <strong>compreens\u00e3o <\/strong>do ser humano e incentivo \u00e0 <strong>interlocu\u00e7\u00e3o <\/strong>com campos de <strong>conhecimento <\/strong>que permitam a apreens\u00e3o da <strong>complexidade <\/strong>e <strong>multidetermina\u00e7\u00e3o <\/strong>do fen\u00f4meno psicol\u00f3gico; <\/p>\n\n\n\n<p>Tamb\u00e9m est\u00e1 <strong>baseada <\/strong>na <strong>compreens\u00e3o <\/strong>cr\u00edtica dos <strong>fen\u00f4menos sociais<\/strong>, <strong>econ\u00f4micos<\/strong>, <strong>culturais <\/strong>e <strong>pol\u00edticos <\/strong>do <strong>pa\u00eds<\/strong>, fundamentais ao exerc\u00edcio da cidadania e da <strong>profiss\u00e3o<\/strong>; atua\u00e7\u00e3o em <strong>diferentes contextos <\/strong>considerando as necessidades <strong>sociais<\/strong>, os <strong>direitos humanos<\/strong>, tendo em vista a promo\u00e7\u00e3o da qualidade de vida dos indiv\u00edduos, grupos, organiza\u00e7\u00f5es e comunidades; no <strong>respeito <\/strong>\u00e0 \u00e9tica nas rela\u00e7\u00f5es com clientes e usu\u00e1rios, com colegas, com o p\u00fablico; e na <strong>produ\u00e7\u00e3o <\/strong>e <strong>divulga\u00e7\u00e3o <\/strong>de <strong>pesquisas<\/strong>, trabalhos e informa\u00e7\u00f5es da \u00e1rea da <strong>Psicologia<\/strong>.<\/p>\n\n\n\n<figure class=\"wp-block-image size-large is-resized\"><img data-attachment-id=\"2358\" data-permalink=\"https:\/\/blog.univicosa.com.br\/index.php\/2021\/08\/18\/voce-ja-pensou-em-fazer-psicologia\/family-counseling-session-at-home-with-therapist-pshycologist-showing-pictures-of-emotions-to-a-girl-african-american-father-and-european-mother-1\/\" data-orig-file=\"https:\/\/blog.univicosa.com.br\/wp-content\/uploads\/2021\/08\/family-counseling-session-at-home-with-therapist-pshycologist-showing-pictures-of-emotions-to-a-girl-african-american-father-and-european-mother-1.jpg\" data-orig-size=\"1000,667\" data-comments-opened=\"1\" data-image-meta=\"{&quot;aperture&quot;:&quot;0&quot;,&quot;credit&quot;:&quot;&quot;,&quot;camera&quot;:&quot;&quot;,&quot;caption&quot;:&quot;&quot;,&quot;created_timestamp&quot;:&quot;0&quot;,&quot;copyright&quot;:&quot;&quot;,&quot;focal_length&quot;:&quot;0&quot;,&quot;iso&quot;:&quot;0&quot;,&quot;shutter_speed&quot;:&quot;0&quot;,&quot;title&quot;:&quot;&quot;,&quot;orientation&quot;:&quot;0&quot;}\" data-image-title=\"family-counseling-session-at-home-with-therapist-pshycologist-showing-pictures-of-emotions-to-a-girl-african-american-father-and-european-mother-1\" data-image-description=\"\" data-medium-file=\"https:\/\/blog.univicosa.com.br\/wp-content\/uploads\/2021\/08\/family-counseling-session-at-home-with-therapist-pshycologist-showing-pictures-of-emotions-to-a-girl-african-american-father-and-european-mother-1-300x200.jpg\" data-large-file=\"https:\/\/blog.univicosa.com.br\/wp-content\/uploads\/2021\/08\/family-counseling-session-at-home-with-therapist-pshycologist-showing-pictures-of-emotions-to-a-girl-african-american-father-and-european-mother-1.jpg\" loading=\"lazy\" src=\"https:\/\/blog.univicosa.com.br\/wp-content\/uploads\/2021\/08\/family-counseling-session-at-home-with-therapist-pshycologist-showing-pictures-of-emotions-to-a-girl-african-american-father-and-european-mother-1.jpg\" alt=\"\" class=\"wp-image-2358\" width=\"540\" height=\"359\" srcset=\"https:\/\/blog.univicosa.com.br\/wp-content\/uploads\/2021\/08\/family-counseling-session-at-home-with-therapist-pshycologist-showing-pictures-of-emotions-to-a-girl-african-american-father-and-european-mother-1.jpg 1000w, https:\/\/blog.univicosa.com.br\/wp-content\/uploads\/2021\/08\/family-counseling-session-at-home-with-therapist-pshycologist-showing-pictures-of-emotions-to-a-girl-african-american-father-and-european-mother-1-300x200.jpg 300w, https:\/\/blog.univicosa.com.br\/wp-content\/uploads\/2021\/08\/family-counseling-session-at-home-with-therapist-pshycologist-showing-pictures-of-emotions-to-a-girl-african-american-father-and-european-mother-1-768x512.jpg 768w, https:\/\/blog.univicosa.com.br\/wp-content\/uploads\/2021\/08\/family-counseling-session-at-home-with-therapist-pshycologist-showing-pictures-of-emotions-to-a-girl-african-american-father-and-european-mother-1-850x567.jpg 850w\" sizes=\"(max-width: 540px) 100vw, 540px\" \/><\/figure>\n\n\n\n<h2>Qual \u00e9 o perfil do estudante de psicologia? <\/h2>\n\n\n\n<p><strong>Estudantes <\/strong>desta \u00e1rea tem <strong>grandes sentimentos<\/strong> de <strong>empatia <\/strong>e vontade de <strong>ajudar o pr\u00f3ximo<\/strong>. Al\u00e9m do gosto pela <strong>leitura<\/strong>. A constru\u00e7\u00e3o de um <strong>bom profissional<\/strong> e de uma <strong>gradua\u00e7\u00e3o <\/strong>de <strong>qualidade<\/strong>, est\u00e1 pautada na <strong>leitura <\/strong>de diversos <strong>textos <\/strong>de <strong>autores renomados<\/strong> e <strong>qualificados <\/strong>ao longo dos semestres, garantindo a esse estudante, <strong>base te\u00f3rica<\/strong> para desenvolver <strong>atendimentos <\/strong>precisos e de qualidade, ou, seguirem dentro do campo <strong>acad\u00eamico <\/strong>e da <strong>pesquisa<\/strong>. <\/p>\n\n\n\n<p>Al\u00e9m disso, uma <strong>caracter\u00edstica importante <\/strong>para o <strong>estudante <\/strong>da <strong>\u00e1rea<\/strong>, \u00e9 a <strong>capacidade de interagir<\/strong>, <strong>conversar <\/strong>e <strong>compreender <\/strong>o <strong>outro<\/strong>, afinal, \u00e9 um curso onde voc\u00ea precisar\u00e1 <strong>trabalhar <\/strong>com <strong>pessoas<\/strong>, compreend\u00e9-las, e realizar as<strong> interven\u00e7\u00f5es necess\u00e1rias.<\/strong> <\/p>\n\n\n\n<h2>Como s\u00e3o as \u00e1reas de atua\u00e7\u00e3o? <\/h2>\n\n\n\n<p>A \u00e1rea da <strong>Psicologia <\/strong>te permitir\u00e1 <strong>atuar <\/strong>em <strong>diversas \u00e1reas,<\/strong> afinal, \u00e9 um curso <strong>diverso <\/strong>e em <strong>expans\u00e3o<\/strong>. O <strong>Psic\u00f3logo <\/strong>\u00e9 um profissional <strong>capacitado <\/strong>para <strong>compreender<\/strong> os <strong>comportamentos <\/strong>e as fun\u00e7\u00f5es <strong>mentais <\/strong>e <strong>cognitivas<\/strong> do <strong>indiv\u00edduo<\/strong>. Ele aplica <strong>m\u00e9todos cient\u00edficos<\/strong> para compreender a <strong>psiqu\u00ea humana <\/strong>e age na <strong>melhoraria <\/strong>da <strong>qualidade <\/strong>de <strong>vida social,<\/strong> pautando-se em princ\u00edpios <strong>\u00e9ticos, human\u00edsticos e s\u00f3cias<\/strong>.<\/p>\n\n\n\n<p><strong>Confira abaixo alguns exemplos de \u00e1reas de atua\u00e7\u00e3o: <\/strong><\/p>\n\n\n\n<p>Psic\u00f3logo esportivo, psic\u00f3logo escolar, psic\u00f3logo hospitalar, psic\u00f3logo social, psic\u00f3logo cl\u00ednico, e outros. <\/p>\n\n\n\n<p>Curtiu? Ent\u00e3o <strong>n\u00e3o perca tempo<\/strong> e venha ser uma Psic\u00f3loga ou um Psic\u00f3logo de sucesso! <\/p>\n\n\n\n<p><a href=\"https:\/\/www.univicosa.com.br\/graduacao\/cursos\/psicologia\">Curtiu e quer saber mais sobre o curso de\u00a0<strong>Psicologia\u00a0<\/strong>da\u00a0<strong>UNIVI\u00c7OSA<\/strong>? Ent\u00e3o acesse o site da Univi\u00e7osa, clique aqui!<\/a> <\/p>\n\n\n\n<p><a href=\"https:\/\/blog.univicosa.com.br\/index.php\/2021\/07\/14\/como-definir-e-cumprir-metas\/\">Como definir e cumprir metas? Aprenda!<\/a><\/p>\n\n\n\n<p><a href=\"https:\/\/blog.univicosa.com.br\/index.php\/2021\/06\/15\/10-passos-para-ter-um-perfil-mais-relevante-no-linkedin\/\">10 passos para ter um perfil mais relevante no LinkedIn!<\/a><\/p>\n\n\n\n<p><a href=\"https:\/\/blog.univicosa.com.br\/index.php\/2020\/06\/17\/tem-tido-sonhos-esquisitos-saiba-o-motivo\/\">Tem tido sonhos esquisitos? Saiba o motivo!<\/a><\/p>\n\n\n\n<p><a href=\"https:\/\/blog.univicosa.com.br\/index.php\/2020\/04\/13\/o-isolamento-social-nunca-foi-tao-necessario\/\">O isolamento social nunca foi t\u00e3o necess\u00e1rio<\/a><\/p>\n\n\n\n<p><a href=\"https:\/\/blog.univicosa.com.br\/index.php\/2021\/07\/21\/covid-19-e-a-psicologia-organizacional-mundo-corporativo-trabalho-e-medidas-provisorias\/\">Psicologia Organizacional: Melhore seu desempenho e trabalho!<\/a> <\/p>\n\n\n\n<p><a href=\"https:\/\/blog.univicosa.com.br\/index.php\/2021\/06\/08\/8-dicas-para-se-preparar-para-uma-entrevista-de-estagio\/\">8 dicas para se preparar para uma entrevista de est\u00e1gio!<\/a><\/p>\n\n\n\n<p><a href=\"https:\/\/blog.univicosa.com.br\/index.php\/2021\/05\/13\/nao-acaba-quando-termina-cuide-do-seu-emocional-pos-pandemia-de-covid-19\/\">N\u00e3o acaba quando termina \u2013 Cuide do seu emocional p\u00f3s-pandemia de COVID-19!<\/a> <\/p>\n\n\n\n<p><a href=\"https:\/\/blog.univicosa.com.br\/index.php\/2021\/07\/20\/conheca-as-vantagens-de-fazer-uma-segunda-graduacao\/\">Conhe\u00e7a as vantagens de fazer uma segunda gradua\u00e7\u00e3o<\/a><\/p>\n\n\n\n<p><a href=\"https:\/\/blog.univicosa.com.br\/index.php\/2021\/07\/16\/5-dicas-para-se-destacar-no-mercado-de-trabalho\/\">5 dicas para se destacar no mercado de trabalho<\/a><\/p>\n\n\n\n<p><a href=\"https:\/\/blog.univicosa.com.br\/index.php\/2021\/05\/18\/dia-da-luta-antimanicomial-uma-data-de-resistencia-pela-liberdade\/\">Dia da Luta Antimanicomial, uma data de resist\u00eancia pela liberdade!<\/a> <\/p>\n\n\n\n<p><a href=\"https:\/\/blog.univicosa.com.br\/index.php\/2021\/06\/01\/5-dicas-para-ter-um-curriculo-de-destaque\/\">5 dicas para criar um curr\u00edculo de sucesso!<\/a><\/p>\n\n\n\n<p><a href=\"https:\/\/blog.univicosa.com.br\/index.php\/2021\/07\/16\/5-dicas-para-lidar-com-um-feedback-negativo\/\">5 dicas para lidar com um feedback negativo<\/a><\/p>\n\n\n\n<p><a href=\"https:\/\/www.blogdovestibular.com\/cursos\/estudar-psicologia-entenda-como-funciona-a-profissao.html\">Estudar Psicologia: entenda como funciona a profiss\u00e3o<\/a> <\/p>\n","protected":false},"excerpt":{"rendered":"<p>A Psicologia est\u00e1 vinculada \u00e0 \u00e1rea das Ci\u00eancias Humanas e, tamb\u00e9m, h\u00e1 identifica\u00e7\u00e3o com a \u00e1rea das Ci\u00eancias da Sa\u00fade.\u00a0Essas s\u00e3o as ci\u00eancias que est\u00e3o relacionadas com a vida, a sa\u00fade e a doen\u00e7a e incluem a psicologia, a fisioterapia, a medicina veterin\u00e1ria, a medicina humana, a biologia, a enfermagem e tantas outras. \u00c9 garantido&#8230;<\/p>\n","protected":false},"author":2,"featured_media":2357,"comment_status":"open","ping_status":"open","sticky":false,"template":"","format":"standard","meta":{"spay_email":""},"categories":[15,39,16],"tags":[51,7,106,705,92,129,706,64,96,9,93],"jetpack_featured_media_url":"https:\/\/blog.univicosa.com.br\/wp-content\/uploads\/2021\/08\/psico-blog.png","jetpack_shortlink":"https:\/\/wp.me\/pbcCKk-C0","_links":{"self":[{"href":"https:\/\/blog.univicosa.com.br\/index.php\/wp-json\/wp\/v2\/posts\/2356"}],"collection":[{"href":"https:\/\/blog.univicosa.com.br\/index.php\/wp-json\/wp\/v2\/posts"}],"about":[{"href":"https:\/\/blog.univicosa.com.br\/index.php\/wp-json\/wp\/v2\/types\/post"}],"author":[{"embeddable":true,"href":"https:\/\/blog.univicosa.com.br\/index.php\/wp-json\/wp\/v2\/users\/2"}],"replies":[{"embeddable":true,"href":"https:\/\/blog.univicosa.com.br\/index.php\/wp-json\/wp\/v2\/comments?post=2356"}],"version-history":[{"count":1,"href":"https:\/\/blog.univicosa.com.br\/index.php\/wp-json\/wp\/v2\/posts\/2356\/revisions"}],"predecessor-version":[{"id":2360,"href":"https:\/\/blog.univicosa.com.br\/index.php\/wp-json\/wp\/v2\/posts\/2356\/revisions\/2360"}],"wp:featuredmedia":[{"embeddable":true,"href":"https:\/\/blog.univicosa.com.br\/index.php\/wp-json\/wp\/v2\/media\/2357"}],"wp:attachment":[{"href":"https:\/\/blog.univicosa.com.br\/index.php\/wp-json\/wp\/v2\/media?parent=2356"}],"wp:term":[{"taxonomy":"category","embeddable":true,"href":"https:\/\/blog.univicosa.com.br\/index.php\/wp-json\/wp\/v2\/categories?post=2356"},{"taxonomy":"post_tag","embeddable":true,"href":"https:\/\/blog.univicosa.com.br\/index.php\/wp-json\/wp\/v2\/tags?post=2356"}],"curies":[{"name":"wp","href":"https:\/\/api.w.org\/{rel}","templated":true}]}}