{"id":2341,"date":"2021-08-13T15:44:51","date_gmt":"2021-08-13T18:44:51","guid":{"rendered":"https:\/\/blog.univicosa.com.br\/?p=2341"},"modified":"2022-05-20T16:55:06","modified_gmt":"2022-05-20T19:55:06","slug":"fibras-alimentares-saiba-qual-e-a-melhor-para-voce","status":"publish","type":"post","link":"https:\/\/blog.univicosa.com.br\/index.php\/2021\/08\/13\/fibras-alimentares-saiba-qual-e-a-melhor-para-voce\/","title":{"rendered":"#3 \u2013 Fibras alimentares: saiba qual \u00e9 a melhor para voc\u00ea! \u2013 S\u00e9rie: \u201cAlimenta\u00e7\u00e3o sem \u201csofr\u00eancia\u201d!"},"content":{"rendered":"\n<figure class=\"wp-block-image size-large\"><img data-attachment-id=\"2342\" data-permalink=\"https:\/\/blog.univicosa.com.br\/index.php\/2021\/08\/13\/fibras-alimentares-saiba-qual-e-a-melhor-para-voce\/3-alimentacao-sofrencia-nutri-blog\/\" data-orig-file=\"https:\/\/blog.univicosa.com.br\/wp-content\/uploads\/2021\/08\/3-alimentacao-sofrencia-nutri-blog.png\" data-orig-size=\"1024,576\" data-comments-opened=\"1\" data-image-meta=\"{&quot;aperture&quot;:&quot;0&quot;,&quot;credit&quot;:&quot;&quot;,&quot;camera&quot;:&quot;&quot;,&quot;caption&quot;:&quot;&quot;,&quot;created_timestamp&quot;:&quot;0&quot;,&quot;copyright&quot;:&quot;&quot;,&quot;focal_length&quot;:&quot;0&quot;,&quot;iso&quot;:&quot;0&quot;,&quot;shutter_speed&quot;:&quot;0&quot;,&quot;title&quot;:&quot;&quot;,&quot;orientation&quot;:&quot;0&quot;}\" data-image-title=\"3-alimentacao-sofrencia-nutri-blog\" data-image-description=\"\" data-medium-file=\"https:\/\/blog.univicosa.com.br\/wp-content\/uploads\/2021\/08\/3-alimentacao-sofrencia-nutri-blog-300x169.png\" data-large-file=\"https:\/\/blog.univicosa.com.br\/wp-content\/uploads\/2021\/08\/3-alimentacao-sofrencia-nutri-blog.png\" loading=\"lazy\" width=\"1024\" height=\"576\" src=\"https:\/\/blog.univicosa.com.br\/wp-content\/uploads\/2021\/08\/3-alimentacao-sofrencia-nutri-blog.png\" alt=\"\" class=\"wp-image-2342\" srcset=\"https:\/\/blog.univicosa.com.br\/wp-content\/uploads\/2021\/08\/3-alimentacao-sofrencia-nutri-blog.png 1024w, https:\/\/blog.univicosa.com.br\/wp-content\/uploads\/2021\/08\/3-alimentacao-sofrencia-nutri-blog-300x169.png 300w, https:\/\/blog.univicosa.com.br\/wp-content\/uploads\/2021\/08\/3-alimentacao-sofrencia-nutri-blog-768x432.png 768w, https:\/\/blog.univicosa.com.br\/wp-content\/uploads\/2021\/08\/3-alimentacao-sofrencia-nutri-blog-850x478.png 850w\" sizes=\"(max-width: 1024px) 100vw, 1024px\" \/><\/figure>\n\n\n\n<p>Sempre que falamos em <strong>consumo <\/strong>de <strong>fibras<\/strong>, sobretudo para <strong>melhoria do intestino<\/strong>, <strong>saciedade <\/strong>ou <strong>controle <\/strong>do <strong>colesterol<\/strong>, \u00e9 poss\u00edvel que elas sejam <strong>entendidas <\/strong>como parte da <strong>composi\u00e7\u00e3o <\/strong>de qualquer <strong>vegetal <\/strong>e que s\u00e3o todas iguais. <strong>Mas \u00e9 a\u00ed que pode estar o erro!!<\/strong> Algumas pessoas passam por s\u00e9rias complica\u00e7\u00f5es decorrentes da<strong> constipa\u00e7\u00e3o intestinal <\/strong>mesmo que estejam incluindo \u201c<strong>fibras<\/strong>\u201d em sua <strong>alimenta\u00e7\u00e3o di\u00e1ria<\/strong>. Por\u00e9m, voc\u00ea sabia que h\u00e1 diferen\u00e7a entre os <strong>grupos de fibras<\/strong> (<strong>sol\u00faveis ou insol\u00faveis<\/strong>) e que algumas, sobretudo se n\u00e3o associadas ao consumo adequado de <strong>\u00e1gua<\/strong>, podem <strong>piorar <\/strong>a <strong>constipa\u00e7\u00e3o <\/strong>ou provocar <strong>quadros de diarreia?<\/strong> \u00c9 isso mesmo! Para cada condi\u00e7\u00e3o, uma <strong>interven\u00e7\u00e3o<\/strong>!<\/p>\n\n\n\n<p>Nesta s\u00e9rie especial de textos voltados a sa\u00fade alimentar&nbsp;<strong><em>\u201cAlimenta\u00e7\u00e3o sem \u201csofr\u00eancia\u201c!<\/em><\/strong>, vamos&nbsp;<strong>falar&nbsp;<\/strong>sobre a import\u00e2ncia das <strong>fibras <\/strong>na nossa <strong>alimenta\u00e7\u00e3o <\/strong>e como elas s\u00e3o importantes para <strong>regular nosso intestino<\/strong> al\u00e9m de contribuir para o <strong>controle <\/strong>do <strong>peso corporal <\/strong>e do <strong>colesterol<\/strong>. <\/p>\n\n\n\n<p>Para conferir o&nbsp;<strong>primeiro texto&nbsp;<\/strong>desta s\u00e9rie,&nbsp;<a href=\"https:\/\/blog.univicosa.com.br\/index.php\/2021\/07\/29\/1-e-possivel-manter-uma-vida-saudavel-sem-restricoes-alimentares-serie-alimentacao-sem-sofrencia\/\">clique aqui!<\/a> Para conferir o <strong>segundo texto<\/strong> desta s\u00e9rie, <a href=\"https:\/\/blog.univicosa.com.br\/index.php\/2021\/08\/05\/2-opcoes-para-manter-a-qualidade-das-suas-refeicoes-diarias-serie-alimentacao-sem-sofrencia\/\" data-type=\"URL\" data-id=\"https:\/\/blog.univicosa.com.br\/index.php\/2021\/08\/05\/2-opcoes-para-manter-a-qualidade-das-suas-refeicoes-diarias-serie-alimentacao-sem-sofrencia\/\">clique aqui<\/a>! <\/p>\n\n\n\n<p>Ent\u00e3o<strong> fique atento<\/strong> ao funcionamento do seu <strong>intestino<\/strong>, \u00e0 consist\u00eancia de suas fezes, \u00e0 sensa\u00e7\u00e3o de <strong>sede<\/strong>, ao tempo em que se sente saciado e veja a seguir como os <strong>diferentes tipos <\/strong>de <strong>fibras <\/strong>podem te <strong>ajudar<\/strong>.<\/p>\n\n\n\n<h2>Fibras sol\u00faveis: <\/h2>\n\n\n\n<p>As <strong><em><u>fibras sol\u00faveis<\/u><\/em><\/strong>: Se <strong>dissolvem facilmente<\/strong> na <strong>\u00e1gua <\/strong>e nos fluidos <strong>gastrointestinais<\/strong>, formam um <strong>gel <\/strong>de alta <strong>viscosidade <\/strong>e apresentam alta <strong>fermenta\u00e7\u00e3o<\/strong>. No geral, agem no <strong>intestino<\/strong>, <strong>reduzindo <\/strong>o tempo de<strong> tr\u00e2nsito intestinal,<\/strong> aumentam <strong>volume e maciez das fezes<\/strong>, reduzem a diarreia e <strong>diminuem a acidez<\/strong> (pH) do <strong>c\u00f3lon<\/strong>. Al\u00e9m disso, melhoram o controle de <strong>absor\u00e7\u00e3o <\/strong>de <strong>glicose<\/strong>, auxiliando no <strong>diabetes tipo 2 <\/strong>e agem no <strong>intestino <\/strong>diminuindo a <strong>reabsor\u00e7\u00e3o <\/strong>da <strong>bile<\/strong>, estando relacionadas tamb\u00e9m \u00e0 <strong>redu\u00e7\u00e3o <\/strong>do <strong>colesterol total e LDL-colesterol<\/strong> (o famoso colesterol ruim) por seu efeito \u201c<strong>esponja<\/strong>\u201d, envolvendo e eliminando as gorduras com as fezes e efeito protetor contra o c\u00e2ncer de intestino. No <strong>est\u00f4mago <\/strong>e <strong>intestinos <\/strong>se transformam em <strong>subst\u00e2ncias <\/strong>tipo <strong>gel<\/strong>, a qual \u00e9 usada pela microbiota local, podendo liberar gases e algumas calorias. S\u00e3o essas <strong>fibras <\/strong>que ajudam a manter a col\u00f4nia <strong>positiva <\/strong>da <strong>microbiota <\/strong>por mais tempo, al\u00e9m de melhorar (reduzir) absor\u00e7\u00e3o de glicose e gordura.<\/p>\n\n\n\n<p>Essas <strong>fibras <\/strong>podem ser <strong>encontradas <\/strong>principalmente no <strong>interior das frutas ou dos gr\u00e3os.<\/strong> Incluem as <strong>pectinas, gomas, mucilagens, inulina e algumas hemiceluloses, FOS (fosfoligossacar\u00eddeos), beta-glucana e psyllium<\/strong>. <strong>Exemplos<\/strong>: mais comuns em <strong>feij\u00f5es <\/strong>(inclui ervilha, lentilha, soja, gr\u00e3o de bico), <strong>aveia <\/strong>(o gr\u00e3o mais inteiro), <strong>cevada<\/strong>, <strong>ma\u00e7\u00e3<\/strong>, frutas c\u00edtricas (laranja com a parte branca, por exemplo) e muito presente no <em>Psyllium*<\/em> \u2013 que tamb\u00e9m tem <strong>mucilagem <\/strong>e n\u00e3o fermenta.<\/p>\n\n\n\n<p><em><a href=\"https:\/\/univicosa.apprbs.com.br\/blog\/\">Ei, quer receber&nbsp;<strong>conte\u00fados exclusivos&nbsp;<\/strong>da&nbsp;<strong>Univi\u00e7osa<\/strong>? Como: blog posts, dicas para arrasar no&nbsp;<strong>vestibular<\/strong>, dicas para conseguir o&nbsp;<strong>emprego<\/strong>&nbsp;dos sonhos, dicas para arrasar nos&nbsp;<strong>estudos<\/strong>, dicas de&nbsp;<strong>eventos&nbsp;<\/strong>e muito mais?&nbsp;<strong>Clique aqui!<\/strong><\/a><\/em><\/p>\n\n\n\n<figure class=\"wp-block-image size-large is-resized\"><img data-attachment-id=\"2343\" data-permalink=\"https:\/\/blog.univicosa.com.br\/index.php\/2021\/08\/13\/fibras-alimentares-saiba-qual-e-a-melhor-para-voce\/fibras-soluveis-e-fibras-insoluveis-1539814809\/\" data-orig-file=\"https:\/\/blog.univicosa.com.br\/wp-content\/uploads\/2021\/08\/fibras-soluveis-e-fibras-insoluveis-1539814809.jpg\" data-orig-size=\"1600,852\" data-comments-opened=\"1\" data-image-meta=\"{&quot;aperture&quot;:&quot;0&quot;,&quot;credit&quot;:&quot;&quot;,&quot;camera&quot;:&quot;&quot;,&quot;caption&quot;:&quot;&quot;,&quot;created_timestamp&quot;:&quot;0&quot;,&quot;copyright&quot;:&quot;&quot;,&quot;focal_length&quot;:&quot;0&quot;,&quot;iso&quot;:&quot;0&quot;,&quot;shutter_speed&quot;:&quot;0&quot;,&quot;title&quot;:&quot;&quot;,&quot;orientation&quot;:&quot;0&quot;}\" data-image-title=\"fibras-soluveis-e-fibras-insoluveis-1539814809\" data-image-description=\"\" data-medium-file=\"https:\/\/blog.univicosa.com.br\/wp-content\/uploads\/2021\/08\/fibras-soluveis-e-fibras-insoluveis-1539814809-300x160.jpg\" data-large-file=\"https:\/\/blog.univicosa.com.br\/wp-content\/uploads\/2021\/08\/fibras-soluveis-e-fibras-insoluveis-1539814809-1024x545.jpg\" loading=\"lazy\" src=\"https:\/\/blog.univicosa.com.br\/wp-content\/uploads\/2021\/08\/fibras-soluveis-e-fibras-insoluveis-1539814809-1024x545.jpg\" alt=\"\" class=\"wp-image-2343\" width=\"553\" height=\"294\" srcset=\"https:\/\/blog.univicosa.com.br\/wp-content\/uploads\/2021\/08\/fibras-soluveis-e-fibras-insoluveis-1539814809-1024x545.jpg 1024w, https:\/\/blog.univicosa.com.br\/wp-content\/uploads\/2021\/08\/fibras-soluveis-e-fibras-insoluveis-1539814809-300x160.jpg 300w, https:\/\/blog.univicosa.com.br\/wp-content\/uploads\/2021\/08\/fibras-soluveis-e-fibras-insoluveis-1539814809-768x409.jpg 768w, https:\/\/blog.univicosa.com.br\/wp-content\/uploads\/2021\/08\/fibras-soluveis-e-fibras-insoluveis-1539814809-1536x818.jpg 1536w, https:\/\/blog.univicosa.com.br\/wp-content\/uploads\/2021\/08\/fibras-soluveis-e-fibras-insoluveis-1539814809-850x453.jpg 850w, https:\/\/blog.univicosa.com.br\/wp-content\/uploads\/2021\/08\/fibras-soluveis-e-fibras-insoluveis-1539814809.jpg 1600w\" sizes=\"(max-width: 553px) 100vw, 553px\" \/><\/figure>\n\n\n\n<h2>Fibras insol\u00faveis: <\/h2>\n\n\n\n<p>As <strong><em><u>fibras insol\u00faveis<\/u><\/em><\/strong>: S\u00e3o <strong>insol\u00faveis em \u00e1gua<\/strong> e formam uma <strong>mistura menos viscosa <\/strong>que a fibra sol\u00favel e apresentam<strong> baixa fermenta\u00e7\u00e3o<\/strong>. Elas permanecem <strong>intactas<\/strong>, agindo com <strong>efeito mec\u00e2nico<\/strong> sob o trato <strong>gastrintestinal<\/strong>, n\u00e3o se dissolvem facilmente e <strong>permanecem quase intactas <\/strong>no percurso ao longo do <strong>trato digestivo<\/strong>, pois <strong>n\u00e3o s\u00e3o digeridas, <\/strong>logo tamb\u00e9m fornecem muito poucas ou quase <strong>nenhuma caloria.<\/strong><\/p>\n\n\n\n<p>Por conterem uma parte <strong>mais s\u00f3lida<\/strong> e <strong>espessa<\/strong>, atuam <strong>diretamente <\/strong>na <strong>saciedade<\/strong>, papel muito <strong>importante contra <\/strong>o <strong>ganho excessivo de peso<\/strong>. Elas s\u00e3o<strong> boas respons\u00e1veis<\/strong> por <strong>acelerar <\/strong>o <strong>tr\u00e2nsito intestinal<\/strong>, pois durante sua passagem v\u00e3o aderindo a subprodutos de digest\u00e3o, fluidos intestinais e <strong>acelerando <\/strong>o processamento dos res\u00edduos. \u00c9 por isso que elas <strong>ajudam <\/strong>em casos de <strong>constipa\u00e7\u00e3o intestinal<\/strong> (intestino preso), ajudam a <strong>reduzir <\/strong>o <strong>risco <\/strong>de desenvolvermos <strong>pequenas dobras <\/strong>e <strong>hemorroidas <\/strong>no c\u00f3lon, <strong>reduzindo <\/strong>inclusive o risco de c\u00e2ncer <strong>colorretal<\/strong>. Logo, n\u00e3o s\u00e3o as mais indicadas para casos de diarreia ou intestino mais \u201csolto\u201d, pois podem piorar o quadro. S\u00e3o <strong>encontradas<\/strong> na parte mais<strong> externa e resistente dos vegetais<\/strong>, na <strong>casca <\/strong>e <strong>entrecasca <\/strong>dos alimentos.<\/p>\n\n\n\n<p>Incluem as <strong>celuloses<\/strong>, <strong>pectinas, gomas, lignina e hemiceluloses e a lignina<\/strong> (veja exemplos abaixo). S\u00e3o mais significativas em alimentos como <strong>farelo de aveia<\/strong> (o g\u00e9rmen mais presente) ou de <strong>trigo<\/strong>, <strong>feij\u00e3o verde, batatas <\/strong>(<em>Yacon<\/em><strong>*<\/strong> \u00e9 um \u00f3timo exemplo),<strong> couve-flor, nozes e <em>farinha de banana verde<\/em>* <\/strong>(tamb\u00e9m rica em amido resistente).<\/p>\n\n\n\n<p><strong><em>* Fibras e as possibilidades para enriquecer suas prepara\u00e7\u00f5es ao longo do dia<\/em><\/strong><\/p>\n\n\n\n<p>Epis\u00f3dio <a href=\"https:\/\/blog.univicosa.com.br\/index.php\/2021\/07\/29\/1-e-possivel-manter-uma-vida-saudavel-sem-restricoes-alimentares-serie-alimentacao-sem-sofrencia\/\">#1 \u2013 <strong>\u00c9 poss\u00edvel manter uma vida saud\u00e1vel sem restri\u00e7\u00f5es alimentares?<\/strong> \u2013 S\u00e9rie: \u201cAlimenta\u00e7\u00e3o sem \u201csofr\u00eancia\u201d!<\/a><br><br>Epis\u00f3dio <a href=\"https:\/\/blog.univicosa.com.br\/index.php\/2021\/08\/05\/2-opcoes-para-manter-a-qualidade-das-suas-refeicoes-diarias-serie-alimentacao-sem-sofrencia\/\">#2 \u2013 <strong>Op\u00e7\u00f5es para manter a qualidade das suas refei\u00e7\u00f5es di\u00e1rias! <\/strong>\u2013 S\u00e9rie: \u201cAlimenta\u00e7\u00e3o sem \u201csofr\u00eancia\u201d!<\/a><\/p>\n\n\n\n<figure class=\"wp-block-image size-large is-resized\"><img data-attachment-id=\"2344\" data-permalink=\"https:\/\/blog.univicosa.com.br\/index.php\/2021\/08\/13\/fibras-alimentares-saiba-qual-e-a-melhor-para-voce\/whole-grains-and-cereals-are-a-good-source-of-fiber-1024x685-1\/\" data-orig-file=\"https:\/\/blog.univicosa.com.br\/wp-content\/uploads\/2021\/08\/whole-grains-and-cereals-are-a-good-source-of-fiber-1024x685-1.jpg\" data-orig-size=\"1024,685\" data-comments-opened=\"1\" data-image-meta=\"{&quot;aperture&quot;:&quot;0&quot;,&quot;credit&quot;:&quot;&quot;,&quot;camera&quot;:&quot;&quot;,&quot;caption&quot;:&quot;&quot;,&quot;created_timestamp&quot;:&quot;0&quot;,&quot;copyright&quot;:&quot;&quot;,&quot;focal_length&quot;:&quot;0&quot;,&quot;iso&quot;:&quot;0&quot;,&quot;shutter_speed&quot;:&quot;0&quot;,&quot;title&quot;:&quot;&quot;,&quot;orientation&quot;:&quot;0&quot;}\" data-image-title=\"whole-grains-and-cereals-are-a-good-source-of-fiber-1024&#215;685-1\" data-image-description=\"\" data-medium-file=\"https:\/\/blog.univicosa.com.br\/wp-content\/uploads\/2021\/08\/whole-grains-and-cereals-are-a-good-source-of-fiber-1024x685-1-300x201.jpg\" data-large-file=\"https:\/\/blog.univicosa.com.br\/wp-content\/uploads\/2021\/08\/whole-grains-and-cereals-are-a-good-source-of-fiber-1024x685-1.jpg\" loading=\"lazy\" src=\"https:\/\/blog.univicosa.com.br\/wp-content\/uploads\/2021\/08\/whole-grains-and-cereals-are-a-good-source-of-fiber-1024x685-1.jpg\" alt=\"\" class=\"wp-image-2344\" width=\"549\" height=\"366\" srcset=\"https:\/\/blog.univicosa.com.br\/wp-content\/uploads\/2021\/08\/whole-grains-and-cereals-are-a-good-source-of-fiber-1024x685-1.jpg 1024w, https:\/\/blog.univicosa.com.br\/wp-content\/uploads\/2021\/08\/whole-grains-and-cereals-are-a-good-source-of-fiber-1024x685-1-300x201.jpg 300w, https:\/\/blog.univicosa.com.br\/wp-content\/uploads\/2021\/08\/whole-grains-and-cereals-are-a-good-source-of-fiber-1024x685-1-768x514.jpg 768w\" sizes=\"(max-width: 549px) 100vw, 549px\" \/><\/figure>\n\n\n\n<p>H\u00e1<strong> v\u00e1rias maneiras<\/strong> de <strong>usar <\/strong>as <strong>fibras<\/strong>, como j\u00e1 citei, e inclu\u00ed-las em <strong>bebidas <\/strong>(sucos, vitaminas, <em>shakes<\/em>) e <strong>saladas variadas<\/strong>, pode ser uma <strong>alternativa <\/strong>bem <strong>agrad\u00e1vel <\/strong>e pr\u00e1tica para o seu <strong>dia-a-dia<\/strong>. Veja as op\u00e7\u00f5es de fontes <strong>alimentares de fibras sol\u00faveis<\/strong> e <strong>insol\u00faveis <\/strong>que poder\u00e3o ser inclu\u00eddas da maneira que voc\u00ea preferir.<\/p>\n\n\n\n<p><strong><em>Celulose<\/em><\/strong>: Frutas com cascas, farinha de trigo (normal e integral), farelos e oleaginosas (am\u00eandoas, castanhas, nozes).<\/p>\n\n\n\n<p><br><strong><em>Hemicelulose*<\/em><\/strong>: Gr\u00e3os de cereais, farelo de trigo, soja e centeio.<\/p>\n\n\n\n<p><br><strong><em>Pectina<\/em><\/strong>: Ma\u00e7\u00e3, goiaba, lim\u00e3o, laranja.<\/p>\n\n\n\n<p><br><strong><em>Gomas*<\/em><\/strong>: Farelo de aveia, farinha de aveia, farelo de cevada, suplementos de goma ar\u00e1bica e goma guar.<\/p>\n\n\n\n<p><br><strong><em>Mucilagens<\/em><\/strong>: <em>Psyllium, <\/em>Linha\u00e7a, chia, e algas (agar-agar).<br><strong><em>Lignina<\/em><\/strong>: Gr\u00e3o integral, ervilha, aspargos.<\/p>\n\n\n\n<p><br><strong><em>Inulina<\/em><\/strong>: Banana, cebola, alho, chic\u00f3ria, aspargos, alcachofra.<\/p>\n\n\n\n<p><br><strong><em>FOS (frutooligossacar\u00eddeos) e inulina<\/em><\/strong>: Alcachofra, chic\u00f3ria, alho, alho por\u00f3, aspargo, biomassa de banana verde, banana, cebola.<\/p>\n\n\n\n<p><br><strong><em>Beta glucana*<\/em><\/strong>: Aveia, cevada., quinoa, milho, arroz, trigo, cevada, ou centeio<\/p>\n\n\n\n<p>*para quem \u00e9 <strong>cel\u00edaco<\/strong>, n\u00e3o devem ser consumidos os alimentos que contenham trigo, cevada, centeio e algumas op\u00e7\u00f5es de aveia devido \u00e0 presen\u00e7a do gl\u00faten, gatilho para as rea\u00e7\u00f5es da doen\u00e7a cel\u00edaca.<\/p>\n\n\n\n<p><em>*Por:&nbsp;<strong>M\u00f4nica de Paula Jorge<\/strong>, professora do curso de Nutri\u00e7\u00e3o da Univi\u00e7osa e preceptora de est\u00e1gios da Cl\u00ednica Integrada da Univi\u00e7osa.<\/em><\/p>\n\n\n\n<p><a href=\"https:\/\/www.univicosa.com.br\/graduacao\/cursos\/nutricao\">Curtiu e quer saber mais sobre o curso de&nbsp;<strong>Nutri\u00e7\u00e3o<\/strong>&nbsp;da&nbsp;<strong>UNIVI\u00c7OSA<\/strong>? Ent\u00e3o acesse o site da Univi\u00e7osa, clique aqui!<\/a><\/p>\n\n\n\n<p><a href=\"https:\/\/blog.univicosa.com.br\/index.php\/2021\/07\/29\/1-e-possivel-manter-uma-vida-saudavel-sem-restricoes-alimentares-serie-alimentacao-sem-sofrencia\/\"><strong>#1 \u2013 \u00c9 poss\u00edvel manter uma vida saud\u00e1vel sem restri\u00e7\u00f5es alimentares? \u2013 S\u00e9rie: \u201cAlimenta\u00e7\u00e3o sem \u201csofr\u00eancia\u201d!<\/strong><\/a><\/p>\n\n\n\n<p><a href=\"https:\/\/blog.univicosa.com.br\/index.php\/2021\/08\/05\/2-opcoes-para-manter-a-qualidade-das-suas-refeicoes-diarias-serie-alimentacao-sem-sofrencia\/\"><strong>#2 \u2013 Op\u00e7\u00f5es para manter a qualidade das suas refei\u00e7\u00f5es di\u00e1rias! \u2013 S\u00e9rie: \u201cAlimenta\u00e7\u00e3o sem \u201csofr\u00eancia\u201d!<\/strong><\/a><\/p>\n\n\n\n<p><a href=\"https:\/\/blog.univicosa.com.br\/index.php\/2021\/06\/08\/8-dicas-para-se-preparar-para-uma-entrevista-de-estagio\/\">8 dicas para se preparar para uma entrevista de est\u00e1gio!<\/a><\/p>\n\n\n\n<p><a href=\"https:\/\/blog.univicosa.com.br\/index.php\/2021\/06\/08\/7-dicas-para-melhorar-o-seu-sono\/\">7 dicas para melhorar o seu sono!<\/a><\/p>\n\n\n\n<p><a href=\"https:\/\/blog.univicosa.com.br\/index.php\/2021\/05\/21\/qualidade-do-sono-e-controle-de-peso-corporal\/\">Qualidade do sono e controle de peso corporal<\/a><\/p>\n\n\n\n<p><a href=\"https:\/\/blog.univicosa.com.br\/index.php\/2021\/07\/02\/voce-sabe-qual-e-o-melhor-oleo-para-cozinhar-saude\/\">Voc\u00ea sabe qual \u00e9 o melhor \u00f3leo para cozinhar? #Sa\u00fade<\/a><\/p>\n\n\n\n<p><a href=\"https:\/\/blog.univicosa.com.br\/index.php\/2021\/01\/20\/eu-sou-do-time-ciencias-da-saude-eu-sou-univicosa\/\">Voc\u00ea se interessa pela \u00e1rea da Sa\u00fade? Ent\u00e3o voc\u00ea \u00e9 do time Ci\u00eancias da Sa\u00fade, confira! #UNIVI\u00c7OSA<\/a><\/p>\n\n\n\n<p><a href=\"https:\/\/blog.univicosa.com.br\/index.php\/2020\/08\/05\/10-curiosidades-sobre-a-carreira-em-nutricao\/\">10 curiosidades sobre a carreira em Nutri\u00e7\u00e3o<\/a><\/p>\n\n\n\n<p><a href=\"https:\/\/blog.univicosa.com.br\/index.php\/2021\/06\/22\/4-passos-para-higienizar-corretamente-verduras-e-legumes\/\">4 passos para higienizar corretamente verduras e legumes!<\/a><\/p>\n\n\n\n<p><a href=\"https:\/\/blog.univicosa.com.br\/index.php\/2020\/07\/29\/cuide-se-seu-corpo-relacao-entre-obesidade-e-covid-19\/\">Cuide se seu corpo: rela\u00e7\u00e3o entre obesidade e COVID-19<\/a><\/p>\n\n\n\n<p><a href=\"https:\/\/blog.univicosa.com.br\/index.php\/2020\/07\/16\/uso-de-mascaras-e-luvas-em-estabelecimentos-da-area-de-alimentos\/\">Uso de m\u00e1scaras e luvas em estabelecimentos da \u00e1rea de alimentos<\/a><\/p>\n\n\n\n<p><a href=\"https:\/\/blog.univicosa.com.br\/index.php\/2021\/05\/25\/saiba-tudo-sobre-plantas-medicinais-e-os-seus-beneficios\/\">Saiba tudo sobre plantas medicinais e os seus benef\u00edcios!<\/a><\/p>\n\n\n\n<p><a href=\"https:\/\/blog.univicosa.com.br\/index.php\/2021\/05\/26\/dicas-para-organizar-o-seu-estudo-em-casa\/\">Dicas para organizar o seu estudo em casa!<\/a><\/p>\n\n\n\n<hr class=\"wp-block-separator\"\/>\n\n\n\n<p><strong>Refer\u00eancias<\/strong>:<\/p>\n\n\n\n<p>V Diretriz Brasileira sobre Dislipidemias e Preven\u00e7\u00e3o da Aterosclerose: Departamento de Aterosclerose da Sociedade Brasileira de Cardiologia \u2022 ISSN-0066-782X \u2022 Volume 101, N\u00ba 4, Supl. 1, Outubro, 2013.<\/p>\n\n\n\n<p>ANAD \u2013 Associa\u00e7\u00e3o Nacional de Aten\u00e7\u00e3o ao Diabetes. Dispon\u00edvel em: <a href=\"https:\/\/www.anad.org.br\/fibra-soluvel-e-insoluvel-qual-e-a-diferenca\/\">https:\/\/www.anad.org.br\/fibra-soluvel-e-insoluvel-qual-e-a-diferenca\/<\/a><\/p>\n\n\n\n<p>DALL\u2019ALBA, V.; AZEVEDO, M.J. Papel das fibras alimentares sobre o controle glic\u00eamico, perfil lip\u00eddico e press\u00e3o arterial em pacientes com Diabetes Melito tipo 2. <strong><em>Rev HCPA.<\/em><\/strong> 2010;30(4):363-371.<\/p>\n\n\n\n<p>MACEDO, T.M.B.; SCHMOURLO, G.; VIANA, K.D.A.L. Fibra alimentar como mecanismo preventivo de doen\u00e7as cr\u00f4nicas e dist\u00farbios metab\u00f3licos. <strong><em>Ver. UNI \u2022 <\/em><\/strong>Imperatriz (MA).&nbsp; ano 2. n.2. p.67-77. janeiro\/julho. 2012.<\/p>\n\n\n\n<p>PAULA, P.B.; RAMOS, E.G.C.; SANTOS, A.C. Fibra alimentar: sua import\u00e2ncia para a sa\u00fade. <strong><em>Einstein: Educ Contin Sa\u00fade<\/em><\/strong>. 2010;8 (4 Pt 2): 212-3.<\/p>\n","protected":false},"excerpt":{"rendered":"<p>Sempre que falamos em consumo de fibras, sobretudo para melhoria do intestino, saciedade ou controle do colesterol, \u00e9 poss\u00edvel que elas sejam entendidas como parte da composi\u00e7\u00e3o de qualquer vegetal e que s\u00e3o todas iguais. Mas \u00e9 a\u00ed que pode estar o erro!! Algumas pessoas passam por s\u00e9rias complica\u00e7\u00f5es decorrentes da constipa\u00e7\u00e3o intestinal mesmo que&#8230;<\/p>\n","protected":false},"author":2,"featured_media":2342,"comment_status":"open","ping_status":"open","sticky":false,"template":"","format":"standard","meta":{"spay_email":""},"categories":[43,16],"tags":[113,653,51,695,698,696,7,92,112,124,697,96,93],"jetpack_featured_media_url":"https:\/\/blog.univicosa.com.br\/wp-content\/uploads\/2021\/08\/3-alimentacao-sofrencia-nutri-blog.png","jetpack_shortlink":"https:\/\/wp.me\/pbcCKk-BL","_links":{"self":[{"href":"https:\/\/blog.univicosa.com.br\/index.php\/wp-json\/wp\/v2\/posts\/2341"}],"collection":[{"href":"https:\/\/blog.univicosa.com.br\/index.php\/wp-json\/wp\/v2\/posts"}],"about":[{"href":"https:\/\/blog.univicosa.com.br\/index.php\/wp-json\/wp\/v2\/types\/post"}],"author":[{"embeddable":true,"href":"https:\/\/blog.univicosa.com.br\/index.php\/wp-json\/wp\/v2\/users\/2"}],"replies":[{"embeddable":true,"href":"https:\/\/blog.univicosa.com.br\/index.php\/wp-json\/wp\/v2\/comments?post=2341"}],"version-history":[{"count":3,"href":"https:\/\/blog.univicosa.com.br\/index.php\/wp-json\/wp\/v2\/posts\/2341\/revisions"}],"predecessor-version":[{"id":2352,"href":"https:\/\/blog.univicosa.com.br\/index.php\/wp-json\/wp\/v2\/posts\/2341\/revisions\/2352"}],"wp:featuredmedia":[{"embeddable":true,"href":"https:\/\/blog.univicosa.com.br\/index.php\/wp-json\/wp\/v2\/media\/2342"}],"wp:attachment":[{"href":"https:\/\/blog.univicosa.com.br\/index.php\/wp-json\/wp\/v2\/media?parent=2341"}],"wp:term":[{"taxonomy":"category","embeddable":true,"href":"https:\/\/blog.univicosa.com.br\/index.php\/wp-json\/wp\/v2\/categories?post=2341"},{"taxonomy":"post_tag","embeddable":true,"href":"https:\/\/blog.univicosa.com.br\/index.php\/wp-json\/wp\/v2\/tags?post=2341"}],"curies":[{"name":"wp","href":"https:\/\/api.w.org\/{rel}","templated":true}]}}