{"id":2269,"date":"2021-07-28T19:36:29","date_gmt":"2021-07-28T22:36:29","guid":{"rendered":"https:\/\/blog.univicosa.com.br\/?p=2269"},"modified":"2022-05-20T16:55:36","modified_gmt":"2022-05-20T19:55:36","slug":"8-erros-mais-comuns-na-criacao-de-um-curriculo","status":"publish","type":"post","link":"https:\/\/blog.univicosa.com.br\/index.php\/2021\/07\/28\/8-erros-mais-comuns-na-criacao-de-um-curriculo\/","title":{"rendered":"8 erros mais comuns na  cria\u00e7\u00e3o de um curr\u00edculo!"},"content":{"rendered":"\n<figure class=\"wp-block-image size-large\"><img data-attachment-id=\"2270\" data-permalink=\"https:\/\/blog.univicosa.com.br\/index.php\/2021\/07\/28\/8-erros-mais-comuns-na-criacao-de-um-curriculo\/curriculos-blog\/\" data-orig-file=\"https:\/\/blog.univicosa.com.br\/wp-content\/uploads\/2021\/07\/curriculos-blog.png\" data-orig-size=\"1024,576\" data-comments-opened=\"1\" data-image-meta=\"{&quot;aperture&quot;:&quot;0&quot;,&quot;credit&quot;:&quot;&quot;,&quot;camera&quot;:&quot;&quot;,&quot;caption&quot;:&quot;&quot;,&quot;created_timestamp&quot;:&quot;0&quot;,&quot;copyright&quot;:&quot;&quot;,&quot;focal_length&quot;:&quot;0&quot;,&quot;iso&quot;:&quot;0&quot;,&quot;shutter_speed&quot;:&quot;0&quot;,&quot;title&quot;:&quot;&quot;,&quot;orientation&quot;:&quot;0&quot;}\" data-image-title=\"curriculos-blog\" data-image-description=\"\" data-medium-file=\"https:\/\/blog.univicosa.com.br\/wp-content\/uploads\/2021\/07\/curriculos-blog-300x169.png\" data-large-file=\"https:\/\/blog.univicosa.com.br\/wp-content\/uploads\/2021\/07\/curriculos-blog.png\" loading=\"lazy\" width=\"1024\" height=\"576\" src=\"https:\/\/blog.univicosa.com.br\/wp-content\/uploads\/2021\/07\/curriculos-blog.png\" alt=\"\" class=\"wp-image-2270\" srcset=\"https:\/\/blog.univicosa.com.br\/wp-content\/uploads\/2021\/07\/curriculos-blog.png 1024w, https:\/\/blog.univicosa.com.br\/wp-content\/uploads\/2021\/07\/curriculos-blog-300x169.png 300w, https:\/\/blog.univicosa.com.br\/wp-content\/uploads\/2021\/07\/curriculos-blog-768x432.png 768w, https:\/\/blog.univicosa.com.br\/wp-content\/uploads\/2021\/07\/curriculos-blog-850x478.png 850w\" sizes=\"(max-width: 1024px) 100vw, 1024px\" \/><\/figure>\n\n\n\n<p>Aproveite este <strong><em>checklist <\/em><\/strong>para <strong>evitar os 8 erros mais comuns<\/strong> na <strong>cria\u00e7\u00e3o <\/strong>de um <strong>curr\u00edculo<\/strong>. Confira nossas dicas e prepare um <strong>curr\u00edculo impec\u00e1vel!<\/strong><\/p>\n\n\n\n<h2> 8 erros na cria\u00e7\u00e3o de um CV que voc\u00ea deve evitar!<\/h2>\n\n\n\n<p>Para ter mais <strong>chances <\/strong>de <strong>sucesso <\/strong>ao competir a uma <strong>vaga <\/strong>no<strong> mercado de trabalho<\/strong>, uma oportunidade de bolsa de pesquisa ou mesmo a admiss\u00e3o em algum curso no exterior, \u00e9 <strong>importante <\/strong>enviar um <strong>curr\u00edculo impec\u00e1vel<\/strong>.<\/p>\n\n\n\n<p>Mesmo que voc\u00ea j\u00e1 esteja <strong>finalizando <\/strong>a <strong>cria\u00e7\u00e3o <\/strong>de um <strong>CV <\/strong>(Curriculum vitae), use este <strong>artigo <\/strong>para fazer um <strong><em>checklist <\/em><\/strong>e <strong>corrigir <\/strong>qualquer <strong>erro antes <\/strong>de <strong>envi\u00e1-lo. <\/strong>Mas antes, aproveite para conferir <strong>v\u00e1rias <\/strong><a href=\"https:\/\/www.onlinecurriculo.com\/como-fazer-um-curriculo\/\">dicas sobre como montar um curr\u00edculo<\/a> que <strong>inclu\u00edmos <\/strong>na <strong>descri\u00e7\u00e3o <\/strong>de cada item <strong>desta lista:<\/strong><\/p>\n\n\n\n<ol><li>Inserir dados desnecess\u00e1rios nas informa\u00e7\u00f5es pessoais<\/li><li>N\u00e3o colocar um objetivo claro no CV<\/li><li>Escrever par\u00e1grafos longos e sem foco<\/li><li>Apresentar as informa\u00e7\u00f5es de modo incompleto<\/li><li>Incluir habilidades gen\u00e9ricas<\/li><li>N\u00e3o citar seu n\u00edvel de profici\u00eancia em idiomas<\/li><li>Cometer exageros<\/li><li>Deixar de fazer uma boa revis\u00e3o no curr\u00edculo<\/li><\/ol>\n\n\n\n<figure class=\"wp-block-image size-large is-resized\"><img data-attachment-id=\"2271\" data-permalink=\"https:\/\/blog.univicosa.com.br\/index.php\/2021\/07\/28\/8-erros-mais-comuns-na-criacao-de-um-curriculo\/curriculo-na-mao\/\" data-orig-file=\"https:\/\/blog.univicosa.com.br\/wp-content\/uploads\/2021\/07\/curriculo-na-mao.jpg\" data-orig-size=\"1380,920\" data-comments-opened=\"1\" data-image-meta=\"{&quot;aperture&quot;:&quot;0&quot;,&quot;credit&quot;:&quot;&quot;,&quot;camera&quot;:&quot;&quot;,&quot;caption&quot;:&quot;&quot;,&quot;created_timestamp&quot;:&quot;0&quot;,&quot;copyright&quot;:&quot;&quot;,&quot;focal_length&quot;:&quot;0&quot;,&quot;iso&quot;:&quot;0&quot;,&quot;shutter_speed&quot;:&quot;0&quot;,&quot;title&quot;:&quot;&quot;,&quot;orientation&quot;:&quot;0&quot;}\" data-image-title=\"curriculo-na-mao\" data-image-description=\"\" data-medium-file=\"https:\/\/blog.univicosa.com.br\/wp-content\/uploads\/2021\/07\/curriculo-na-mao-300x200.jpg\" data-large-file=\"https:\/\/blog.univicosa.com.br\/wp-content\/uploads\/2021\/07\/curriculo-na-mao-1024x683.jpg\" loading=\"lazy\" src=\"https:\/\/blog.univicosa.com.br\/wp-content\/uploads\/2021\/07\/curriculo-na-mao-1024x683.jpg\" alt=\"\" class=\"wp-image-2271\" width=\"545\" height=\"363\" srcset=\"https:\/\/blog.univicosa.com.br\/wp-content\/uploads\/2021\/07\/curriculo-na-mao-1024x683.jpg 1024w, https:\/\/blog.univicosa.com.br\/wp-content\/uploads\/2021\/07\/curriculo-na-mao-300x200.jpg 300w, https:\/\/blog.univicosa.com.br\/wp-content\/uploads\/2021\/07\/curriculo-na-mao-768x512.jpg 768w, https:\/\/blog.univicosa.com.br\/wp-content\/uploads\/2021\/07\/curriculo-na-mao-850x567.jpg 850w, https:\/\/blog.univicosa.com.br\/wp-content\/uploads\/2021\/07\/curriculo-na-mao.jpg 1380w\" sizes=\"(max-width: 545px) 100vw, 545px\" \/><\/figure>\n\n\n\n<p><strong>Erro n\u00ba1<\/strong>: <strong>Inserir dados desnecess\u00e1rios<\/strong> <strong>nas informa\u00e7\u00f5es pessoais<\/strong><\/p>\n\n\n\n<p>J\u00e1 faz tempo que o campo de <strong>Informa\u00e7\u00f5es <\/strong>de um <strong>curr\u00edculo <\/strong>n\u00e3o precisa conter os <strong>n\u00fameros <\/strong>de <strong>RG, CPF, carteira profissional ou outros documentos, <\/strong>e nem detalhes como filia\u00e7\u00e3o, g\u00eanero ou qualquer dado que o recrutador s\u00f3 v\u00e1 precisar saber nas pr\u00f3ximas fases do processo seletivo.<\/p>\n\n\n\n<p>O <strong>essencial <\/strong>\u00e9 <strong>colocar <\/strong>o <strong>seu nome completo e seus principais contatos<\/strong>, como um <strong>e-mail ativo e o n\u00famero do seu telefone<\/strong>. Caso a sua localiza\u00e7\u00e3o seja relevante para a vaga em quest\u00e3o, inclua seu endere\u00e7o residencial com bairro, cidade e CEP. Use tamb\u00e9m o crit\u00e9rio da <strong>relev\u00e2ncia <\/strong>para decidir se vai adicionar um link para o <a href=\"https:\/\/blog.univicosa.com.br\/index.php\/2021\/06\/15\/10-passos-para-ter-um-perfil-mais-relevante-no-linkedin\/\">seu perfil no LinkedIn<\/a> ou site de portf\u00f3lio.<\/p>\n\n\n\n<p><strong>Erro n\u00ba2:\u00a0 N\u00e3o colocar um objetivo claro no CV<\/strong><\/p>\n\n\n\n<p>Declarar o <strong>objetivo <\/strong>do <strong>curr\u00edculo<\/strong> facilita a vida dos <strong>recrutadores<\/strong>. E a sua tamb\u00e9m! Basta colocar o<strong> nome do cargo<\/strong> (de prefer\u00eancia do modo que consta no an\u00fancio da vaga) ou informar a sua <strong>profiss\u00e3o <\/strong>ou situa\u00e7\u00e3o <strong>acad\u00eamica <\/strong>\u2014 algo com \u201cAluno do Curso Superior de <a href=\"https:\/\/blog.univicosa.com.br\/index.php\/2021\/03\/24\/porque-cursar-ciencias-contabeis\/\">Ci\u00eancias Cont\u00e1beis<\/a>\u201d.<\/p>\n\n\n\n<p>No campo seguinte, voc\u00ea pode incluir<strong> 1 ou 2 frases<\/strong> para <a href=\"https:\/\/www.napratica.org.br\/objetivo-profissional-curriculo\/\">descrever o seu objetivo<\/a> e <strong>destacar <\/strong>pontos <strong>fortes <\/strong>de sua <strong>candidatura <\/strong>que demonstrem adequa\u00e7\u00e3o para a <strong>vaga<\/strong>. Mas o principal \u00e9 criar uma esp\u00e9cie de t\u00edtulo para definir a que tipo de ocupa\u00e7\u00e3o se refere o CV.<\/p>\n\n\n\n<p><strong>Erro n\u00ba3:\u00a0 Escrever par\u00e1grafos longos e sem foco<\/strong><\/p>\n\n\n\n<p>\u00c9 <strong>importante <\/strong>preparar seu <strong>curr\u00edculo <\/strong>pensando em seus <strong>leitores<\/strong>, ou seja, os <strong>recrutadores <\/strong>e <strong>contratantes <\/strong>em <strong>potencial<\/strong>. Essas pessoas costumam receber in\u00fameros curr\u00edculos diariamente, ent\u00e3o tudo o que voc\u00ea escrever no CV deve ser <strong>conciso<\/strong>, <strong>personalizado <\/strong>e<strong> ir direto ao ponto<\/strong> \u2014 al\u00e9m de estar <strong>organizado <\/strong>para atrair a aten\u00e7\u00e3o e ajudar na <strong>visualiza\u00e7\u00e3o <\/strong>das <strong>informa\u00e7\u00f5es<\/strong>.<\/p>\n\n\n\n<p><strong>Dica:<\/strong> identifique<strong> palavras-chave<\/strong> no <strong>an\u00fancio <\/strong>da <strong>vaga <\/strong>ou pesquise quais os termos mais usados no universo da profiss\u00e3o ou mat\u00e9ria em quest\u00e3o. Usar esse tipo de <strong>vocabul\u00e1rio <\/strong>costuma atrair o olhar de quem <strong>analisa <\/strong>os <strong>curr\u00edculos<\/strong>, al\u00e9m de ser \u00fatil nos casos de triagem eletr\u00f4nica.<\/p>\n\n\n\n<p><a href=\"https:\/\/blog.univicosa.com.br\/index.php\/2021\/06\/01\/5-dicas-para-ter-um-curriculo-de-destaque\/\">5 dicas para criar um curr\u00edculo de sucesso!<\/a><\/p>\n\n\n\n<figure class=\"wp-block-image size-large is-resized\"><img data-attachment-id=\"2272\" data-permalink=\"https:\/\/blog.univicosa.com.br\/index.php\/2021\/07\/28\/8-erros-mais-comuns-na-criacao-de-um-curriculo\/curriculo\/\" data-orig-file=\"https:\/\/blog.univicosa.com.br\/wp-content\/uploads\/2021\/07\/curriculo.jpg\" data-orig-size=\"790,527\" data-comments-opened=\"1\" data-image-meta=\"{&quot;aperture&quot;:&quot;0&quot;,&quot;credit&quot;:&quot;&quot;,&quot;camera&quot;:&quot;&quot;,&quot;caption&quot;:&quot;&quot;,&quot;created_timestamp&quot;:&quot;0&quot;,&quot;copyright&quot;:&quot;&quot;,&quot;focal_length&quot;:&quot;0&quot;,&quot;iso&quot;:&quot;0&quot;,&quot;shutter_speed&quot;:&quot;0&quot;,&quot;title&quot;:&quot;&quot;,&quot;orientation&quot;:&quot;0&quot;}\" data-image-title=\"curriculo\" data-image-description=\"\" data-medium-file=\"https:\/\/blog.univicosa.com.br\/wp-content\/uploads\/2021\/07\/curriculo-300x200.jpg\" data-large-file=\"https:\/\/blog.univicosa.com.br\/wp-content\/uploads\/2021\/07\/curriculo.jpg\" loading=\"lazy\" src=\"https:\/\/blog.univicosa.com.br\/wp-content\/uploads\/2021\/07\/curriculo.jpg\" alt=\"\" class=\"wp-image-2272\" width=\"541\" height=\"360\" srcset=\"https:\/\/blog.univicosa.com.br\/wp-content\/uploads\/2021\/07\/curriculo.jpg 790w, https:\/\/blog.univicosa.com.br\/wp-content\/uploads\/2021\/07\/curriculo-300x200.jpg 300w, https:\/\/blog.univicosa.com.br\/wp-content\/uploads\/2021\/07\/curriculo-768x512.jpg 768w\" sizes=\"(max-width: 541px) 100vw, 541px\" \/><\/figure>\n\n\n\n<p><strong>Erro n\u00ba4:\u00a0 Apresentar as informa\u00e7\u00f5es de modo incompleto<\/strong><\/p>\n\n\n\n<p>A <strong>recomenda\u00e7\u00e3o<\/strong> de fazer um <strong>curr\u00edculo enxuto <\/strong>e <strong>objetivo n\u00e3o significa que voc\u00ea deva economizar informa\u00e7\u00f5es relevantes<\/strong> ou deixar de atender a<strong> requisitos b\u00e1sicos<\/strong> como, por exemplo, <strong>listar suas experi\u00eancias profissionais<\/strong> mencionando o nome e localiza\u00e7\u00e3o da empresa, t\u00edtulo\/departamento do cargo ocupado e o per\u00edodo em que voc\u00ea o exerceu.<\/p>\n\n\n\n<p>Na se\u00e7\u00e3o de <strong>Educa\u00e7\u00e3o <\/strong>do CV, voc\u00ea <strong>n\u00e3o precisa listar <\/strong>todos os lugares onde <strong>estudou <\/strong>desde o maternal, mas \u00e9 essencial colocar o nome e localidade das institui\u00e7\u00f5es de ensino onde fez seus <a href=\"https:\/\/blog.univicosa.com.br\/index.php\/2021\/07\/20\/conheca-as-vantagens-de-fazer-uma-segunda-graduacao\/\">cursos mais relevantes<\/a> com o ano de conclus\u00e3o. Informar a carga hor\u00e1ria \u00e9 opcional.<\/p>\n\n\n\n<p><strong>Erro n\u00ba 5: Incluir habilidades gen\u00e9ricas no CV<\/strong><\/p>\n\n\n\n<p>A se\u00e7\u00e3o de <strong>habilidades <\/strong>de um CV tem bastante <strong>destaque <\/strong>por apresentar <strong>informa\u00e7\u00f5es breves <\/strong>e <strong>estruturadas <\/strong>de forma <strong>bem vis\u00edvel<\/strong>. Use esse espa\u00e7o para citar <strong>caracter\u00edsticas <\/strong>e <strong>compet\u00eancias t\u00e9cnicas <\/strong>que tenham tudo a ver com o <strong>conte\u00fado <\/strong>do seu curr\u00edculo. Isso vai conferir ainda mais credibilidade \u00e0 sua candidatura.<\/p>\n\n\n\n<p><strong>Erro n\u00ba 6:\u00a0 N\u00e3o citar seu n\u00edvel de profici\u00eancia em idiomas<\/strong><\/p>\n\n\n\n<p>Mesmo que voc\u00ea tenha <strong>informado <\/strong>os dados <strong>necess\u00e1rios <\/strong>sobre um curso de <strong>l\u00edngua estrangeira <\/strong>conclu\u00eddo com <strong>sucesso<\/strong>, \u00e9 <strong>importante <\/strong>declarar qual o <strong>seu n\u00edvel de profici\u00eancia<\/strong>. Afinal, o que os recrutadores querem saber \u00e9 qual a sua capacidade de se comunicar em outro(s) idioma(s).<\/p>\n\n\n\n<p><strong> Erro n\u00ba 7:\u00a0 Cometer exageros<\/strong><\/p>\n\n\n\n<p>Seja no <strong>conte\u00fado <\/strong>ou no <strong>visual<\/strong>, <strong>exagerar <\/strong>no curr\u00edculo s\u00f3 serve para <strong>atrapalhar uma candidatura<\/strong>. Voc\u00ea pode at\u00e9 usar uma cor diferente para diferenciar o seu CV dos demais, mas o excesso de detalhes costuma atrair a aten\u00e7\u00e3o de modo negativo. Da mesma forma, <strong>pegue leve nos adjetivos<\/strong> e, principalmente, evite cometer <strong>exageros<\/strong> (ou inven\u00e7\u00f5es) sobre suas atribui\u00e7\u00f5es e conquistas.\u00a0<\/p>\n\n\n\n<figure class=\"wp-block-image size-large is-resized\"><img data-attachment-id=\"2273\" data-permalink=\"https:\/\/blog.univicosa.com.br\/index.php\/2021\/07\/28\/8-erros-mais-comuns-na-criacao-de-um-curriculo\/maos-entregando-curriculos\/\" data-orig-file=\"https:\/\/blog.univicosa.com.br\/wp-content\/uploads\/2021\/07\/maos-entregando-curriculos.png\" data-orig-size=\"930,523\" data-comments-opened=\"1\" data-image-meta=\"{&quot;aperture&quot;:&quot;0&quot;,&quot;credit&quot;:&quot;&quot;,&quot;camera&quot;:&quot;&quot;,&quot;caption&quot;:&quot;&quot;,&quot;created_timestamp&quot;:&quot;0&quot;,&quot;copyright&quot;:&quot;&quot;,&quot;focal_length&quot;:&quot;0&quot;,&quot;iso&quot;:&quot;0&quot;,&quot;shutter_speed&quot;:&quot;0&quot;,&quot;title&quot;:&quot;&quot;,&quot;orientation&quot;:&quot;0&quot;}\" data-image-title=\"maos-entregando-curriculos\" data-image-description=\"\" data-medium-file=\"https:\/\/blog.univicosa.com.br\/wp-content\/uploads\/2021\/07\/maos-entregando-curriculos-300x169.png\" data-large-file=\"https:\/\/blog.univicosa.com.br\/wp-content\/uploads\/2021\/07\/maos-entregando-curriculos.png\" loading=\"lazy\" src=\"https:\/\/blog.univicosa.com.br\/wp-content\/uploads\/2021\/07\/maos-entregando-curriculos.png\" alt=\"\" class=\"wp-image-2273\" width=\"548\" height=\"308\" srcset=\"https:\/\/blog.univicosa.com.br\/wp-content\/uploads\/2021\/07\/maos-entregando-curriculos.png 930w, https:\/\/blog.univicosa.com.br\/wp-content\/uploads\/2021\/07\/maos-entregando-curriculos-300x169.png 300w, https:\/\/blog.univicosa.com.br\/wp-content\/uploads\/2021\/07\/maos-entregando-curriculos-768x432.png 768w, https:\/\/blog.univicosa.com.br\/wp-content\/uploads\/2021\/07\/maos-entregando-curriculos-850x478.png 850w\" sizes=\"(max-width: 548px) 100vw, 548px\" \/><\/figure>\n\n\n\n<p><strong>Erro n\u00ba 8:\u00a0 Deixar de fazer uma boa revis\u00e3o o curr\u00edculo<\/strong><\/p>\n\n\n\n<p><strong>Falhas <\/strong>de <strong>digita\u00e7\u00e3o <\/strong>ou <strong>erros gramaticais <\/strong>cometidos na cria\u00e7\u00e3o de um CV podem at\u00e9 <strong>passar despercebidos<\/strong> em uma r\u00e1pida olhada no documento. Mas, certamente,<strong> voc\u00ea n\u00e3o vai querer que eles sejam descobertos<\/strong> justamente pelo <strong>recrutador<\/strong>&#8230; Ent\u00e3o, capriche na <strong>revis\u00e3o <\/strong>do curr\u00edculo pronto.<\/p>\n\n\n\n<p><strong>Corrija <\/strong>qualquer <strong>deslize <\/strong>apontado por seu <strong>processador <\/strong>de texto e use o <strong>recurso <\/strong>de <strong>leitura em voz alta <\/strong>para checar se o <strong>conte\u00fado <\/strong>flui bem. Confira tamb\u00e9m a parte <a href=\"https:\/\/exame.com\/carreira\/7-segredos-para-deixar-o-seu-curriculo-mais-atraente\/\">visual do curr\u00edculo<\/a> para garantir que a formata\u00e7\u00e3o dos <strong>t\u00edtulos<\/strong>, <strong>subt\u00edtulos <\/strong>e <strong>informa\u00e7\u00f5es <\/strong>esteja consistente.<\/p>\n\n\n\n<p><a href=\"https:\/\/www.univicosa.com.br\/graduacao\/cursos\/engenharia_quimica\"><em><a href=\"https:\/\/univicosa.apprbs.com.br\/blog\/\">Ei, quer receber <strong>conte\u00fados exclusivos <\/strong>da <strong>Univi\u00e7osa<\/strong>? Como: blog posts, dicas para arrasar no <strong>vestibular<\/strong>, dicas para conseguir o <strong>emprego<\/strong> dos sonhos, dicas para arrasar nos <strong>estudos<\/strong>, dicas de <strong>eventos <\/strong>e muito mais? <strong>Clique aqui!<\/strong><\/a><\/em><\/a><\/p>\n\n\n\n<p><a href=\"https:\/\/blog.univicosa.com.br\/index.php\/2021\/07\/14\/como-definir-e-cumprir-metas\/\">Como definir e cumprir metas? Aprenda!<\/a><\/p>\n\n\n\n<p><a href=\"https:\/\/blog.univicosa.com.br\/index.php\/2021\/06\/15\/10-passos-para-ter-um-perfil-mais-relevante-no-linkedin\/\">10 passos para ter um perfil mais relevante no LinkedIn!<\/a><\/p>\n\n\n\n<p><a href=\"https:\/\/blog.univicosa.com.br\/index.php\/2021\/06\/08\/8-dicas-para-se-preparar-para-uma-entrevista-de-estagio\/\">8 dicas para se preparar para uma entrevista de est\u00e1gio!<\/a><\/p>\n\n\n\n<p><a href=\"https:\/\/blog.univicosa.com.br\/index.php\/2021\/07\/20\/conheca-as-vantagens-de-fazer-uma-segunda-graduacao\/\">Conhe\u00e7a as vantagens de fazer uma segunda gradua\u00e7\u00e3o<\/a><\/p>\n\n\n\n<p><a href=\"https:\/\/blog.univicosa.com.br\/index.php\/2021\/07\/16\/5-dicas-para-se-destacar-no-mercado-de-trabalho\/\">5 dicas para se destacar no mercado de trabalho<\/a><\/p>\n\n\n\n<p><a href=\"https:\/\/blog.univicosa.com.br\/index.php\/2021\/06\/01\/5-dicas-para-ter-um-curriculo-de-destaque\/\">5 dicas para criar um curr\u00edculo de sucesso!<\/a><\/p>\n\n\n\n<p><a href=\"https:\/\/blog.univicosa.com.br\/index.php\/2021\/07\/16\/5-dicas-para-lidar-com-um-feedback-negativo\/\">5 dicas para lidar com um feedback negativo<\/a> <\/p>\n\n\n\n<p><\/p>\n","protected":false},"excerpt":{"rendered":"<p>Aproveite este checklist para evitar os 8 erros mais comuns na cria\u00e7\u00e3o de um curr\u00edculo. Confira nossas dicas e prepare um curr\u00edculo impec\u00e1vel! 8 erros na cria\u00e7\u00e3o de um CV que voc\u00ea deve evitar! Para ter mais chances de sucesso ao competir a uma vaga no mercado de trabalho, uma oportunidade de bolsa de pesquisa&#8230;<\/p>\n","protected":false},"author":2,"featured_media":2270,"comment_status":"open","ping_status":"open","sticky":false,"template":"","format":"standard","meta":{"spay_email":""},"categories":[22,1],"tags":[642,647,649,646,438,315,644,645,321,311,643,51,7,100,92,648,96,9,93],"jetpack_featured_media_url":"https:\/\/blog.univicosa.com.br\/wp-content\/uploads\/2021\/07\/curriculos-blog.png","jetpack_shortlink":"https:\/\/wp.me\/pbcCKk-AB","_links":{"self":[{"href":"https:\/\/blog.univicosa.com.br\/index.php\/wp-json\/wp\/v2\/posts\/2269"}],"collection":[{"href":"https:\/\/blog.univicosa.com.br\/index.php\/wp-json\/wp\/v2\/posts"}],"about":[{"href":"https:\/\/blog.univicosa.com.br\/index.php\/wp-json\/wp\/v2\/types\/post"}],"author":[{"embeddable":true,"href":"https:\/\/blog.univicosa.com.br\/index.php\/wp-json\/wp\/v2\/users\/2"}],"replies":[{"embeddable":true,"href":"https:\/\/blog.univicosa.com.br\/index.php\/wp-json\/wp\/v2\/comments?post=2269"}],"version-history":[{"count":1,"href":"https:\/\/blog.univicosa.com.br\/index.php\/wp-json\/wp\/v2\/posts\/2269\/revisions"}],"predecessor-version":[{"id":2274,"href":"https:\/\/blog.univicosa.com.br\/index.php\/wp-json\/wp\/v2\/posts\/2269\/revisions\/2274"}],"wp:featuredmedia":[{"embeddable":true,"href":"https:\/\/blog.univicosa.com.br\/index.php\/wp-json\/wp\/v2\/media\/2270"}],"wp:attachment":[{"href":"https:\/\/blog.univicosa.com.br\/index.php\/wp-json\/wp\/v2\/media?parent=2269"}],"wp:term":[{"taxonomy":"category","embeddable":true,"href":"https:\/\/blog.univicosa.com.br\/index.php\/wp-json\/wp\/v2\/categories?post=2269"},{"taxonomy":"post_tag","embeddable":true,"href":"https:\/\/blog.univicosa.com.br\/index.php\/wp-json\/wp\/v2\/tags?post=2269"}],"curies":[{"name":"wp","href":"https:\/\/api.w.org\/{rel}","templated":true}]}}