{"id":2194,"date":"2021-07-16T11:14:43","date_gmt":"2021-07-16T14:14:43","guid":{"rendered":"https:\/\/blog.univicosa.com.br\/?p=2194"},"modified":"2022-05-20T16:56:10","modified_gmt":"2022-05-20T19:56:10","slug":"5-dicas-para-se-destacar-no-mercado-de-trabalho","status":"publish","type":"post","link":"https:\/\/blog.univicosa.com.br\/index.php\/2021\/07\/16\/5-dicas-para-se-destacar-no-mercado-de-trabalho\/","title":{"rendered":"5 dicas para se destacar no mercado de trabalho"},"content":{"rendered":"\n<p>Diante de um cen\u00e1rio profissional&nbsp;cada vez mais competitivo, se destacar dentro do mercado de trabalho \u00e9 algo desejado por muitos empreendedores e trabalhadores, j\u00e1 que os n\u00fameros de desemprego no Brasil est\u00e3o alto.<\/p>\n\n\n\n<p>Aqueles que buscam se destacar no mercado de trabalho precisam saber focar seus esfor\u00e7os em campos que tenham maiores chances de acerto.&nbsp;<\/p>\n\n\n\n<p>Quer saber como se destacar em 5 passos? Ent\u00e3o vamos conferi-los agora:<\/p>\n\n\n\n<h2>Ser atualizado<\/h2>\n\n\n\n<p>Um profissional que pretende alcan\u00e7ar o destaque dentro da concorr\u00eancia precisa se manter atualizado no que est\u00e1 acontecendo dentro da \u00e1rea em que ele atua.<\/p>\n\n\n\n<p>\u00c9 preciso entender como o mercado tem agido, o que as empresas\/clientes t\u00eam pedido e saber quais s\u00e3o as compet\u00eancias extras que acabam ganhando os olhos do empregador no momento de contratar.&nbsp;<\/p>\n\n\n\n<p>Para se manter atualizado, o profissional deve pesquisar sobre as novidades do meio, as demandas mais frequentes e qual \u00e9 a pesquisa da \u00e1rea daqui alguns anos.&nbsp;<\/p>\n\n\n\n<figure class=\"wp-block-image size-large is-resized\"><img data-attachment-id=\"2197\" data-permalink=\"https:\/\/blog.univicosa.com.br\/index.php\/2021\/07\/16\/5-dicas-para-se-destacar-no-mercado-de-trabalho\/como-manter-se-atualizado-na-medicina\/\" data-orig-file=\"https:\/\/blog.univicosa.com.br\/wp-content\/uploads\/2021\/07\/como-manter-se-atualizado-na-medicina.jpg\" data-orig-size=\"950,456\" data-comments-opened=\"1\" data-image-meta=\"{&quot;aperture&quot;:&quot;0&quot;,&quot;credit&quot;:&quot;&quot;,&quot;camera&quot;:&quot;&quot;,&quot;caption&quot;:&quot;&quot;,&quot;created_timestamp&quot;:&quot;0&quot;,&quot;copyright&quot;:&quot;&quot;,&quot;focal_length&quot;:&quot;0&quot;,&quot;iso&quot;:&quot;0&quot;,&quot;shutter_speed&quot;:&quot;0&quot;,&quot;title&quot;:&quot;&quot;,&quot;orientation&quot;:&quot;0&quot;}\" data-image-title=\"como-manter-se-atualizado-na-medicina\" data-image-description=\"\" data-medium-file=\"https:\/\/blog.univicosa.com.br\/wp-content\/uploads\/2021\/07\/como-manter-se-atualizado-na-medicina-300x144.jpg\" data-large-file=\"https:\/\/blog.univicosa.com.br\/wp-content\/uploads\/2021\/07\/como-manter-se-atualizado-na-medicina.jpg\" loading=\"lazy\" src=\"https:\/\/blog.univicosa.com.br\/wp-content\/uploads\/2021\/07\/como-manter-se-atualizado-na-medicina.jpg\" alt=\"\" class=\"wp-image-2197\" width=\"532\" height=\"255\" srcset=\"https:\/\/blog.univicosa.com.br\/wp-content\/uploads\/2021\/07\/como-manter-se-atualizado-na-medicina.jpg 950w, https:\/\/blog.univicosa.com.br\/wp-content\/uploads\/2021\/07\/como-manter-se-atualizado-na-medicina-300x144.jpg 300w, https:\/\/blog.univicosa.com.br\/wp-content\/uploads\/2021\/07\/como-manter-se-atualizado-na-medicina-768x369.jpg 768w, https:\/\/blog.univicosa.com.br\/wp-content\/uploads\/2021\/07\/como-manter-se-atualizado-na-medicina-850x408.jpg 850w\" sizes=\"(max-width: 532px) 100vw, 532px\" \/><\/figure>\n\n\n\n<p>A internet \u00e9 uma ferramenta que pode ajudar bastante nesse processo, tanto na \u00e1rea da pesquisa quanto no consumo de conte\u00fados de capacita\u00e7\u00e3o, como v\u00eddeos, cursos, palestras e workshops.&nbsp;<\/p>\n\n\n\n<p>Essa \u00e9 uma forma de se diferenciar, mostrando energia para se adequar aos cen\u00e1rios do mercado e desejo de se manter atualizado, caracter\u00edsticas muito valorizadas.<\/p>\n\n\n\n<h2>Capacita\u00e7\u00e3o<\/h2>\n\n\n\n<p>\u00c9 necess\u00e1rio sair da zona de conforto e buscar cursos e certificados extras que possam agregar ao curr\u00edculo e ao conhecimento tamb\u00e9m, pois quanto mais um profissional \u00e9 capacitado, mais chances dentro do mercado de trabalho ele tem.<\/p>\n\n\n\n<p>Existem tantos recursos dispon\u00edveis na internet para melhorar a capacita\u00e7\u00e3o de um profissional, que a busca por algo a mais est\u00e1 muito ligada a for\u00e7a de vontade, ou mesmo na atitude de sair da zona de conforto.&nbsp;<\/p>\n\n\n\n<figure class=\"wp-block-image size-large is-resized\"><img data-attachment-id=\"2198\" data-permalink=\"https:\/\/blog.univicosa.com.br\/index.php\/2021\/07\/16\/5-dicas-para-se-destacar-no-mercado-de-trabalho\/formationenhistoire\/\" data-orig-file=\"https:\/\/blog.univicosa.com.br\/wp-content\/uploads\/2021\/07\/capacitacao-profissional-1080x675-1.jpg\" data-orig-size=\"1080,675\" data-comments-opened=\"1\" data-image-meta=\"{&quot;aperture&quot;:&quot;0&quot;,&quot;credit&quot;:&quot;www.blogabriel.com&quot;,&quot;camera&quot;:&quot;&quot;,&quot;caption&quot;:&quot;Formation+en+histoire&quot;,&quot;created_timestamp&quot;:&quot;0&quot;,&quot;copyright&quot;:&quot;&quot;,&quot;focal_length&quot;:&quot;0&quot;,&quot;iso&quot;:&quot;0&quot;,&quot;shutter_speed&quot;:&quot;0&quot;,&quot;title&quot;:&quot;Formation+en+histoire&quot;,&quot;orientation&quot;:&quot;0&quot;}\" data-image-title=\"Formation+en+histoire\" data-image-description=\"\" data-medium-file=\"https:\/\/blog.univicosa.com.br\/wp-content\/uploads\/2021\/07\/capacitacao-profissional-1080x675-1-300x188.jpg\" data-large-file=\"https:\/\/blog.univicosa.com.br\/wp-content\/uploads\/2021\/07\/capacitacao-profissional-1080x675-1-1024x640.jpg\" loading=\"lazy\" src=\"https:\/\/blog.univicosa.com.br\/wp-content\/uploads\/2021\/07\/capacitacao-profissional-1080x675-1-1024x640.jpg\" alt=\"\" class=\"wp-image-2198\" width=\"537\" height=\"335\" srcset=\"https:\/\/blog.univicosa.com.br\/wp-content\/uploads\/2021\/07\/capacitacao-profissional-1080x675-1-1024x640.jpg 1024w, https:\/\/blog.univicosa.com.br\/wp-content\/uploads\/2021\/07\/capacitacao-profissional-1080x675-1-300x188.jpg 300w, https:\/\/blog.univicosa.com.br\/wp-content\/uploads\/2021\/07\/capacitacao-profissional-1080x675-1-768x480.jpg 768w, https:\/\/blog.univicosa.com.br\/wp-content\/uploads\/2021\/07\/capacitacao-profissional-1080x675-1-850x531.jpg 850w, https:\/\/blog.univicosa.com.br\/wp-content\/uploads\/2021\/07\/capacitacao-profissional-1080x675-1.jpg 1080w\" sizes=\"(max-width: 537px) 100vw, 537px\" \/><\/figure>\n\n\n\n<p>Grande parte das empresas tamb\u00e9m se atualizam em busca de melhorar algo e otimizar as atividades e muitas vezes essas mudan\u00e7as tamb\u00e9m pedem adequa\u00e7\u00e3o.<\/p>\n\n\n\n<p>Assim, \u00e9 poss\u00edvel aprimorar a produtividade de modo geral, aliando a \u00e1rea de trabalho ao desenvolvimento do profissional.<\/p>\n\n\n\n<p>Formas mais avan\u00e7adas de capacita\u00e7\u00e3o s\u00e3o:<\/p>\n\n\n\n<ul><li>Gradua\u00e7\u00e3o;<\/li><li>P\u00f3s-gradua\u00e7\u00e3o;<\/li><li>Cursos renomados de atualiza\u00e7\u00e3o;<\/li><li>Desenvolvimento de experi\u00eancias em algumas empresas do ramo.<\/li><\/ul>\n\n\n\n<h2>Metas<\/h2>\n\n\n\n<p>Se deparar com obst\u00e1culos durante todo esse processo de capacita\u00e7\u00e3o ou em meio \u00e0 procura de um emprego \u00e9 algo comum.<\/p>\n\n\n\n<p>O que n\u00e3o quer dizer que \u00e9 preciso se abater com isso. Por isso, para garantir um foco maior, o profissional precisa definir <a href=\"https:\/\/blog.univicosa.com.br\/index.php\/2021\/07\/14\/como-definir-e-cumprir-metas\/\" data-type=\"URL\" data-id=\"https:\/\/blog.univicosa.com.br\/index.php\/2021\/07\/14\/como-definir-e-cumprir-metas\/\" target=\"_blank\" rel=\"noreferrer noopener\">metas a serem batidas<\/a>. Assim, objetivos s\u00e3o tra\u00e7ados e a busca por algo se torna mais palp\u00e1vel. Mesmo com os obst\u00e1culos, \u00e9 preciso se manter dedicado, com ideias e prop\u00f3sitos que alcancem as metas.<\/p>\n\n\n\n<figure class=\"wp-block-image size-large is-resized\"><img data-attachment-id=\"2199\" data-permalink=\"https:\/\/blog.univicosa.com.br\/index.php\/2021\/07\/16\/5-dicas-para-se-destacar-no-mercado-de-trabalho\/metas\/\" data-orig-file=\"https:\/\/blog.univicosa.com.br\/wp-content\/uploads\/2021\/07\/Metas.png\" data-orig-size=\"700,359\" data-comments-opened=\"1\" data-image-meta=\"{&quot;aperture&quot;:&quot;0&quot;,&quot;credit&quot;:&quot;&quot;,&quot;camera&quot;:&quot;&quot;,&quot;caption&quot;:&quot;&quot;,&quot;created_timestamp&quot;:&quot;0&quot;,&quot;copyright&quot;:&quot;&quot;,&quot;focal_length&quot;:&quot;0&quot;,&quot;iso&quot;:&quot;0&quot;,&quot;shutter_speed&quot;:&quot;0&quot;,&quot;title&quot;:&quot;&quot;,&quot;orientation&quot;:&quot;0&quot;}\" data-image-title=\"Metas\" data-image-description=\"\" data-medium-file=\"https:\/\/blog.univicosa.com.br\/wp-content\/uploads\/2021\/07\/Metas-300x154.png\" data-large-file=\"https:\/\/blog.univicosa.com.br\/wp-content\/uploads\/2021\/07\/Metas.png\" loading=\"lazy\" src=\"https:\/\/blog.univicosa.com.br\/wp-content\/uploads\/2021\/07\/Metas.png\" alt=\"\" class=\"wp-image-2199\" width=\"527\" height=\"270\" srcset=\"https:\/\/blog.univicosa.com.br\/wp-content\/uploads\/2021\/07\/Metas.png 700w, https:\/\/blog.univicosa.com.br\/wp-content\/uploads\/2021\/07\/Metas-300x154.png 300w\" sizes=\"(max-width: 527px) 100vw, 527px\" \/><\/figure>\n\n\n\n<p>No caso de empreendimentos, as metas tamb\u00e9m podem ser estabelecidas para a equipe, ou mesmo para o crescimento da marca, compartilhando os passos para o desenvolvimento de todos.<\/p>\n\n\n\n<h2>Prioridade<\/h2>\n\n\n\n<p>Listar prioridades durante todo esse processo \u00e9 algo t\u00e3o importante quanto o ato de tra\u00e7ar metas. Inclusive, em primeiro lugar de uma \u201clista\u201d, a pr\u00f3pria pessoa deve ser colocada.<\/p>\n\n\n\n<p>Isso porque n\u00e3o h\u00e1 ferramenta ou capacita\u00e7\u00e3o alguma se n\u00e3o existe a pr\u00f3pria pessoa para fazer isso, seja no sentido de sa\u00fade, seja na organiza\u00e7\u00e3o de sua rotina.<\/p>\n\n\n\n<figure class=\"wp-block-image size-large is-resized\"><img data-attachment-id=\"2200\" data-permalink=\"https:\/\/blog.univicosa.com.br\/index.php\/2021\/07\/16\/5-dicas-para-se-destacar-no-mercado-de-trabalho\/prioridades2-696x507-1\/\" data-orig-file=\"https:\/\/blog.univicosa.com.br\/wp-content\/uploads\/2021\/07\/Prioridades2-696x507-1.jpg\" data-orig-size=\"696,507\" data-comments-opened=\"1\" data-image-meta=\"{&quot;aperture&quot;:&quot;0&quot;,&quot;credit&quot;:&quot;&quot;,&quot;camera&quot;:&quot;&quot;,&quot;caption&quot;:&quot;&quot;,&quot;created_timestamp&quot;:&quot;0&quot;,&quot;copyright&quot;:&quot;&quot;,&quot;focal_length&quot;:&quot;0&quot;,&quot;iso&quot;:&quot;0&quot;,&quot;shutter_speed&quot;:&quot;0&quot;,&quot;title&quot;:&quot;&quot;,&quot;orientation&quot;:&quot;0&quot;}\" data-image-title=\"Prioridades2-696&#215;507-1\" data-image-description=\"\" data-medium-file=\"https:\/\/blog.univicosa.com.br\/wp-content\/uploads\/2021\/07\/Prioridades2-696x507-1-300x219.jpg\" data-large-file=\"https:\/\/blog.univicosa.com.br\/wp-content\/uploads\/2021\/07\/Prioridades2-696x507-1.jpg\" loading=\"lazy\" src=\"https:\/\/blog.univicosa.com.br\/wp-content\/uploads\/2021\/07\/Prioridades2-696x507-1.jpg\" alt=\"\" class=\"wp-image-2200\" width=\"521\" height=\"379\" srcset=\"https:\/\/blog.univicosa.com.br\/wp-content\/uploads\/2021\/07\/Prioridades2-696x507-1.jpg 696w, https:\/\/blog.univicosa.com.br\/wp-content\/uploads\/2021\/07\/Prioridades2-696x507-1-300x219.jpg 300w\" sizes=\"(max-width: 521px) 100vw, 521px\" \/><\/figure>\n\n\n\n<p>Assim, se colocar em primeiro lugar \u00e9 manter a sa\u00fade do corpo e da mente est\u00e1veis para seguir em busca dos objetivos. Apenas dessa forma, se \u00e9 capaz de alcan\u00e7ar metas e ser realmente um destaque dentro do mercado de trabalho.&nbsp;<\/p>\n\n\n\n<h2>Curr\u00edculo  <\/h2>\n\n\n\n<p>Para que seu curr\u00edculo chame a aten\u00e7\u00e3o dos recrutadores, ele deve ser conciso e apresentar as informa\u00e7\u00f5es mais relevantes sobre sua vida profissional. Um&nbsp;bom curr\u00edculo&nbsp;deve conter:<\/p>\n\n\n\n<ul><li>objetivo profissional: o que voc\u00ea espera alcan\u00e7ar com o emprego;<\/li><li>realiza\u00e7\u00f5es: o que&nbsp;fez em outras empresas\/experi\u00eancias e como poder\u00e1&nbsp;ajudar no crescimento da empresa na qual voc\u00ea est\u00e1 requerendo a oportunidade de trabalho;<\/li><li>forma\u00e7\u00e3o: datas e nomes das institui\u00e7\u00f5es onde voc\u00ea fez os principais cursos&nbsp;ou das&nbsp;palestras que participou e que t\u00eam a ver com a \u00e1rea de atua\u00e7\u00e3o do emprego pretendido;<\/li><li>experi\u00eancia anterior: nomes das empresas nas quais voc\u00ea j\u00e1 trabalhou, incluindo o per\u00edodo.<\/li><\/ul>\n\n\n\n<p>Se voc\u00ea n\u00e3o tem experi\u00eancia anterior por estar&nbsp;procurando seu&nbsp;primeiro emprego, saiba que esse \u00e9 um bom motivo para caprichar no objetivo profissional, na experi\u00eancia acad\u00eamica e nas descri\u00e7\u00f5es de como poder\u00e1 ajudar a empresa.<\/p>\n\n\n\n<p><\/p>\n\n\n\n<p><a rel=\"noreferrer noopener\" href=\"https:\/\/blog.univicosa.com.br\/index.php\/2021\/07\/09\/voce-sabe-a-diferenca-entre-trabalhabilidade-e-empregabilidade\/\" data-type=\"URL\" data-id=\"https:\/\/blog.univicosa.com.br\/index.php\/2021\/07\/09\/voce-sabe-a-diferenca-entre-trabalhabilidade-e-empregabilidade\/\" target=\"_blank\">Voc\u00ea sabe a diferen\u00e7a entre Trabalhabilidade e Empregabilidade?<\/a><\/p>\n\n\n\n<p><a rel=\"noreferrer noopener\" href=\"https:\/\/blog.univicosa.com.br\/index.php\/2020\/04\/29\/guia-de-organizacao-no-home-office-dicas-deixar-o-seu-ambiente-mais-produtivo\/\" data-type=\"URL\" data-id=\"https:\/\/blog.univicosa.com.br\/index.php\/2020\/04\/29\/guia-de-organizacao-no-home-office-dicas-deixar-o-seu-ambiente-mais-produtivo\/\" target=\"_blank\">Guia de organiza\u00e7\u00e3o: dicas para deixar seu ambiente de estudos mais produtivo!<\/a><\/p>\n\n\n\n<p><a rel=\"noreferrer noopener\" href=\"https:\/\/blog.univicosa.com.br\/index.php\/2021\/06\/01\/5-dicas-para-ter-um-curriculo-de-destaque\/\" data-type=\"URL\" data-id=\"https:\/\/blog.univicosa.com.br\/index.php\/2021\/06\/01\/5-dicas-para-ter-um-curriculo-de-destaque\/\" target=\"_blank\">5 dicas para criar um curr\u00edculo de sucesso!<\/a><\/p>\n\n\n\n<p><a rel=\"noreferrer noopener\" href=\"https:\/\/blog.univicosa.com.br\/index.php\/2021\/07\/14\/como-definir-e-cumprir-metas\/\" data-type=\"URL\" data-id=\"https:\/\/blog.univicosa.com.br\/index.php\/2021\/07\/14\/como-definir-e-cumprir-metas\/\" target=\"_blank\">Como definir e cumprir metas?<\/a><\/p>\n\n\n\n<p><a href=\"https:\/\/blog.univicosa.com.br\/index.php\/2021\/07\/08\/networking-e-a-pandemia-como-estabelecer-conexoes-autenticas-em-tempos-de-distanciamento-social\/\" data-type=\"URL\" data-id=\"https:\/\/blog.univicosa.com.br\/index.php\/2021\/07\/08\/networking-e-a-pandemia-como-estabelecer-conexoes-autenticas-em-tempos-de-distanciamento-social\/\" target=\"_blank\" rel=\"noreferrer noopener\">Saiba o que \u00e9 Networking e potencialize sua carreira profissional!<\/a><\/p>\n","protected":false},"excerpt":{"rendered":"<p>Diante de um cen\u00e1rio profissional&nbsp;cada vez mais competitivo, se destacar dentro do mercado de trabalho \u00e9 algo desejado por muitos empreendedores e trabalhadores, j\u00e1 que os n\u00fameros de desemprego no Brasil est\u00e3o alto. Aqueles que buscam se destacar no mercado de trabalho precisam saber focar seus esfor\u00e7os em campos que tenham maiores chances de acerto.&nbsp;&#8230;<\/p>\n","protected":false},"author":2,"featured_media":2204,"comment_status":"open","ping_status":"open","sticky":false,"template":"","format":"standard","meta":{"spay_email":""},"categories":[1],"tags":[578,315,166,353,100,563,579,159,9,93],"jetpack_featured_media_url":"https:\/\/blog.univicosa.com.br\/wp-content\/uploads\/2021\/07\/Copia-de-Copia-de-ORIENTACAO-1.png","jetpack_shortlink":"https:\/\/wp.me\/pbcCKk-zo","_links":{"self":[{"href":"https:\/\/blog.univicosa.com.br\/index.php\/wp-json\/wp\/v2\/posts\/2194"}],"collection":[{"href":"https:\/\/blog.univicosa.com.br\/index.php\/wp-json\/wp\/v2\/posts"}],"about":[{"href":"https:\/\/blog.univicosa.com.br\/index.php\/wp-json\/wp\/v2\/types\/post"}],"author":[{"embeddable":true,"href":"https:\/\/blog.univicosa.com.br\/index.php\/wp-json\/wp\/v2\/users\/2"}],"replies":[{"embeddable":true,"href":"https:\/\/blog.univicosa.com.br\/index.php\/wp-json\/wp\/v2\/comments?post=2194"}],"version-history":[{"count":3,"href":"https:\/\/blog.univicosa.com.br\/index.php\/wp-json\/wp\/v2\/posts\/2194\/revisions"}],"predecessor-version":[{"id":2203,"href":"https:\/\/blog.univicosa.com.br\/index.php\/wp-json\/wp\/v2\/posts\/2194\/revisions\/2203"}],"wp:featuredmedia":[{"embeddable":true,"href":"https:\/\/blog.univicosa.com.br\/index.php\/wp-json\/wp\/v2\/media\/2204"}],"wp:attachment":[{"href":"https:\/\/blog.univicosa.com.br\/index.php\/wp-json\/wp\/v2\/media?parent=2194"}],"wp:term":[{"taxonomy":"category","embeddable":true,"href":"https:\/\/blog.univicosa.com.br\/index.php\/wp-json\/wp\/v2\/categories?post=2194"},{"taxonomy":"post_tag","embeddable":true,"href":"https:\/\/blog.univicosa.com.br\/index.php\/wp-json\/wp\/v2\/tags?post=2194"}],"curies":[{"name":"wp","href":"https:\/\/api.w.org\/{rel}","templated":true}]}}