{"id":2173,"date":"2021-07-09T14:38:06","date_gmt":"2021-07-09T17:38:06","guid":{"rendered":"https:\/\/blog.univicosa.com.br\/?p=2173"},"modified":"2021-07-09T14:38:07","modified_gmt":"2021-07-09T17:38:07","slug":"poluicao-do-ar-compromete-a-sua-saude-e-provoca-avcs","status":"publish","type":"post","link":"https:\/\/blog.univicosa.com.br\/index.php\/2021\/07\/09\/poluicao-do-ar-compromete-a-sua-saude-e-provoca-avcs\/","title":{"rendered":"Polui\u00e7\u00e3o do ar compromete a sua sa\u00fade e provoca AVCs!"},"content":{"rendered":"\n<figure class=\"wp-block-image size-large\"><img data-attachment-id=\"2174\" data-permalink=\"https:\/\/blog.univicosa.com.br\/index.php\/2021\/07\/09\/poluicao-do-ar-compromete-a-sua-saude-e-provoca-avcs\/poluicao-ambiental-blog\/\" data-orig-file=\"https:\/\/blog.univicosa.com.br\/wp-content\/uploads\/2021\/07\/poluicao-ambiental-blog.png\" data-orig-size=\"1024,576\" data-comments-opened=\"1\" data-image-meta=\"{&quot;aperture&quot;:&quot;0&quot;,&quot;credit&quot;:&quot;&quot;,&quot;camera&quot;:&quot;&quot;,&quot;caption&quot;:&quot;&quot;,&quot;created_timestamp&quot;:&quot;0&quot;,&quot;copyright&quot;:&quot;&quot;,&quot;focal_length&quot;:&quot;0&quot;,&quot;iso&quot;:&quot;0&quot;,&quot;shutter_speed&quot;:&quot;0&quot;,&quot;title&quot;:&quot;&quot;,&quot;orientation&quot;:&quot;0&quot;}\" data-image-title=\"poluicao-ambiental-blog\" data-image-description=\"\" data-medium-file=\"https:\/\/blog.univicosa.com.br\/wp-content\/uploads\/2021\/07\/poluicao-ambiental-blog-300x169.png\" data-large-file=\"https:\/\/blog.univicosa.com.br\/wp-content\/uploads\/2021\/07\/poluicao-ambiental-blog.png\" loading=\"lazy\" width=\"1024\" height=\"576\" src=\"https:\/\/blog.univicosa.com.br\/wp-content\/uploads\/2021\/07\/poluicao-ambiental-blog.png\" alt=\"\" class=\"wp-image-2174\" srcset=\"https:\/\/blog.univicosa.com.br\/wp-content\/uploads\/2021\/07\/poluicao-ambiental-blog.png 1024w, https:\/\/blog.univicosa.com.br\/wp-content\/uploads\/2021\/07\/poluicao-ambiental-blog-300x169.png 300w, https:\/\/blog.univicosa.com.br\/wp-content\/uploads\/2021\/07\/poluicao-ambiental-blog-768x432.png 768w, https:\/\/blog.univicosa.com.br\/wp-content\/uploads\/2021\/07\/poluicao-ambiental-blog-850x478.png 850w\" sizes=\"(max-width: 1024px) 100vw, 1024px\" \/><\/figure>\n\n\n\n<p>VIVER EM<strong> \u00c1REAS POLU\u00cdDAS<\/strong> AMPLIA <strong>RISCO <\/strong>DE <strong>ENTUPIMENTO <\/strong>DE <strong>ART\u00c9RIAS<\/strong>!<\/p>\n\n\n\n<p>A<strong> polui\u00e7\u00e3o do ar<\/strong> pode provocar <strong>problemas <\/strong>de <strong>sa\u00fade <\/strong>em <strong>pessoas <\/strong>que <strong>vivem <\/strong>em <strong>cidades polu\u00eddas<\/strong>. Essa \u00e9 a conclus\u00e3o de um estudo realizado em cidades com<strong> qualidade do ar<\/strong> duvidosa, apontando que os problemas est\u00e3o relacionados especificamente com o <strong>Acidente Vascular Cerebral <\/strong>(AVC), devido ao <strong>entupimento das art\u00e9rias<\/strong>. Pesquisadores do <strong>Centro M\u00e9dico Langone<\/strong>, em <strong>Nova York <\/strong>(Estados Unidos), estudaram registros com mais de <strong>300 mil pessoas<\/strong> que vivem em <strong>Nova York, Nova Jersey e Connecticut.<\/strong><\/p>\n\n\n\n<p>Com essa <strong>pesquisa<\/strong>, descobriram que pessoas que <strong>vivem <\/strong>em \u00e1reas <strong>polu\u00eddas <\/strong>est\u00e3o mais <strong>suscept\u00edveis ao entupimento das art\u00e9rias car\u00f3tidas<\/strong> do que as pessoas que <strong>vivem <\/strong>em <strong>regi\u00f5es menos polu\u00eddas<\/strong>. O objeto de estudo dos pesquisadores foram os <strong>materiais particulados<\/strong>, que em ingl\u00eas s\u00e3o conhecidos pela sigla <strong>PM <\/strong>(Particulate Matter). Os PM podem ser provenientes de fontes tanto naturais quanto antropog\u00eanicas, sendo uma dessas<strong> fontes naturais os vulc\u00f5es<\/strong>, por exemplo. J\u00e1 as principais fontes antropog\u00eanicas de material particulado (PM) s\u00e3o a queima de combust\u00edveis f\u00f3sseis em motores de <strong>combust\u00e3o interna de ve\u00edculos.<\/strong><\/p>\n\n\n\n<figure class=\"wp-block-image size-large is-resized\"><img data-attachment-id=\"2175\" data-permalink=\"https:\/\/blog.univicosa.com.br\/index.php\/2021\/07\/09\/poluicao-do-ar-compromete-a-sua-saude-e-provoca-avcs\/si_poluicao_corona\/\" data-orig-file=\"https:\/\/blog.univicosa.com.br\/wp-content\/uploads\/2021\/07\/si_poluicao_corona.jpg\" data-orig-size=\"1024,682\" data-comments-opened=\"1\" data-image-meta=\"{&quot;aperture&quot;:&quot;0&quot;,&quot;credit&quot;:&quot;&quot;,&quot;camera&quot;:&quot;&quot;,&quot;caption&quot;:&quot;&quot;,&quot;created_timestamp&quot;:&quot;0&quot;,&quot;copyright&quot;:&quot;&quot;,&quot;focal_length&quot;:&quot;0&quot;,&quot;iso&quot;:&quot;0&quot;,&quot;shutter_speed&quot;:&quot;0&quot;,&quot;title&quot;:&quot;&quot;,&quot;orientation&quot;:&quot;0&quot;}\" data-image-title=\"si_poluicao_corona\" data-image-description=\"\" data-medium-file=\"https:\/\/blog.univicosa.com.br\/wp-content\/uploads\/2021\/07\/si_poluicao_corona-300x200.jpg\" data-large-file=\"https:\/\/blog.univicosa.com.br\/wp-content\/uploads\/2021\/07\/si_poluicao_corona.jpg\" loading=\"lazy\" src=\"https:\/\/blog.univicosa.com.br\/wp-content\/uploads\/2021\/07\/si_poluicao_corona.jpg\" alt=\"\" class=\"wp-image-2175\" width=\"542\" height=\"361\" srcset=\"https:\/\/blog.univicosa.com.br\/wp-content\/uploads\/2021\/07\/si_poluicao_corona.jpg 1024w, https:\/\/blog.univicosa.com.br\/wp-content\/uploads\/2021\/07\/si_poluicao_corona-300x200.jpg 300w, https:\/\/blog.univicosa.com.br\/wp-content\/uploads\/2021\/07\/si_poluicao_corona-768x512.jpg 768w, https:\/\/blog.univicosa.com.br\/wp-content\/uploads\/2021\/07\/si_poluicao_corona-850x566.jpg 850w\" sizes=\"(max-width: 542px) 100vw, 542px\" \/><\/figure>\n\n\n\n<p>Os <strong>chamados PM<\/strong> s\u00e3o uma <strong>mistura <\/strong>de <strong>subst\u00e2ncias <\/strong>muito pequenas que podem ser de <strong>materiais<\/strong> como <strong>\u00e1cidos<\/strong>, <strong>sulfatos<\/strong>, <strong>nitratos<\/strong>, <strong>poeira<\/strong>, <strong>dentre outros<\/strong>. Esse material <strong>particulado <\/strong>pode ser dividido em<strong> 2 classes<\/strong>, sendo elas os<strong> PM<sub>2,5<\/sub><\/strong>\u00a0\u2014 constitu\u00eddos por <strong>part\u00edculas <\/strong>cujo tamanho chega at\u00e9 <strong>2,5 micr\u00f4metros<\/strong> \u2014 e <strong>PM<sub>10<\/sub><\/strong>\u00a0\u2014<strong>part\u00edculas <\/strong>de tamanho entre<strong> 2,5 e 10 micr\u00f4metros<\/strong>.<\/p>\n\n\n\n<p>No caso espec\u00edfico dessa <strong>pesquisa <\/strong>realizada em Nova York, o objeto de estudo foram apenas os <strong>PM<sub>2,5<\/sub><\/strong>, provenientes de<strong> processos industriais, ve\u00edculos e combust\u00e3o de biomassa<\/strong>. \u00c9 justamente devido ao seu tamanho reduzido que os<strong> PM<sub>2,5<\/sub><\/strong>\u00a0\u00a0s\u00e3o facilmente <strong>inal\u00e1veis <\/strong>e, com o passar dos anos, <strong>acumulam no organismo <\/strong>podendo causar o <strong>AVC<\/strong>, decorrente do entupimento das veias.<\/p>\n\n\n\n<p>Segundo <em><strong>Jonathan Newman<\/strong><\/em>, <strong>cardiologista <\/strong>que comandou a pesquisa cient\u00edfica, ainda<strong> n\u00e3o \u00e9 poss\u00edvel<\/strong> estabelecer a influ\u00eancia direta da <strong>polui\u00e7\u00e3o, <\/strong>mas o estudo <strong>sugere <\/strong>que a <strong>redu\u00e7\u00e3o <\/strong>dos<strong> n\u00edveis de contamina\u00e7\u00e3o do ar<\/strong> influencia na<strong> queda da incid\u00eancia<\/strong> de problemas nas <strong>art\u00e9rias car\u00f3tidas <\/strong>e, consequentemente, poss\u00edveis epis\u00f3dios de <strong>AVC<\/strong>.<\/p>\n\n\n\n<p><\/p>\n\n\n\n<p><a href=\"https:\/\/www.univicosa.com.br\/graduacao\/cursos\/engenharia_ambiental\">Curtiu e quer saber mais sobre o curso de&nbsp;<strong>Engenharia Ambeintal&nbsp;<\/strong>da&nbsp;<strong>UNIVI\u00c7OSA<\/strong>? Ent\u00e3o acesse o site da Univi\u00e7osa, clique aqui!<\/a><\/p>\n\n\n\n<p><a href=\"https:\/\/blog.univicosa.com.br\/index.php\/2021\/06\/10\/voce-sabia-ja-existe-uma-tinta-que-absorve-poluicao\/\">Voc\u00ea sabia? J\u00e1 existe uma tinta que absorve polui\u00e7\u00e3o!<\/a><\/p>\n\n\n\n<p><a href=\"https:\/\/blog.univicosa.com.br\/index.php\/2020\/06\/05\/como-a-tecnologia-atua-no-meio-ambiente\/\">Como a tecnologia atua no meio ambiente?<\/a><\/p>\n\n\n\n<p><a href=\"https:\/\/blog.univicosa.com.br\/index.php\/2021\/06\/08\/8-dicas-para-se-preparar-para-uma-entrevista-de-estagio\/\">8 dicas para se preparar para uma entrevista de est\u00e1gio!<\/a><\/p>\n\n\n\n<p><a href=\"https:\/\/blog.univicosa.com.br\/index.php\/2021\/05\/26\/dicas-para-organizar-o-seu-estudo-em-casa\/\">Dicas para organizar o seu estudo em casa!<\/a><\/p>\n\n\n\n<p><a href=\"https:\/\/blog.univicosa.com.br\/index.php\/2021\/06\/09\/vida-universitaria-alguns-detalhes-que-esqueceram-de-contar\/\">Vida universit\u00e1ria: alguns detalhes que esqueceram de te contar<\/a><\/p>\n\n\n\n<p><a href=\"https:\/\/blog.univicosa.com.br\/index.php\/2021\/06\/17\/plastico-o-mais-novo-condutor-de-energia-e-eletricidade\/\">Pl\u00e1stico: o mais novo condutor de energia e eletricidade!<\/a> <\/p>\n\n\n\n<p><a href=\"https:\/\/blog.univicosa.com.br\/index.php\/2021\/06\/25\/saiba-como-a-tecnologia-ajuda-na-preservacao-do-solo-ar-e-agua\/\">Saiba como a tecnologia ajuda na preserva\u00e7\u00e3o do solo, ar e \u00e1gua!<\/a><\/p>\n\n\n\n<p><a href=\"https:\/\/blog.univicosa.com.br\/index.php\/2021\/06\/01\/5-dicas-para-ter-um-curriculo-de-destaque\/\">5 dicas para criar um curr\u00edculo de sucesso!<\/a><\/p>\n\n\n\n<p><\/p>\n","protected":false},"excerpt":{"rendered":"<p>VIVER EM \u00c1REAS POLU\u00cdDAS AMPLIA RISCO DE ENTUPIMENTO DE ART\u00c9RIAS! A polui\u00e7\u00e3o do ar pode provocar problemas de sa\u00fade em pessoas que vivem em cidades polu\u00eddas. Essa \u00e9 a conclus\u00e3o de um estudo realizado em cidades com qualidade do ar duvidosa, apontando que os problemas est\u00e3o relacionados especificamente com o Acidente Vascular Cerebral (AVC), devido&#8230;<\/p>\n","protected":false},"author":2,"featured_media":2174,"comment_status":"open","ping_status":"open","sticky":false,"template":"","format":"standard","meta":{"spay_email":""},"categories":[29,14],"tags":[541,54,539,538,540,544,543,87,273,51,95,546,92,545,80,354,537,64,96,50,542,93],"jetpack_featured_media_url":"https:\/\/blog.univicosa.com.br\/wp-content\/uploads\/2021\/07\/poluicao-ambiental-blog.png","jetpack_shortlink":"https:\/\/wp.me\/pbcCKk-z3","_links":{"self":[{"href":"https:\/\/blog.univicosa.com.br\/index.php\/wp-json\/wp\/v2\/posts\/2173"}],"collection":[{"href":"https:\/\/blog.univicosa.com.br\/index.php\/wp-json\/wp\/v2\/posts"}],"about":[{"href":"https:\/\/blog.univicosa.com.br\/index.php\/wp-json\/wp\/v2\/types\/post"}],"author":[{"embeddable":true,"href":"https:\/\/blog.univicosa.com.br\/index.php\/wp-json\/wp\/v2\/users\/2"}],"replies":[{"embeddable":true,"href":"https:\/\/blog.univicosa.com.br\/index.php\/wp-json\/wp\/v2\/comments?post=2173"}],"version-history":[{"count":1,"href":"https:\/\/blog.univicosa.com.br\/index.php\/wp-json\/wp\/v2\/posts\/2173\/revisions"}],"predecessor-version":[{"id":2176,"href":"https:\/\/blog.univicosa.com.br\/index.php\/wp-json\/wp\/v2\/posts\/2173\/revisions\/2176"}],"wp:featuredmedia":[{"embeddable":true,"href":"https:\/\/blog.univicosa.com.br\/index.php\/wp-json\/wp\/v2\/media\/2174"}],"wp:attachment":[{"href":"https:\/\/blog.univicosa.com.br\/index.php\/wp-json\/wp\/v2\/media?parent=2173"}],"wp:term":[{"taxonomy":"category","embeddable":true,"href":"https:\/\/blog.univicosa.com.br\/index.php\/wp-json\/wp\/v2\/categories?post=2173"},{"taxonomy":"post_tag","embeddable":true,"href":"https:\/\/blog.univicosa.com.br\/index.php\/wp-json\/wp\/v2\/tags?post=2173"}],"curies":[{"name":"wp","href":"https:\/\/api.w.org\/{rel}","templated":true}]}}