{"id":2162,"date":"2021-07-09T15:44:53","date_gmt":"2021-07-09T18:44:53","guid":{"rendered":"https:\/\/blog.univicosa.com.br\/?p=2162"},"modified":"2022-05-20T16:55:55","modified_gmt":"2022-05-20T19:55:55","slug":"voce-sabe-a-diferenca-entre-trabalhabilidade-e-empregabilidade","status":"publish","type":"post","link":"https:\/\/blog.univicosa.com.br\/index.php\/2021\/07\/09\/voce-sabe-a-diferenca-entre-trabalhabilidade-e-empregabilidade\/","title":{"rendered":"Voc\u00ea sabe a diferen\u00e7a entre Trabalhabilidade e Empregabilidade?"},"content":{"rendered":"\n<p>O mundo do trabalho vem passando por uma <strong>transforma\u00e7\u00e3o<\/strong>, com menos foco na empregabilidade e com um novo foco na <strong>Trabalhabilidade<\/strong>.&nbsp;Este <strong>novo conceito<\/strong> \u00e9 uma forma de enxergar a carreira com <strong>novos olhos<\/strong>! Mas afinal, o que isso<strong> significa<\/strong>? \u00c9 o que vou te contar agora!<\/p>\n\n\n\n<h2><strong>O que \u00e9 Trabalhabilidade?<\/strong><\/h2>\n\n\n\n<p>O conceito de trabalhabilidade faz refer\u00eancia ao&nbsp;<strong>desenvolvimento do potencial<\/strong>&nbsp;<strong>que cada indiv\u00edduo tem para gerar trabalho e, consequentemente,&nbsp;renda<\/strong>. Seja como empreendedor, como aut\u00f4nomo ou como profissional liberal.&nbsp;<\/p>\n\n\n\n<p>Todas essas <strong>potencialidades <\/strong>se somam e s\u00e3o convertidas em diferenciais de um profissional que&nbsp;<strong>investe no autoconhecimento&nbsp;<\/strong>e tem postura ativa no seu&nbsp;<strong>desenvolvimento<\/strong> <strong>pessoal<\/strong>&nbsp;e tamb\u00e9m no da sua<strong> carreira.<\/strong><\/p>\n\n\n\n<p>Nesse sentido, a <strong>Trabalhabilidade <\/strong>est\u00e1 relacionada ao <strong>movimento<\/strong>, onde uma pessoa encara o mundo de forma mais ativa e <strong>consciente <\/strong>para <strong>contribuir<\/strong> na resolu\u00e7\u00e3o de problemas complexos e imprevis\u00edveis.<\/p>\n\n\n\n<p>Novas <strong>profiss\u00f5es surgem <\/strong>a todo momento, e na mesma l\u00f3gica, profiss\u00f5es existentes deixam de existir. Dessa forma, somos pressionados a nos <strong>atualizar<\/strong> e nos reinventar constantemente, para enfrentar as transi\u00e7\u00f5es em nossas <strong>carreiras<\/strong> que exigem novas habilidades e compet\u00eancias, impostas pelo mundo.<\/p>\n\n\n\n<h2><strong>Diferen\u00e7as entre Trabalhabilidade e Empregabilidade<\/strong><\/h2>\n\n\n\n<p>Durante muito tempo, a <strong>empregabilidade esteve em alta,<\/strong> por\u00e9m, os profissionais perceberam que apenas ela n\u00e3o preenchia as necessidades socioecon\u00f4micas exigidas pelo <strong>mercado de trabalho<\/strong>.<\/p>\n\n\n\n<p>A express\u00e3o <strong>empregabilidade<\/strong> se baseia na capacidade de <strong>adequa\u00e7\u00e3o<\/strong> do <strong>profissional ao mercado de trabalho<\/strong>. Quanto mais adaptado o profissional, maior a sua empregabilidade. Mas, no <strong>novo mundo<\/strong> do trabalho, essa vertente come\u00e7a a <strong>cair por terra<\/strong>, e o foco come\u00e7a a se voltar totalmente para a&nbsp;Trabalhabilidade.<\/p>\n\n\n\n<p>O diferencial entre ambas est\u00e1 na&nbsp;<strong>capacidade de estimular a criatividade humana, a colabora\u00e7\u00e3o e as mais diversas habilidades desenvolvidas ao longo da vida profissional<\/strong>&nbsp;do indiv\u00edduo que v\u00e3o muito al\u00e9m das experi\u00eancias profissionais. A <strong>trabalhabilidade<\/strong> atende a um mercado que busca e necessita cada vez mais de <strong>profissionais criativos, flex\u00edveis e adapt\u00e1veis.<\/strong><\/p>\n\n\n\n<p>A imagem abaixo, representa de forma resumida, as <strong>principais diferen\u00e7as <\/strong>entre a<strong> Empregabilidade <\/strong>e a<strong> Trabalhabilidade <\/strong>&#x1f447;<\/p>\n\n\n\n<figure class=\"wp-block-image size-large is-resized\"><img data-attachment-id=\"2170\" data-permalink=\"https:\/\/blog.univicosa.com.br\/index.php\/2021\/07\/09\/voce-sabe-a-diferenca-entre-trabalhabilidade-e-empregabilidade\/copia-de-copia-de-copia-de-orientacao-2-3\/\" data-orig-file=\"https:\/\/blog.univicosa.com.br\/wp-content\/uploads\/2021\/07\/Copia-de-Copia-de-Copia-de-ORIENTACAO-2.png\" data-orig-size=\"1024,576\" data-comments-opened=\"1\" data-image-meta=\"{&quot;aperture&quot;:&quot;0&quot;,&quot;credit&quot;:&quot;&quot;,&quot;camera&quot;:&quot;&quot;,&quot;caption&quot;:&quot;&quot;,&quot;created_timestamp&quot;:&quot;0&quot;,&quot;copyright&quot;:&quot;&quot;,&quot;focal_length&quot;:&quot;0&quot;,&quot;iso&quot;:&quot;0&quot;,&quot;shutter_speed&quot;:&quot;0&quot;,&quot;title&quot;:&quot;&quot;,&quot;orientation&quot;:&quot;0&quot;}\" data-image-title=\"Copia-de-Copia-de-Copia-de-ORIENTACAO-2\" data-image-description=\"\" data-medium-file=\"https:\/\/blog.univicosa.com.br\/wp-content\/uploads\/2021\/07\/Copia-de-Copia-de-Copia-de-ORIENTACAO-2-300x169.png\" data-large-file=\"https:\/\/blog.univicosa.com.br\/wp-content\/uploads\/2021\/07\/Copia-de-Copia-de-Copia-de-ORIENTACAO-2.png\" loading=\"lazy\" src=\"https:\/\/blog.univicosa.com.br\/wp-content\/uploads\/2021\/07\/Copia-de-Copia-de-Copia-de-ORIENTACAO-2.png\" alt=\"\" class=\"wp-image-2170\" width=\"694\" height=\"390\" srcset=\"https:\/\/blog.univicosa.com.br\/wp-content\/uploads\/2021\/07\/Copia-de-Copia-de-Copia-de-ORIENTACAO-2.png 1024w, https:\/\/blog.univicosa.com.br\/wp-content\/uploads\/2021\/07\/Copia-de-Copia-de-Copia-de-ORIENTACAO-2-300x169.png 300w, https:\/\/blog.univicosa.com.br\/wp-content\/uploads\/2021\/07\/Copia-de-Copia-de-Copia-de-ORIENTACAO-2-768x432.png 768w, https:\/\/blog.univicosa.com.br\/wp-content\/uploads\/2021\/07\/Copia-de-Copia-de-Copia-de-ORIENTACAO-2-850x478.png 850w\" sizes=\"(max-width: 694px) 100vw, 694px\" \/><\/figure>\n\n\n\n<p>Enquanto a <strong>empregabilidade<\/strong> est\u00e1 voltada para o preparo dos profissionais em conseguir se <strong>estabilizar no mercado de trabalho,<\/strong> a<strong> trabalhabilidade <\/strong>est\u00e1 voltada para o desenvolvimento das compet\u00eancias necess\u00e1rias que o profissional precisa <strong>desenvolver para gerar diversas fontes de renda.<\/strong><\/p>\n\n\n\n<h2><strong>As vantagens da Trabalhabilidade<\/strong><\/h2>\n\n\n\n<p>S\u00e3o diversas as <strong>vantagens<\/strong> que a <strong>trabalhabilidade<\/strong> <strong>proporciona ao profissional,<\/strong> pois, al\u00e9m de ganhar <strong>mais autonomia nos processos e desenvolver sua lideran\u00e7a, ele passa a produzir mais economicamente, j\u00e1 que come\u00e7a a desempenhar m\u00faltiplas fontes de trabalho<\/strong>.<\/p>\n\n\n\n<p>A&nbsp;<strong>Trabalhabilidade&nbsp;\u00e9 a representa\u00e7\u00e3o do futuro do mundo do trabalho<\/strong>, sendo a <strong>chave<\/strong> para falarmos com qualquer <strong>potencial estudante<\/strong> de hoje e, que se tornar\u00e1, o<strong> l\u00edder empreendedor <\/strong>do amanh\u00e3. Investir na <strong>trabalhabilidade<\/strong>, permite que o profissional se sinta mais<strong> preparado para as mudan\u00e7as constantes do mundo.<\/strong><\/p>\n\n\n\n<p>Outra grande <strong>vantagem<\/strong> da era da <strong>Trabalhabilidade<\/strong> \u00e9 a mudan\u00e7a do foco do emprego formal como a \u00fanica forma de obter sucesso profissional. Ela nos mostra que existem outras <strong>possibilidades,<\/strong> onde o profissional possa atuar como aut\u00f4nomo, empreendedor e\/ou profissional liberal. Passando assim, a ser<strong> valorizado pelas suas experi\u00eancias de vida e suas compet\u00eancias.<\/strong><\/p>\n\n\n\n<h2><strong>Como ajudamos os estudantes a desenvolver sua Trabalhabilidade?<\/strong><\/h2>\n\n\n\n<p>O ensino da <a rel=\"noreferrer noopener\" href=\"https:\/\/www.univicosa.com.br\/\" data-type=\"URL\" data-id=\"https:\/\/www.univicosa.com.br\/\" target=\"_blank\">Univi\u00e7osa <\/a>funciona como mentor de carreira do estudante, ajudando-o a se autoconhecer, identificar seus valores, personalidade e compet\u00eancias comportamentais, gerando o&nbsp;Curr\u00edculo do Futuro:<\/p>\n\n\n\n<p><strong>Metodologias de aprendizagem ativa<\/strong><\/p>\n\n\n\n<p>Por meio de abordagens como aprendizagem baseada em <a rel=\"noreferrer noopener\" href=\"https:\/\/www.univicosa.com.br\/extensao\" data-type=\"URL\" data-id=\"https:\/\/www.univicosa.com.br\/extensao\" target=\"_blank\">projetos<\/a> ,&nbsp;sala de aula invertida e&nbsp;estudos de caso, os estudantes s\u00e3o levados a alimentar uma postura ativa frente \u00e0 pr\u00f3pria constru\u00e7\u00e3o de conhecimento.<\/p>\n\n\n\n<p>\u00c9 essencial estimular desde os primeiros semestres a import\u00e2ncia de ser proativo, de pensar de forma interdisciplinar, de canalizar o foco para a resolu\u00e7\u00e3o de problemas, de colaborar respeitosamente com pares e de saber transformar teoria em pr\u00e1tica. As metodologias ativas s\u00e3o mecanismos adequados para instigar essa postura!<\/p>\n\n\n\n<p><strong>Investir em oportunidades pr\u00e1ticas e parcerias com empresas<\/strong><\/p>\n\n\n\n<p>Programas de <a rel=\"noreferrer noopener\" href=\"https:\/\/www.univicosa.com.br\/alunos\/estagio\" data-type=\"URL\" data-id=\"https:\/\/www.univicosa.com.br\/alunos\/estagio\" target=\"_blank\">est\u00e1gio<\/a> e<a rel=\"noreferrer noopener\" href=\"https:\/\/www.instagram.com\/nucleoestagiosunivicosa\/\" data-type=\"URL\" data-id=\"https:\/\/www.instagram.com\/nucleoestagiosunivicosa\/\" target=\"_blank\"> aprendiz<\/a>&nbsp;servem de exemplo nesse sentido, j\u00e1 que d\u00e3o aos jovens a oportunidade de participar de forma remunerada de uma empresa, enquanto adquirem experi\u00eancia.<\/p>\n\n\n\n<p>Para gerir uma&nbsp;rede de oportunidades para seus alunos, o ideal \u00e9 utilizar um sistema de empregabilidade que aproxime empresas parceiras e comunidade acad\u00eamica.<\/p>\n\n\n\n<p><strong>Incentivar o dom\u00ednio de um segundo idioma<\/strong><\/p>\n\n\n\n<p>Incentivar os alunos na aquisi\u00e7\u00e3o de um <a href=\"https:\/\/www.univicosa.com.br\/servicos\/parceiros\" data-type=\"URL\" data-id=\"https:\/\/www.univicosa.com.br\/servicos\/parceiros\" target=\"_blank\" rel=\"noreferrer noopener\">segundo idioma<\/a> tamb\u00e9m \u00e9 um acelerador de contrata\u00e7\u00e3o. Hoje, saber falar ingl\u00eas fluentemente \u00e9 uma exig\u00eancia quase onipresente entre as empresas.<\/p>\n\n\n\n<figure class=\"wp-block-image size-large\"><img data-attachment-id=\"2168\" data-permalink=\"https:\/\/blog.univicosa.com.br\/index.php\/2021\/07\/09\/voce-sabe-a-diferenca-entre-trabalhabilidade-e-empregabilidade\/students-with-digital-devices-street_23-2147860571\/\" data-orig-file=\"https:\/\/blog.univicosa.com.br\/wp-content\/uploads\/2021\/07\/students-with-digital-devices-street_23-2147860571.jpg\" data-orig-size=\"626,417\" data-comments-opened=\"1\" data-image-meta=\"{&quot;aperture&quot;:&quot;2.8&quot;,&quot;credit&quot;:&quot;&quot;,&quot;camera&quot;:&quot;Canon EOS 6D&quot;,&quot;caption&quot;:&quot;&quot;,&quot;created_timestamp&quot;:&quot;1529006536&quot;,&quot;copyright&quot;:&quot;&quot;,&quot;focal_length&quot;:&quot;50&quot;,&quot;iso&quot;:&quot;100&quot;,&quot;shutter_speed&quot;:&quot;0.003125&quot;,&quot;title&quot;:&quot;&quot;,&quot;orientation&quot;:&quot;1&quot;}\" data-image-title=\"students-with-digital-devices-street_23-2147860571\" data-image-description=\"\" data-medium-file=\"https:\/\/blog.univicosa.com.br\/wp-content\/uploads\/2021\/07\/students-with-digital-devices-street_23-2147860571-300x200.jpg\" data-large-file=\"https:\/\/blog.univicosa.com.br\/wp-content\/uploads\/2021\/07\/students-with-digital-devices-street_23-2147860571.jpg\" loading=\"lazy\" width=\"626\" height=\"417\" src=\"https:\/\/blog.univicosa.com.br\/wp-content\/uploads\/2021\/07\/students-with-digital-devices-street_23-2147860571.jpg\" alt=\"\" class=\"wp-image-2168\" srcset=\"https:\/\/blog.univicosa.com.br\/wp-content\/uploads\/2021\/07\/students-with-digital-devices-street_23-2147860571.jpg 626w, https:\/\/blog.univicosa.com.br\/wp-content\/uploads\/2021\/07\/students-with-digital-devices-street_23-2147860571-300x200.jpg 300w\" sizes=\"(max-width: 626px) 100vw, 626px\" \/><\/figure>\n\n\n\n<p>O sucesso do seu estudante acontece quando ele conquista o autoconhecimento de seu potencial e a independ\u00eancia para autogerir sua carreira.<\/p>\n\n\n\n<p><\/p>\n\n\n\n<p><\/p>\n\n\n\n<p><sup>blog.lyceum.com.br\/como-melhorar-a-empregabilidade-dos-estudantes\/<\/sup><\/p>\n\n\n\n<p><sup>workalove.com\/trabalhabilidade-empregabilidade-diferencas\/<\/sup><\/p>\n","protected":false},"excerpt":{"rendered":"<p>O mundo do trabalho vem passando por uma transforma\u00e7\u00e3o, com menos foco na empregabilidade e com um novo foco na Trabalhabilidade.&nbsp;Este novo conceito \u00e9 uma forma de enxergar a carreira com novos olhos! Mas afinal, o que isso significa? \u00c9 o que vou te contar agora! O que \u00e9 Trabalhabilidade? O conceito de trabalhabilidade faz&#8230;<\/p>\n","protected":false},"author":2,"featured_media":2163,"comment_status":"open","ping_status":"open","sticky":false,"template":"","format":"standard","meta":{"spay_email":""},"categories":[1],"tags":[550,549,395,233,51,100,107,548,159,551],"jetpack_featured_media_url":"https:\/\/blog.univicosa.com.br\/wp-content\/uploads\/2021\/07\/Copia-de-Copia-de-Copia-de-ORIENTACAO.png","jetpack_shortlink":"https:\/\/wp.me\/pbcCKk-yS","_links":{"self":[{"href":"https:\/\/blog.univicosa.com.br\/index.php\/wp-json\/wp\/v2\/posts\/2162"}],"collection":[{"href":"https:\/\/blog.univicosa.com.br\/index.php\/wp-json\/wp\/v2\/posts"}],"about":[{"href":"https:\/\/blog.univicosa.com.br\/index.php\/wp-json\/wp\/v2\/types\/post"}],"author":[{"embeddable":true,"href":"https:\/\/blog.univicosa.com.br\/index.php\/wp-json\/wp\/v2\/users\/2"}],"replies":[{"embeddable":true,"href":"https:\/\/blog.univicosa.com.br\/index.php\/wp-json\/wp\/v2\/comments?post=2162"}],"version-history":[{"count":9,"href":"https:\/\/blog.univicosa.com.br\/index.php\/wp-json\/wp\/v2\/posts\/2162\/revisions"}],"predecessor-version":[{"id":2180,"href":"https:\/\/blog.univicosa.com.br\/index.php\/wp-json\/wp\/v2\/posts\/2162\/revisions\/2180"}],"wp:featuredmedia":[{"embeddable":true,"href":"https:\/\/blog.univicosa.com.br\/index.php\/wp-json\/wp\/v2\/media\/2163"}],"wp:attachment":[{"href":"https:\/\/blog.univicosa.com.br\/index.php\/wp-json\/wp\/v2\/media?parent=2162"}],"wp:term":[{"taxonomy":"category","embeddable":true,"href":"https:\/\/blog.univicosa.com.br\/index.php\/wp-json\/wp\/v2\/categories?post=2162"},{"taxonomy":"post_tag","embeddable":true,"href":"https:\/\/blog.univicosa.com.br\/index.php\/wp-json\/wp\/v2\/tags?post=2162"}],"curies":[{"name":"wp","href":"https:\/\/api.w.org\/{rel}","templated":true}]}}