{"id":2027,"date":"2021-06-11T14:30:10","date_gmt":"2021-06-11T17:30:10","guid":{"rendered":"https:\/\/blog.univicosa.com.br\/?p=2027"},"modified":"2021-06-11T14:30:10","modified_gmt":"2021-06-11T17:30:10","slug":"diferencas-entre-crises-financeiras-e-crises-economicas","status":"publish","type":"post","link":"https:\/\/blog.univicosa.com.br\/index.php\/2021\/06\/11\/diferencas-entre-crises-financeiras-e-crises-economicas\/","title":{"rendered":"Diferen\u00e7as entre Crises Financeiras e Crises Econ\u00f4micas"},"content":{"rendered":"\n<figure class=\"wp-block-image size-large\"><img data-attachment-id=\"2028\" data-permalink=\"https:\/\/blog.univicosa.com.br\/index.php\/2021\/06\/11\/diferencas-entre-crises-financeiras-e-crises-economicas\/crises-adm-blog\/\" data-orig-file=\"https:\/\/blog.univicosa.com.br\/wp-content\/uploads\/2021\/06\/crises-adm-blog.png\" data-orig-size=\"1024,576\" data-comments-opened=\"1\" data-image-meta=\"{&quot;aperture&quot;:&quot;0&quot;,&quot;credit&quot;:&quot;&quot;,&quot;camera&quot;:&quot;&quot;,&quot;caption&quot;:&quot;&quot;,&quot;created_timestamp&quot;:&quot;0&quot;,&quot;copyright&quot;:&quot;&quot;,&quot;focal_length&quot;:&quot;0&quot;,&quot;iso&quot;:&quot;0&quot;,&quot;shutter_speed&quot;:&quot;0&quot;,&quot;title&quot;:&quot;&quot;,&quot;orientation&quot;:&quot;0&quot;}\" data-image-title=\"crises adm blog\" data-image-description=\"\" data-medium-file=\"https:\/\/blog.univicosa.com.br\/wp-content\/uploads\/2021\/06\/crises-adm-blog-300x169.png\" data-large-file=\"https:\/\/blog.univicosa.com.br\/wp-content\/uploads\/2021\/06\/crises-adm-blog.png\" loading=\"lazy\" width=\"1024\" height=\"576\" src=\"https:\/\/blog.univicosa.com.br\/wp-content\/uploads\/2021\/06\/crises-adm-blog.png\" alt=\"\" class=\"wp-image-2028\" srcset=\"https:\/\/blog.univicosa.com.br\/wp-content\/uploads\/2021\/06\/crises-adm-blog.png 1024w, https:\/\/blog.univicosa.com.br\/wp-content\/uploads\/2021\/06\/crises-adm-blog-300x169.png 300w, https:\/\/blog.univicosa.com.br\/wp-content\/uploads\/2021\/06\/crises-adm-blog-768x432.png 768w, https:\/\/blog.univicosa.com.br\/wp-content\/uploads\/2021\/06\/crises-adm-blog-850x478.png 850w\" sizes=\"(max-width: 1024px) 100vw, 1024px\" \/><\/figure>\n\n\n\n<p><em>Por: Marcos Sp\u00ednola Nazareth*<\/em><\/p>\n\n\n\n<p>Uma <strong>crise econ\u00f4mica <\/strong>ocorre numa determinada <strong>economia <\/strong>quando esta <strong>reduz substancialmente,<\/strong> por um per\u00edodo prolongado, sua capacidade de <strong>gerar riquezas<\/strong>. E o que \u00e9 a <strong>riqueza <\/strong>de uma sociedade na <strong>perspectiva econ\u00f4mica?<\/strong> A quantidade dispon\u00edvel para <strong>consumo <\/strong>da <strong>sociedade de bens e servi\u00e7os<\/strong> produzidos pela jun\u00e7\u00e3o criativa do estoque de <strong>capital <\/strong>(equipamentos, softwares, m\u00e1quinas, pr\u00e9dios etc.) e trabalho (popula\u00e7\u00e3o economicamente ativa) usando a tecnologia conhecida e dominada (resultados de pesquisas e inova\u00e7\u00e3o) por aquela comunidade. <strong>Na pr\u00e1tica, a riqueza de uma sociedade \u00e9 medida pelo Produto Interno Bruto \u2013 PIB.<\/strong><\/p>\n\n\n\n<p>Assim, vale ressaltar que <strong>crises econ\u00f4micas <\/strong>s\u00e3o ligeiramente <strong>diferentes<\/strong> das <strong>crises financeiras<\/strong>, porque estas \u00faltimas consistem principalmente numa <strong>crise de liquidez do sistema<\/strong>: redu\u00e7\u00e3o abrupta do<strong> valor dos ativos <\/strong>(im\u00f3veis, a\u00e7\u00f5es, neg\u00f3cios etc.) da<strong> economia<\/strong>. Entretanto, \u00e9 f\u00e1cil imaginar e perceber que uma <strong>crise financeira <\/strong>persistente se torna fatalmente numa <strong>crise econ\u00f4mica<\/strong> porque, mediante o aumento do <strong>desemprego e a redu\u00e7\u00e3o dos investimentos produtivos,<\/strong> atinge-se em cheio os respons\u00e1veis pela gera\u00e7\u00e3o de riqueza numa economia: <strong>trabalho, capital e pesquisa &amp; desenvolvimento<\/strong>.<\/p>\n\n\n\n<figure class=\"wp-block-image size-large is-resized\"><img data-attachment-id=\"2029\" data-permalink=\"https:\/\/blog.univicosa.com.br\/index.php\/2021\/06\/11\/diferencas-entre-crises-financeiras-e-crises-economicas\/criseeconomica\/\" data-orig-file=\"https:\/\/blog.univicosa.com.br\/wp-content\/uploads\/2021\/06\/criseeconomica.jpg\" data-orig-size=\"626,417\" data-comments-opened=\"1\" data-image-meta=\"{&quot;aperture&quot;:&quot;0&quot;,&quot;credit&quot;:&quot;&quot;,&quot;camera&quot;:&quot;&quot;,&quot;caption&quot;:&quot;&quot;,&quot;created_timestamp&quot;:&quot;0&quot;,&quot;copyright&quot;:&quot;&quot;,&quot;focal_length&quot;:&quot;0&quot;,&quot;iso&quot;:&quot;0&quot;,&quot;shutter_speed&quot;:&quot;0&quot;,&quot;title&quot;:&quot;&quot;,&quot;orientation&quot;:&quot;0&quot;}\" data-image-title=\"criseeconomica\" data-image-description=\"\" data-medium-file=\"https:\/\/blog.univicosa.com.br\/wp-content\/uploads\/2021\/06\/criseeconomica-300x200.jpg\" data-large-file=\"https:\/\/blog.univicosa.com.br\/wp-content\/uploads\/2021\/06\/criseeconomica.jpg\" loading=\"lazy\" src=\"https:\/\/blog.univicosa.com.br\/wp-content\/uploads\/2021\/06\/criseeconomica.jpg\" alt=\"\" class=\"wp-image-2029\" width=\"520\" height=\"346\" srcset=\"https:\/\/blog.univicosa.com.br\/wp-content\/uploads\/2021\/06\/criseeconomica.jpg 626w, https:\/\/blog.univicosa.com.br\/wp-content\/uploads\/2021\/06\/criseeconomica-300x200.jpg 300w\" sizes=\"(max-width: 520px) 100vw, 520px\" \/><\/figure>\n\n\n\n<p>Quedas aceleradas nos <strong>pre\u00e7os <\/strong>dos <strong>ativos <\/strong>(a\u00e7\u00f5es, por exemplo), como as observadas ap\u00f3s a<strong> pandemia<\/strong> no in\u00edcio do ano passado, num primeiro momento, podem ser confundidas com uma<strong> crise econ\u00f4mica,<\/strong> mas, na verdade, como visto acima, trata-se de uma<strong> crise financeira<\/strong> ou, dito de outra forma, uma<strong> crise de liquidez do sistema<\/strong>.<\/p>\n\n\n\n<p>Foi exatamente por isso que o<strong> Governo Federal<\/strong> implementou <strong>pol\u00edticas <\/strong>prioritariamente voltadas para devolver<strong> liquidez a economia<\/strong>: expans\u00e3o do cr\u00e9dito para neg\u00f3cios, especialmente capital de giro; programas de refinanciamento de d\u00edvidas; flexibiliza\u00e7\u00e3o dos contratos de trabalho, visando preservar o caixa das empresas e tamb\u00e9m empregos; transfer\u00eancias diretas \u00e0 camada da popula\u00e7\u00e3o mais atingida (coronavoucher); e outras medidas, com o <strong>objetivo <\/strong>de <strong>evitar que uma nova crise econ\u00f4mica <\/strong>se instalasse.<\/p>\n\n\n\n<p>Analistas econ\u00f4micos de diversas matizes ainda n\u00e3o entraram em consenso se as <strong>pol\u00edticas do governo <\/strong>surtiram o efeito desejado (evitar uma crise econ\u00f4mica) e se os <strong>agentes econ\u00f4micos relevantes<\/strong> (investidores, empreendedores, trabalhadores e pesquisadores) <strong>reagiram ou est\u00e3o reagindo positivamente<\/strong>. Os principais indicadores <strong>econ\u00f4micos <\/strong>ainda n\u00e3o s\u00e3o claros o suficiente para apontar uma<strong> trajet\u00f3ria definitiva <\/strong>para a <strong>economia brasileira <\/strong>(especialmente o <strong>PIB<\/strong>) e as incertezas quanto a pandemia permanecem. <\/p>\n\n\n\n<p><em><strong>Por: Marcos Sp\u00ednola Nazareth<\/strong><br><strong>Professor de Economia Univi\u00e7osa e Pesquisador PAEG\/UFV <\/strong><\/em><\/p>\n\n\n\n<p><a href=\"https:\/\/www.univicosa.com.br\/graduacao\/cursos\/administracao\">Curtiu e quer saber mais sobre o curso de\u00a0<strong>Administra\u00e7\u00e3o\u00a0<\/strong>da\u00a0<strong>UNIVI\u00c7OSA<\/strong>? Ent\u00e3o acesse o site da Univi\u00e7osa, clique aqui!<\/a><\/p>\n\n\n\n<p><a href=\"https:\/\/blog.univicosa.com.br\/index.php\/2021\/05\/31\/7-dicas-para-potencializar-sua-gestao-financeira-pessoal\/\">7 dicas para potencializar sua gest\u00e3o financeira pessoal!<\/a><\/p>\n\n\n\n<p><a href=\"https:\/\/blog.univicosa.com.br\/index.php\/2020\/07\/23\/10-curiosidades-sobre-a-carreira-em-administracao\/\">10 curiosidades sobre a carreira em Administra\u00e7\u00e3o<\/a><\/p>\n\n\n\n<p><a href=\"https:\/\/blog.univicosa.com.br\/index.php\/2021\/04\/06\/como-controlar-o-endividamento-no-momento-de-pandemia-da-covid-19\/\">Como controlar o endividamento no momento de Pandemia da COVID-19?<\/a> <\/p>\n\n\n\n<p><a href=\"https:\/\/enotas.com.br\/blog\/gestao-financeira-desempenho\/\">Gest\u00e3o financeira: 10 maneiras para melhorar o seu desempenho<\/a> <\/p>\n\n\n\n<p><\/p>\n","protected":false},"excerpt":{"rendered":"<p>Por: Marcos Sp\u00ednola Nazareth* Uma crise econ\u00f4mica ocorre numa determinada economia quando esta reduz substancialmente, por um per\u00edodo prolongado, sua capacidade de gerar riquezas. E o que \u00e9 a riqueza de uma sociedade na perspectiva econ\u00f4mica? A quantidade dispon\u00edvel para consumo da sociedade de bens e servi\u00e7os produzidos pela jun\u00e7\u00e3o criativa do estoque de capital&#8230;<\/p>\n","protected":false},"author":2,"featured_media":2028,"comment_status":"open","ping_status":"open","sticky":false,"template":"","format":"standard","meta":{"spay_email":""},"categories":[33,15],"tags":[3,369,364,363,365,366,256,5,370,95,368,155,92,47,367,371,159,96,50,93],"jetpack_featured_media_url":"https:\/\/blog.univicosa.com.br\/wp-content\/uploads\/2021\/06\/crises-adm-blog.png","jetpack_shortlink":"https:\/\/wp.me\/pbcCKk-wH","_links":{"self":[{"href":"https:\/\/blog.univicosa.com.br\/index.php\/wp-json\/wp\/v2\/posts\/2027"}],"collection":[{"href":"https:\/\/blog.univicosa.com.br\/index.php\/wp-json\/wp\/v2\/posts"}],"about":[{"href":"https:\/\/blog.univicosa.com.br\/index.php\/wp-json\/wp\/v2\/types\/post"}],"author":[{"embeddable":true,"href":"https:\/\/blog.univicosa.com.br\/index.php\/wp-json\/wp\/v2\/users\/2"}],"replies":[{"embeddable":true,"href":"https:\/\/blog.univicosa.com.br\/index.php\/wp-json\/wp\/v2\/comments?post=2027"}],"version-history":[{"count":1,"href":"https:\/\/blog.univicosa.com.br\/index.php\/wp-json\/wp\/v2\/posts\/2027\/revisions"}],"predecessor-version":[{"id":2030,"href":"https:\/\/blog.univicosa.com.br\/index.php\/wp-json\/wp\/v2\/posts\/2027\/revisions\/2030"}],"wp:featuredmedia":[{"embeddable":true,"href":"https:\/\/blog.univicosa.com.br\/index.php\/wp-json\/wp\/v2\/media\/2028"}],"wp:attachment":[{"href":"https:\/\/blog.univicosa.com.br\/index.php\/wp-json\/wp\/v2\/media?parent=2027"}],"wp:term":[{"taxonomy":"category","embeddable":true,"href":"https:\/\/blog.univicosa.com.br\/index.php\/wp-json\/wp\/v2\/categories?post=2027"},{"taxonomy":"post_tag","embeddable":true,"href":"https:\/\/blog.univicosa.com.br\/index.php\/wp-json\/wp\/v2\/tags?post=2027"}],"curies":[{"name":"wp","href":"https:\/\/api.w.org\/{rel}","templated":true}]}}