{"id":1974,"date":"2021-06-09T08:52:45","date_gmt":"2021-06-09T11:52:45","guid":{"rendered":"https:\/\/blog.univicosa.com.br\/?p=1974"},"modified":"2021-06-09T08:53:31","modified_gmt":"2021-06-09T11:53:31","slug":"transmita-suas-ideias-atraves-do-desenho","status":"publish","type":"post","link":"https:\/\/blog.univicosa.com.br\/index.php\/2021\/06\/09\/transmita-suas-ideias-atraves-do-desenho\/","title":{"rendered":"Transmita suas ideias atrav\u00e9s do desenho!"},"content":{"rendered":"\n<figure class=\"wp-block-image size-large\"><img data-attachment-id=\"1979\" data-permalink=\"https:\/\/blog.univicosa.com.br\/index.php\/2021\/06\/09\/transmita-suas-ideias-atraves-do-desenho\/desenho-arq-blog\/\" data-orig-file=\"https:\/\/blog.univicosa.com.br\/wp-content\/uploads\/2021\/06\/desenho-arq-blog.png\" data-orig-size=\"1024,576\" data-comments-opened=\"1\" data-image-meta=\"{&quot;aperture&quot;:&quot;0&quot;,&quot;credit&quot;:&quot;&quot;,&quot;camera&quot;:&quot;&quot;,&quot;caption&quot;:&quot;&quot;,&quot;created_timestamp&quot;:&quot;0&quot;,&quot;copyright&quot;:&quot;&quot;,&quot;focal_length&quot;:&quot;0&quot;,&quot;iso&quot;:&quot;0&quot;,&quot;shutter_speed&quot;:&quot;0&quot;,&quot;title&quot;:&quot;&quot;,&quot;orientation&quot;:&quot;0&quot;}\" data-image-title=\"desenho-arq-blog\" data-image-description=\"\" data-medium-file=\"https:\/\/blog.univicosa.com.br\/wp-content\/uploads\/2021\/06\/desenho-arq-blog-300x169.png\" data-large-file=\"https:\/\/blog.univicosa.com.br\/wp-content\/uploads\/2021\/06\/desenho-arq-blog.png\" loading=\"lazy\" width=\"1024\" height=\"576\" src=\"https:\/\/blog.univicosa.com.br\/wp-content\/uploads\/2021\/06\/desenho-arq-blog.png\" alt=\"\" class=\"wp-image-1979\" srcset=\"https:\/\/blog.univicosa.com.br\/wp-content\/uploads\/2021\/06\/desenho-arq-blog.png 1024w, https:\/\/blog.univicosa.com.br\/wp-content\/uploads\/2021\/06\/desenho-arq-blog-300x169.png 300w, https:\/\/blog.univicosa.com.br\/wp-content\/uploads\/2021\/06\/desenho-arq-blog-768x432.png 768w, https:\/\/blog.univicosa.com.br\/wp-content\/uploads\/2021\/06\/desenho-arq-blog-850x478.png 850w\" sizes=\"(max-width: 1024px) 100vw, 1024px\" \/><\/figure>\n\n\n\n<p>O <strong>desenho faz parte da nossa hist\u00f3ria.<\/strong> Como n\u00e3o lembrar daquele belo cart\u00e3o feito para mam\u00e3e no dia do seu anivers\u00e1rio?<\/p>\n\n\n\n<p>\u00a0Vamos recordar essa<strong> forma de comunica\u00e7\u00e3o<\/strong> que aprendemos desde novos e constatar como ela \u00e9 uma <strong>ferramenta poderosa de comunica\u00e7\u00e3o<\/strong> para quem gosta de arte, pintura e desenho. <\/p>\n\n\n\n<p>\u00a0<strong>Linhas e cores <\/strong>n\u00e3o s\u00e3o meros rabiscos no <strong>papel<\/strong>, s\u00e3o <strong>elementos capazes de transmitir ideias <\/strong>e, muitas delas, <strong>revolucion\u00e1rias<\/strong>.<\/p>\n\n\n\n<p>Juntos vamos <strong>aprender <\/strong>que o <strong>desenho <\/strong>n\u00e3o \u00e9 dom divino mas uma<strong> t\u00e9cnica <\/strong>que com dedica\u00e7\u00e3o todos <strong>somos capazes de aprender<\/strong> e realizar com maestria.<\/p>\n\n\n\n<p>Diante da <strong>revolu\u00e7\u00e3o digital<\/strong>, ineg\u00e1vel contribui\u00e7\u00e3o na manipula\u00e7\u00e3o de imagens, seremos capazes de perceber que <strong>apenas o desenho livre garante o pleno dom\u00ednio do racioc\u00ednio espacial<\/strong>, qualidade esta, que por exemplo, \u00e9 essencial a quem \u00e9 da \u00e1rea da <strong>arquitetura<\/strong>.<\/p>\n\n\n\n<p><strong>Sabe o que s\u00e3o elementos n\u00e3o visuais da arquitetura?<\/strong><\/p>\n\n\n\n<figure class=\"wp-block-image size-large is-resized\"><img data-attachment-id=\"1975\" data-permalink=\"https:\/\/blog.univicosa.com.br\/index.php\/2021\/06\/09\/transmita-suas-ideias-atraves-do-desenho\/rewrewrewr\/\" data-orig-file=\"https:\/\/blog.univicosa.com.br\/wp-content\/uploads\/2021\/06\/rewrewrewr.png\" data-orig-size=\"612,543\" data-comments-opened=\"1\" data-image-meta=\"{&quot;aperture&quot;:&quot;0&quot;,&quot;credit&quot;:&quot;&quot;,&quot;camera&quot;:&quot;&quot;,&quot;caption&quot;:&quot;&quot;,&quot;created_timestamp&quot;:&quot;0&quot;,&quot;copyright&quot;:&quot;&quot;,&quot;focal_length&quot;:&quot;0&quot;,&quot;iso&quot;:&quot;0&quot;,&quot;shutter_speed&quot;:&quot;0&quot;,&quot;title&quot;:&quot;&quot;,&quot;orientation&quot;:&quot;0&quot;}\" data-image-title=\"rewrewrewr\" data-image-description=\"\" data-medium-file=\"https:\/\/blog.univicosa.com.br\/wp-content\/uploads\/2021\/06\/rewrewrewr-300x266.png\" data-large-file=\"https:\/\/blog.univicosa.com.br\/wp-content\/uploads\/2021\/06\/rewrewrewr.png\" loading=\"lazy\" src=\"https:\/\/blog.univicosa.com.br\/wp-content\/uploads\/2021\/06\/rewrewrewr.png\" alt=\"\" class=\"wp-image-1975\" width=\"524\" height=\"464\" srcset=\"https:\/\/blog.univicosa.com.br\/wp-content\/uploads\/2021\/06\/rewrewrewr.png 612w, https:\/\/blog.univicosa.com.br\/wp-content\/uploads\/2021\/06\/rewrewrewr-300x266.png 300w\" sizes=\"(max-width: 524px) 100vw, 524px\" \/><\/figure>\n\n\n\n<p>A capacidade da arquitetura <strong>modificar <\/strong>um espa\u00e7o qualquer em um lugar <strong>repleto de memorias e significados<\/strong> \u00e9 impressionante.<\/p>\n\n\n\n<p>Esse profissional conhece os <strong>diversos elementos n\u00e3o visuais<\/strong> que influenciam na produ\u00e7\u00e3o de uma<strong> arquitetura humanizada <\/strong>e baseada nos princ\u00edpios da <strong>habitabilidade<\/strong>.<\/p>\n\n\n\n<p>O <strong>papel <\/strong>do usu\u00e1rio no processo de <strong>projeto <\/strong>e como o lote, a <strong>legisla\u00e7\u00e3o e os aspectos clim\u00e1ticos<\/strong> podem e devem <strong>influenciar<\/strong> na elabora\u00e7\u00e3o de um <strong>projeto arquitet\u00f4nico de qualidade<\/strong>.<\/p>\n\n\n\n<p><strong>Quer fazer a diferen\u00e7a na vida das pessoas? <\/strong>Produzir ambientes <strong>confort\u00e1veis <\/strong>e repletos de <strong>boas lembran\u00e7as<\/strong>? Projetos que <strong>respeitam <\/strong>a <strong>cultura local<\/strong> mediante uma implanta\u00e7\u00e3o menos impactante no lote? Cursos como <strong>Arquitetura e Urbanismo<\/strong> certamente far\u00e3o a diferen\u00e7a na sua vida!<\/p>\n\n\n\n<p><strong>Vamos conhecer a<\/strong> <strong>Arquitetura Brasileira?<\/strong><\/p>\n\n\n\n<figure class=\"wp-block-image size-large is-resized\"><img data-attachment-id=\"1976\" data-permalink=\"https:\/\/blog.univicosa.com.br\/index.php\/2021\/06\/09\/transmita-suas-ideias-atraves-do-desenho\/rhtrdfsdfser\/\" data-orig-file=\"https:\/\/blog.univicosa.com.br\/wp-content\/uploads\/2021\/06\/rhtrdfsdfser.png\" data-orig-size=\"613,531\" data-comments-opened=\"1\" data-image-meta=\"{&quot;aperture&quot;:&quot;0&quot;,&quot;credit&quot;:&quot;&quot;,&quot;camera&quot;:&quot;&quot;,&quot;caption&quot;:&quot;&quot;,&quot;created_timestamp&quot;:&quot;0&quot;,&quot;copyright&quot;:&quot;&quot;,&quot;focal_length&quot;:&quot;0&quot;,&quot;iso&quot;:&quot;0&quot;,&quot;shutter_speed&quot;:&quot;0&quot;,&quot;title&quot;:&quot;&quot;,&quot;orientation&quot;:&quot;0&quot;}\" data-image-title=\"rhtrdfsdfser\" data-image-description=\"\" data-medium-file=\"https:\/\/blog.univicosa.com.br\/wp-content\/uploads\/2021\/06\/rhtrdfsdfser-300x260.png\" data-large-file=\"https:\/\/blog.univicosa.com.br\/wp-content\/uploads\/2021\/06\/rhtrdfsdfser.png\" loading=\"lazy\" src=\"https:\/\/blog.univicosa.com.br\/wp-content\/uploads\/2021\/06\/rhtrdfsdfser.png\" alt=\"\" class=\"wp-image-1976\" width=\"526\" height=\"455\" srcset=\"https:\/\/blog.univicosa.com.br\/wp-content\/uploads\/2021\/06\/rhtrdfsdfser.png 613w, https:\/\/blog.univicosa.com.br\/wp-content\/uploads\/2021\/06\/rhtrdfsdfser-300x260.png 300w\" sizes=\"(max-width: 526px) 100vw, 526px\" \/><\/figure>\n\n\n\n<p>Dentro do curso de Arquitetura, visitamos o espa\u00e7o de <strong>habitar <\/strong>no <strong>Brasil <\/strong>compreendido por<strong> 400 anos de produ\u00e7\u00e3o arquitet\u00f4nica<\/strong>, avaliando aspectos <strong>formais e construtivos<\/strong>, al\u00e9m dos valores da <strong>sociedade brasileira<\/strong> dos per\u00edodos: <strong>colonial, neocl\u00e1ssico e ecl\u00e9tico<\/strong>.<\/p>\n\n\n\n<p>Embarcamos em uma<strong> viagem arquitet\u00f4nica<\/strong> que se inicia no <strong>s\u00e9culo XVI<\/strong>, marcado pelo <strong>descobrimento e ocupa\u00e7\u00e3o do Brasil<\/strong>, at\u00e9 final do<strong> S\u00e9c. XVII<\/strong> com a <strong>proclama\u00e7\u00e3o da rep\u00fablica.<\/strong><\/p>\n\n\n\n<p>Baseada em uma<strong> vis\u00e3o cronol\u00f3gica<\/strong>, vamos <strong>perceber <\/strong>como a mudan\u00e7a <strong>sociopol\u00edtica nacional <\/strong>influencia no modo de<strong> viver e morar<\/strong> das principais cidades brasileiras, palcos da nossa<strong> bel\u00edssima hist\u00f3ria.<\/strong><\/p>\n\n\n\n<p>Vamos perceber como at\u00e9 hoje, ecoa em nossas casas a distribui\u00e7\u00e3o espacial em seus diversos setores, social, intimo de servi\u00e7o, lembran\u00e7as das primeiras habita\u00e7\u00f5es do per\u00edodo colonial.<\/p>\n\n\n\n<p><strong>Vamos desenvolver um<\/strong> <strong>Projeto Industrial?<\/strong><\/p>\n\n\n\n<figure class=\"wp-block-image size-large is-resized\"><img data-attachment-id=\"1977\" data-permalink=\"https:\/\/blog.univicosa.com.br\/index.php\/2021\/06\/09\/transmita-suas-ideias-atraves-do-desenho\/gsdtferterty5r\/\" data-orig-file=\"https:\/\/blog.univicosa.com.br\/wp-content\/uploads\/2021\/06\/gsdtferterty5r.png\" data-orig-size=\"570,483\" data-comments-opened=\"1\" data-image-meta=\"{&quot;aperture&quot;:&quot;0&quot;,&quot;credit&quot;:&quot;&quot;,&quot;camera&quot;:&quot;&quot;,&quot;caption&quot;:&quot;&quot;,&quot;created_timestamp&quot;:&quot;0&quot;,&quot;copyright&quot;:&quot;&quot;,&quot;focal_length&quot;:&quot;0&quot;,&quot;iso&quot;:&quot;0&quot;,&quot;shutter_speed&quot;:&quot;0&quot;,&quot;title&quot;:&quot;&quot;,&quot;orientation&quot;:&quot;0&quot;}\" data-image-title=\"gsdtferterty5r\" data-image-description=\"\" data-medium-file=\"https:\/\/blog.univicosa.com.br\/wp-content\/uploads\/2021\/06\/gsdtferterty5r-300x254.png\" data-large-file=\"https:\/\/blog.univicosa.com.br\/wp-content\/uploads\/2021\/06\/gsdtferterty5r.png\" loading=\"lazy\" src=\"https:\/\/blog.univicosa.com.br\/wp-content\/uploads\/2021\/06\/gsdtferterty5r.png\" alt=\"\" class=\"wp-image-1977\" width=\"538\" height=\"456\" srcset=\"https:\/\/blog.univicosa.com.br\/wp-content\/uploads\/2021\/06\/gsdtferterty5r.png 570w, https:\/\/blog.univicosa.com.br\/wp-content\/uploads\/2021\/06\/gsdtferterty5r-300x254.png 300w\" sizes=\"(max-width: 538px) 100vw, 538px\" \/><\/figure>\n\n\n\n<p>O <strong>Projeto de empreendimentos industriais<\/strong> \u00e9 um desafio para qualquer <strong>arquiteto<\/strong>.<\/p>\n\n\n\n<p>Juntos vamos <strong>aprender<\/strong> como o <strong>arranjo f\u00edsico das instala\u00e7\u00f5es, equipamentos, mobili\u00e1rio e a inter-rela\u00e7\u00e3o<\/strong> entre as diversas <strong>atividades <\/strong>realizadas em uma <strong>planta industrial<\/strong> s\u00e3o elementos<strong> fundamentais <\/strong>para um <strong>projeto funcional e eficiente<\/strong>.<\/p>\n\n\n\n<p>A cria\u00e7\u00e3o do<strong> ambiente industrial<\/strong>, atendendo simultaneamente as exig\u00eancias do <strong>processo produtivo,<\/strong> dos requisitos de c<strong>onforto e higiene,<\/strong> de <strong>seguran\u00e7a e integridade<\/strong> dos trabalhadores e instala\u00e7\u00f5es, aliado a cria\u00e7\u00e3o de ambientes funcionais e esteticamente <strong>modernos e atraentes<\/strong>, \u00e9 o nosso <strong>desafio<\/strong>.<\/p>\n\n\n\n<p>Esperamos voc\u00ea para juntos encontrarmos essas solu\u00e7\u00f5es.<\/p>\n\n\n\n<p><strong>Edifica\u00e7\u00e3o Residencial Multifamiliar<\/strong><\/p>\n\n\n\n<figure class=\"wp-block-image size-large is-resized\"><img data-attachment-id=\"1978\" data-permalink=\"https:\/\/blog.univicosa.com.br\/index.php\/2021\/06\/09\/transmita-suas-ideias-atraves-do-desenho\/tewriuesfset\/\" data-orig-file=\"https:\/\/blog.univicosa.com.br\/wp-content\/uploads\/2021\/06\/tewriuesfset.png\" data-orig-size=\"548,464\" data-comments-opened=\"1\" data-image-meta=\"{&quot;aperture&quot;:&quot;0&quot;,&quot;credit&quot;:&quot;&quot;,&quot;camera&quot;:&quot;&quot;,&quot;caption&quot;:&quot;&quot;,&quot;created_timestamp&quot;:&quot;0&quot;,&quot;copyright&quot;:&quot;&quot;,&quot;focal_length&quot;:&quot;0&quot;,&quot;iso&quot;:&quot;0&quot;,&quot;shutter_speed&quot;:&quot;0&quot;,&quot;title&quot;:&quot;&quot;,&quot;orientation&quot;:&quot;0&quot;}\" data-image-title=\"tewriuesfset\" data-image-description=\"\" data-medium-file=\"https:\/\/blog.univicosa.com.br\/wp-content\/uploads\/2021\/06\/tewriuesfset-300x254.png\" data-large-file=\"https:\/\/blog.univicosa.com.br\/wp-content\/uploads\/2021\/06\/tewriuesfset.png\" loading=\"lazy\" src=\"https:\/\/blog.univicosa.com.br\/wp-content\/uploads\/2021\/06\/tewriuesfset.png\" alt=\"\" class=\"wp-image-1978\" width=\"528\" height=\"447\" srcset=\"https:\/\/blog.univicosa.com.br\/wp-content\/uploads\/2021\/06\/tewriuesfset.png 548w, https:\/\/blog.univicosa.com.br\/wp-content\/uploads\/2021\/06\/tewriuesfset-300x254.png 300w\" sizes=\"(max-width: 528px) 100vw, 528px\" \/><\/figure>\n\n\n\n<p>No <strong>Brasil <\/strong>as<strong> edifica\u00e7\u00f5es residenciais <\/strong>de uso coletivo tiveram sua origem no <strong>s\u00e9culo XIX<\/strong>, quando o<strong> d\u00e9ficit habitacional <\/strong>e as edifica\u00e7\u00f5es prec\u00e1rias passaram a<strong> preocupar os governantes do pa\u00eds<\/strong>.\u00a0\u00a0<\/p>\n\n\n\n<p><strong>O espa\u00e7o de morar multifamiliar verticalizado<\/strong> requer um olhar atento do <strong>arquiteto <\/strong>no sentido de promover ambientes que propiciem o <strong>bem estar e a inter-rela\u00e7\u00e3o<\/strong> entre os moradores, visando sempre o respeito \u00e0 <strong>legisla\u00e7\u00e3o urban\u00edstica<\/strong>.\u00a0<\/p>\n\n\n\n<p>Dentro do curso de Arquitetura,<strong> vamos juntos refletir sobre o tema da habita\u00e7\u00e3o coletiva<\/strong> como elemento primordial na <strong>constitui\u00e7\u00e3o da cidade <\/strong>e desenvolver uma<strong> vis\u00e3o cr\u00edtica<\/strong> sobre a <strong>qualidade <\/strong>dos e<strong>spa\u00e7os residenciais multifamiliares <\/strong>produzidos atualmente.\u00a0<\/p>\n\n\n\n<p>De forma pr\u00e1tica, <strong>aplicaremos os conceitos aprendidos<\/strong> mediante elabora\u00e7\u00e3o de um <strong>projeto arquitet\u00f4nico<\/strong> destinado ao uso <strong>residencial multifamiliar<\/strong>, mediante uma abordagem evolutiva, caracterizada por etapas <strong>organizadas <\/strong>de forma a atender aos requisitos de <strong>acessibilidade<\/strong>, <strong>habitabilidade<\/strong>, <strong>sustentabilidade<\/strong>, <strong>seguran\u00e7a <\/strong>e <strong>desempenho <\/strong>dos seus diversos sistemas <strong>construtivos<\/strong>.<\/p>\n\n\n\n<p><a href=\"https:\/\/www.univicosa.com.br\/graduacao\/cursos\/arquitetura_e_urbanismo\">Curtiu e quer saber mais sobre o curso de&nbsp;<strong>Arquitetura e Urbanismo&nbsp;<\/strong>da&nbsp;<strong>UNIVI\u00c7OSA<\/strong>? Ent\u00e3o acesse o site da Univi\u00e7osa, clique aqui!<\/a><\/p>\n\n\n\n<p><a href=\"https:\/\/blog.univicosa.com.br\/index.php\/2020\/04\/29\/guia-de-organizacao-no-home-office-dicas-deixar-o-seu-ambiente-mais-produtivo\/\">Guia de organiza\u00e7\u00e3o: dicas para deixar o seu ambiente de estudos ainda mais produtivo<\/a><\/p>\n\n\n\n<p><a href=\"https:\/\/blog.univicosa.com.br\/index.php\/2021\/05\/03\/curiosidades-e-mercado-de-trabalho-arquitetura-e-urbanismo\/\">Curiosidades e mercado de trabalho: Arquitetura e Urbanismo<\/a><\/p>\n\n\n\n<p><a href=\"https:\/\/blog.univicosa.com.br\/index.php\/2021\/05\/17\/saiba-tudo-sobre-a-paisagem-urbana\/\">Saiba tudo sobre a Paisagem Urbana!<\/a><\/p>\n\n\n\n<p><a href=\"https:\/\/blog.univicosa.com.br\/index.php\/2021\/06\/08\/8-dicas-para-se-preparar-para-uma-entrevista-de-estagio\/\">8 dicas para se preparar para uma entrevista de est\u00e1gio!<\/a><\/p>\n\n\n\n<p><a href=\"https:\/\/blog.univicosa.com.br\/index.php\/2021\/06\/08\/7-dicas-para-melhorar-o-seu-sono\/\">7 dicas para melhorar o seu sono!<\/a><\/p>\n\n\n\n<p><a href=\"https:\/\/blog.univicosa.com.br\/index.php\/2021\/05\/26\/dicas-para-organizar-o-seu-estudo-em-casa\/\">Dicas para organizar o seu estudo em casa!<\/a><\/p>\n\n\n\n<p><\/p>\n\n\n\n<p><\/p>\n","protected":false},"excerpt":{"rendered":"<p>O desenho faz parte da nossa hist\u00f3ria. Como n\u00e3o lembrar daquele belo cart\u00e3o feito para mam\u00e3e no dia do seu anivers\u00e1rio? \u00a0Vamos recordar essa forma de comunica\u00e7\u00e3o que aprendemos desde novos e constatar como ela \u00e9 uma ferramenta poderosa de comunica\u00e7\u00e3o para quem gosta de arte, pintura e desenho. \u00a0Linhas e cores n\u00e3o s\u00e3o meros&#8230;<\/p>\n","protected":false},"author":2,"featured_media":1979,"comment_status":"open","ping_status":"open","sticky":false,"template":"","format":"standard","meta":{"spay_email":""},"categories":[28,14],"tags":[333,102,334,103,329,175,341,242,327,326,336,337,332,238,51,95,339,338,330,328,340,335,331,96,50,104,93],"jetpack_featured_media_url":"https:\/\/blog.univicosa.com.br\/wp-content\/uploads\/2021\/06\/desenho-arq-blog.png","jetpack_shortlink":"https:\/\/wp.me\/pbcCKk-vQ","_links":{"self":[{"href":"https:\/\/blog.univicosa.com.br\/index.php\/wp-json\/wp\/v2\/posts\/1974"}],"collection":[{"href":"https:\/\/blog.univicosa.com.br\/index.php\/wp-json\/wp\/v2\/posts"}],"about":[{"href":"https:\/\/blog.univicosa.com.br\/index.php\/wp-json\/wp\/v2\/types\/post"}],"author":[{"embeddable":true,"href":"https:\/\/blog.univicosa.com.br\/index.php\/wp-json\/wp\/v2\/users\/2"}],"replies":[{"embeddable":true,"href":"https:\/\/blog.univicosa.com.br\/index.php\/wp-json\/wp\/v2\/comments?post=1974"}],"version-history":[{"count":2,"href":"https:\/\/blog.univicosa.com.br\/index.php\/wp-json\/wp\/v2\/posts\/1974\/revisions"}],"predecessor-version":[{"id":1981,"href":"https:\/\/blog.univicosa.com.br\/index.php\/wp-json\/wp\/v2\/posts\/1974\/revisions\/1981"}],"wp:featuredmedia":[{"embeddable":true,"href":"https:\/\/blog.univicosa.com.br\/index.php\/wp-json\/wp\/v2\/media\/1979"}],"wp:attachment":[{"href":"https:\/\/blog.univicosa.com.br\/index.php\/wp-json\/wp\/v2\/media?parent=1974"}],"wp:term":[{"taxonomy":"category","embeddable":true,"href":"https:\/\/blog.univicosa.com.br\/index.php\/wp-json\/wp\/v2\/categories?post=1974"},{"taxonomy":"post_tag","embeddable":true,"href":"https:\/\/blog.univicosa.com.br\/index.php\/wp-json\/wp\/v2\/tags?post=1974"}],"curies":[{"name":"wp","href":"https:\/\/api.w.org\/{rel}","templated":true}]}}