{"id":1959,"date":"2021-06-07T19:12:11","date_gmt":"2021-06-07T22:12:11","guid":{"rendered":"https:\/\/blog.univicosa.com.br\/?p=1959"},"modified":"2021-06-07T19:12:11","modified_gmt":"2021-06-07T22:12:11","slug":"voce-sabia-empresas-dentro-do-simples-nacional-podem-pagar-menos-impostos-dentro-da-lei","status":"publish","type":"post","link":"https:\/\/blog.univicosa.com.br\/index.php\/2021\/06\/07\/voce-sabia-empresas-dentro-do-simples-nacional-podem-pagar-menos-impostos-dentro-da-lei\/","title":{"rendered":"Voc\u00ea sabia? Empresas dentro do Simples Nacional podem pagar menos impostos dentro da lei!"},"content":{"rendered":"\n<figure class=\"wp-block-image size-large\"><img data-attachment-id=\"1961\" data-permalink=\"https:\/\/blog.univicosa.com.br\/index.php\/2021\/06\/07\/voce-sabia-empresas-dentro-do-simples-nacional-podem-pagar-menos-impostos-dentro-da-lei\/simples-nacional-contabeis-blog\/\" data-orig-file=\"https:\/\/blog.univicosa.com.br\/wp-content\/uploads\/2021\/06\/simples-nacional-contabeis-blog.png\" data-orig-size=\"1024,576\" data-comments-opened=\"1\" data-image-meta=\"{&quot;aperture&quot;:&quot;0&quot;,&quot;credit&quot;:&quot;&quot;,&quot;camera&quot;:&quot;&quot;,&quot;caption&quot;:&quot;&quot;,&quot;created_timestamp&quot;:&quot;0&quot;,&quot;copyright&quot;:&quot;&quot;,&quot;focal_length&quot;:&quot;0&quot;,&quot;iso&quot;:&quot;0&quot;,&quot;shutter_speed&quot;:&quot;0&quot;,&quot;title&quot;:&quot;&quot;,&quot;orientation&quot;:&quot;0&quot;}\" data-image-title=\"simples nacional contabeis blog\" data-image-description=\"\" data-medium-file=\"https:\/\/blog.univicosa.com.br\/wp-content\/uploads\/2021\/06\/simples-nacional-contabeis-blog-300x169.png\" data-large-file=\"https:\/\/blog.univicosa.com.br\/wp-content\/uploads\/2021\/06\/simples-nacional-contabeis-blog.png\" loading=\"lazy\" width=\"1024\" height=\"576\" src=\"https:\/\/blog.univicosa.com.br\/wp-content\/uploads\/2021\/06\/simples-nacional-contabeis-blog.png\" alt=\"\" class=\"wp-image-1961\" srcset=\"https:\/\/blog.univicosa.com.br\/wp-content\/uploads\/2021\/06\/simples-nacional-contabeis-blog.png 1024w, https:\/\/blog.univicosa.com.br\/wp-content\/uploads\/2021\/06\/simples-nacional-contabeis-blog-300x169.png 300w, https:\/\/blog.univicosa.com.br\/wp-content\/uploads\/2021\/06\/simples-nacional-contabeis-blog-768x432.png 768w, https:\/\/blog.univicosa.com.br\/wp-content\/uploads\/2021\/06\/simples-nacional-contabeis-blog-850x478.png 850w\" sizes=\"(max-width: 1024px) 100vw, 1024px\" \/><\/figure>\n\n\n\n<p><em>Por Myriam Mello*<\/em><\/p>\n\n\n\n<p><strong>Fator r e as empresas prestadoras de servi\u00e7os optante pela forma de tributa\u00e7\u00e3o Simples Nacional<\/strong>!<\/p>\n\n\n\n<p>A <strong>dica dessa semana<\/strong> \u00e9 sobre o<strong> fator r<\/strong> para empresas do <strong>Simples Nacional<\/strong>. (Saiba o que \u00e9 &#8220;fator r&#8221; abaixo!) <\/p>\n\n\n\n<p><strong>Ser\u00e1 que todos empres\u00e1rios sabem que podem pagar menos impostos dentro da Lei?<\/strong> Tudo depende do conhecimento da<strong> Lei tribut\u00e1ria <\/strong>e dos incentivos do governo para cada setor.<\/p>\n\n\n\n<p><strong>Empresas <\/strong>que tenham <strong>receita menor ou igual a R$ 4.800.000 <\/strong>no ano <strong>calend\u00e1rio <\/strong>podem optar pela forma de tributa\u00e7\u00e3o<strong> pessoa jur\u00eddica Simples Nacional<\/strong>, uma forma simplificada de <strong>pagamento de tributos e contribui\u00e7\u00f5es<\/strong>.<\/p>\n\n\n\n<p>As empresas do <strong>Simples Nacional<\/strong> s\u00e3o <strong>divididas em anexos<\/strong>, conforme o ramo de <strong>atividade<\/strong>. Dessa forma temos <strong>anexo I para com\u00e9rcio<\/strong>, <strong>anexo II para Ind\u00fastria<\/strong> e <strong>anexo III, IV e V para presta\u00e7\u00e3o de servi\u00e7os<\/strong>.<\/p>\n\n\n\n<p>Os <strong>anexos <\/strong>s\u00e3o <strong>organizados em faixas<\/strong>, conforme o <strong>faturamento <\/strong>que a <strong>empresa pode ter<\/strong>, e cada faixa tem a <strong>al\u00edquota nominal<\/strong>, que dever\u00e1 ser <strong>transformada em al\u00edquota efetiva<\/strong> para <strong>calcular <\/strong>o <strong>valor <\/strong>a<strong> ser pago <\/strong>mensalmente atrav\u00e9s do <strong>Documento de arrecada\u00e7\u00e3o do Simples (DAS)<\/strong>, conforme a f\u00f3rmula matem\u00e1tica:<\/p>\n\n\n\n<p><strong>Al\u00edquota efetiva = <span style=\"text-decoration: underline;\">RBT 12* al\u00edquota nominal &#8211; parcela a deduzir<\/span><br>                                                                 RBT12<\/strong><\/p>\n\n\n\n<p>Onde: <strong>RBT 12<\/strong> &#8211; receita bruta total dos \u00faltimos 12 meses<\/p>\n\n\n\n<p>Al\u00edquota nominal- encontra-se nas faixas dos anexos<\/p>\n\n\n\n<p>Parcela a deduzir- encontra-se nas faixas dos anexos<\/p>\n\n\n\n<figure class=\"wp-block-image size-large\"><img data-attachment-id=\"1962\" data-permalink=\"https:\/\/blog.univicosa.com.br\/index.php\/2021\/06\/07\/voce-sabia-empresas-dentro-do-simples-nacional-podem-pagar-menos-impostos-dentro-da-lei\/a-fiscalizacao-em-massa-das-empresas-optantes-pelo-simples-nacional-saipos-sistema-para-restaurantes\/\" data-orig-file=\"https:\/\/blog.univicosa.com.br\/wp-content\/uploads\/2021\/06\/A-Fiscalizacao-em-massa-das-empresas-optantes-pelo-Simples-Nacional-SAIPOS-Sistema-para-Restaurantes.jpg\" data-orig-size=\"1080,720\" data-comments-opened=\"1\" data-image-meta=\"{&quot;aperture&quot;:&quot;0&quot;,&quot;credit&quot;:&quot;&quot;,&quot;camera&quot;:&quot;&quot;,&quot;caption&quot;:&quot;&quot;,&quot;created_timestamp&quot;:&quot;0&quot;,&quot;copyright&quot;:&quot;&quot;,&quot;focal_length&quot;:&quot;0&quot;,&quot;iso&quot;:&quot;0&quot;,&quot;shutter_speed&quot;:&quot;0&quot;,&quot;title&quot;:&quot;&quot;,&quot;orientation&quot;:&quot;0&quot;}\" data-image-title=\"A-Fiscaliza\u00e7\u00e3o-em-massa-das-empresas-optantes-pelo-Simples-Nacional-SAIPOS-Sistema-para-Restaurantes\" data-image-description=\"\" data-medium-file=\"https:\/\/blog.univicosa.com.br\/wp-content\/uploads\/2021\/06\/A-Fiscalizacao-em-massa-das-empresas-optantes-pelo-Simples-Nacional-SAIPOS-Sistema-para-Restaurantes-300x200.jpg\" data-large-file=\"https:\/\/blog.univicosa.com.br\/wp-content\/uploads\/2021\/06\/A-Fiscalizacao-em-massa-das-empresas-optantes-pelo-Simples-Nacional-SAIPOS-Sistema-para-Restaurantes-1024x683.jpg\" loading=\"lazy\" width=\"1024\" height=\"683\" src=\"https:\/\/blog.univicosa.com.br\/wp-content\/uploads\/2021\/06\/A-Fiscalizacao-em-massa-das-empresas-optantes-pelo-Simples-Nacional-SAIPOS-Sistema-para-Restaurantes-1024x683.jpg\" alt=\"\" class=\"wp-image-1962\" srcset=\"https:\/\/blog.univicosa.com.br\/wp-content\/uploads\/2021\/06\/A-Fiscalizacao-em-massa-das-empresas-optantes-pelo-Simples-Nacional-SAIPOS-Sistema-para-Restaurantes-1024x683.jpg 1024w, https:\/\/blog.univicosa.com.br\/wp-content\/uploads\/2021\/06\/A-Fiscalizacao-em-massa-das-empresas-optantes-pelo-Simples-Nacional-SAIPOS-Sistema-para-Restaurantes-300x200.jpg 300w, https:\/\/blog.univicosa.com.br\/wp-content\/uploads\/2021\/06\/A-Fiscalizacao-em-massa-das-empresas-optantes-pelo-Simples-Nacional-SAIPOS-Sistema-para-Restaurantes-768x512.jpg 768w, https:\/\/blog.univicosa.com.br\/wp-content\/uploads\/2021\/06\/A-Fiscalizacao-em-massa-das-empresas-optantes-pelo-Simples-Nacional-SAIPOS-Sistema-para-Restaurantes-850x567.jpg 850w, https:\/\/blog.univicosa.com.br\/wp-content\/uploads\/2021\/06\/A-Fiscalizacao-em-massa-das-empresas-optantes-pelo-Simples-Nacional-SAIPOS-Sistema-para-Restaurantes.jpg 1080w\" sizes=\"(max-width: 1024px) 100vw, 1024px\" \/><\/figure>\n\n\n\n<p>Para as <strong>empresas prestadoras de servi\u00e7os <\/strong>enquadradas no <strong>anexo V<\/strong>, que possui <strong>al\u00edquotas maiores de impostos<\/strong>, existe um benef\u00edcio governamental, chamado <strong>fator r<\/strong>.<\/p>\n\n\n\n<p>Atrav\u00e9s desse benef\u00edcio,<strong> empresas cujas atividades s\u00e3o enquadradas no anexo V <\/strong>poder\u00e3o ser tributadas pelo <strong>anexo III<\/strong> que possui al\u00edquotas <strong>menores <\/strong>do que as <strong>al\u00edquotas do anexo V<\/strong>.<\/p>\n\n\n\n<p><strong>O que \u00e9 o fator r, para que serve e quando aplicar<\/strong>:<\/p>\n\n\n\n<p>O <strong>Fator r <\/strong>relaciona dois indicadores presentes nas empresas:<\/p>\n\n\n\n<ul><li>Os <strong>gastos <\/strong>com<strong> folha de pagamento <\/strong>nos \u00faltimos <strong>12 meses<\/strong>.<\/li><li>E o<strong> faturamento bruto<\/strong> do neg\u00f3cio nos<strong> \u00faltimos 12 meses<\/strong>.<\/li><\/ul>\n\n\n\n<p>Ao associar esses <strong>dois indicadores<\/strong>, ele mostra o quanto do <strong>faturamento <\/strong>da <strong>empresa <\/strong>\u00e9 destinado ao <strong>pagamento de sal\u00e1rios e demais encargos<\/strong>.<\/p>\n\n\n\n<p>\u00c9 <strong>calculado dividindo<\/strong> <strong>o valor da folha de sal\u00e1rio dos \u00faltimos 12 meses<\/strong> pelo <strong>valor <\/strong>da<strong> receita bruta <\/strong>acumulado dos \u00faltimos <strong>12 meses<\/strong>. O resultado dessa divis\u00e3o \u00e9 o <strong>fator r<\/strong>.<\/p>\n\n\n\n<p><strong>\u00a0\u00a0\u00a0\u00a0\u00a0\u00a0\u00a0\u00a0\u00a0\u00a0\u00a0\u00a0\u00a0\u00a0\u00a0\u00a0 Fator r = <span style=\"text-decoration: underline;\">folha de sal\u00e1rios dos \u00faltimos 12 meses<\/span><br>                                             RBT dos \u00faltimos 12 meses<\/strong><\/p>\n\n\n\n<p>Onde <strong>RBT<\/strong> &#8211; \u00e9 a receita bruta dos \u00faltimos 12 meses<\/p>\n\n\n\n<p>Por meio do <strong>Fator R<\/strong>, uma <strong>empresa <\/strong>pode<strong> pagar menos imposto<\/strong>, visto que, quando o <strong>Fator r<\/strong> for maior ou igual que <strong>28%<\/strong> aplica-se o<strong> anexo III<\/strong>, que possui <strong>al\u00edquotas menores.<\/strong><\/p>\n\n\n\n<p>E quando o<strong> fator r<\/strong> for menor que <strong>28%<\/strong> aplica-se o<strong> anexo V,<\/strong> que possui <strong>al\u00edquotas maiores<\/strong>. Todos meses a empresa deve calcular o <strong>fator r<\/strong>.<\/p>\n\n\n\n<p><strong>Ent\u00e3o a empresa poder\u00e1 variar entre o anexo III e o anexo V.<\/strong><\/p>\n\n\n\n<p>\u00c9 um <strong>incentivo <\/strong>para as <strong>empresas contratarem mais funcion\u00e1rios<\/strong>, gerando<strong> emprego e renda<\/strong>. Por meio do<strong> Fator R <\/strong>os empres\u00e1rios de pequenas e m\u00e9dias empresas poder\u00e3o pagar menos impostos se aumentarem suas folhas de pagamento contratando mais funcion\u00e1rios. <\/p>\n\n\n\n<p><em>Por Myriam Mello &#8211; Professora do curso de Ci\u00eancias Cont\u00e1beis da UNIVI\u00c7OSA. <\/em><\/p>\n\n\n\n<p><a href=\"https:\/\/www.univicosa.com.br\/graduacao\/cursos\/ciencias_contabeis\">Curtiu e quer saber mais sobre o curso de\u00a0<strong>Ci\u00eancias Cont\u00e1beis\u00a0<\/strong>da\u00a0<strong>UNIVI\u00c7OSA<\/strong>? Ent\u00e3o acesse o site da Univi\u00e7osa, clique aqui!<\/a> <\/p>\n\n\n\n<p><a href=\"https:\/\/blog.univicosa.com.br\/index.php\/2021\/03\/24\/porque-cursar-ciencias-contabeis\/\">PORQUE CURSAR CI\u00caNCIAS CONT\u00c1BEIS<\/a> <\/p>\n\n\n\n<p><a href=\"https:\/\/blog.univicosa.com.br\/index.php\/2021\/05\/31\/entenda-tudo-sobre-a-declaracao-do-imposto-de-renda-e-nao-perca-o-prazo-para-sua-declaracao\/\">Entenda tudo sobre a Declara\u00e7\u00e3o do Imposto de Renda e n\u00e3o perca o prazo para sua declara\u00e7\u00e3o!<\/a> <\/p>\n\n\n\n<p><a href=\"https:\/\/blog.univicosa.com.br\/index.php\/2021\/05\/26\/dicas-para-organizar-o-seu-estudo-em-casa\/\">Dicas para organizar o seu estudo em casa!<\/a><\/p>\n\n\n\n<p><a href=\"https:\/\/blog.univicosa.com.br\/index.php\/2021\/05\/31\/7-dicas-para-potencializar-sua-gestao-financeira-pessoal\/\">7 dicas para potencializar sua gest\u00e3o financeira pessoal!<\/a><\/p>\n\n\n\n<p><a href=\"https:\/\/blog.univicosa.com.br\/index.php\/2021\/05\/24\/escolher-o-curso-e-a-instituicao-certa-vai-determinar-o-seu-futuro\/\">Escolher o curso e a Institui\u00e7\u00e3o certa vai determinar o seu futuro!<\/a> <\/p>\n","protected":false},"excerpt":{"rendered":"<p>Por Myriam Mello* Fator r e as empresas prestadoras de servi\u00e7os optante pela forma de tributa\u00e7\u00e3o Simples Nacional! A dica dessa semana \u00e9 sobre o fator r para empresas do Simples Nacional. (Saiba o que \u00e9 &#8220;fator r&#8221; abaixo!) Ser\u00e1 que todos empres\u00e1rios sabem que podem pagar menos impostos dentro da Lei? Tudo depende do&#8230;<\/p>\n","protected":false},"author":2,"featured_media":1961,"comment_status":"open","ping_status":"open","sticky":false,"template":"","format":"standard","meta":{"spay_email":""},"categories":[34,15,1],"tags":[3,258,300,259,297,298,109,301,95,266,260,299,197,303,302,92,296,304,96,50,93],"jetpack_featured_media_url":"https:\/\/blog.univicosa.com.br\/wp-content\/uploads\/2021\/06\/simples-nacional-contabeis-blog.png","jetpack_shortlink":"https:\/\/wp.me\/pbcCKk-vB","_links":{"self":[{"href":"https:\/\/blog.univicosa.com.br\/index.php\/wp-json\/wp\/v2\/posts\/1959"}],"collection":[{"href":"https:\/\/blog.univicosa.com.br\/index.php\/wp-json\/wp\/v2\/posts"}],"about":[{"href":"https:\/\/blog.univicosa.com.br\/index.php\/wp-json\/wp\/v2\/types\/post"}],"author":[{"embeddable":true,"href":"https:\/\/blog.univicosa.com.br\/index.php\/wp-json\/wp\/v2\/users\/2"}],"replies":[{"embeddable":true,"href":"https:\/\/blog.univicosa.com.br\/index.php\/wp-json\/wp\/v2\/comments?post=1959"}],"version-history":[{"count":2,"href":"https:\/\/blog.univicosa.com.br\/index.php\/wp-json\/wp\/v2\/posts\/1959\/revisions"}],"predecessor-version":[{"id":1963,"href":"https:\/\/blog.univicosa.com.br\/index.php\/wp-json\/wp\/v2\/posts\/1959\/revisions\/1963"}],"wp:featuredmedia":[{"embeddable":true,"href":"https:\/\/blog.univicosa.com.br\/index.php\/wp-json\/wp\/v2\/media\/1961"}],"wp:attachment":[{"href":"https:\/\/blog.univicosa.com.br\/index.php\/wp-json\/wp\/v2\/media?parent=1959"}],"wp:term":[{"taxonomy":"category","embeddable":true,"href":"https:\/\/blog.univicosa.com.br\/index.php\/wp-json\/wp\/v2\/categories?post=1959"},{"taxonomy":"post_tag","embeddable":true,"href":"https:\/\/blog.univicosa.com.br\/index.php\/wp-json\/wp\/v2\/tags?post=1959"}],"curies":[{"name":"wp","href":"https:\/\/api.w.org\/{rel}","templated":true}]}}