{"id":1942,"date":"2021-06-02T15:26:34","date_gmt":"2021-06-02T18:26:34","guid":{"rendered":"https:\/\/blog.univicosa.com.br\/?p=1942"},"modified":"2021-06-02T15:42:35","modified_gmt":"2021-06-02T18:42:35","slug":"a-restauracao-florestal-esta-presente-no-seu-dia-a-dia","status":"publish","type":"post","link":"https:\/\/blog.univicosa.com.br\/index.php\/2021\/06\/02\/a-restauracao-florestal-esta-presente-no-seu-dia-a-dia\/","title":{"rendered":"A Restaura\u00e7\u00e3o Florestal est\u00e1 presente no seu dia a dia?"},"content":{"rendered":"\n<figure class=\"wp-block-image size-large\"><img data-attachment-id=\"1943\" data-permalink=\"https:\/\/blog.univicosa.com.br\/index.php\/2021\/06\/02\/a-restauracao-florestal-esta-presente-no-seu-dia-a-dia\/restauracao-florestal-eng-ambiental\/\" data-orig-file=\"https:\/\/blog.univicosa.com.br\/wp-content\/uploads\/2021\/06\/restauracao-florestal-eng-ambiental.png\" data-orig-size=\"1024,576\" data-comments-opened=\"1\" data-image-meta=\"{&quot;aperture&quot;:&quot;0&quot;,&quot;credit&quot;:&quot;&quot;,&quot;camera&quot;:&quot;&quot;,&quot;caption&quot;:&quot;&quot;,&quot;created_timestamp&quot;:&quot;0&quot;,&quot;copyright&quot;:&quot;&quot;,&quot;focal_length&quot;:&quot;0&quot;,&quot;iso&quot;:&quot;0&quot;,&quot;shutter_speed&quot;:&quot;0&quot;,&quot;title&quot;:&quot;&quot;,&quot;orientation&quot;:&quot;0&quot;}\" data-image-title=\"restaura\u00e7\u00e3o florestal eng ambiental\" data-image-description=\"\" data-medium-file=\"https:\/\/blog.univicosa.com.br\/wp-content\/uploads\/2021\/06\/restauracao-florestal-eng-ambiental-300x169.png\" data-large-file=\"https:\/\/blog.univicosa.com.br\/wp-content\/uploads\/2021\/06\/restauracao-florestal-eng-ambiental.png\" loading=\"lazy\" width=\"1024\" height=\"576\" src=\"https:\/\/blog.univicosa.com.br\/wp-content\/uploads\/2021\/06\/restauracao-florestal-eng-ambiental.png\" alt=\"\" class=\"wp-image-1943\" srcset=\"https:\/\/blog.univicosa.com.br\/wp-content\/uploads\/2021\/06\/restauracao-florestal-eng-ambiental.png 1024w, https:\/\/blog.univicosa.com.br\/wp-content\/uploads\/2021\/06\/restauracao-florestal-eng-ambiental-300x169.png 300w, https:\/\/blog.univicosa.com.br\/wp-content\/uploads\/2021\/06\/restauracao-florestal-eng-ambiental-768x432.png 768w, https:\/\/blog.univicosa.com.br\/wp-content\/uploads\/2021\/06\/restauracao-florestal-eng-ambiental-850x478.png 850w\" sizes=\"(max-width: 1024px) 100vw, 1024px\" \/><figcaption>Saiba como o tema da Semana do Meio Ambiente pode estar mais perto do que imagina<\/figcaption><\/figure>\n\n\n\n<p>No dia<strong> 05 de junho de 2021<\/strong> \u00e9 comemorado o <strong>Dia Mundial do Meio Ambiente <\/strong>e o tema desse ano da <strong>Semana do Meio Ambiente<\/strong> (31\/05 a 05\/06) \u00e9 a <strong>Restaura\u00e7\u00e3o Florestal. Ser\u00e1 que voc\u00ea j\u00e1 viu alguma t\u00e9cnica de restaura\u00e7\u00e3o florestal nos lugares que costuma frequentar?<\/strong><\/p>\n\n\n\n<p>Mas antes de te contar quais s\u00e3o essas <strong>t\u00e9cnicas<\/strong>, precisamos entender o que \u00e9 a <strong>Restaura\u00e7\u00e3o Florestal<\/strong>.<\/p>\n\n\n\n<p>Basicamente, quando se diz que \u00e9<strong> necess\u00e1rio restaurar uma \u00e1rea degradada<\/strong>, est\u00e1 se falando da <strong>necessidade de implantar um ecossistema <\/strong>que pode ser de v\u00e1rias formas, tamanhos e tipos. Estamos falando de aplicar <strong>t\u00e9cnicas <\/strong>para <strong>restabelecer <\/strong>processos naturais que v\u00e3o propiciar condi\u00e7\u00f5es para <strong>retornar \u00e0 vegeta\u00e7\u00e3o <\/strong>que existia em uma determinada \u00e1rea.<\/p>\n\n\n\n<p>Esses processos naturais podem ser o <strong>crescimento de vegeta\u00e7\u00e3o, dissemina\u00e7\u00e3o de sementes e enriquecimento do solo.<\/strong> Uma \u00e1rea que n\u00e3o sofreu degrada\u00e7\u00e3o possui mecanismos pr\u00f3prios para o crescimento das esp\u00e9cies como por meio da dispers\u00e3o de sementes, o que pode ser feito por <strong>animais<\/strong>, por exemplo. Al\u00e9m disso, essa \u00e1rea possui outras plantas que v\u00e3o enriquecendo aquele meio e criando condi\u00e7\u00f5es favor\u00e1veis ao crescimento de outras esp\u00e9cies.<\/p>\n\n\n\n<p>Quando uma <strong>\u00e1rea <\/strong>\u00e9 <strong>degradada<\/strong>, todos esses mecanismos ou quase todos foram retirados pela atividade que \u00e9 exercida nessa \u00e1rea e, assim, \u00e0quela \u00e1rea <strong>n\u00e3o tem condi\u00e7\u00f5es de propiciar esse meio rico em nutrientes<\/strong>, ou seja, ela perdeu esses mecanismos naturais citados.<\/p>\n\n\n\n<p>Sendo assim, \u00e9 preciso, por meio de <strong>t\u00e9cnicas <\/strong>criar novamente condi\u00e7\u00f5es para que esses <strong>processos naturais voltem \u00e0 \u00e1rea que foi degradada.<\/strong><\/p>\n\n\n\n<figure class=\"wp-block-image size-large\"><img data-attachment-id=\"1948\" data-permalink=\"https:\/\/blog.univicosa.com.br\/index.php\/2021\/06\/02\/a-restauracao-florestal-esta-presente-no-seu-dia-a-dia\/regeneracao-florestal\/\" data-orig-file=\"https:\/\/blog.univicosa.com.br\/wp-content\/uploads\/2021\/06\/regeneracao-florestal.png\" data-orig-size=\"1434,802\" data-comments-opened=\"1\" data-image-meta=\"{&quot;aperture&quot;:&quot;0&quot;,&quot;credit&quot;:&quot;&quot;,&quot;camera&quot;:&quot;&quot;,&quot;caption&quot;:&quot;&quot;,&quot;created_timestamp&quot;:&quot;0&quot;,&quot;copyright&quot;:&quot;&quot;,&quot;focal_length&quot;:&quot;0&quot;,&quot;iso&quot;:&quot;0&quot;,&quot;shutter_speed&quot;:&quot;0&quot;,&quot;title&quot;:&quot;&quot;,&quot;orientation&quot;:&quot;0&quot;}\" data-image-title=\"regenera\u00e7\u00e3o-florestal\" data-image-description=\"\" data-medium-file=\"https:\/\/blog.univicosa.com.br\/wp-content\/uploads\/2021\/06\/regeneracao-florestal-300x168.png\" data-large-file=\"https:\/\/blog.univicosa.com.br\/wp-content\/uploads\/2021\/06\/regeneracao-florestal-1024x573.png\" loading=\"lazy\" width=\"1024\" height=\"573\" src=\"https:\/\/blog.univicosa.com.br\/wp-content\/uploads\/2021\/06\/regeneracao-florestal-1024x573.png\" alt=\"\" class=\"wp-image-1948\" srcset=\"https:\/\/blog.univicosa.com.br\/wp-content\/uploads\/2021\/06\/regeneracao-florestal-1024x573.png 1024w, https:\/\/blog.univicosa.com.br\/wp-content\/uploads\/2021\/06\/regeneracao-florestal-300x168.png 300w, https:\/\/blog.univicosa.com.br\/wp-content\/uploads\/2021\/06\/regeneracao-florestal-768x430.png 768w, https:\/\/blog.univicosa.com.br\/wp-content\/uploads\/2021\/06\/regeneracao-florestal-850x475.png 850w, https:\/\/blog.univicosa.com.br\/wp-content\/uploads\/2021\/06\/regeneracao-florestal.png 1434w\" sizes=\"(max-width: 1024px) 100vw, 1024px\" \/><\/figure>\n\n\n\n<p>Normalmente, a<strong> recupera\u00e7\u00e3o de \u00e1reas \u00e9 realizada em locais degradados<\/strong>, ou seja, em \u00e1reas que sofreram com atividades realizadas de forma <strong>incorreta <\/strong>como, por exemplo, <strong>pecu\u00e1ria<\/strong>, <strong>agricultura<\/strong>, <strong>pastagens<\/strong>, <strong>irriga\u00e7\u00e3o<\/strong>, <strong>minera\u00e7\u00e3o<\/strong>, entre outras.<\/p>\n\n\n\n<p>Para que \u00e1reas desse tipo possam voltar a ter algum tipo de <strong>vegeta\u00e7\u00e3o<\/strong>, torna-se <strong>necess\u00e1rio <\/strong>usar as t\u00e9cnicas de <strong><a href=\"https:\/\/wribrasil.org.br\/pt\/blog\/2019\/03\/o-que-e-restauracao-florestal-reflorestamento\" data-type=\"URL\" data-id=\"https:\/\/wribrasil.org.br\/pt\/blog\/2019\/03\/o-que-e-restauracao-florestal-reflorestamento\">restaura\u00e7\u00e3o florestal <\/a><\/strong>que v\u00e3o desde as mais simples at\u00e9 as mais complexas.<\/p>\n\n\n\n<p>Provavelmente, voc\u00ea j\u00e1 tenha visto um \u201c<strong>barranco<\/strong>\u201d descoberto sem vegeta\u00e7\u00e3o, ou ent\u00e3o, tenha visto nos notici\u00e1rios <strong>deslizamentos de terra devido a enchentes<\/strong>. Normalmente, essas \u00e1reas s\u00e3o conhecidas como taludes e est\u00e3o muito presentes nas cidades, inclusive as suas t\u00e9cnicas de <strong>revegeta\u00e7\u00e3o<\/strong>. Uma das t\u00e9cnicas empregadas para <strong>restaura\u00e7\u00e3o <\/strong>de <strong>taludes <\/strong>s\u00e3o as <strong>placas de gramas<\/strong>, que ir\u00e3o se fixar nesse talude e a partir desse momento, ir\u00e3o se desenvolver, fixar ao solo e propiciar condi\u00e7\u00f5es para que outras esp\u00e9cies mais complexas possam aparecer e, assim, promover a revegeta\u00e7\u00e3o dessas \u00e1reas.<\/p>\n\n\n\n<p>H\u00e1 tamb\u00e9m a t\u00e9cnica de<strong> poleiros artificiais<\/strong>, que nada mais s\u00e3o do que <strong>estruturas como cabos de a\u00e7o ou cordas<\/strong> posicionadas em locais estrat\u00e9gicos dentro de uma \u00e1rea degradada para que sirva de ponto de descanso para as aves. Como, muitas vezes, essas \u00e1reas perderam as \u00e1rvores ou plantas menores que antes da degrada\u00e7\u00e3o serviam de ponto de pouso para essas aves, <strong>\u00e9 preciso colocar essas estruturas<\/strong> para atrair as aves que s\u00e3o muito importantes no processo de restaura\u00e7\u00e3o, uma vez que, s\u00e3o respons\u00e1veis por transportar as sementes e trazer nutrientes atrav\u00e9s das suas fezes nos locais em que pousam.<\/p>\n\n\n\n<figure class=\"wp-block-image size-large is-resized\"><img data-attachment-id=\"1945\" data-permalink=\"https:\/\/blog.univicosa.com.br\/index.php\/2021\/06\/02\/a-restauracao-florestal-esta-presente-no-seu-dia-a-dia\/bandes-07_06-reflorestar-3\/\" data-orig-file=\"https:\/\/blog.univicosa.com.br\/wp-content\/uploads\/2021\/06\/Bandes-07_06-Reflorestar-3.jpg\" data-orig-size=\"900,600\" data-comments-opened=\"1\" data-image-meta=\"{&quot;aperture&quot;:&quot;9&quot;,&quot;credit&quot;:&quot;getangelstudios&quot;,&quot;camera&quot;:&quot;Canon EOS 6D&quot;,&quot;caption&quot;:&quot;&quot;,&quot;created_timestamp&quot;:&quot;1488026408&quot;,&quot;copyright&quot;:&quot;getangelstudios&quot;,&quot;focal_length&quot;:&quot;63&quot;,&quot;iso&quot;:&quot;100&quot;,&quot;shutter_speed&quot;:&quot;0.00625&quot;,&quot;title&quot;:&quot;&quot;,&quot;orientation&quot;:&quot;1&quot;}\" data-image-title=\"Bandes &#8211; 07_06 Reflorestar 3\" data-image-description=\"\" data-medium-file=\"https:\/\/blog.univicosa.com.br\/wp-content\/uploads\/2021\/06\/Bandes-07_06-Reflorestar-3-300x200.jpg\" data-large-file=\"https:\/\/blog.univicosa.com.br\/wp-content\/uploads\/2021\/06\/Bandes-07_06-Reflorestar-3.jpg\" loading=\"lazy\" src=\"https:\/\/blog.univicosa.com.br\/wp-content\/uploads\/2021\/06\/Bandes-07_06-Reflorestar-3.jpg\" alt=\"\" class=\"wp-image-1945\" width=\"549\" height=\"365\" srcset=\"https:\/\/blog.univicosa.com.br\/wp-content\/uploads\/2021\/06\/Bandes-07_06-Reflorestar-3.jpg 900w, https:\/\/blog.univicosa.com.br\/wp-content\/uploads\/2021\/06\/Bandes-07_06-Reflorestar-3-300x200.jpg 300w, https:\/\/blog.univicosa.com.br\/wp-content\/uploads\/2021\/06\/Bandes-07_06-Reflorestar-3-768x512.jpg 768w, https:\/\/blog.univicosa.com.br\/wp-content\/uploads\/2021\/06\/Bandes-07_06-Reflorestar-3-850x567.jpg 850w\" sizes=\"(max-width: 549px) 100vw, 549px\" \/><\/figure>\n\n\n\n<p>Infelizmente, \u00e9 muito comum encontrar<strong> \u00e1reas degradadas<\/strong> nas nossas <strong>cidades <\/strong>que foram formadas ao longo de anos de ocupa\u00e7\u00e3o desordenada. Por isso, \u00e9 muito importante conhecer cada vez mais as t\u00e9cnicas de restaura\u00e7\u00e3o para que possamos criar um ambiente sustent\u00e1vel, capaz de fornecer os recursos necess\u00e1rios para as pr\u00f3ximas gera\u00e7\u00f5es.<\/p>\n\n\n\n<p>Dessa forma, \u00e9 de <strong>grande import\u00e2ncia<\/strong> essa <strong>semana do meio ambiente<\/strong> cujo tema \u00e9 a restaura\u00e7\u00e3o florestal, pois v\u00e1rios pa\u00edses em todo mundo estar\u00e3o discutindo e planejando a\u00e7\u00f5es mais eficazes!<\/p>\n\n\n\n<p><a href=\"https:\/\/www.univicosa.com.br\/graduacao\/cursos\/engenharia_ambiental\" data-type=\"URL\" data-id=\"https:\/\/www.univicosa.com.br\/graduacao\/cursos\/engenharia_ambiental\">Curtiu e quer saber mais sobre o curso de\u00a0<strong>Engenharia Ambeintal\u00a0<\/strong>da\u00a0<strong>UNIVI\u00c7OSA<\/strong>? Ent\u00e3o acesse o site da Univi\u00e7osa, clique aqui!<\/a><\/p>\n\n\n\n<p><a href=\"https:\/\/blog.univicosa.com.br\/index.php\/2020\/06\/05\/como-a-tecnologia-atua-no-meio-ambiente\/\" data-type=\"URL\" data-id=\"https:\/\/blog.univicosa.com.br\/index.php\/2020\/06\/05\/como-a-tecnologia-atua-no-meio-ambiente\/\">Como a tecnologia atua no meio ambiente?<\/a><\/p>\n\n\n\n<p><a href=\"https:\/\/blog.univicosa.com.br\/index.php\/2020\/04\/27\/1111\/\" data-type=\"URL\" data-id=\"https:\/\/blog.univicosa.com.br\/index.php\/2020\/04\/27\/1111\/\">Como fazer uma composteira dom\u00e9stica<\/a><\/p>\n\n\n\n<p><a href=\"https:\/\/blog.univicosa.com.br\/index.php\/2021\/05\/05\/a-importancia-da-boa-alimentacao-na-prevencao-do-coronavirus\/\" data-type=\"URL\" data-id=\"https:\/\/blog.univicosa.com.br\/index.php\/2021\/05\/05\/a-importancia-da-boa-alimentacao-na-prevencao-do-coronavirus\/\">A import\u00e2ncia da boa alimenta\u00e7\u00e3o na preven\u00e7\u00e3o do coronav\u00edrus<\/a><\/p>\n\n\n\n<p><a href=\"https:\/\/blog.univicosa.com.br\/index.php\/2021\/04\/08\/o-papel-do-engenheiro-ambiental-no-gerenciamento-de-residuos-solidos-na-pandemia\/\" data-type=\"URL\" data-id=\"https:\/\/blog.univicosa.com.br\/index.php\/2021\/04\/08\/o-papel-do-engenheiro-ambiental-no-gerenciamento-de-residuos-solidos-na-pandemia\/\">O PAPEL DO ENGENHEIRO AMBIENTAL NO GERENCIAMENTO DE RES\u00cdDUOS S\u00d3LIDOS NA PANDEMIA<\/a><\/p>\n\n\n\n<p><a href=\"https:\/\/wribrasil.org.br\/pt\/blog\/2019\/03\/o-que-e-restauracao-florestal-reflorestamento\" data-type=\"URL\" data-id=\"https:\/\/wribrasil.org.br\/pt\/blog\/2019\/03\/o-que-e-restauracao-florestal-reflorestamento\">O beab\u00e1 da restaura\u00e7\u00e3o: o que \u00e9 restaura\u00e7\u00e3o florestal em 7 perguntas<\/a><\/p>\n\n\n\n<p><\/p>\n","protected":false},"excerpt":{"rendered":"<p>No dia 05 de junho de 2021 \u00e9 comemorado o Dia Mundial do Meio Ambiente e o tema desse ano da Semana do Meio Ambiente (31\/05 a 05\/06) \u00e9 a Restaura\u00e7\u00e3o Florestal. Ser\u00e1 que voc\u00ea j\u00e1 viu alguma t\u00e9cnica de restaura\u00e7\u00e3o florestal nos lugares que costuma frequentar? Mas antes de te contar quais s\u00e3o essas&#8230;<\/p>\n","protected":false},"author":2,"featured_media":1943,"comment_status":"open","ping_status":"open","sticky":false,"template":"","format":"standard","meta":{"spay_email":""},"categories":[29,14],"tags":[274,275,277,278,87,273,51,271,270,95,272,92,269,268,96,50,276,93],"jetpack_featured_media_url":"https:\/\/blog.univicosa.com.br\/wp-content\/uploads\/2021\/06\/restauracao-florestal-eng-ambiental.png","jetpack_shortlink":"https:\/\/wp.me\/pbcCKk-vk","_links":{"self":[{"href":"https:\/\/blog.univicosa.com.br\/index.php\/wp-json\/wp\/v2\/posts\/1942"}],"collection":[{"href":"https:\/\/blog.univicosa.com.br\/index.php\/wp-json\/wp\/v2\/posts"}],"about":[{"href":"https:\/\/blog.univicosa.com.br\/index.php\/wp-json\/wp\/v2\/types\/post"}],"author":[{"embeddable":true,"href":"https:\/\/blog.univicosa.com.br\/index.php\/wp-json\/wp\/v2\/users\/2"}],"replies":[{"embeddable":true,"href":"https:\/\/blog.univicosa.com.br\/index.php\/wp-json\/wp\/v2\/comments?post=1942"}],"version-history":[{"count":2,"href":"https:\/\/blog.univicosa.com.br\/index.php\/wp-json\/wp\/v2\/posts\/1942\/revisions"}],"predecessor-version":[{"id":1949,"href":"https:\/\/blog.univicosa.com.br\/index.php\/wp-json\/wp\/v2\/posts\/1942\/revisions\/1949"}],"wp:featuredmedia":[{"embeddable":true,"href":"https:\/\/blog.univicosa.com.br\/index.php\/wp-json\/wp\/v2\/media\/1943"}],"wp:attachment":[{"href":"https:\/\/blog.univicosa.com.br\/index.php\/wp-json\/wp\/v2\/media?parent=1942"}],"wp:term":[{"taxonomy":"category","embeddable":true,"href":"https:\/\/blog.univicosa.com.br\/index.php\/wp-json\/wp\/v2\/categories?post=1942"},{"taxonomy":"post_tag","embeddable":true,"href":"https:\/\/blog.univicosa.com.br\/index.php\/wp-json\/wp\/v2\/tags?post=1942"}],"curies":[{"name":"wp","href":"https:\/\/api.w.org\/{rel}","templated":true}]}}