{"id":1933,"date":"2021-05-31T15:37:09","date_gmt":"2021-05-31T18:37:09","guid":{"rendered":"https:\/\/blog.univicosa.com.br\/?p=1933"},"modified":"2021-05-31T15:59:04","modified_gmt":"2021-05-31T18:59:04","slug":"entenda-tudo-sobre-a-declaracao-do-imposto-de-renda-e-nao-perca-o-prazo-para-sua-declaracao","status":"publish","type":"post","link":"https:\/\/blog.univicosa.com.br\/index.php\/2021\/05\/31\/entenda-tudo-sobre-a-declaracao-do-imposto-de-renda-e-nao-perca-o-prazo-para-sua-declaracao\/","title":{"rendered":"Entenda tudo sobre a Declara\u00e7\u00e3o do Imposto de Renda e n\u00e3o perca o prazo para sua declara\u00e7\u00e3o!"},"content":{"rendered":"\n<figure class=\"wp-block-image size-large\"><img data-attachment-id=\"1934\" data-permalink=\"https:\/\/blog.univicosa.com.br\/index.php\/2021\/05\/31\/entenda-tudo-sobre-a-declaracao-do-imposto-de-renda-e-nao-perca-o-prazo-para-sua-declaracao\/blog-contabeis-imposto\/\" data-orig-file=\"https:\/\/blog.univicosa.com.br\/wp-content\/uploads\/2021\/05\/blog-contabeis-imposto.png\" data-orig-size=\"1024,576\" data-comments-opened=\"1\" data-image-meta=\"{&quot;aperture&quot;:&quot;0&quot;,&quot;credit&quot;:&quot;&quot;,&quot;camera&quot;:&quot;&quot;,&quot;caption&quot;:&quot;&quot;,&quot;created_timestamp&quot;:&quot;0&quot;,&quot;copyright&quot;:&quot;&quot;,&quot;focal_length&quot;:&quot;0&quot;,&quot;iso&quot;:&quot;0&quot;,&quot;shutter_speed&quot;:&quot;0&quot;,&quot;title&quot;:&quot;&quot;,&quot;orientation&quot;:&quot;0&quot;}\" data-image-title=\"blog contabeis imposto\" data-image-description=\"\" data-medium-file=\"https:\/\/blog.univicosa.com.br\/wp-content\/uploads\/2021\/05\/blog-contabeis-imposto-300x169.png\" data-large-file=\"https:\/\/blog.univicosa.com.br\/wp-content\/uploads\/2021\/05\/blog-contabeis-imposto.png\" loading=\"lazy\" width=\"1024\" height=\"576\" src=\"https:\/\/blog.univicosa.com.br\/wp-content\/uploads\/2021\/05\/blog-contabeis-imposto.png\" alt=\"\" class=\"wp-image-1934\" srcset=\"https:\/\/blog.univicosa.com.br\/wp-content\/uploads\/2021\/05\/blog-contabeis-imposto.png 1024w, https:\/\/blog.univicosa.com.br\/wp-content\/uploads\/2021\/05\/blog-contabeis-imposto-300x169.png 300w, https:\/\/blog.univicosa.com.br\/wp-content\/uploads\/2021\/05\/blog-contabeis-imposto-768x432.png 768w, https:\/\/blog.univicosa.com.br\/wp-content\/uploads\/2021\/05\/blog-contabeis-imposto-850x478.png 850w\" sizes=\"(max-width: 1024px) 100vw, 1024px\" \/><\/figure>\n\n\n\n<p><strong>Encerra-se nesta segunda feira, 31 de maio,<\/strong> o prazo para a entrega da <strong>declara\u00e7\u00e3o do Imposto de renda pessoa F\u00edsica 2021<\/strong>, n\u00e3o fique em d\u00edvida com o <strong>Le\u00e3o<\/strong>!<\/p>\n\n\n\n<p>Conforme instru\u00e7\u00e3o normativa <strong>n\u00ba 2.020<\/strong>, publicado dia<strong> 12 de abril de 2021<\/strong>, o prazo para entrega da declara\u00e7\u00e3o do imposto de renda foi prorrogado at\u00e9 dia<strong> 31 de maio de 2021<\/strong>. Apresentamos aqui os principais pontos relacionados ao <strong>imposto de renda<\/strong>. Fiquem atentos para n\u00e3o pagar multa<\/p>\n\n\n\n<p><strong>Mas o que \u00e9 declara\u00e7\u00e3o do imposto de renda?<\/strong><\/p>\n\n\n\n<p>A <strong>declara\u00e7\u00e3o do Imposto de renda<\/strong>, pessoal, se deve ao fato de que os <strong>cidad\u00e3os precisam comprovar para a Uni\u00e3o que todos os seus bens e lucros obtidos no ano anterior foram realizados de forma totalmente legal<\/strong>. Por\u00e9m, mesmo acontecendo todos os anos, muitas pessoas ainda t\u00eam d\u00favidas de como realizar este procedimento<\/p>\n\n\n\n<p>Ent\u00e3o vamos come\u00e7ar explicando quem est\u00e1 <strong>obrigado a Declarar o Imposto de Renda.<\/strong> Deve declarar o imposto de renda, quem recebeu rendimentos tribut\u00e1veis acima de <strong>R$ 28.559,70 no ano calend\u00e1rio anterior<\/strong>.<\/p>\n\n\n\n<p>\u00c9 importante lembrar que o contribuinte que recebeu no ano calend\u00e1rio de <strong>2020 <\/strong>renda acima de <strong>R$ 22.000,00 e abaixo de R$ 28.559,70<\/strong>, n\u00e3o est\u00e1 obrigado a declarar o imposto de renda, por\u00e9m \u00e9 aconselh\u00e1vel declarar para que possa recuperar integralmente esse valor que foi retido da sua <strong>renda<\/strong>.<\/p>\n\n\n\n<figure class=\"wp-block-image size-large\"><img data-attachment-id=\"1935\" data-permalink=\"https:\/\/blog.univicosa.com.br\/index.php\/2021\/05\/31\/entenda-tudo-sobre-a-declaracao-do-imposto-de-renda-e-nao-perca-o-prazo-para-sua-declaracao\/impostoderenda2021declaracao\/\" data-orig-file=\"https:\/\/blog.univicosa.com.br\/wp-content\/uploads\/2021\/05\/impostoderenda2021declaracao.jpeg\" data-orig-size=\"1200,675\" data-comments-opened=\"1\" data-image-meta=\"{&quot;aperture&quot;:&quot;0&quot;,&quot;credit&quot;:&quot;&quot;,&quot;camera&quot;:&quot;&quot;,&quot;caption&quot;:&quot;&quot;,&quot;created_timestamp&quot;:&quot;0&quot;,&quot;copyright&quot;:&quot;&quot;,&quot;focal_length&quot;:&quot;0&quot;,&quot;iso&quot;:&quot;0&quot;,&quot;shutter_speed&quot;:&quot;0&quot;,&quot;title&quot;:&quot;&quot;,&quot;orientation&quot;:&quot;0&quot;}\" data-image-title=\"impostoderenda2021declaracao\" data-image-description=\"\" data-medium-file=\"https:\/\/blog.univicosa.com.br\/wp-content\/uploads\/2021\/05\/impostoderenda2021declaracao-300x169.jpeg\" data-large-file=\"https:\/\/blog.univicosa.com.br\/wp-content\/uploads\/2021\/05\/impostoderenda2021declaracao-1024x576.jpeg\" loading=\"lazy\" width=\"1024\" height=\"576\" src=\"https:\/\/blog.univicosa.com.br\/wp-content\/uploads\/2021\/05\/impostoderenda2021declaracao-1024x576.jpeg\" alt=\"\" class=\"wp-image-1935\" srcset=\"https:\/\/blog.univicosa.com.br\/wp-content\/uploads\/2021\/05\/impostoderenda2021declaracao-1024x576.jpeg 1024w, https:\/\/blog.univicosa.com.br\/wp-content\/uploads\/2021\/05\/impostoderenda2021declaracao-300x169.jpeg 300w, https:\/\/blog.univicosa.com.br\/wp-content\/uploads\/2021\/05\/impostoderenda2021declaracao-768x432.jpeg 768w, https:\/\/blog.univicosa.com.br\/wp-content\/uploads\/2021\/05\/impostoderenda2021declaracao-850x478.jpeg 850w, https:\/\/blog.univicosa.com.br\/wp-content\/uploads\/2021\/05\/impostoderenda2021declaracao.jpeg 1200w\" sizes=\"(max-width: 1024px) 100vw, 1024px\" \/><\/figure>\n\n\n\n<p>Est\u00e1 <strong>obrigada <\/strong>ainda a declarar o <strong>imposto de renda<\/strong> quem recebeu rendimentos isentos acima de <strong>R$ 40.000<\/strong>, <strong>pessoas f\u00edsicas que recebam rendimentos de trabalho, sal\u00e1rios, 13\u00ba sal\u00e1rios, di\u00e1rias, comiss\u00f5es.<\/strong> Ou que recebam benef\u00edcios de trabalho:<strong> f\u00e9rias, licen\u00e7as, pr\u00eamios.<\/strong> Quem realizou opera\u00e7\u00f5es em <strong>bolsas de valores ou de mercadorias,<\/strong> mesmo se foi uma opera\u00e7\u00e3o apenas. Quem passou \u00e0 condi\u00e7\u00e3o de residente no <strong>Brasil <\/strong>e encontrava-se nesta condi\u00e7\u00e3o desde 31 de dezembro do ano anterior ao ano da declara\u00e7\u00e3o e trabalhadores rurais com receita bruta acima de <strong>R$ 142.798,50 mil <\/strong>tamb\u00e9m devem declarar seus ganhos, fazer o livro caixa da atividade rural.<\/p>\n\n\n\n<p>J\u00e1 os <strong>rendimentos <\/strong>que <strong>n\u00e3o s\u00e3o tribut\u00e1veis <\/strong>s\u00e3o rendimentos&nbsp;da caderneta de poupan\u00e7a, indeniza\u00e7\u00e3o de seguro por roubo e seguro-desemprego.<\/p>\n\n\n\n<h1><a>Existem 2 modelos de declara\u00e7\u00e3o do Imposto de renda<\/a><strong><\/strong><\/h1>\n\n\n\n<ol type=\"1\"><li><strong>Declara\u00e7\u00e3o simplificada<\/strong><br><\/li><li><strong>Declara\u00e7\u00e3o completa<\/strong><\/li><\/ol>\n\n\n\n<p>A <strong>declara\u00e7\u00e3o simplificada<\/strong> \u00e9 a melhor op\u00e7\u00e3o para quem n\u00e3o tem muitas despesas para deduzir. Qualquer contribuinte pode utilizar. A op\u00e7\u00e3o pelo desconto simplificado implica substitui\u00e7\u00e3o de todas as dedu\u00e7\u00f5es admitidas na legisla\u00e7\u00e3o tribut\u00e1ria por um percentual atribu\u00eddo pela legisla\u00e7\u00e3o tribut\u00e1ria. Ou seja, sobre os seus rendimentos, ser\u00e1 concedido um desconto de 20% sobre a base de c\u00e1lculo do imposto, limitado a R$ 16.754,34. Se caso as despesas ultrapassarem esse valor \u00e9 melhor fazer pelo modelo completo. Esse modelo simplificado pode ser usado independentemente do montante dos rendimentos recebidos e do n\u00famero de fontes pagadoras.<\/p>\n\n\n\n<p>J\u00e1 a<strong> declara\u00e7\u00e3o completa<\/strong>, \u00e9 um modelo indicado para quem tem muitas despesas a deduzir. Na declara\u00e7\u00e3o completa, \u00e9 necess\u00e1rio informar todos os gastos e rendimentos ocorridos no ano anterior. Pode-se deduzir gastos com plano de sa\u00fade, dependentes, educa\u00e7\u00e3o, previd\u00eancia social, previd\u00eancia complementar.<\/p>\n\n\n\n<figure class=\"wp-block-image size-large\"><img data-attachment-id=\"1936\" data-permalink=\"https:\/\/blog.univicosa.com.br\/index.php\/2021\/05\/31\/entenda-tudo-sobre-a-declaracao-do-imposto-de-renda-e-nao-perca-o-prazo-para-sua-declaracao\/receita-federal\/\" data-orig-file=\"https:\/\/blog.univicosa.com.br\/wp-content\/uploads\/2021\/05\/receita-federal.gif\" data-orig-size=\"680,453\" data-comments-opened=\"1\" data-image-meta=\"{&quot;aperture&quot;:&quot;0&quot;,&quot;credit&quot;:&quot;&quot;,&quot;camera&quot;:&quot;&quot;,&quot;caption&quot;:&quot;&quot;,&quot;created_timestamp&quot;:&quot;0&quot;,&quot;copyright&quot;:&quot;&quot;,&quot;focal_length&quot;:&quot;0&quot;,&quot;iso&quot;:&quot;0&quot;,&quot;shutter_speed&quot;:&quot;0&quot;,&quot;title&quot;:&quot;&quot;,&quot;orientation&quot;:&quot;0&quot;}\" data-image-title=\"receita-federal\" data-image-description=\"\" data-medium-file=\"https:\/\/blog.univicosa.com.br\/wp-content\/uploads\/2021\/05\/receita-federal-300x200.gif\" data-large-file=\"https:\/\/blog.univicosa.com.br\/wp-content\/uploads\/2021\/05\/receita-federal.gif\" loading=\"lazy\" width=\"680\" height=\"453\" src=\"https:\/\/blog.univicosa.com.br\/wp-content\/uploads\/2021\/05\/receita-federal.gif\" alt=\"\" class=\"wp-image-1936\"\/><\/figure>\n\n\n\n<p>A novidade de <strong>2021<\/strong>, \u00e9 que esse ano <strong>existe a possibilidade de devolu\u00e7\u00e3o do aux\u00edlio emergencial <\/strong>recebido pelo contribuinte ou seus dependentes. Os contribuintes que receberam no ano de 2020 valor acima de R$ 22.847,76, conforme Lei n\u00ba 13.982 de 2020. Ao enviar a declara\u00e7\u00e3o o programa j\u00e1 informa sobre o pagamento gerando um DARF referente \u00e0 devolu\u00e7\u00e3o do aux\u00edlio emergencial.<\/p>\n\n\n\n<p>Ap\u00f3s a entrega da declara\u00e7\u00e3o, deve-se guardar todos os comprovantes das despesas dedut\u00edveis listadas. A receita federal tem um prazo de 5 anos para pedir comprova\u00e7\u00e3o desses valores.<\/p>\n\n\n\n<p>O contribuinte obrigado a apresentar a declara\u00e7\u00e3o, no caso de apresenta\u00e7\u00e3o ap\u00f3s o prazo previsto ou da n\u00e3o apresenta\u00e7\u00e3o, fica sujeito ao pagamento de multa por atraso. <\/p>\n\n\n\n<p><strong>Processamento no portal do Ecac<\/strong><\/p>\n\n\n\n<p>Ap\u00f3s a entrega da declara\u00e7\u00e3o, \u00e9 preciso acompanhar o processamento da declara\u00e7\u00e3o para verificar se n\u00e3o houve nenhuma pend\u00eancia. Se houver alguma deve-se corrigir antes que a receita federal fa\u00e7a a intima\u00e7\u00e3o do contribuinte por of\u00edcio.<\/p>\n\n\n\n<p><a href=\"https:\/\/www.gov.br\/receitafederal\/pt-br\/assuntos\/meu-imposto-de-renda\" data-type=\"URL\" data-id=\"https:\/\/www.gov.br\/receitafederal\/pt-br\/assuntos\/meu-imposto-de-renda\">A declara\u00e7\u00e3o do imposto de renda \u00e9 realizado no site da Receita Federal, acesse aqui!<\/a><\/p>\n\n\n\n<p><strong><em>Por: Professora Myriam Mello<\/em><\/strong>.<\/p>\n\n\n\n<p><a href=\"https:\/\/www.infomoney.com.br\/guias\/imposto-de-renda\/#imposto-de-renda-como-fazer-declaracao\" data-type=\"URL\" data-id=\"https:\/\/www.infomoney.com.br\/guias\/imposto-de-renda\/#imposto-de-renda-como-fazer-declaracao\">Passo a passo: como preencher a declara\u00e7\u00e3o do imposto de renda!<\/a><\/p>\n\n\n\n<p><a href=\"https:\/\/www.univicosa.com.br\/graduacao\/cursos\/ciencias_contabeis\" data-type=\"URL\" data-id=\"https:\/\/www.univicosa.com.br\/graduacao\/cursos\/ciencias_contabeis\">Curtiu e quer saber mais sobre o curso de&nbsp;<strong>Ci\u00eancias Cont\u00e1beis <\/strong>da&nbsp;<strong>UNIVI\u00c7OSA<\/strong>? Ent\u00e3o acesse o site da Univi\u00e7osa, clique aqui!<\/a> <\/p>\n\n\n\n<p><a href=\"https:\/\/blog.univicosa.com.br\/index.php\/2021\/03\/24\/porque-cursar-ciencias-contabeis\/\" data-type=\"URL\" data-id=\"https:\/\/blog.univicosa.com.br\/index.php\/2021\/03\/24\/porque-cursar-ciencias-contabeis\/\">PORQUE CURSAR CI\u00caNCIAS CONT\u00c1BEIS<\/a><\/p>\n\n\n\n<p><a href=\"https:\/\/economia.uol.com.br\/imposto-de-renda\/noticias\/redacao\/2021\/05\/28\/imposto-de-renda-2021-veja-se-voce-precisa-fazer-a-declaracao.htm\" data-type=\"URL\" data-id=\"https:\/\/economia.uol.com.br\/imposto-de-renda\/noticias\/redacao\/2021\/05\/28\/imposto-de-renda-2021-veja-se-voce-precisa-fazer-a-declaracao.htm\">Imposto de Renda 2021: Veja se voc\u00ea precisa mesmo fazer a declara\u00e7\u00e3o!<\/a><\/p>\n\n\n\n<p><a href=\"https:\/\/blog.univicosa.com.br\/index.php\/2020\/04\/28\/micro-e-pequenas-empresas-7-dicas-para-sobreviver-em-meio-a-crise-da-covid-19\/\" data-type=\"URL\" data-id=\"https:\/\/blog.univicosa.com.br\/index.php\/2020\/04\/28\/micro-e-pequenas-empresas-7-dicas-para-sobreviver-em-meio-a-crise-da-covid-19\/\">Micro e pequenas empresas: 7 dicas para sobreviver em meio \u00e0 crise da COVID-19<\/a><\/p>\n\n\n\n<p><a href=\"https:\/\/blog.univicosa.com.br\/index.php\/2021\/05\/17\/o-contrato-de-trabalho-intermitente-e-sua-conveniencia-em-cenarios-de-imprevisibilidade-do-mercado-de-trabalho\/\" data-type=\"URL\" data-id=\"https:\/\/blog.univicosa.com.br\/index.php\/2021\/05\/17\/o-contrato-de-trabalho-intermitente-e-sua-conveniencia-em-cenarios-de-imprevisibilidade-do-mercado-de-trabalho\/\">O contrato de trabalho intermitente e sua conveni\u00eancia em cen\u00e1rios de imprevisibilidade do mercado de trabalho<\/a><\/p>\n\n\n\n<p><\/p>\n\n\n\n<hr class=\"wp-block-separator\"\/>\n\n\n\n<p>Fonte: SECRETARIA DA RECEITA FEDERAL.&nbsp;Manual de Orienta\u00e7\u00e3o do Imposto de Renda Pessoa F\u00edsica. Dispon\u00edvel em: &lt; https:\/\/www.gov.br\/receitafederal\/pt-br\/acesso-a-informacao\/perguntas-frequentes\/declaracoes\/dirpf\/pr-irpf-2021-v-1-0-2021-02-25.pdf&gt; Acesso em: 03 abril 2021.<\/p>\n","protected":false},"excerpt":{"rendered":"<p>Encerra-se nesta segunda feira, 31 de maio, o prazo para a entrega da declara\u00e7\u00e3o do Imposto de renda pessoa F\u00edsica 2021, n\u00e3o fique em d\u00edvida com o Le\u00e3o! Conforme instru\u00e7\u00e3o normativa n\u00ba 2.020, publicado dia 12 de abril de 2021, o prazo para entrega da declara\u00e7\u00e3o do imposto de renda foi prorrogado at\u00e9 dia 31&#8230;<\/p>\n","protected":false},"author":2,"featured_media":1939,"comment_status":"open","ping_status":"open","sticky":false,"template":"","format":"standard","meta":{"spay_email":""},"categories":[34,15],"tags":[196,258,259,261,51,95,266,262,260,263,92,265,264,267,96,50,93],"jetpack_featured_media_url":"https:\/\/blog.univicosa.com.br\/wp-content\/uploads\/2021\/05\/blog-contabeis-imposto-1.png","jetpack_shortlink":"https:\/\/wp.me\/pbcCKk-vb","_links":{"self":[{"href":"https:\/\/blog.univicosa.com.br\/index.php\/wp-json\/wp\/v2\/posts\/1933"}],"collection":[{"href":"https:\/\/blog.univicosa.com.br\/index.php\/wp-json\/wp\/v2\/posts"}],"about":[{"href":"https:\/\/blog.univicosa.com.br\/index.php\/wp-json\/wp\/v2\/types\/post"}],"author":[{"embeddable":true,"href":"https:\/\/blog.univicosa.com.br\/index.php\/wp-json\/wp\/v2\/users\/2"}],"replies":[{"embeddable":true,"href":"https:\/\/blog.univicosa.com.br\/index.php\/wp-json\/wp\/v2\/comments?post=1933"}],"version-history":[{"count":2,"href":"https:\/\/blog.univicosa.com.br\/index.php\/wp-json\/wp\/v2\/posts\/1933\/revisions"}],"predecessor-version":[{"id":1940,"href":"https:\/\/blog.univicosa.com.br\/index.php\/wp-json\/wp\/v2\/posts\/1933\/revisions\/1940"}],"wp:featuredmedia":[{"embeddable":true,"href":"https:\/\/blog.univicosa.com.br\/index.php\/wp-json\/wp\/v2\/media\/1939"}],"wp:attachment":[{"href":"https:\/\/blog.univicosa.com.br\/index.php\/wp-json\/wp\/v2\/media?parent=1933"}],"wp:term":[{"taxonomy":"category","embeddable":true,"href":"https:\/\/blog.univicosa.com.br\/index.php\/wp-json\/wp\/v2\/categories?post=1933"},{"taxonomy":"post_tag","embeddable":true,"href":"https:\/\/blog.univicosa.com.br\/index.php\/wp-json\/wp\/v2\/tags?post=1933"}],"curies":[{"name":"wp","href":"https:\/\/api.w.org\/{rel}","templated":true}]}}