{"id":1910,"date":"2021-05-26T20:00:10","date_gmt":"2021-05-26T23:00:10","guid":{"rendered":"https:\/\/blog.univicosa.com.br\/?p=1910"},"modified":"2022-05-20T16:55:58","modified_gmt":"2022-05-20T19:55:58","slug":"dicas-para-organizar-o-seu-estudo-em-casa","status":"publish","type":"post","link":"https:\/\/blog.univicosa.com.br\/index.php\/2021\/05\/26\/dicas-para-organizar-o-seu-estudo-em-casa\/","title":{"rendered":"Dicas para organizar o seu estudo em casa!"},"content":{"rendered":"\n<figure class=\"wp-block-image size-large\"><img data-attachment-id=\"1911\" data-permalink=\"https:\/\/blog.univicosa.com.br\/index.php\/2021\/05\/26\/dicas-para-organizar-o-seu-estudo-em-casa\/patricia-arq-blog-estudo-em-casa\/\" data-orig-file=\"https:\/\/blog.univicosa.com.br\/wp-content\/uploads\/2021\/05\/patricia-arq-blog-estudo-em-casa.png\" data-orig-size=\"1024,576\" data-comments-opened=\"1\" data-image-meta=\"{&quot;aperture&quot;:&quot;0&quot;,&quot;credit&quot;:&quot;&quot;,&quot;camera&quot;:&quot;&quot;,&quot;caption&quot;:&quot;&quot;,&quot;created_timestamp&quot;:&quot;0&quot;,&quot;copyright&quot;:&quot;&quot;,&quot;focal_length&quot;:&quot;0&quot;,&quot;iso&quot;:&quot;0&quot;,&quot;shutter_speed&quot;:&quot;0&quot;,&quot;title&quot;:&quot;&quot;,&quot;orientation&quot;:&quot;0&quot;}\" data-image-title=\"patricia arq blog estudo em casa\" data-image-description=\"\" data-medium-file=\"https:\/\/blog.univicosa.com.br\/wp-content\/uploads\/2021\/05\/patricia-arq-blog-estudo-em-casa-300x169.png\" data-large-file=\"https:\/\/blog.univicosa.com.br\/wp-content\/uploads\/2021\/05\/patricia-arq-blog-estudo-em-casa.png\" loading=\"lazy\" width=\"1024\" height=\"576\" src=\"https:\/\/blog.univicosa.com.br\/wp-content\/uploads\/2021\/05\/patricia-arq-blog-estudo-em-casa.png\" alt=\"\" class=\"wp-image-1911\" srcset=\"https:\/\/blog.univicosa.com.br\/wp-content\/uploads\/2021\/05\/patricia-arq-blog-estudo-em-casa.png 1024w, https:\/\/blog.univicosa.com.br\/wp-content\/uploads\/2021\/05\/patricia-arq-blog-estudo-em-casa-300x169.png 300w, https:\/\/blog.univicosa.com.br\/wp-content\/uploads\/2021\/05\/patricia-arq-blog-estudo-em-casa-768x432.png 768w, https:\/\/blog.univicosa.com.br\/wp-content\/uploads\/2021\/05\/patricia-arq-blog-estudo-em-casa-850x478.png 850w\" sizes=\"(max-width: 1024px) 100vw, 1024px\" \/><\/figure>\n\n\n\n<p>\u00c9 em&nbsp;<strong>casa<\/strong>&nbsp;que os <strong>estudantes <\/strong>fazem suas <strong>tarefas escolares<\/strong>, estudam para provas e assistem \u00e0s aulas <em>on-line<\/em>. Com as medidas de <strong>isolamento social,<\/strong> decorrentes da <strong>pandemia <\/strong>do novo <strong>coronav\u00edrus<\/strong>,&nbsp;<strong>a import\u00e2ncia<\/strong>&nbsp;de ter um <strong><a href=\"https:\/\/blog.univicosa.com.br\/index.php\/2020\/04\/29\/guia-de-organizacao-no-home-office-dicas-deixar-o-seu-ambiente-mais-produtivo\/\" data-type=\"URL\" data-id=\"https:\/\/blog.univicosa.com.br\/index.php\/2020\/04\/29\/guia-de-organizacao-no-home-office-dicas-deixar-o-seu-ambiente-mais-produtivo\/\">ambiente adequado<\/a><\/strong> para o&nbsp;<a href=\"https:\/\/g1.globo.com\/sc\/santa-catarina\/especial-publicitario\/unisociesc\/guia-do-estudante\/noticia\/2020\/09\/08\/organizar-uma-area-de-estudos-em-casa-facilita-o-aprendizado-e-contribui-para-a-saude-dos-estudantes.ghtml\" data-type=\"URL\" data-id=\"https:\/\/g1.globo.com\/sc\/santa-catarina\/especial-publicitario\/unisociesc\/guia-do-estudante\/noticia\/2020\/09\/08\/organizar-uma-area-de-estudos-em-casa-facilita-o-aprendizado-e-contribui-para-a-saude-dos-estudantes.ghtml\"><strong>estudo em casa<\/strong>&nbsp;<\/a>est\u00e1 sendo cada vez mais percebida pelos <strong>estudantes<\/strong>. <\/p>\n\n\n\n<p><strong>TR\u00caS PASSOS PARA COME\u00c7AR:<\/strong><\/p>\n\n\n\n<figure class=\"wp-block-image size-large\"><img data-attachment-id=\"1874\" data-permalink=\"https:\/\/blog.univicosa.com.br\/index.php\/2021\/05\/27\/10-dicas-para-voce-se-preparar-para-provas-de-vestibular-e-enem\/design-sem-nome-10\/\" data-orig-file=\"https:\/\/blog.univicosa.com.br\/wp-content\/uploads\/2021\/05\/Design-sem-nome-10.png\" data-orig-size=\"40,40\" data-comments-opened=\"1\" data-image-meta=\"{&quot;aperture&quot;:&quot;0&quot;,&quot;credit&quot;:&quot;&quot;,&quot;camera&quot;:&quot;&quot;,&quot;caption&quot;:&quot;&quot;,&quot;created_timestamp&quot;:&quot;0&quot;,&quot;copyright&quot;:&quot;&quot;,&quot;focal_length&quot;:&quot;0&quot;,&quot;iso&quot;:&quot;0&quot;,&quot;shutter_speed&quot;:&quot;0&quot;,&quot;title&quot;:&quot;&quot;,&quot;orientation&quot;:&quot;0&quot;}\" data-image-title=\"Design-sem-nome-10\" data-image-description=\"\" data-medium-file=\"https:\/\/blog.univicosa.com.br\/wp-content\/uploads\/2021\/05\/Design-sem-nome-10.png\" data-large-file=\"https:\/\/blog.univicosa.com.br\/wp-content\/uploads\/2021\/05\/Design-sem-nome-10.png\" loading=\"lazy\" width=\"40\" height=\"40\" src=\"https:\/\/blog.univicosa.com.br\/wp-content\/uploads\/2021\/05\/Design-sem-nome-10.png\" alt=\"\" class=\"wp-image-1874\"\/><\/figure>\n\n\n\n<p><strong> 1\u00b0<\/strong> <strong>Espa\u00e7o Definido:<br><\/strong>O espa\u00e7o deve ser reservado e evitar itens que desviem o foco. \u00c9 comum associarmos nossa casa \u00e0 descanso e descontra\u00e7\u00e3o, sendo assim, \u00e9 importante dar identidade a esse espa\u00e7o, defini-lo como seu &#8220;<a href=\"https:\/\/blog.univicosa.com.br\/index.php\/2020\/04\/29\/guia-de-organizacao-no-home-office-dicas-deixar-o-seu-ambiente-mais-produtivo\/\" data-type=\"URL\" data-id=\"https:\/\/blog.univicosa.com.br\/index.php\/2020\/04\/29\/guia-de-organizacao-no-home-office-dicas-deixar-o-seu-ambiente-mais-produtivo\/\">espa\u00e7o de estudos<\/a>&#8220;.<\/p>\n\n\n\n<figure class=\"wp-block-image size-large\"><img data-attachment-id=\"1879\" data-permalink=\"https:\/\/blog.univicosa.com.br\/index.php\/2021\/05\/27\/10-dicas-para-voce-se-preparar-para-provas-de-vestibular-e-enem\/2-3\/\" data-orig-file=\"https:\/\/blog.univicosa.com.br\/wp-content\/uploads\/2021\/05\/2.png\" data-orig-size=\"40,40\" data-comments-opened=\"1\" data-image-meta=\"{&quot;aperture&quot;:&quot;0&quot;,&quot;credit&quot;:&quot;&quot;,&quot;camera&quot;:&quot;&quot;,&quot;caption&quot;:&quot;&quot;,&quot;created_timestamp&quot;:&quot;0&quot;,&quot;copyright&quot;:&quot;&quot;,&quot;focal_length&quot;:&quot;0&quot;,&quot;iso&quot;:&quot;0&quot;,&quot;shutter_speed&quot;:&quot;0&quot;,&quot;title&quot;:&quot;&quot;,&quot;orientation&quot;:&quot;0&quot;}\" data-image-title=\"2\" data-image-description=\"\" data-medium-file=\"https:\/\/blog.univicosa.com.br\/wp-content\/uploads\/2021\/05\/2.png\" data-large-file=\"https:\/\/blog.univicosa.com.br\/wp-content\/uploads\/2021\/05\/2.png\" loading=\"lazy\" width=\"40\" height=\"40\" src=\"https:\/\/blog.univicosa.com.br\/wp-content\/uploads\/2021\/05\/2.png\" alt=\"\" class=\"wp-image-1879\"\/><\/figure>\n\n\n\n<p><strong>2\u00b0<\/strong> <strong>Ilumina\u00e7\u00e3o:<br><\/strong>O plano de trabalho deve ter uma ilumina\u00e7\u00e3o bem homog\u00eanea, ent\u00e3o, aposte em ilumina\u00e7\u00e3o difusa e uma luz neutra. Esse ambiente deve ser claro, de modo a favorecer a concentra\u00e7\u00e3o e impedir o relaxamento propiciado pelas luzes amarelas.<\/p>\n\n\n\n<figure class=\"wp-block-image size-large\"><img data-attachment-id=\"1880\" data-permalink=\"https:\/\/blog.univicosa.com.br\/index.php\/2021\/05\/27\/10-dicas-para-voce-se-preparar-para-provas-de-vestibular-e-enem\/2-1\/\" data-orig-file=\"https:\/\/blog.univicosa.com.br\/wp-content\/uploads\/2021\/05\/2-1.png\" data-orig-size=\"40,40\" data-comments-opened=\"1\" data-image-meta=\"{&quot;aperture&quot;:&quot;0&quot;,&quot;credit&quot;:&quot;&quot;,&quot;camera&quot;:&quot;&quot;,&quot;caption&quot;:&quot;&quot;,&quot;created_timestamp&quot;:&quot;0&quot;,&quot;copyright&quot;:&quot;&quot;,&quot;focal_length&quot;:&quot;0&quot;,&quot;iso&quot;:&quot;0&quot;,&quot;shutter_speed&quot;:&quot;0&quot;,&quot;title&quot;:&quot;&quot;,&quot;orientation&quot;:&quot;0&quot;}\" data-image-title=\"2-1\" data-image-description=\"\" data-medium-file=\"https:\/\/blog.univicosa.com.br\/wp-content\/uploads\/2021\/05\/2-1.png\" data-large-file=\"https:\/\/blog.univicosa.com.br\/wp-content\/uploads\/2021\/05\/2-1.png\" loading=\"lazy\" width=\"40\" height=\"40\" src=\"https:\/\/blog.univicosa.com.br\/wp-content\/uploads\/2021\/05\/2-1.png\" alt=\"\" class=\"wp-image-1880\"\/><\/figure>\n\n\n\n<p><strong>3\u00b0<\/strong> <strong>Organiza\u00e7\u00e3o:<br><\/strong><a href=\"https:\/\/blog.univicosa.com.br\/index.php\/2020\/04\/29\/guia-de-organizacao-no-home-office-dicas-deixar-o-seu-ambiente-mais-produtivo\/\" data-type=\"URL\" data-id=\"https:\/\/blog.univicosa.com.br\/index.php\/2020\/04\/29\/guia-de-organizacao-no-home-office-dicas-deixar-o-seu-ambiente-mais-produtivo\/\">Cada coisa no seu lugar!<\/a> Uma bancada ou mesa amplas, podem ajudar. \u00c9 importante ter todos os itens que precisa pr\u00f3ximos. Porta canetas, agenda ou bloco de notas, livros, decora\u00e7\u00e3o, e, espa\u00e7o para uma garrafa d&#8217;\u00e1gua.<\/p>\n\n\n\n<figure class=\"wp-block-image size-large\"><img data-attachment-id=\"1912\" data-permalink=\"https:\/\/blog.univicosa.com.br\/index.php\/2021\/05\/26\/dicas-para-organizar-o-seu-estudo-em-casa\/2-011-foto_aluno_estudo_em_casa\/\" data-orig-file=\"https:\/\/blog.univicosa.com.br\/wp-content\/uploads\/2021\/05\/2-011-foto_aluno_estudo_em_casa.jpg\" data-orig-size=\"542,338\" data-comments-opened=\"1\" data-image-meta=\"{&quot;aperture&quot;:&quot;0&quot;,&quot;credit&quot;:&quot;&quot;,&quot;camera&quot;:&quot;&quot;,&quot;caption&quot;:&quot;&quot;,&quot;created_timestamp&quot;:&quot;0&quot;,&quot;copyright&quot;:&quot;&quot;,&quot;focal_length&quot;:&quot;0&quot;,&quot;iso&quot;:&quot;0&quot;,&quot;shutter_speed&quot;:&quot;0&quot;,&quot;title&quot;:&quot;&quot;,&quot;orientation&quot;:&quot;0&quot;}\" data-image-title=\"2-011-foto_aluno_estudo_em_casa\" data-image-description=\"\" data-medium-file=\"https:\/\/blog.univicosa.com.br\/wp-content\/uploads\/2021\/05\/2-011-foto_aluno_estudo_em_casa-300x187.jpg\" data-large-file=\"https:\/\/blog.univicosa.com.br\/wp-content\/uploads\/2021\/05\/2-011-foto_aluno_estudo_em_casa.jpg\" loading=\"lazy\" width=\"542\" height=\"338\" src=\"https:\/\/blog.univicosa.com.br\/wp-content\/uploads\/2021\/05\/2-011-foto_aluno_estudo_em_casa.jpg\" alt=\"\" class=\"wp-image-1912\" srcset=\"https:\/\/blog.univicosa.com.br\/wp-content\/uploads\/2021\/05\/2-011-foto_aluno_estudo_em_casa.jpg 542w, https:\/\/blog.univicosa.com.br\/wp-content\/uploads\/2021\/05\/2-011-foto_aluno_estudo_em_casa-300x187.jpg 300w\" sizes=\"(max-width: 542px) 100vw, 542px\" \/><\/figure>\n\n\n\n<p><em><a href=\"https:\/\/univicosa.apprbs.com.br\/blog\/\">Ei, quer receber\u00a0<strong>conte\u00fados exclusivos\u00a0<\/strong>da\u00a0<strong>Univi\u00e7osa<\/strong>? Como: blog posts, dicas para arrasar no\u00a0<strong>vestibular<\/strong>, dicas para conseguir o\u00a0<strong>emprego<\/strong>\u00a0dos sonhos, dicas para arrasar nos\u00a0<strong>estudos<\/strong>, dicas de\u00a0<strong>eventos\u00a0<\/strong>e muito mais?\u00a0<strong>Clique aqui!<\/strong><\/a><\/em><\/p>\n\n\n\n<p><strong>APOSTE EM\u2026<\/strong><\/p>\n\n\n\n<p><strong>BIOFILIA<br><\/strong>Trazer plantas para o ambiente ajuda no al\u00edvio da<br>press\u00e3o e permite esse elo com a natureza.<\/p>\n\n\n\n<figure class=\"wp-block-image size-large is-resized\"><img data-attachment-id=\"1913\" data-permalink=\"https:\/\/blog.univicosa.com.br\/index.php\/2021\/05\/26\/dicas-para-organizar-o-seu-estudo-em-casa\/istock-1175701658-1024x683\/\" data-orig-file=\"https:\/\/blog.univicosa.com.br\/wp-content\/uploads\/2021\/05\/istock-1175701658-1024x683-1.jpg\" data-orig-size=\"1024,683\" data-comments-opened=\"1\" data-image-meta=\"{&quot;aperture&quot;:&quot;0&quot;,&quot;credit&quot;:&quot;&quot;,&quot;camera&quot;:&quot;&quot;,&quot;caption&quot;:&quot;&quot;,&quot;created_timestamp&quot;:&quot;0&quot;,&quot;copyright&quot;:&quot;&quot;,&quot;focal_length&quot;:&quot;0&quot;,&quot;iso&quot;:&quot;0&quot;,&quot;shutter_speed&quot;:&quot;0&quot;,&quot;title&quot;:&quot;&quot;,&quot;orientation&quot;:&quot;0&quot;}\" data-image-title=\"istock-1175701658-1024&#215;683\" data-image-description=\"\" data-medium-file=\"https:\/\/blog.univicosa.com.br\/wp-content\/uploads\/2021\/05\/istock-1175701658-1024x683-1-300x200.jpg\" data-large-file=\"https:\/\/blog.univicosa.com.br\/wp-content\/uploads\/2021\/05\/istock-1175701658-1024x683-1.jpg\" loading=\"lazy\" src=\"https:\/\/blog.univicosa.com.br\/wp-content\/uploads\/2021\/05\/istock-1175701658-1024x683-1.jpg\" alt=\"\" class=\"wp-image-1913\" width=\"538\" height=\"358\" srcset=\"https:\/\/blog.univicosa.com.br\/wp-content\/uploads\/2021\/05\/istock-1175701658-1024x683-1.jpg 1024w, https:\/\/blog.univicosa.com.br\/wp-content\/uploads\/2021\/05\/istock-1175701658-1024x683-1-300x200.jpg 300w, https:\/\/blog.univicosa.com.br\/wp-content\/uploads\/2021\/05\/istock-1175701658-1024x683-1-768x512.jpg 768w, https:\/\/blog.univicosa.com.br\/wp-content\/uploads\/2021\/05\/istock-1175701658-1024x683-1-850x567.jpg 850w\" sizes=\"(max-width: 538px) 100vw, 538px\" \/><\/figure>\n\n\n\n<p><strong>CORES<\/strong><br>As cores evocam emo\u00e7\u00f5es e podem ser nossas<br>aliadas. Aposte no verde para aumentar a<br>concentra\u00e7\u00e3o e no amarelo para manter-se<br>animado.<\/p>\n\n\n\n<figure class=\"wp-block-image size-large is-resized\"><img data-attachment-id=\"1914\" data-permalink=\"https:\/\/blog.univicosa.com.br\/index.php\/2021\/05\/26\/dicas-para-organizar-o-seu-estudo-em-casa\/cores-para-alegrar-o-ambiente-capa\/\" data-orig-file=\"https:\/\/blog.univicosa.com.br\/wp-content\/uploads\/2021\/05\/Cores-para-alegrar-o-ambiente-CAPA.jpg\" data-orig-size=\"1000,667\" data-comments-opened=\"1\" data-image-meta=\"{&quot;aperture&quot;:&quot;0&quot;,&quot;credit&quot;:&quot;&quot;,&quot;camera&quot;:&quot;&quot;,&quot;caption&quot;:&quot;&quot;,&quot;created_timestamp&quot;:&quot;0&quot;,&quot;copyright&quot;:&quot;&quot;,&quot;focal_length&quot;:&quot;0&quot;,&quot;iso&quot;:&quot;0&quot;,&quot;shutter_speed&quot;:&quot;0&quot;,&quot;title&quot;:&quot;&quot;,&quot;orientation&quot;:&quot;1&quot;}\" data-image-title=\"Cores-para-alegrar-o-ambiente-CAPA\" data-image-description=\"\" data-medium-file=\"https:\/\/blog.univicosa.com.br\/wp-content\/uploads\/2021\/05\/Cores-para-alegrar-o-ambiente-CAPA-300x200.jpg\" data-large-file=\"https:\/\/blog.univicosa.com.br\/wp-content\/uploads\/2021\/05\/Cores-para-alegrar-o-ambiente-CAPA.jpg\" loading=\"lazy\" src=\"https:\/\/blog.univicosa.com.br\/wp-content\/uploads\/2021\/05\/Cores-para-alegrar-o-ambiente-CAPA.jpg\" alt=\"\" class=\"wp-image-1914\" width=\"540\" height=\"359\" srcset=\"https:\/\/blog.univicosa.com.br\/wp-content\/uploads\/2021\/05\/Cores-para-alegrar-o-ambiente-CAPA.jpg 1000w, https:\/\/blog.univicosa.com.br\/wp-content\/uploads\/2021\/05\/Cores-para-alegrar-o-ambiente-CAPA-300x200.jpg 300w, https:\/\/blog.univicosa.com.br\/wp-content\/uploads\/2021\/05\/Cores-para-alegrar-o-ambiente-CAPA-768x512.jpg 768w, https:\/\/blog.univicosa.com.br\/wp-content\/uploads\/2021\/05\/Cores-para-alegrar-o-ambiente-CAPA-850x567.jpg 850w\" sizes=\"(max-width: 540px) 100vw, 540px\" \/><\/figure>\n\n\n\n<p><strong>MOBILI\u00c1RIO ERGON\u00d4MICO<br><\/strong>A mesa ou bancada e a cadeira escolhida devem<br>atender aos requisitos de ergonomia. Cadeiras de<br>rodinha com ajustes de altura e apoio para bra\u00e7o.<br>Mesa com altura compat\u00edvel ao antebra\u00e7o<\/p>\n\n\n\n<figure class=\"wp-block-image size-large is-resized\"><img data-attachment-id=\"1915\" data-permalink=\"https:\/\/blog.univicosa.com.br\/index.php\/2021\/05\/26\/dicas-para-organizar-o-seu-estudo-em-casa\/shutterstock_1322060495\/\" data-orig-file=\"https:\/\/blog.univicosa.com.br\/wp-content\/uploads\/2021\/05\/shutterstock_1322060495.jpg\" data-orig-size=\"1540,800\" data-comments-opened=\"1\" data-image-meta=\"{&quot;aperture&quot;:&quot;0&quot;,&quot;credit&quot;:&quot;&quot;,&quot;camera&quot;:&quot;&quot;,&quot;caption&quot;:&quot;&quot;,&quot;created_timestamp&quot;:&quot;0&quot;,&quot;copyright&quot;:&quot;&quot;,&quot;focal_length&quot;:&quot;0&quot;,&quot;iso&quot;:&quot;0&quot;,&quot;shutter_speed&quot;:&quot;0&quot;,&quot;title&quot;:&quot;&quot;,&quot;orientation&quot;:&quot;0&quot;}\" data-image-title=\"shutterstock_1322060495\" data-image-description=\"\" data-medium-file=\"https:\/\/blog.univicosa.com.br\/wp-content\/uploads\/2021\/05\/shutterstock_1322060495-300x156.jpg\" data-large-file=\"https:\/\/blog.univicosa.com.br\/wp-content\/uploads\/2021\/05\/shutterstock_1322060495-1024x532.jpg\" loading=\"lazy\" src=\"https:\/\/blog.univicosa.com.br\/wp-content\/uploads\/2021\/05\/shutterstock_1322060495-1024x532.jpg\" alt=\"\" class=\"wp-image-1915\" width=\"538\" height=\"279\" srcset=\"https:\/\/blog.univicosa.com.br\/wp-content\/uploads\/2021\/05\/shutterstock_1322060495-1024x532.jpg 1024w, https:\/\/blog.univicosa.com.br\/wp-content\/uploads\/2021\/05\/shutterstock_1322060495-300x156.jpg 300w, https:\/\/blog.univicosa.com.br\/wp-content\/uploads\/2021\/05\/shutterstock_1322060495-768x399.jpg 768w, https:\/\/blog.univicosa.com.br\/wp-content\/uploads\/2021\/05\/shutterstock_1322060495-1536x798.jpg 1536w, https:\/\/blog.univicosa.com.br\/wp-content\/uploads\/2021\/05\/shutterstock_1322060495-850x442.jpg 850w, https:\/\/blog.univicosa.com.br\/wp-content\/uploads\/2021\/05\/shutterstock_1322060495.jpg 1540w\" sizes=\"(max-width: 538px) 100vw, 538px\" \/><\/figure>\n\n\n\n<p><strong>PLANNER<\/strong><br>O uso de um planners, agendas, ou mesmo blocos<br>de anota\u00e7\u00e3o s\u00e3o \u00f3timos para maximizar a<br>produtividade. Estabele\u00e7a metas simples,<br>organize suas tarefas e n\u00e3o se cobre demais.<\/p>\n\n\n\n<figure class=\"wp-block-image size-large is-resized\"><img data-attachment-id=\"1916\" data-permalink=\"https:\/\/blog.univicosa.com.br\/index.php\/2021\/05\/26\/dicas-para-organizar-o-seu-estudo-em-casa\/1-1-4\/\" data-orig-file=\"https:\/\/blog.univicosa.com.br\/wp-content\/uploads\/2021\/05\/1-1.png\" data-orig-size=\"1920,1080\" data-comments-opened=\"1\" data-image-meta=\"{&quot;aperture&quot;:&quot;0&quot;,&quot;credit&quot;:&quot;&quot;,&quot;camera&quot;:&quot;&quot;,&quot;caption&quot;:&quot;&quot;,&quot;created_timestamp&quot;:&quot;0&quot;,&quot;copyright&quot;:&quot;&quot;,&quot;focal_length&quot;:&quot;0&quot;,&quot;iso&quot;:&quot;0&quot;,&quot;shutter_speed&quot;:&quot;0&quot;,&quot;title&quot;:&quot;&quot;,&quot;orientation&quot;:&quot;0&quot;}\" data-image-title=\"1 (1)\" data-image-description=\"\" data-medium-file=\"https:\/\/blog.univicosa.com.br\/wp-content\/uploads\/2021\/05\/1-1-300x169.png\" data-large-file=\"https:\/\/blog.univicosa.com.br\/wp-content\/uploads\/2021\/05\/1-1-1024x576.png\" loading=\"lazy\" src=\"https:\/\/blog.univicosa.com.br\/wp-content\/uploads\/2021\/05\/1-1-1024x576.png\" alt=\"\" class=\"wp-image-1916\" width=\"543\" height=\"305\" srcset=\"https:\/\/blog.univicosa.com.br\/wp-content\/uploads\/2021\/05\/1-1-1024x576.png 1024w, https:\/\/blog.univicosa.com.br\/wp-content\/uploads\/2021\/05\/1-1-300x169.png 300w, https:\/\/blog.univicosa.com.br\/wp-content\/uploads\/2021\/05\/1-1-768x432.png 768w, https:\/\/blog.univicosa.com.br\/wp-content\/uploads\/2021\/05\/1-1-1536x864.png 1536w, https:\/\/blog.univicosa.com.br\/wp-content\/uploads\/2021\/05\/1-1-850x478.png 850w, https:\/\/blog.univicosa.com.br\/wp-content\/uploads\/2021\/05\/1-1.png 1920w\" sizes=\"(max-width: 543px) 100vw, 543px\" \/><\/figure>\n\n\n\n<p>Se voc\u00ea n\u00e3o tiver um lugar na sua casa s\u00f3 para isso, crie! Pode ser a mesa da cozinha mesmo, mas tire tudo que normalmente fica sobre ela e mantenha apenas o que voc\u00ea vai utilizar para estudar. E sempre estude l\u00e1, apenas l\u00e1!<\/p>\n\n\n\n<p><a href=\"https:\/\/www.univicosa.com.br\/graduacao\/cursos\/arquitetura_e_urbanismo\">Curtiu e quer saber mais sobre o curso de&nbsp;<strong>Arquitetura e Urbanismo&nbsp;<\/strong>da&nbsp;<strong>UNIVI\u00c7OSA<\/strong>? Ent\u00e3o acesse o site da Univi\u00e7osa, clique aqui!<\/a><\/p>\n\n\n\n<p><a href=\"https:\/\/blog.univicosa.com.br\/index.php\/2020\/04\/29\/guia-de-organizacao-no-home-office-dicas-deixar-o-seu-ambiente-mais-produtivo\/\">Guia de organiza\u00e7\u00e3o: dicas para deixar o seu ambiente de estudos ainda mais produtivo<\/a><\/p>\n\n\n\n<p><a href=\"https:\/\/blog.univicosa.com.br\/index.php\/2021\/05\/03\/curiosidades-e-mercado-de-trabalho-arquitetura-e-urbanismo\/\">Curiosidades e mercado de trabalho: Arquitetura e Urbanismo<\/a><\/p>\n\n\n\n<p><a href=\"https:\/\/g1.globo.com\/sc\/santa-catarina\/especial-publicitario\/unisociesc\/guia-do-estudante\/noticia\/2020\/09\/08\/organizar-uma-area-de-estudos-em-casa-facilita-o-aprendizado-e-contribui-para-a-saude-dos-estudantes.ghtml\" data-type=\"URL\" data-id=\"https:\/\/g1.globo.com\/sc\/santa-catarina\/especial-publicitario\/unisociesc\/guia-do-estudante\/noticia\/2020\/09\/08\/organizar-uma-area-de-estudos-em-casa-facilita-o-aprendizado-e-contribui-para-a-saude-dos-estudantes.ghtml\">Organizar uma \u00e1rea de estudos em casa facilita o aprendizado e contribui para a sa\u00fade dos estudantes<\/a><\/p>\n\n\n\n<hr class=\"wp-block-separator\"\/>\n\n\n\n<p><em>Fonte parcial: G1.<\/em><\/p>\n","protected":false},"excerpt":{"rendered":"<p>\u00c9 em&nbsp;casa&nbsp;que os estudantes fazem suas tarefas escolares, estudam para provas e assistem \u00e0s aulas on-line. Com as medidas de isolamento social, decorrentes da pandemia do novo coronav\u00edrus,&nbsp;a import\u00e2ncia&nbsp;de ter um ambiente adequado para o&nbsp;estudo em casa&nbsp;est\u00e1 sendo cada vez mais percebida pelos estudantes. TR\u00caS PASSOS PARA COME\u00c7AR: 1\u00b0 Espa\u00e7o Definido:O espa\u00e7o deve ser reservado&#8230;<\/p>\n","protected":false},"author":2,"featured_media":1911,"comment_status":"open","ping_status":"open","sticky":false,"template":"","format":"standard","meta":{"spay_email":""},"categories":[28,14],"tags":[236,235,237,102,103,241,242,238,233,234,231,232,239,92,243,240,47,244,96,9,93],"jetpack_featured_media_url":"https:\/\/blog.univicosa.com.br\/wp-content\/uploads\/2021\/05\/patricia-arq-blog-estudo-em-casa.png","jetpack_shortlink":"https:\/\/wp.me\/pbcCKk-uO","_links":{"self":[{"href":"https:\/\/blog.univicosa.com.br\/index.php\/wp-json\/wp\/v2\/posts\/1910"}],"collection":[{"href":"https:\/\/blog.univicosa.com.br\/index.php\/wp-json\/wp\/v2\/posts"}],"about":[{"href":"https:\/\/blog.univicosa.com.br\/index.php\/wp-json\/wp\/v2\/types\/post"}],"author":[{"embeddable":true,"href":"https:\/\/blog.univicosa.com.br\/index.php\/wp-json\/wp\/v2\/users\/2"}],"replies":[{"embeddable":true,"href":"https:\/\/blog.univicosa.com.br\/index.php\/wp-json\/wp\/v2\/comments?post=1910"}],"version-history":[{"count":2,"href":"https:\/\/blog.univicosa.com.br\/index.php\/wp-json\/wp\/v2\/posts\/1910\/revisions"}],"predecessor-version":[{"id":2303,"href":"https:\/\/blog.univicosa.com.br\/index.php\/wp-json\/wp\/v2\/posts\/1910\/revisions\/2303"}],"wp:featuredmedia":[{"embeddable":true,"href":"https:\/\/blog.univicosa.com.br\/index.php\/wp-json\/wp\/v2\/media\/1911"}],"wp:attachment":[{"href":"https:\/\/blog.univicosa.com.br\/index.php\/wp-json\/wp\/v2\/media?parent=1910"}],"wp:term":[{"taxonomy":"category","embeddable":true,"href":"https:\/\/blog.univicosa.com.br\/index.php\/wp-json\/wp\/v2\/categories?post=1910"},{"taxonomy":"post_tag","embeddable":true,"href":"https:\/\/blog.univicosa.com.br\/index.php\/wp-json\/wp\/v2\/tags?post=1910"}],"curies":[{"name":"wp","href":"https:\/\/api.w.org\/{rel}","templated":true}]}}