{"id":1815,"date":"2021-05-17T14:38:54","date_gmt":"2021-05-17T17:38:54","guid":{"rendered":"https:\/\/blog.univicosa.com.br\/?p=1815"},"modified":"2021-05-24T18:51:02","modified_gmt":"2021-05-24T21:51:02","slug":"o-contrato-de-trabalho-intermitente-e-sua-conveniencia-em-cenarios-de-imprevisibilidade-do-mercado-de-trabalho","status":"publish","type":"post","link":"https:\/\/blog.univicosa.com.br\/index.php\/2021\/05\/17\/o-contrato-de-trabalho-intermitente-e-sua-conveniencia-em-cenarios-de-imprevisibilidade-do-mercado-de-trabalho\/","title":{"rendered":"O contrato de trabalho intermitente e sua conveni\u00eancia em cen\u00e1rios de imprevisibilidade do mercado de trabalho"},"content":{"rendered":"\n<figure class=\"wp-block-image size-large\"><img data-attachment-id=\"1816\" data-permalink=\"https:\/\/blog.univicosa.com.br\/index.php\/2021\/05\/17\/o-contrato-de-trabalho-intermitente-e-sua-conveniencia-em-cenarios-de-imprevisibilidade-do-mercado-de-trabalho\/capa-blog\/\" data-orig-file=\"https:\/\/blog.univicosa.com.br\/wp-content\/uploads\/2021\/05\/capa-blog.png\" data-orig-size=\"1024,576\" data-comments-opened=\"1\" data-image-meta=\"{&quot;aperture&quot;:&quot;0&quot;,&quot;credit&quot;:&quot;&quot;,&quot;camera&quot;:&quot;&quot;,&quot;caption&quot;:&quot;&quot;,&quot;created_timestamp&quot;:&quot;0&quot;,&quot;copyright&quot;:&quot;&quot;,&quot;focal_length&quot;:&quot;0&quot;,&quot;iso&quot;:&quot;0&quot;,&quot;shutter_speed&quot;:&quot;0&quot;,&quot;title&quot;:&quot;&quot;,&quot;orientation&quot;:&quot;0&quot;}\" data-image-title=\"capa blog\" data-image-description=\"\" data-medium-file=\"https:\/\/blog.univicosa.com.br\/wp-content\/uploads\/2021\/05\/capa-blog-300x169.png\" data-large-file=\"https:\/\/blog.univicosa.com.br\/wp-content\/uploads\/2021\/05\/capa-blog.png\" loading=\"lazy\" width=\"1024\" height=\"576\" src=\"https:\/\/blog.univicosa.com.br\/wp-content\/uploads\/2021\/05\/capa-blog.png\" alt=\"\" class=\"wp-image-1816\" srcset=\"https:\/\/blog.univicosa.com.br\/wp-content\/uploads\/2021\/05\/capa-blog.png 1024w, https:\/\/blog.univicosa.com.br\/wp-content\/uploads\/2021\/05\/capa-blog-300x169.png 300w, https:\/\/blog.univicosa.com.br\/wp-content\/uploads\/2021\/05\/capa-blog-768x432.png 768w, https:\/\/blog.univicosa.com.br\/wp-content\/uploads\/2021\/05\/capa-blog-850x478.png 850w\" sizes=\"(max-width: 1024px) 100vw, 1024px\" \/><\/figure>\n\n\n\n<p><em>Por: Profa. Me. \u00c2ngela Barbosa Franco* <\/em><\/p>\n\n\n\n<p>Diante de um per\u00edodo desafiador para o mercado de trabalho, <a href=\"https:\/\/blog.univicosa.com.br\/index.php\/2021\/03\/31\/o-periodo-da-pandemia-e-favoravel-para-iniciar-o-proprio-negocio-ou-nao-e-o-momento-de-correr-riscos\/\" data-type=\"URL\" data-id=\"https:\/\/blog.univicosa.com.br\/index.php\/2021\/03\/31\/o-periodo-da-pandemia-e-favoravel-para-iniciar-o-proprio-negocio-ou-nao-e-o-momento-de-correr-riscos\/\">decorrente dos impactos da <strong>pandemia da Covid-19<\/strong> na economia<\/a>, o <strong>contrato intermitente<\/strong> foi uma alternativa utilizada pelos empreendedores para reduzir custos com as rela\u00e7\u00f5es de emprego.<\/p>\n\n\n\n<p>Trata-se de uma <strong>modalidade de contrato<\/strong>, normatizada pelos artigos<strong> 443, \u00a7 3<sup>o<\/sup> e 452-A da <a href=\"https:\/\/blog.univicosa.com.br\/index.php\/2019\/07\/08\/diferenca-entre-greve-e-locaute\/\" data-type=\"URL\" data-id=\"https:\/\/blog.univicosa.com.br\/index.php\/2019\/07\/08\/diferenca-entre-greve-e-locaute\/\">CLT<\/a><\/strong>, menos dispendiosa para o empregador, posto que apenas <strong>remunera <\/strong>o <strong>empregado <\/strong>pelo<strong> per\u00edodo em que for convocado para prestar servi\u00e7os<\/strong>. Nos moldes do texto celetista, \u201c<em>considera-se como <strong>intermitente <\/strong>o contrato de trabalho no qual a presta\u00e7\u00e3o de servi\u00e7os, com subordina\u00e7\u00e3o, n\u00e3o \u00e9 cont\u00ednua, ocorrendo com altern\u00e2ncia de per\u00edodos de presta\u00e7\u00e3o de servi\u00e7os e de inatividade, determinados em horas, dias ou meses, independentemente do tipo de atividade do empregado e do empregador<\/em>\u201d. Assim, pode ser utilizado na <strong>contrata\u00e7\u00e3o <\/strong>de diversos profissionais, exclu\u00eddos, por determina\u00e7\u00e3o legal, apenas os aeronautas.<\/p>\n\n\n\n<p>Para se ajustar um contrato de trabalho intermitente \u00e9 necess\u00e1ria a <strong>formaliza\u00e7\u00e3o por escrito<\/strong>, com a indica\u00e7\u00e3o do valor da hora de trabalho, desde que n\u00e3o seja inferior \u00e0quele devido aos demais empregados do estabelecimento que exer\u00e7am a mesma fun\u00e7\u00e3o. A <strong>convoca\u00e7\u00e3o do trabalhador<\/strong>, pelo empregador, pode ser feita por <strong>qualquer meio de comunica\u00e7\u00e3o eficaz<\/strong>, esclarecendo qual ser\u00e1 a jornada com, pelo menos, tr\u00eas dias corridos de anteced\u00eancia. Recebido o convite, o empregado tem um dia \u00fatil para manifestar seu aceite, presumindo-se, no sil\u00eancio, sua recusa.<\/p>\n\n\n\n<figure class=\"wp-block-image size-large\"><img data-attachment-id=\"1818\" data-permalink=\"https:\/\/blog.univicosa.com.br\/index.php\/2021\/05\/17\/o-contrato-de-trabalho-intermitente-e-sua-conveniencia-em-cenarios-de-imprevisibilidade-do-mercado-de-trabalho\/female-hands-holding-a-a-portfolio-of-brazilian-workers-translation-work-permit-ministry-of-labor-and-social-security-brazil-ctps-contract-and-pen-in-background\/\" data-orig-file=\"https:\/\/blog.univicosa.com.br\/wp-content\/uploads\/2021\/05\/trabalho-intermitente-e-reforma-trabalhista-1024x672-1.jpg\" data-orig-size=\"1024,672\" data-comments-opened=\"1\" data-image-meta=\"{&quot;aperture&quot;:&quot;4.5&quot;,&quot;credit&quot;:&quot;Getty Images\\\/iStockphoto&quot;,&quot;camera&quot;:&quot;Canon EOS Rebel T6i&quot;,&quot;caption&quot;:&quot;Conceptual image. Document required for any citizen who needs to work.&quot;,&quot;created_timestamp&quot;:&quot;1538824124&quot;,&quot;copyright&quot;:&quot;&quot;,&quot;focal_length&quot;:&quot;84&quot;,&quot;iso&quot;:&quot;200&quot;,&quot;shutter_speed&quot;:&quot;0.04&quot;,&quot;title&quot;:&quot;Female hands holding a A portfolio of Brazilian workers (Translation \\&quot;Work Permit, Ministry of Labor and Social Security Brazil CTPS\\&quot;). Contract and pen in background.&quot;,&quot;orientation&quot;:&quot;1&quot;}\" data-image-title=\"Female hands holding a A portfolio of Brazilian workers (Translation &#8220;Work Permit, Ministry of Labor and Social Security Brazil CTPS&#8221;). Contract and pen in background.\" data-image-description=\"\" data-medium-file=\"https:\/\/blog.univicosa.com.br\/wp-content\/uploads\/2021\/05\/trabalho-intermitente-e-reforma-trabalhista-1024x672-1-300x197.jpg\" data-large-file=\"https:\/\/blog.univicosa.com.br\/wp-content\/uploads\/2021\/05\/trabalho-intermitente-e-reforma-trabalhista-1024x672-1.jpg\" loading=\"lazy\" width=\"1024\" height=\"672\" src=\"https:\/\/blog.univicosa.com.br\/wp-content\/uploads\/2021\/05\/trabalho-intermitente-e-reforma-trabalhista-1024x672-1.jpg\" alt=\"\" class=\"wp-image-1818\" srcset=\"https:\/\/blog.univicosa.com.br\/wp-content\/uploads\/2021\/05\/trabalho-intermitente-e-reforma-trabalhista-1024x672-1.jpg 1024w, https:\/\/blog.univicosa.com.br\/wp-content\/uploads\/2021\/05\/trabalho-intermitente-e-reforma-trabalhista-1024x672-1-300x197.jpg 300w, https:\/\/blog.univicosa.com.br\/wp-content\/uploads\/2021\/05\/trabalho-intermitente-e-reforma-trabalhista-1024x672-1-768x504.jpg 768w, https:\/\/blog.univicosa.com.br\/wp-content\/uploads\/2021\/05\/trabalho-intermitente-e-reforma-trabalhista-1024x672-1-350x230.jpg 350w, https:\/\/blog.univicosa.com.br\/wp-content\/uploads\/2021\/05\/trabalho-intermitente-e-reforma-trabalhista-1024x672-1-850x558.jpg 850w\" sizes=\"(max-width: 1024px) 100vw, 1024px\" \/><\/figure>\n\n\n\n<p>Ap\u00f3s aceita a oferta para o comparecimento ao trabalho, a parte que descumprir o compromisso, sem justo motivo, pagar\u00e1 \u00e0 outra parte, no prazo de trinta dias, <strong>multa de 50% da remunera\u00e7\u00e3o <\/strong>que seria devida, permitida a compensa\u00e7\u00e3o em igual prazo. Assim que o prazo combinado para o exerc\u00edcio das atividades finaliza, o empregador deve imediatamente <strong>pagar o empregado a remunera\u00e7\u00e3o pelo per\u00edodo laborado<\/strong>, inclusive as f\u00e9rias, com acr\u00e9scimo de um ter\u00e7o, e o d\u00e9cimo terceiro sal\u00e1rio, proporcionalmente. Outros direitos como o repouso semanal remunerado e, se for o caso, os adicionais legais (horas extras, horas noturnas, insalubridade, periculosidade) tamb\u00e9m precisam ser quitados. Ademais, o empregador efetuar\u00e1 o <strong>recolhimento da contribui\u00e7\u00e3o previdenci\u00e1ria<\/strong> e o dep\u00f3sito do<strong> Fundo de Garantia do Tempo de Servi\u00e7o<\/strong>, na forma da lei, com base nos valores pagos no per\u00edodo mensal.<\/p>\n\n\n\n<p>O per\u00edodo de <strong>inatividade <\/strong>n\u00e3o \u00e9 considerado tempo \u00e0 disposi\u00e7\u00e3o do empregador, portanto, <strong>n\u00e3o \u00e9 remunerado<\/strong>. Assim, a lei permite que o trabalhador assuma compromissos com outros contratantes, inclusive como intermitente.<\/p>\n\n\n\n<p>A cada <strong>doze meses de vig\u00eancia<\/strong> do contrato de trabalho intermitente e n\u00e3o da efetiva presta\u00e7\u00e3o de servi\u00e7os, o <strong>empregado adquire direito a usufruir<\/strong>, em um dos doze meses subsequentes, <strong>um m\u00eas de f\u00e9rias<\/strong>. Durante este per\u00edodo, n\u00e3o poder\u00e1 ser convocado pelo empregador que lhe est\u00e1 concedendo o direito ao repouso.<\/p>\n\n\n\n<p>Sob uma <strong>perspectiva cr\u00edtica<\/strong> e mais sens\u00edvel \u00e0 condi\u00e7\u00e3o de hipossufici\u00eancia da classe trabalhadora, nota-se que, no<strong> <a href=\"https:\/\/blog.tangerino.com.br\/trabalho-intermitente\/\" data-type=\"URL\" data-id=\"https:\/\/blog.tangerino.com.br\/trabalho-intermitente\/\">contrato intermitente<\/a><\/strong>, quem labora acaba assumindo os riscos do <strong>empreendimento<\/strong>. A convoca\u00e7\u00e3o para o servi\u00e7o \u00e9 <strong>imprevis\u00edvel<\/strong>. O empregado n\u00e3o tem a garantia de receber, pelo menos, um sal\u00e1rio m\u00ednimo mensal, posto que depende do n\u00famero de dias que foi convidado para o servi\u00e7o e do tempo em que ficar\u00e1 \u00e0 disposi\u00e7\u00e3o para o trabalho. O direito de <strong>desconex\u00e3o <\/strong>ainda pode ficar comprometido, na medida em que ao usufruir de f\u00e9rias com um empregador, o trabalhador fica sujeito \u00e0 convoca\u00e7\u00e3o para o trabalho feito por outros contratantes.<\/p>\n\n\n\n<p>Em contrapartida, o <strong>contrato intermitente<\/strong>, conforme informa\u00e7\u00f5es prestadas pelo Minist\u00e9rio da Economia<a href=\"#_ftn1\">[1]<\/a>, em novembro de 2020, <strong>\u00e9 a modalidade que mais encorajou os empreendedores a assumirem ou manterem rela\u00e7\u00f5es de emprego <\/strong>em um momento de imprevisibilidade no cen\u00e1rio econ\u00f4mico, durante a crise sanit\u00e1ria.<\/p>\n\n\n\n<p>A normatiza\u00e7\u00e3o sobre o contrato intermitente \u00e9 alvo de<strong> A\u00e7\u00e3o Direta de Inconstitucionalidade<\/strong> (ADI 5826)<a href=\"#_ftn2\">[2]<\/a> e, no momento, seu julgamento est\u00e1 suspenso pelo <strong>STF <\/strong>sem previs\u00e3o de nova data. Enquanto isso, a inseguran\u00e7a jur\u00eddica paira sobre os contratos intermitentes, por\u00e9m, \u00e9 a melhor alternativa, a ser utilizada pelas empresas, para uma retomada cautelosa das atividades que foram paralisadas ou reduzidas durante a pandemia.<\/p>\n\n\n\n<p><a href=\"https:\/\/www.univicosa.com.br\/graduacao\/cursos\/administracao\">Curtiu e quer saber mais sobre o curso de&nbsp;<strong>Administra\u00e7\u00e3o&nbsp;<\/strong>da&nbsp;<strong>UNIVI\u00c7OSA<\/strong>? Ent\u00e3o acesse o site da Univi\u00e7osa, clique aqui!<\/a><\/p>\n\n\n\n<p><a href=\"https:\/\/blog.univicosa.com.br\/index.php\/2020\/07\/23\/10-curiosidades-sobre-a-carreira-em-administracao\/\" data-type=\"URL\" data-id=\"https:\/\/blog.univicosa.com.br\/index.php\/2020\/07\/23\/10-curiosidades-sobre-a-carreira-em-administracao\/\">10 curiosidades sobre a carreira em Administra\u00e7\u00e3o<\/a><\/p>\n\n\n\n<p><a href=\"https:\/\/blog.univicosa.com.br\/index.php\/2021\/04\/06\/como-controlar-o-endividamento-no-momento-de-pandemia-da-covid-19\/\" data-type=\"URL\" data-id=\"https:\/\/blog.univicosa.com.br\/index.php\/2021\/04\/06\/como-controlar-o-endividamento-no-momento-de-pandemia-da-covid-19\/\">Como controlar o endividamento no momento de Pandemia da COVID-19? <\/a><\/p>\n\n\n\n<p><a href=\"https:\/\/blog.univicosa.com.br\/index.php\/2020\/04\/14\/o-novo-coronavirus-e-o-capital-de-giro-no-cenario-de-incertezas\/\" data-type=\"URL\" data-id=\"https:\/\/blog.univicosa.com.br\/index.php\/2020\/04\/14\/o-novo-coronavirus-e-o-capital-de-giro-no-cenario-de-incertezas\/\">COVID-19: 10 dicas para minimizar os problemas financeiros nas pequenas e m\u00e9dias empresas<\/a><\/p>\n\n\n\n<p><a href=\"https:\/\/blog.univicosa.com.br\/index.php\/2019\/07\/08\/porque-administrar-bem-faz-a-diferenca\/\" data-type=\"URL\" data-id=\"https:\/\/blog.univicosa.com.br\/index.php\/2019\/07\/08\/porque-administrar-bem-faz-a-diferenca\/\">Porque administrar bem faz a diferen\u00e7a!<\/a><\/p>\n\n\n\n<p><a href=\"https:\/\/blog.tangerino.com.br\/trabalho-intermitente\/\" data-type=\"URL\" data-id=\"https:\/\/blog.tangerino.com.br\/trabalho-intermitente\/\">Tudo sobre o trabalho intermitente<\/a><\/p>\n\n\n\n<hr class=\"wp-block-separator\" id=\"block-24370aed-91b2-4e9d-a59d-971a08f44e84\"\/>\n\n\n\n<p id=\"block-d574d285-6c8b-4277-8eed-07878aeb7428\"><a href=\"https:\/\/blog.univicosa.com.br\/wp-admin\/post.php?post=1815&amp;action=edit#_ftnref1\">[1]<\/a> Dispon\u00edvel em: https:\/\/www.gov.br\/pt-br\/noticias\/trabalho-e-previdencia\/2020\/11\/caged-confirma-retomada-da-economia-brasileira. Acesso em: 20 dez. 2020.<\/p>\n\n\n\n<p id=\"block-b8208ce3-f5c3-468b-ab8c-85a866759ada\"><a href=\"https:\/\/blog.univicosa.com.br\/wp-admin\/post.php?post=1815&amp;action=edit#_ftnref2\">[2]<\/a> Dispon\u00edvel em: http:\/\/www.stf.jus.br\/portal\/cms\/verNoticiaDetalhe.asp?idConteudo=456594. Acesso em: 20 dez. 2020.<\/p>\n\n\n\n<p><em>* \u00c2ngela Barbosa Franco: Leciona a disciplina de Direito do Trabalho nos cursos de gradua\u00e7\u00e3o e p\u00f3s-gradua\u00e7\u00e3o em Administra\u00e7\u00e3o, Ci\u00eancias Cont\u00e1beis e Direito. \u00c9 doutoranda em Ci\u00eancias Jur\u00eddicas Privat\u00edsticas na Universidade do Minho\/Portugal e investigadora da JusGov (Centro de investiga\u00e7\u00e3o em Justi\u00e7a e Governa\u00e7\u00e3o da Universidade do Minho, Portugal). Mestre em Direito. Na pesquisa, suas \u00e1reas de interesse s\u00e3o em Direito e Literatura, Trabalho da era digital e Media\u00e7\u00e3o.<\/em> <\/p>\n","protected":false},"excerpt":{"rendered":"<p>Por: Profa. Me. \u00c2ngela Barbosa Franco* Diante de um per\u00edodo desafiador para o mercado de trabalho, decorrente dos impactos da pandemia da Covid-19 na economia, o contrato intermitente foi uma alternativa utilizada pelos empreendedores para reduzir custos com as rela\u00e7\u00f5es de emprego. Trata-se de uma modalidade de contrato, normatizada pelos artigos 443, \u00a7 3o e&#8230;<\/p>\n","protected":false},"author":2,"featured_media":1816,"comment_status":"open","ping_status":"open","sticky":false,"template":"","format":"standard","meta":{"spay_email":""},"categories":[33,15],"tags":[3,157,152,153,45,166,161,51,163,95,154,155,100,92,158,47,164,165,162,160,159,96,52,50,93],"jetpack_featured_media_url":"https:\/\/blog.univicosa.com.br\/wp-content\/uploads\/2021\/05\/capa-blog.png","jetpack_shortlink":"https:\/\/wp.me\/pbcCKk-th","_links":{"self":[{"href":"https:\/\/blog.univicosa.com.br\/index.php\/wp-json\/wp\/v2\/posts\/1815"}],"collection":[{"href":"https:\/\/blog.univicosa.com.br\/index.php\/wp-json\/wp\/v2\/posts"}],"about":[{"href":"https:\/\/blog.univicosa.com.br\/index.php\/wp-json\/wp\/v2\/types\/post"}],"author":[{"embeddable":true,"href":"https:\/\/blog.univicosa.com.br\/index.php\/wp-json\/wp\/v2\/users\/2"}],"replies":[{"embeddable":true,"href":"https:\/\/blog.univicosa.com.br\/index.php\/wp-json\/wp\/v2\/comments?post=1815"}],"version-history":[{"count":4,"href":"https:\/\/blog.univicosa.com.br\/index.php\/wp-json\/wp\/v2\/posts\/1815\/revisions"}],"predecessor-version":[{"id":1864,"href":"https:\/\/blog.univicosa.com.br\/index.php\/wp-json\/wp\/v2\/posts\/1815\/revisions\/1864"}],"wp:featuredmedia":[{"embeddable":true,"href":"https:\/\/blog.univicosa.com.br\/index.php\/wp-json\/wp\/v2\/media\/1816"}],"wp:attachment":[{"href":"https:\/\/blog.univicosa.com.br\/index.php\/wp-json\/wp\/v2\/media?parent=1815"}],"wp:term":[{"taxonomy":"category","embeddable":true,"href":"https:\/\/blog.univicosa.com.br\/index.php\/wp-json\/wp\/v2\/categories?post=1815"},{"taxonomy":"post_tag","embeddable":true,"href":"https:\/\/blog.univicosa.com.br\/index.php\/wp-json\/wp\/v2\/tags?post=1815"}],"curies":[{"name":"wp","href":"https:\/\/api.w.org\/{rel}","templated":true}]}}