{"id":1791,"date":"2021-07-26T19:10:16","date_gmt":"2021-07-26T22:10:16","guid":{"rendered":"https:\/\/blog.univicosa.com.br\/?p=1791"},"modified":"2021-07-26T19:10:16","modified_gmt":"2021-07-26T22:10:16","slug":"curiosidades-e-mercado-de-trabalho-arquitetura-e-urbanismo","status":"publish","type":"post","link":"https:\/\/blog.univicosa.com.br\/index.php\/2021\/07\/26\/curiosidades-e-mercado-de-trabalho-arquitetura-e-urbanismo\/","title":{"rendered":"Curiosidades e mercado de trabalho: Arquitetura e Urbanismo"},"content":{"rendered":"\n<figure class=\"wp-block-image size-large\"><img data-attachment-id=\"2254\" data-permalink=\"https:\/\/blog.univicosa.com.br\/index.php\/2021\/07\/26\/curiosidades-e-mercado-de-trabalho-arquitetura-e-urbanismo\/arq-urb-blog\/\" data-orig-file=\"https:\/\/blog.univicosa.com.br\/wp-content\/uploads\/2021\/07\/arq-urb-blog.png\" data-orig-size=\"1024,576\" data-comments-opened=\"1\" data-image-meta=\"{&quot;aperture&quot;:&quot;0&quot;,&quot;credit&quot;:&quot;&quot;,&quot;camera&quot;:&quot;&quot;,&quot;caption&quot;:&quot;&quot;,&quot;created_timestamp&quot;:&quot;0&quot;,&quot;copyright&quot;:&quot;&quot;,&quot;focal_length&quot;:&quot;0&quot;,&quot;iso&quot;:&quot;0&quot;,&quot;shutter_speed&quot;:&quot;0&quot;,&quot;title&quot;:&quot;&quot;,&quot;orientation&quot;:&quot;0&quot;}\" data-image-title=\"arq-urb-blog\" data-image-description=\"\" data-medium-file=\"https:\/\/blog.univicosa.com.br\/wp-content\/uploads\/2021\/07\/arq-urb-blog-300x169.png\" data-large-file=\"https:\/\/blog.univicosa.com.br\/wp-content\/uploads\/2021\/07\/arq-urb-blog.png\" loading=\"lazy\" width=\"1024\" height=\"576\" src=\"https:\/\/blog.univicosa.com.br\/wp-content\/uploads\/2021\/07\/arq-urb-blog.png\" alt=\"\" class=\"wp-image-2254\" srcset=\"https:\/\/blog.univicosa.com.br\/wp-content\/uploads\/2021\/07\/arq-urb-blog.png 1024w, https:\/\/blog.univicosa.com.br\/wp-content\/uploads\/2021\/07\/arq-urb-blog-300x169.png 300w, https:\/\/blog.univicosa.com.br\/wp-content\/uploads\/2021\/07\/arq-urb-blog-768x432.png 768w, https:\/\/blog.univicosa.com.br\/wp-content\/uploads\/2021\/07\/arq-urb-blog-850x478.png 850w\" sizes=\"(max-width: 1024px) 100vw, 1024px\" \/><\/figure>\n\n\n\n<p><strong>O in\u00edcio de tudo<\/strong><\/p>\n\n\n\n<p>A arquitetura est\u00e1 presente desde o in\u00edcio do mundo. Todas as formas de habita\u00e7\u00e3o e sua evolu\u00e7\u00e3o est\u00e3o intimamente ligadas \u00e0 Arquitetura. Arquitetura \u00e9 pensar, adequar, reformular lugares e espa\u00e7os para que se tornem o mais adequado e agrad\u00e1vel para as pessoas. E estes espa\u00e7os v\u00e3o desde a moradia at\u00e9 mesmo o espa\u00e7o da cidade.<\/p>\n\n\n\n<p><strong>Regulamenta\u00e7\u00e3o da Profiss\u00e3o<\/strong><\/p>\n\n\n\n<p>Todo Arquiteto e Urbanista que exerce a profiss\u00e3o deve ser cadastrado no <a href=\"https:\/\/www.caubr.gov.br\/\" data-type=\"URL\" data-id=\"https:\/\/www.caubr.gov.br\/\">Conselho de Arquitetura e Urbanismo \u2013 CAU<\/a>, onde \u00e9 poss\u00edvel buscar um profissional e conferir o seu registro no conselho \u2013 um jeito seguro de garantir que o seu projeto est\u00e1 nas m\u00e3os de um profissional de verdade!<\/p>\n\n\n\n<p><strong>Perfil da Profiss\u00e3o<\/strong><\/p>\n\n\n\n<p>Arquitetura e Urbanismo \u00e9 uma carreira multidisciplinar, que articula os conhecimentos da \u00e1rea de <a href=\"https:\/\/blog.univicosa.com.br\/index.php\/2021\/01\/20\/eu-sou-do-time-ciencias-humanas-eu-sou-univicosa\/\" data-type=\"URL\" data-id=\"https:\/\/blog.univicosa.com.br\/index.php\/2021\/01\/20\/eu-sou-do-time-ciencias-humanas-eu-sou-univicosa\/\">humanas <\/a>e de <a href=\"https:\/\/blog.univicosa.com.br\/index.php\/2021\/01\/20\/eu-sou-do-time-ciencias-exatas-eu-sou-univicosa\/\" data-type=\"URL\" data-id=\"https:\/\/blog.univicosa.com.br\/index.php\/2021\/01\/20\/eu-sou-do-time-ciencias-exatas-eu-sou-univicosa\/\">exatas <\/a>e que ainda permita o uso da criatividade al\u00e9m da t\u00e9cnica.<\/p>\n\n\n\n<p>O profissional <strong>Arquiteto e Urbanista<\/strong> pode atuar em in\u00fameras \u00e1reas: projetos habitacionais, comerciais, institucionais, industriais, etc; urbanismo a n\u00edvel de pra\u00e7a, bairro, cidade, etc; patrim\u00f4nio hist\u00f3rico e restaura\u00e7\u00e3o; designer de m\u00f3veis, produtos e objetos de arte; arquitetura de interiores; paisagismo; comunica\u00e7\u00e3o visual; luminot\u00e9cnica; tecnologia da constru\u00e7\u00e3o; acompanhamento e execu\u00e7\u00e3o de obras; cenografia; per\u00edcia t\u00e9cnica; pesquisas e doc\u00eancia, entre outras possibilidades. \u00c9 uma profiss\u00e3o que tr\u00e1s bastante versatilidade ao profissional.<\/p>\n\n\n\n<figure class=\"wp-block-image size-large is-resized\"><img data-attachment-id=\"2256\" data-permalink=\"https:\/\/blog.univicosa.com.br\/index.php\/2021\/07\/26\/curiosidades-e-mercado-de-trabalho-arquitetura-e-urbanismo\/shutterstock_150121115\/\" data-orig-file=\"https:\/\/blog.univicosa.com.br\/wp-content\/uploads\/2021\/07\/shutterstock_150121115.jpg\" data-orig-size=\"1280,918\" data-comments-opened=\"1\" data-image-meta=\"{&quot;aperture&quot;:&quot;0&quot;,&quot;credit&quot;:&quot;&quot;,&quot;camera&quot;:&quot;&quot;,&quot;caption&quot;:&quot;&quot;,&quot;created_timestamp&quot;:&quot;0&quot;,&quot;copyright&quot;:&quot;&quot;,&quot;focal_length&quot;:&quot;0&quot;,&quot;iso&quot;:&quot;0&quot;,&quot;shutter_speed&quot;:&quot;0&quot;,&quot;title&quot;:&quot;&quot;,&quot;orientation&quot;:&quot;0&quot;}\" data-image-title=\"shutterstock_150121115\" data-image-description=\"\" data-medium-file=\"https:\/\/blog.univicosa.com.br\/wp-content\/uploads\/2021\/07\/shutterstock_150121115-300x215.jpg\" data-large-file=\"https:\/\/blog.univicosa.com.br\/wp-content\/uploads\/2021\/07\/shutterstock_150121115-1024x734.jpg\" loading=\"lazy\" src=\"https:\/\/blog.univicosa.com.br\/wp-content\/uploads\/2021\/07\/shutterstock_150121115-1024x734.jpg\" alt=\"\" class=\"wp-image-2256\" width=\"510\" height=\"365\" srcset=\"https:\/\/blog.univicosa.com.br\/wp-content\/uploads\/2021\/07\/shutterstock_150121115-1024x734.jpg 1024w, https:\/\/blog.univicosa.com.br\/wp-content\/uploads\/2021\/07\/shutterstock_150121115-300x215.jpg 300w, https:\/\/blog.univicosa.com.br\/wp-content\/uploads\/2021\/07\/shutterstock_150121115-768x551.jpg 768w, https:\/\/blog.univicosa.com.br\/wp-content\/uploads\/2021\/07\/shutterstock_150121115-850x610.jpg 850w, https:\/\/blog.univicosa.com.br\/wp-content\/uploads\/2021\/07\/shutterstock_150121115.jpg 1280w\" sizes=\"(max-width: 510px) 100vw, 510px\" \/><\/figure>\n\n\n\n<p><strong>Mercado de Trabalho<\/strong><\/p>\n\n\n\n<p>Atualmente, o setor de planejamento urbano \u00e9 um dos que mais cresce, j\u00e1 que as demandas do setor p\u00fablico e a exig\u00eancia da popula\u00e7\u00e3o por melhores condi\u00e7\u00f5es de habita\u00e7\u00e3o t\u00eam aumentado cada vez mais. A \u00e1rea ligada a sustentabilidade e acessibilidade tamb\u00e9m est\u00e3o em alta, pois as demandas n\u00e3o param de crescer. Por ser uma profiss\u00e3o ampla, o mercado de trabalho para o profissional costuma ser bastante acolhedor, principalmente, para quem \u00e9 criativo para buscar solu\u00e7\u00f5es.<a href=\"https:\/\/www.guiadacarreira.com.br\/carreira\/como-esta-o-mercado-de-trabalho-pra-quem-faz-arquitetura\/\" data-type=\"URL\" data-id=\"https:\/\/www.guiadacarreira.com.br\/carreira\/como-esta-o-mercado-de-trabalho-pra-quem-faz-arquitetura\/\"> O mercado de trabalho para o arquiteto e urbanista \u00e9 sempre movimentado<\/a>, tendo em vista que a profiss\u00e3o pressup\u00f5e versatilidade.<\/p>\n\n\n\n<p><strong>Habilidades<\/strong><\/p>\n\n\n\n<p>Saber desenhar? Voc\u00ea pode come\u00e7ar o curso sem ter habilidades de desenho e ir desenvolvendo ao longo do tempo. Existem disciplinas que v\u00e3o te dar este suporte. O desenho \u00e9 uma ferramenta b\u00e1sica, mas que pode ser complementada com outros recursos para quem n\u00e3o tem m\u00e3os t\u00e3o habilidosas. Temos hoje no mercado v\u00e1rias ferramentas computacionais que d\u00e3o suporte \u00e0 execu\u00e7\u00e3o de desenhos e maquetes.<\/p>\n\n\n\n<p>E ser criativo? \u00c9 fundamental? Todo bom profissional, de qualquer \u00e1rea, precisa de uma pitada de criatividade para se destacar no mercado de trabalho, mas essa criatividade pode ser desenvolvida ao longo do curso.<\/p>\n\n\n\n<p>Ou seja, n\u00e3o \u00e9 necess\u00e1rio habilidades t\u00e3o espec\u00edficas. O que \u00e9 necess\u00e1rio \u00e9 querer aprender, pesquisar, se atualizar e estar dentro das tend\u00eancias e atualidades!<\/p>\n\n\n\n<p>Com dura\u00e7\u00e3o de 10 semestres, isto \u00e9, 5 anos, o curso de Arquitetura e Urbanismo trabalha a sensibilidade art\u00edstica e est\u00e9tica juntamente com a consci\u00eancia socioambiental, atrav\u00e9s das v\u00e1rias t\u00e9cnicas de organizar, criar, adequar e planejar espa\u00e7os internos e externos. A partir dos conhecimentos advindos das ci\u00eancias humanas e exatas, o arquiteto e urbanista cria ambientes, espa\u00e7os e edifica\u00e7\u00f5es para abrigar as mais diversas atividades humanas, levando em conta a proposta est\u00e9tica, de conforto, se sustentabilidade e funcionalidade.<\/p>\n\n\n\n<p>A fim de assegurar a forma\u00e7\u00e3o de profissionais capacitados ao mercado de trabalho, a Univi\u00e7osa possui laborat\u00f3rios de inform\u00e1tica, f\u00edsica, materiais de constru\u00e7\u00e3o e uma casa modelo para a execu\u00e7\u00e3o pr\u00e1tica de diversas disciplinas. Al\u00e9m disso, a estrutura do curso conta com Sala de Projetos e um Laborat\u00f3rio Maker \u2013 com impressoras 3D e cortadora a laser, al\u00e9m de \u00e1reas de trabalho para colocar a \u201cM\u00e3o na Massa\u201d.<\/p>\n\n\n\n<p><a href=\"https:\/\/www.univicosa.com.br\/graduacao\/cursos\/arquitetura_e_urbanismo\" data-type=\"URL\" data-id=\"https:\/\/www.univicosa.com.br\/graduacao\/cursos\/arquitetura_e_urbanismo\">Curtiu e quer saber mais sobre o curso de <strong>Arquitetura e Urbanismo<\/strong> da <strong>UNIVI\u00c7OSA<\/strong>? Ent\u00e3o acesse o site da Univi\u00e7osa, clique aqui!<\/a><br><br><a href=\"https:\/\/blog.univicosa.com.br\/index.php\/2021\/07\/20\/conheca-as-vantagens-de-fazer-uma-segunda-graduacao\/\">Conhe\u00e7a as vantagens de fazer uma segunda gradua\u00e7\u00e3o<\/a><br><br><a href=\"https:\/\/blog.univicosa.com.br\/index.php\/2021\/07\/16\/5-dicas-para-se-destacar-no-mercado-de-trabalho\/\">5 dicas para se destacar no mercado de trabalho<\/a> <br><br><a href=\"https:\/\/blog.univicosa.com.br\/index.php\/2021\/06\/01\/5-dicas-para-ter-um-curriculo-de-destaque\/\">5 dicas para criar um curr\u00edculo de sucesso!<\/a> <br><br><a href=\"https:\/\/blog.univicosa.com.br\/index.php\/2021\/06\/22\/6-dicas-simples-de-como-fazer-um-mapa-mental-e-mandar-bem-nos-estudos\/\">6 dicas simples de como fazer um MAPA MENTAL e mandar bem nos estudos<\/a><br><br><a href=\"https:\/\/blog.univicosa.com.br\/index.php\/2021\/06\/15\/10-passos-para-ter-um-perfil-mais-relevante-no-linkedin\/\">10 passos para ter um perfil mais relevante no LinkedIn!<\/a> <\/p>\n\n\n\n<p><a href=\"https:\/\/univicosa.apprbs.com.br\/gruda-na-uni\" data-type=\"URL\" data-id=\"https:\/\/univicosa.apprbs.com.br\/gruda-na-uni\">Ei, voc\u00ea est\u00e1 estudando para o <strong>ENEM<\/strong>? A gente te ajuda! Tem conte\u00fado de exatas (matem\u00e1tica), humanas (portugu\u00eas), ci\u00eancias da natureza (Qu\u00edmica, Biologia), atualidades e muito mais, <strong>Gruda na Uni<\/strong> e vem! Clique aqui!<\/a><\/p>\n\n\n\n<p><a href=\"https:\/\/blog.univicosa.com.br\/index.php\/2021\/01\/20\/eu-sou-do-time-ciencias-exatas-eu-sou-univicosa\/\" data-type=\"URL\" data-id=\"https:\/\/blog.univicosa.com.br\/index.php\/2021\/01\/20\/eu-sou-do-time-ciencias-exatas-eu-sou-univicosa\/\">Eu sou do time <strong>Ci\u00eancias Exatas<\/strong>, eu sou #UNIVI\u00c7OSA<\/a><\/p>\n\n\n\n<p><a href=\"https:\/\/blog.univicosa.com.br\/index.php\/2020\/04\/29\/guia-de-organizacao-no-home-office-dicas-deixar-o-seu-ambiente-mais-produtivo\/\" data-type=\"URL\" data-id=\"https:\/\/blog.univicosa.com.br\/index.php\/2020\/04\/29\/guia-de-organizacao-no-home-office-dicas-deixar-o-seu-ambiente-mais-produtivo\/\">Guia de organiza\u00e7\u00e3o: dicas para deixar o seu <strong>ambiente de estudos<\/strong> ainda mais produtivo<\/a><\/p>\n\n\n\n<p><\/p>\n","protected":false},"excerpt":{"rendered":"<p>O in\u00edcio de tudo A arquitetura est\u00e1 presente desde o in\u00edcio do mundo. Todas as formas de habita\u00e7\u00e3o e sua evolu\u00e7\u00e3o est\u00e3o intimamente ligadas \u00e0 Arquitetura. Arquitetura \u00e9 pensar, adequar, reformular lugares e espa\u00e7os para que se tornem o mais adequado e agrad\u00e1vel para as pessoas. E estes espa\u00e7os v\u00e3o desde a moradia at\u00e9 mesmo&#8230;<\/p>\n","protected":false},"author":2,"featured_media":2254,"comment_status":"open","ping_status":"open","sticky":false,"template":"","format":"standard","meta":{"spay_email":""},"categories":[28,14],"tags":[102,103,105,108,109,90,51,110,95,106,100,107,111,52,50,104],"jetpack_featured_media_url":"https:\/\/blog.univicosa.com.br\/wp-content\/uploads\/2021\/07\/arq-urb-blog.png","jetpack_shortlink":"https:\/\/wp.me\/pbcCKk-sT","_links":{"self":[{"href":"https:\/\/blog.univicosa.com.br\/index.php\/wp-json\/wp\/v2\/posts\/1791"}],"collection":[{"href":"https:\/\/blog.univicosa.com.br\/index.php\/wp-json\/wp\/v2\/posts"}],"about":[{"href":"https:\/\/blog.univicosa.com.br\/index.php\/wp-json\/wp\/v2\/types\/post"}],"author":[{"embeddable":true,"href":"https:\/\/blog.univicosa.com.br\/index.php\/wp-json\/wp\/v2\/users\/2"}],"replies":[{"embeddable":true,"href":"https:\/\/blog.univicosa.com.br\/index.php\/wp-json\/wp\/v2\/comments?post=1791"}],"version-history":[{"count":2,"href":"https:\/\/blog.univicosa.com.br\/index.php\/wp-json\/wp\/v2\/posts\/1791\/revisions"}],"predecessor-version":[{"id":2257,"href":"https:\/\/blog.univicosa.com.br\/index.php\/wp-json\/wp\/v2\/posts\/1791\/revisions\/2257"}],"wp:featuredmedia":[{"embeddable":true,"href":"https:\/\/blog.univicosa.com.br\/index.php\/wp-json\/wp\/v2\/media\/2254"}],"wp:attachment":[{"href":"https:\/\/blog.univicosa.com.br\/index.php\/wp-json\/wp\/v2\/media?parent=1791"}],"wp:term":[{"taxonomy":"category","embeddable":true,"href":"https:\/\/blog.univicosa.com.br\/index.php\/wp-json\/wp\/v2\/categories?post=1791"},{"taxonomy":"post_tag","embeddable":true,"href":"https:\/\/blog.univicosa.com.br\/index.php\/wp-json\/wp\/v2\/tags?post=1791"}],"curies":[{"name":"wp","href":"https:\/\/api.w.org\/{rel}","templated":true}]}}