{"id":1769,"date":"2021-04-22T14:23:22","date_gmt":"2021-04-22T17:23:22","guid":{"rendered":"https:\/\/blog.univicosa.com.br\/?p=1769"},"modified":"2021-04-22T14:23:23","modified_gmt":"2021-04-22T17:23:23","slug":"entrevista-com-rafael-pacheco-lanes-ribeiro-coordenador-de-gt-do-caeduca-2021","status":"publish","type":"post","link":"https:\/\/blog.univicosa.com.br\/index.php\/2021\/04\/22\/entrevista-com-rafael-pacheco-lanes-ribeiro-coordenador-de-gt-do-caeduca-2021\/","title":{"rendered":"Entrevista com Rafael Pacheco Lanes Ribeiro \u2013 Coordenador de GT do CAEduca 2021"},"content":{"rendered":"\n<figure class=\"wp-block-image size-large\"><img data-attachment-id=\"1771\" data-permalink=\"https:\/\/blog.univicosa.com.br\/index.php\/2021\/04\/22\/entrevista-com-rafael-pacheco-lanes-ribeiro-coordenador-de-gt-do-caeduca-2021\/blog-direito-1\/\" data-orig-file=\"https:\/\/blog.univicosa.com.br\/wp-content\/uploads\/2021\/04\/blog-direito-1.png\" data-orig-size=\"1024,576\" data-comments-opened=\"1\" data-image-meta=\"{&quot;aperture&quot;:&quot;0&quot;,&quot;credit&quot;:&quot;&quot;,&quot;camera&quot;:&quot;&quot;,&quot;caption&quot;:&quot;&quot;,&quot;created_timestamp&quot;:&quot;0&quot;,&quot;copyright&quot;:&quot;&quot;,&quot;focal_length&quot;:&quot;0&quot;,&quot;iso&quot;:&quot;0&quot;,&quot;shutter_speed&quot;:&quot;0&quot;,&quot;title&quot;:&quot;&quot;,&quot;orientation&quot;:&quot;0&quot;}\" data-image-title=\"blog-direito-1\" data-image-description=\"\" data-medium-file=\"https:\/\/blog.univicosa.com.br\/wp-content\/uploads\/2021\/04\/blog-direito-1-300x169.png\" data-large-file=\"https:\/\/blog.univicosa.com.br\/wp-content\/uploads\/2021\/04\/blog-direito-1.png\" loading=\"lazy\" width=\"1024\" height=\"576\" src=\"https:\/\/blog.univicosa.com.br\/wp-content\/uploads\/2021\/04\/blog-direito-1.png\" alt=\"\" class=\"wp-image-1771\" srcset=\"https:\/\/blog.univicosa.com.br\/wp-content\/uploads\/2021\/04\/blog-direito-1.png 1024w, https:\/\/blog.univicosa.com.br\/wp-content\/uploads\/2021\/04\/blog-direito-1-300x169.png 300w, https:\/\/blog.univicosa.com.br\/wp-content\/uploads\/2021\/04\/blog-direito-1-768x432.png 768w, https:\/\/blog.univicosa.com.br\/wp-content\/uploads\/2021\/04\/blog-direito-1-850x478.png 850w\" sizes=\"(max-width: 1024px) 100vw, 1024px\" \/><figcaption>Entenda mais sobre o GT e o CAEduca <\/figcaption><\/figure>\n\n\n\n<p><strong>Rafael Pacheco Lanes Ribeiro\u00a0<\/strong>\u00e9 Doutorando em Educa\u00e7\u00e3o pela Universidade Cat\u00f3lica de Petr\u00f3polis (UCP), Mestre em Direito pela Universidade Cat\u00f3lica de Petr\u00f3polis (UCP), com \u00e1rea de concentra\u00e7\u00e3o em Processo, Efetiva\u00e7\u00e3o da Justi\u00e7a e Direitos Humanos , pesquisador com \u00eanfase em pesquisas emp\u00edricas (qualitativas e quantitativas) em Direito. <\/p>\n\n\n\n<p>Especializado em Direito Processual pelo departamento de Direito da Universidade Federal de Juiz de Fora (UFJF). Capacitado em doc\u00eancia e gest\u00e3o de cursos em ensino \u00e0 dist\u00e2ncia (EAD) pela Universidade Federal de Vi\u00e7osa (UFV). <\/p>\n\n\n\n<p>Graduado em Direito pelo Instituto Vianna Junior (IVJ), localizado na cidade de Juiz de Fora\/MG. Coordenador do curso de Direito do Centro Universit\u00e1rio de Vi\u00e7osa \u2013 UNIVI\u00c7OSA, Coordenador do escrit\u00f3rio escola (SEAJUG) e Supervisor de est\u00e1gio acad\u00eamico e Supervisor do Posto de Atendimento Pr\u00e9-processual (PAPRE) da mesma institui\u00e7\u00e3o, professor de cursos de gradua\u00e7\u00e3o e p\u00f3s-gradua\u00e7\u00e3o latu sensu em Direito Centro Universit\u00e1rio de Vi\u00e7osa \u2013 UNIVI\u00c7OSA, Editor-chefe do peri\u00f3dico UNIJuris \u2013 Revista jur\u00eddica eletr\u00f4nica do Centro Universit\u00e1rio de Vi\u00e7osa, Advogado aut\u00f4nomo atuante nas \u00e1reas de Direito Empresarial e Direito M\u00e9dico com \u00eanfase no Direito Privado.<\/p>\n\n\n\n<p>Autor do Livro: \u201cJudicializa\u00e7\u00e3o da Sa\u00fade Suplementar: um estudo de caso\u201d, publicado pela editora \u00c1gora21. Membro da Comiss\u00e3o de Educa\u00e7\u00e3o Jur\u00eddica da OAB Minas Gerais. Professor de Direito e Coordenador do Curso de Direito da Univi\u00e7osa.. \u00c9 tamb\u00e9m Coordenador do&nbsp;<strong>GT TEORIAS E PESQUISAS EMP\u00cdRICAS&nbsp;<\/strong>do<strong>&nbsp;CAEduca 2021.<\/strong><\/p>\n\n\n\n<p><strong>1) Voc\u00ea foi selecionada para coordenar um dos Grupos de Trabalho do CAEduca. Nos conte um pouco como foi a sua trajet\u00f3ria acad\u00eamica at\u00e9 esta sele\u00e7\u00e3o.<\/strong><\/p>\n\n\n\n<p>Foi um prazer muito grade ter sido selecionado, venho h\u00e1 alguns anos me dedicando exclusivamente \u00e0 vida acad\u00eamica e \u00e9 muito prazeroso fazer parte de um evento como este. J\u00e1 conhe\u00e7o o CAEDUCA h\u00e1 algum tempo e no ano passado tamb\u00e9m participei como coordenador de GT, bem como j\u00e1 participei de edi\u00e7\u00f5es anteriores do CAED-Jus publicando alguns artigos.<\/p>\n\n\n\n<p><strong>2) O que mais lhe chamou aten\u00e7\u00e3o no CAEduca?<\/strong><\/p>\n\n\n\n<p>A possibilidade de interagir de maneira aprofundada e t\u00e3o pr\u00f3xima com pessoas de v\u00e1rios lugares do mundo sem sair de casa. Isso \u00e9 genial, e a qualidade dos trabalhos \u00e9 espl\u00eandida.<\/p>\n\n\n\n<p><strong>3) A tem\u00e1tica do seu GT \u00e9 fundamental para pensar a educa\u00e7\u00e3o de maneira interdisciplinar. O que voc\u00ea concebe como principal desafio da tem\u00e1tica?<\/strong><\/p>\n\n\n\n<p>O principal desafio \u00e9 traduzir em n\u00fameros a educa\u00e7\u00e3o ou algum ramo dela. Assim podemos apresentar dados consistentes e de certa maneira irrefut\u00e1veis. Quando digo irrefut\u00e1veis, falo no sentido de que, para rebater uma pesquisa emp\u00edrica, \u00e9 necess\u00e1ria uma outra pesquisa emp\u00edrica, e n\u00e3o apenas argumenta\u00e7\u00e3o.<\/p>\n\n\n\n<p><strong>4) Bom, outros pessoas v\u00e3o se espelhar em voc\u00ea para participarem das pr\u00f3ximas iniciativas do CAEduca. Que dica final voc\u00ea daria para que possam produzir textos de qualidade e inovadores<\/strong><\/p>\n\n\n\n<p>Isso \u00e9 muito importante, a principal dica que possa dar \u00e9 de nunca desistir, sempre pensar fora da caixa e ter um olhar macro. Desta maneira as pessoas que pretendem enveredar pelo mundo acad\u00eamico nunca estar\u00e3o conformadas e pensar\u00e3o diferente, produzindo de maneira diferente e consequentemente inovando e aprimorando o conhecimento.<\/p>\n\n\n\n<p>Gostou da entrevista? N\u00e3o esque\u00e7a de comentar e compartilhar.<\/p>\n\n\n\n<p>Para mais informa\u00e7\u00f5es sobre o&nbsp;<strong>CAEduca<\/strong>&nbsp;e se cadastrar para novidades, visite o site&nbsp;<a href=\"http:\/\/www.caedjus.com\/\">www.caeduca.com<\/a><\/p>\n","protected":false},"excerpt":{"rendered":"<p>Rafael Pacheco Lanes Ribeiro\u00a0\u00e9 Doutorando em Educa\u00e7\u00e3o pela Universidade Cat\u00f3lica de Petr\u00f3polis (UCP), Mestre em Direito pela Universidade Cat\u00f3lica de Petr\u00f3polis (UCP), com \u00e1rea de concentra\u00e7\u00e3o em Processo, Efetiva\u00e7\u00e3o da Justi\u00e7a e Direitos Humanos , pesquisador com \u00eanfase em pesquisas emp\u00edricas (qualitativas e quantitativas) em Direito. Especializado em Direito Processual pelo departamento de Direito da&#8230;<\/p>\n","protected":false},"author":2,"featured_media":1770,"comment_status":"open","ping_status":"open","sticky":false,"template":"","format":"standard","meta":{"spay_email":""},"categories":[22,35,15],"tags":[76,75,82,77,78,80,81,79],"jetpack_featured_media_url":"https:\/\/blog.univicosa.com.br\/wp-content\/uploads\/2021\/04\/blog-direito.png","jetpack_shortlink":"https:\/\/wp.me\/pbcCKk-sx","_links":{"self":[{"href":"https:\/\/blog.univicosa.com.br\/index.php\/wp-json\/wp\/v2\/posts\/1769"}],"collection":[{"href":"https:\/\/blog.univicosa.com.br\/index.php\/wp-json\/wp\/v2\/posts"}],"about":[{"href":"https:\/\/blog.univicosa.com.br\/index.php\/wp-json\/wp\/v2\/types\/post"}],"author":[{"embeddable":true,"href":"https:\/\/blog.univicosa.com.br\/index.php\/wp-json\/wp\/v2\/users\/2"}],"replies":[{"embeddable":true,"href":"https:\/\/blog.univicosa.com.br\/index.php\/wp-json\/wp\/v2\/comments?post=1769"}],"version-history":[{"count":1,"href":"https:\/\/blog.univicosa.com.br\/index.php\/wp-json\/wp\/v2\/posts\/1769\/revisions"}],"predecessor-version":[{"id":1772,"href":"https:\/\/blog.univicosa.com.br\/index.php\/wp-json\/wp\/v2\/posts\/1769\/revisions\/1772"}],"wp:featuredmedia":[{"embeddable":true,"href":"https:\/\/blog.univicosa.com.br\/index.php\/wp-json\/wp\/v2\/media\/1770"}],"wp:attachment":[{"href":"https:\/\/blog.univicosa.com.br\/index.php\/wp-json\/wp\/v2\/media?parent=1769"}],"wp:term":[{"taxonomy":"category","embeddable":true,"href":"https:\/\/blog.univicosa.com.br\/index.php\/wp-json\/wp\/v2\/categories?post=1769"},{"taxonomy":"post_tag","embeddable":true,"href":"https:\/\/blog.univicosa.com.br\/index.php\/wp-json\/wp\/v2\/tags?post=1769"}],"curies":[{"name":"wp","href":"https:\/\/api.w.org\/{rel}","templated":true}]}}