{"id":1736,"date":"2021-03-31T16:01:27","date_gmt":"2021-03-31T19:01:27","guid":{"rendered":"https:\/\/blog.univicosa.com.br\/?p=1736"},"modified":"2021-03-31T16:01:27","modified_gmt":"2021-03-31T19:01:27","slug":"o-periodo-da-pandemia-e-favoravel-para-iniciar-o-proprio-negocio-ou-nao-e-o-momento-de-correr-riscos","status":"publish","type":"post","link":"https:\/\/blog.univicosa.com.br\/index.php\/2021\/03\/31\/o-periodo-da-pandemia-e-favoravel-para-iniciar-o-proprio-negocio-ou-nao-e-o-momento-de-correr-riscos\/","title":{"rendered":"O per\u00edodo da pandemia \u00e9 favor\u00e1vel para iniciar o pr\u00f3prio neg\u00f3cio ou n\u00e3o \u00e9 o momento de correr riscos?"},"content":{"rendered":"\n<p><sup>Por Guilherme Castanheira Magalh\u00e3es<\/sup><\/p>\n\n\n\n<p>Essa \u00e9 uma das grandes d\u00favidas de algumas pessoas que pensam em ter o pr\u00f3prio neg\u00f3cio. Os per\u00edodos de crise acabam prorrogando o sonho de alguns empreendedores, pois, de forma equivocada, acham que neg\u00f3cios s\u00e3o implantados somente quando a economia est\u00e1 em crescimento.<\/p>\n\n\n\n<p>Independente das condi\u00e7\u00f5es econ\u00f4micas \u00e9 necess\u00e1rio analisar o mercado com o objetivo de conhecer as tend\u00eancias. Isso implica tamb\u00e9m em compreender e analisar a realidade para que possam ser detectadas as oportunidades de neg\u00f3cio.<\/p>\n\n\n\n<p>Devemos considerar tamb\u00e9m que, em tempos de crise as empresas passam por momentos de dificuldades com v\u00e1rios desafios para a gest\u00e3o dos neg\u00f3cios. S\u00e3o necess\u00e1rias reestrutura\u00e7\u00f5es com objetivo de readaptar o neg\u00f3cio ao novo cen\u00e1rio. Algumas empresas chegam a alterar o foco do seu empreendimento com intuito de sobreviver \u00e0 crise e outras conseguem, at\u00e9 mesmo, expandir suas atividades. Portanto, n\u00e3o h\u00e1 falta de oportunidades nos momentos de crise e nem podemos dizer que n\u00e3o \u00e9 hora de correr riscos.<\/p>\n\n\n\n<p>Entender os comportamentos dos consumidores e compreender que a transforma\u00e7\u00e3o digital continuar\u00e1 acontecendo, s\u00e3o fatores importantes para uma boa avalia\u00e7\u00e3o do mercado neste momento de pandemia. Muitas empresas fecharam as portas e outras ainda encerraram as suas atividades, mas lembre-se, isso n\u00e3o significa que na pandemia n\u00e3o \u00e9 o momento de abrir novos neg\u00f3cios.<\/p>\n\n\n\n<p>Uma das tend\u00eancias para 2021 \u00e9 o crescimento da utiliza\u00e7\u00e3o de ferramentas digitais, tanto pelas pequenas quanto as grandes empresas. N\u00e3o s\u00f3 como uma estrat\u00e9gia de comercializa\u00e7\u00e3o, mas para gerar facilidades de acesso aos clientes e outros aspectos na gest\u00e3o das empresas.<\/p>\n\n\n\n<div class=\"wp-block-image\"><figure class=\"aligncenter size-large is-resized\"><img data-attachment-id=\"1737\" data-permalink=\"https:\/\/blog.univicosa.com.br\/index.php\/2021\/03\/31\/o-periodo-da-pandemia-e-favoravel-para-iniciar-o-proprio-negocio-ou-nao-e-o-momento-de-correr-riscos\/ess\/\" data-orig-file=\"https:\/\/blog.univicosa.com.br\/wp-content\/uploads\/2021\/03\/ess.jpg\" data-orig-size=\"626,626\" data-comments-opened=\"1\" data-image-meta=\"{&quot;aperture&quot;:&quot;0&quot;,&quot;credit&quot;:&quot;&quot;,&quot;camera&quot;:&quot;&quot;,&quot;caption&quot;:&quot;&quot;,&quot;created_timestamp&quot;:&quot;0&quot;,&quot;copyright&quot;:&quot;&quot;,&quot;focal_length&quot;:&quot;0&quot;,&quot;iso&quot;:&quot;0&quot;,&quot;shutter_speed&quot;:&quot;0&quot;,&quot;title&quot;:&quot;&quot;,&quot;orientation&quot;:&quot;0&quot;}\" data-image-title=\"ess\" data-image-description=\"\" data-medium-file=\"https:\/\/blog.univicosa.com.br\/wp-content\/uploads\/2021\/03\/ess-300x300.jpg\" data-large-file=\"https:\/\/blog.univicosa.com.br\/wp-content\/uploads\/2021\/03\/ess.jpg\" loading=\"lazy\" src=\"https:\/\/blog.univicosa.com.br\/wp-content\/uploads\/2021\/03\/ess.jpg\" alt=\"\" class=\"wp-image-1737\" width=\"461\" height=\"461\" srcset=\"https:\/\/blog.univicosa.com.br\/wp-content\/uploads\/2021\/03\/ess.jpg 626w, https:\/\/blog.univicosa.com.br\/wp-content\/uploads\/2021\/03\/ess-300x300.jpg 300w, https:\/\/blog.univicosa.com.br\/wp-content\/uploads\/2021\/03\/ess-150x150.jpg 150w\" sizes=\"(max-width: 461px) 100vw, 461px\" \/><\/figure><\/div>\n\n\n\n<p>Muitas not\u00edcias publicadas na internet mostram que o <em>e-commerce<\/em> teve um crescimento significativo em 2020, ocasionado pelo fechamento das empresas como medida para conter o avan\u00e7o do Coronav\u00edrus. \u00c9 importante salientar tamb\u00e9m que muitas pessoas geraram seu pr\u00f3prio trabalho por meio da cria\u00e7\u00e3o e gerenciamento de um <em>e-commerce<\/em>. Motivos variados levaram a esta a\u00e7\u00e3o empreendedora, como por exemplo, a perda do emprego e o f\u00e1cil acesso \u00e0s novas tecnologias que viabilizam a cria\u00e7\u00e3o de plataformas e hospedagem de sites.<\/p>\n\n\n\n<p>Segundo dados do Minist\u00e9rio da Economia, publicados no jornal Estad\u00e3o, foram abertos mais de<strong> <\/strong><strong>782 mil neg\u00f3cios<\/strong><strong> <\/strong>no pa\u00eds entre maio e agosto de 2020. Este volume \u00e9 <strong>6% maior<\/strong><strong> <\/strong>do que o registrado no primeiro quadrimestre de 2020, e a principal explica\u00e7\u00e3o apontada \u00e9 a determina\u00e7\u00e3o do brasileiro em empreender diante de uma situa\u00e7\u00e3o de recess\u00e3o e desemprego.<\/p>\n\n\n\n<p>Continuando com o pensamento de que toda crise tem suas oportunidades, destaco dois neg\u00f3cios que expandiram durante a pandemia.<\/p>\n\n\n\n<p>I- Os clubes de assinaturas, a chamada economia de recorr\u00eancia, continua sendo uma tend\u00eancia global e em 2021 promete ser um ano bastante favor\u00e1vel aos neg\u00f3cios que usam o modelo de assinatura. Segundo dados do Betalabs, que foram publicados no site Valor Investe, o mercado de clubes de assinatura no Brasil cresceu 10% at\u00e9 setembro e tinha expectativa de fechar 2020 com 12% de expans\u00e3o. Os tr\u00eas segmentos com maior destaque foram livros (27%), bebidas (18%) e alimentos (17%).<\/p>\n\n\n\n<p>II- O mercado imobili\u00e1rio tamb\u00e9m apresentou um grande crescimento neste per\u00edodo de pandemia. Segundo dados da C\u00e2mara Brasileira da Ind\u00fastria da Constru\u00e7\u00e3o (CBIC), que foram publicados na Gazeta do Povo, houve um crescimento de 8,4% na venda de apartamentos. Esta mesma publica\u00e7\u00e3o mostrou tamb\u00e9m dados da Associa\u00e7\u00e3o Brasileira das Entidades de Cr\u00e9dito Imobili\u00e1rio e Poupan\u00e7a (Abecip), que confirmam um crescimento de 70,1% nos financiamentos imobili\u00e1rios em setembro de 2020, em compara\u00e7\u00e3o com o mesmo m\u00eas de 2019. Esses dados podem sugerir que imobili\u00e1ria pode ser uma boa oportunidade de neg\u00f3cio. Mas lembre-se, \u00e9 necess\u00e1rio tamb\u00e9m estudar o mercado local, ou seja, a cidade onde pretende abrir este tipo empreendimento.<\/p>\n\n\n\n<p>Para finalizar gostaria de comentar que, independente do seu sonho ou da oportunidade de neg\u00f3cio detectada, s\u00e3o necess\u00e1rios o autoconhecimento e a descoberta dos nossos pontos fortes e fracos em rela\u00e7\u00e3o ao perfil empreendedor de sucesso sugerido pela Organiza\u00e7\u00e3o das Na\u00e7\u00f5es Unidas &#8211; ONU. \u00c9 preciso tamb\u00e9m buscar o desenvolvimento das habilidades empreendedoras, j\u00e1 que todos n\u00f3s temos este potencial e basta acreditar e colocar \u201cpara fora\u201d esta for\u00e7a empreendedora adormecida dentro de cada um. PENSE NISSO!!!<\/p>\n","protected":false},"excerpt":{"rendered":"<p>Por Guilherme Castanheira Magalh\u00e3es Essa \u00e9 uma das grandes d\u00favidas de algumas pessoas que pensam em ter o pr\u00f3prio neg\u00f3cio. Os per\u00edodos de crise acabam prorrogando o sonho de alguns empreendedores, pois, de forma equivocada, acham que neg\u00f3cios s\u00e3o implantados somente quando a economia est\u00e1 em crescimento. Independente das condi\u00e7\u00f5es econ\u00f4micas \u00e9 necess\u00e1rio analisar o&#8230;<\/p>\n","protected":false},"author":2,"featured_media":1738,"comment_status":"open","ping_status":"open","sticky":false,"template":"","format":"standard","meta":{"spay_email":""},"categories":[1],"tags":[],"jetpack_featured_media_url":"https:\/\/blog.univicosa.com.br\/wp-content\/uploads\/2021\/03\/Copia-de-ORIENTACAO-2.png","jetpack_shortlink":"https:\/\/wp.me\/pbcCKk-s0","_links":{"self":[{"href":"https:\/\/blog.univicosa.com.br\/index.php\/wp-json\/wp\/v2\/posts\/1736"}],"collection":[{"href":"https:\/\/blog.univicosa.com.br\/index.php\/wp-json\/wp\/v2\/posts"}],"about":[{"href":"https:\/\/blog.univicosa.com.br\/index.php\/wp-json\/wp\/v2\/types\/post"}],"author":[{"embeddable":true,"href":"https:\/\/blog.univicosa.com.br\/index.php\/wp-json\/wp\/v2\/users\/2"}],"replies":[{"embeddable":true,"href":"https:\/\/blog.univicosa.com.br\/index.php\/wp-json\/wp\/v2\/comments?post=1736"}],"version-history":[{"count":1,"href":"https:\/\/blog.univicosa.com.br\/index.php\/wp-json\/wp\/v2\/posts\/1736\/revisions"}],"predecessor-version":[{"id":1739,"href":"https:\/\/blog.univicosa.com.br\/index.php\/wp-json\/wp\/v2\/posts\/1736\/revisions\/1739"}],"wp:featuredmedia":[{"embeddable":true,"href":"https:\/\/blog.univicosa.com.br\/index.php\/wp-json\/wp\/v2\/media\/1738"}],"wp:attachment":[{"href":"https:\/\/blog.univicosa.com.br\/index.php\/wp-json\/wp\/v2\/media?parent=1736"}],"wp:term":[{"taxonomy":"category","embeddable":true,"href":"https:\/\/blog.univicosa.com.br\/index.php\/wp-json\/wp\/v2\/categories?post=1736"},{"taxonomy":"post_tag","embeddable":true,"href":"https:\/\/blog.univicosa.com.br\/index.php\/wp-json\/wp\/v2\/tags?post=1736"}],"curies":[{"name":"wp","href":"https:\/\/api.w.org\/{rel}","templated":true}]}}