{"id":1731,"date":"2021-03-29T16:58:35","date_gmt":"2021-03-29T19:58:35","guid":{"rendered":"https:\/\/blog.univicosa.com.br\/?p=1731"},"modified":"2021-03-29T16:58:35","modified_gmt":"2021-03-29T19:58:35","slug":"o-papel-do-fisioterapeuta-nas-diferentes-fases-da-covid-19","status":"publish","type":"post","link":"https:\/\/blog.univicosa.com.br\/index.php\/2021\/03\/29\/o-papel-do-fisioterapeuta-nas-diferentes-fases-da-covid-19\/","title":{"rendered":"O papel do Fisioterapeuta nas diferentes fases da COVID-19"},"content":{"rendered":"\n<p>A pandemia causada pelo novo coronav\u00edrus tem como sintomatologia principal a s\u00edndrome respirat\u00f3ria aguda que pode causar nos pacientes desde sintomas leves at\u00e9 condi\u00e7\u00f5es mais graves. Apesar destes serem os mais prevalentes, outros sintomas devem ser evidenciados, tais como dist\u00farbios neurol\u00f3gicos, gastrointestinais e musculoesquel\u00e9ticos.<\/p>\n\n\n\n<p>Tem-se observado que os casos que evoluem para interna\u00e7\u00e3o em UTI e necessitam de ventila\u00e7\u00e3o mec\u00e2nica na fase aguda podem apresentar como efeitos colaterais a chamada s\u00edndrome p\u00f3s-cuidados intensivos. Esta pode acometer pessoas de todas as idades e \u00e9 caracterizada por incapacidade prolongada que pode vir associada com disfun\u00e7\u00e3o muscular (fraqueza e encurtamentos), fadiga, dor e dispneia (falta de ar). A imobilidade durante uma interna\u00e7\u00e3o prolongada poder\u00e1 trazer tamb\u00e9m altera\u00e7\u00f5es cardiorrespirat\u00f3rias, altera\u00e7\u00e3o postural, tromboembolismo, contraturas e \u00falceras por press\u00e3o, dentre outros.<\/p>\n\n\n\n<p>Considerando-se todos estes poss\u00edveis sintomas, \u00e9 muito importante que o profissional fisioterapeuta esteja presente dentro da equipe de cuidados intensivos para agir ainda no ambiente hospitalar e possibilitar uma recupera\u00e7\u00e3o funcional mais r\u00e1pida e consequentemente, antecipando sua alta.<\/p>\n\n\n\n<figure class=\"wp-block-image size-large\"><img data-attachment-id=\"1732\" data-permalink=\"https:\/\/blog.univicosa.com.br\/index.php\/2021\/03\/29\/o-papel-do-fisioterapeuta-nas-diferentes-fases-da-covid-19\/foto-breno-esaki-agencia-saude-4-1-1-960x540-1\/\" data-orig-file=\"https:\/\/blog.univicosa.com.br\/wp-content\/uploads\/2021\/03\/FOTO-BRENO-ESAKI-AGENCIA-SAUDE-4-1-1-960x540-1.jpg\" data-orig-size=\"960,540\" data-comments-opened=\"1\" data-image-meta=\"{&quot;aperture&quot;:&quot;2.5&quot;,&quot;credit&quot;:&quot;Breno Esaki&quot;,&quot;camera&quot;:&quot;Canon EOS 6D&quot;,&quot;caption&quot;:&quot;&quot;,&quot;created_timestamp&quot;:&quot;1591697341&quot;,&quot;copyright&quot;:&quot;Breno Esaki&quot;,&quot;focal_length&quot;:&quot;50&quot;,&quot;iso&quot;:&quot;1600&quot;,&quot;shutter_speed&quot;:&quot;0.01&quot;,&quot;title&quot;:&quot;&quot;,&quot;orientation&quot;:&quot;1&quot;}\" data-image-title=\"FOTO-BRENO-ESAKI-AGENCIA-SAUDE-4-1-1-960&#215;540-1\" data-image-description=\"\" data-medium-file=\"https:\/\/blog.univicosa.com.br\/wp-content\/uploads\/2021\/03\/FOTO-BRENO-ESAKI-AGENCIA-SAUDE-4-1-1-960x540-1-300x169.jpg\" data-large-file=\"https:\/\/blog.univicosa.com.br\/wp-content\/uploads\/2021\/03\/FOTO-BRENO-ESAKI-AGENCIA-SAUDE-4-1-1-960x540-1.jpg\" loading=\"lazy\" width=\"960\" height=\"540\" src=\"https:\/\/blog.univicosa.com.br\/wp-content\/uploads\/2021\/03\/FOTO-BRENO-ESAKI-AGENCIA-SAUDE-4-1-1-960x540-1.jpg\" alt=\"\" class=\"wp-image-1732\" srcset=\"https:\/\/blog.univicosa.com.br\/wp-content\/uploads\/2021\/03\/FOTO-BRENO-ESAKI-AGENCIA-SAUDE-4-1-1-960x540-1.jpg 960w, https:\/\/blog.univicosa.com.br\/wp-content\/uploads\/2021\/03\/FOTO-BRENO-ESAKI-AGENCIA-SAUDE-4-1-1-960x540-1-300x169.jpg 300w, https:\/\/blog.univicosa.com.br\/wp-content\/uploads\/2021\/03\/FOTO-BRENO-ESAKI-AGENCIA-SAUDE-4-1-1-960x540-1-768x432.jpg 768w, https:\/\/blog.univicosa.com.br\/wp-content\/uploads\/2021\/03\/FOTO-BRENO-ESAKI-AGENCIA-SAUDE-4-1-1-960x540-1-850x478.jpg 850w\" sizes=\"(max-width: 960px) 100vw, 960px\" \/><\/figure>\n\n\n\n<p>Al\u00e9m do papel fundamental de assist\u00eancia nos cuidados do sistema respirat\u00f3rio, com t\u00e9cnicas espec\u00edficas ventilat\u00f3rias e de higiene br\u00f4nquica, somadas ao controle dos melhores par\u00e2metros do ventilador mec\u00e2nico, sua atua\u00e7\u00e3o se estende para o sistema musculoesquel\u00e9tico, realizando exerc\u00edcios funcionais, mobiliza\u00e7\u00f5es articulares e mudan\u00e7as de posi\u00e7\u00f5es no leito que ir\u00e3o reduzir os d\u00e9ficits decorrentes de uma imobiliza\u00e7\u00e3o prolongada.<\/p>\n\n\n\n<p>Mesmo nos pacientes que n\u00e3o desenvolvem sintomas graves que necessitam de terapia intensiva a COVID-19 pode causar consequ\u00eancias duradouras. Desta forma, a reabilita\u00e7\u00e3o fisioter\u00e1pica muitas vezes se faz necess\u00e1ria quando disfun\u00e7\u00f5es musculoesquel\u00e9ticas persistem ap\u00f3s a recupera\u00e7\u00e3o da doen\u00e7a.<\/p>\n\n\n\n<p>Nestes casos, o fisioterapeuta muitas vezes se v\u00ea limitado de atender estes pacientes devido \u00e0s medidas de isolamento social que acabam por se tornarem uma condi\u00e7\u00e3o necess\u00e1ria mas agravante para a continuidade da inatividade f\u00edsica e o sedentarismo que muitas das vezes a pessoa j\u00e1 possu\u00eda antes da doen\u00e7a.<\/p>\n\n\n\n<p>Com o objetivo de diminuir tais impactos, os conselhos profissionais da fisioterapia no Brasil liberaram os servi\u00e7os de teleconsultas e telemonitoramento como recurso para permitir o monitoramento das atividades e aten\u00e7\u00e3o n\u00e3o s\u00f3 para os pacientes p\u00f3s COVID mas aos que possuem qualquer patologia com limita\u00e7\u00e3o de suas habilidades funcionais e necessitam de interven\u00e7\u00e3o cl\u00ednica.<\/p>\n\n\n\n<p>Nesse sentido, estes profissionais da reabilita\u00e7\u00e3o t\u00eam um papel fundamental neste per\u00edodo de isolamento, ajudando a otimizar a independ\u00eancia funcional e melhorar a qualidade de vida de seus pacientes.<\/p>\n\n\n\n<p>A necessidade de promover o retorno \u00e0 plena funcionalidade de pacientes curados da COVID-19, bem como a recupera\u00e7\u00e3o f\u00edsica da popula\u00e7\u00e3o em isolamento, prometem ser demandas crescentes daqui para frente, que ir\u00e3o reconhecer ainda mais o papel do profissional fisioterapeuta que atuam dentro e fora do ambiente hospitalar que estejam dispostos a se capacitarem e desempenharem com motiva\u00e7\u00e3o e empatia a melhor reabilita\u00e7\u00e3o dos pacientes que surgir\u00e3o nos servi\u00e7os de sa\u00fade p\u00f3s pandemia do coronav\u00edrus.<\/p>\n\n\n\n<p><\/p>\n\n\n\n<p><\/p>\n\n\n\n<p><\/p>\n","protected":false},"excerpt":{"rendered":"<p>A pandemia causada pelo novo coronav\u00edrus tem como sintomatologia principal a s\u00edndrome respirat\u00f3ria aguda que pode causar nos pacientes desde sintomas leves at\u00e9 condi\u00e7\u00f5es mais graves. Apesar destes serem os mais prevalentes, outros sintomas devem ser evidenciados, tais como dist\u00farbios neurol\u00f3gicos, gastrointestinais e musculoesquel\u00e9ticos. Tem-se observado que os casos que evoluem para interna\u00e7\u00e3o em UTI&#8230;<\/p>\n","protected":false},"author":2,"featured_media":1733,"comment_status":"open","ping_status":"open","sticky":false,"template":"","format":"standard","meta":{"spay_email":""},"categories":[1],"tags":[],"jetpack_featured_media_url":"https:\/\/blog.univicosa.com.br\/wp-content\/uploads\/2021\/03\/Copia-de-ORIENTACAO-1.png","jetpack_shortlink":"https:\/\/wp.me\/pbcCKk-rV","_links":{"self":[{"href":"https:\/\/blog.univicosa.com.br\/index.php\/wp-json\/wp\/v2\/posts\/1731"}],"collection":[{"href":"https:\/\/blog.univicosa.com.br\/index.php\/wp-json\/wp\/v2\/posts"}],"about":[{"href":"https:\/\/blog.univicosa.com.br\/index.php\/wp-json\/wp\/v2\/types\/post"}],"author":[{"embeddable":true,"href":"https:\/\/blog.univicosa.com.br\/index.php\/wp-json\/wp\/v2\/users\/2"}],"replies":[{"embeddable":true,"href":"https:\/\/blog.univicosa.com.br\/index.php\/wp-json\/wp\/v2\/comments?post=1731"}],"version-history":[{"count":1,"href":"https:\/\/blog.univicosa.com.br\/index.php\/wp-json\/wp\/v2\/posts\/1731\/revisions"}],"predecessor-version":[{"id":1734,"href":"https:\/\/blog.univicosa.com.br\/index.php\/wp-json\/wp\/v2\/posts\/1731\/revisions\/1734"}],"wp:featuredmedia":[{"embeddable":true,"href":"https:\/\/blog.univicosa.com.br\/index.php\/wp-json\/wp\/v2\/media\/1733"}],"wp:attachment":[{"href":"https:\/\/blog.univicosa.com.br\/index.php\/wp-json\/wp\/v2\/media?parent=1731"}],"wp:term":[{"taxonomy":"category","embeddable":true,"href":"https:\/\/blog.univicosa.com.br\/index.php\/wp-json\/wp\/v2\/categories?post=1731"},{"taxonomy":"post_tag","embeddable":true,"href":"https:\/\/blog.univicosa.com.br\/index.php\/wp-json\/wp\/v2\/tags?post=1731"}],"curies":[{"name":"wp","href":"https:\/\/api.w.org\/{rel}","templated":true}]}}