{"id":1614,"date":"2021-01-07T16:00:05","date_gmt":"2021-01-07T19:00:05","guid":{"rendered":"https:\/\/blog.univicosa.com.br\/?p=1614"},"modified":"2021-01-14T11:54:07","modified_gmt":"2021-01-14T14:54:07","slug":"a-familia-uniloverfisio-esta-esperando-por-voce","status":"publish","type":"post","link":"https:\/\/blog.univicosa.com.br\/index.php\/2021\/01\/07\/a-familia-uniloverfisio-esta-esperando-por-voce\/","title":{"rendered":"A Fam\u00edlia #UniloverFisio est\u00e1 esperando por voc\u00ea"},"content":{"rendered":"\n<p>Tawan Vieira &#8211; estudante do 10\u00ba per\u00edodo do curso de Fisioterapia da UNIVI\u00c7OSA. <\/p>\n\n\n\n<figure class=\"wp-block-image size-large\"><img data-attachment-id=\"1615\" data-permalink=\"https:\/\/blog.univicosa.com.br\/index.php\/2021\/01\/07\/a-familia-uniloverfisio-esta-esperando-por-voce\/attachment\/3920141\/\" data-orig-file=\"https:\/\/blog.univicosa.com.br\/wp-content\/uploads\/2021\/01\/3920141.jpg\" data-orig-size=\"2000,2000\" data-comments-opened=\"1\" data-image-meta=\"{&quot;aperture&quot;:&quot;0&quot;,&quot;credit&quot;:&quot;&quot;,&quot;camera&quot;:&quot;&quot;,&quot;caption&quot;:&quot;&quot;,&quot;created_timestamp&quot;:&quot;0&quot;,&quot;copyright&quot;:&quot;&quot;,&quot;focal_length&quot;:&quot;0&quot;,&quot;iso&quot;:&quot;0&quot;,&quot;shutter_speed&quot;:&quot;0&quot;,&quot;title&quot;:&quot;&quot;,&quot;orientation&quot;:&quot;1&quot;}\" data-image-title=\"3920141\" data-image-description=\"\" data-medium-file=\"https:\/\/blog.univicosa.com.br\/wp-content\/uploads\/2021\/01\/3920141-300x300.jpg\" data-large-file=\"https:\/\/blog.univicosa.com.br\/wp-content\/uploads\/2021\/01\/3920141-1024x1024.jpg\" loading=\"lazy\" width=\"1024\" height=\"1024\" src=\"https:\/\/blog.univicosa.com.br\/wp-content\/uploads\/2021\/01\/3920141-1024x1024.jpg\" alt=\"\" class=\"wp-image-1615\" srcset=\"https:\/\/blog.univicosa.com.br\/wp-content\/uploads\/2021\/01\/3920141-1024x1024.jpg 1024w, https:\/\/blog.univicosa.com.br\/wp-content\/uploads\/2021\/01\/3920141-300x300.jpg 300w, https:\/\/blog.univicosa.com.br\/wp-content\/uploads\/2021\/01\/3920141-150x150.jpg 150w, https:\/\/blog.univicosa.com.br\/wp-content\/uploads\/2021\/01\/3920141-768x768.jpg 768w, https:\/\/blog.univicosa.com.br\/wp-content\/uploads\/2021\/01\/3920141-1536x1536.jpg 1536w, https:\/\/blog.univicosa.com.br\/wp-content\/uploads\/2021\/01\/3920141-850x850.jpg 850w, https:\/\/blog.univicosa.com.br\/wp-content\/uploads\/2021\/01\/3920141.jpg 2000w\" sizes=\"(max-width: 1024px) 100vw, 1024px\" \/><\/figure>\n\n\n\n<p>&#8220;Queridos calouros do curso de Fisioterapia e alunos dos per\u00edodos iniciais. Deixo aqui alguns conselhos e dicas importantes de um veterano do d\u00e9cimo per\u00edodo: levem o curso a s\u00e9rio, estudem, se dediquem, deem sempre o seu melhor! Valorizem os professores &#8211; absorvam ao m\u00e1ximo todo o conhecimento passado por eles. <strong>A gradua\u00e7\u00e3o \u00e9 um caminho \u00e1rduo e cheio de dificuldades, mas nunca desistam dos seus sonhos<\/strong>. Fa\u00e7a amigos e aproveite cada momento, sempre com muita empatia pelo pr\u00f3ximo, afinal, nossa profiss\u00e3o \u00e9 extremamente linda e necess\u00e1ria. Valorizem a Gestora Silvia que sempre nos acolhe e nos ajuda de tantas formas. Aqui, somos uma Fam\u00edlia. Seja bem-vindo (a)! Se precisarem de alguma coisa ou tiverem alguma d\u00favida sobre o curso estarei sempre dispon\u00edvel a ajudar voc\u00eas, um grande abra\u00e7o. <strong>Ah, e eu sou #UniLover e quero voc\u00eas aqui comigo.<\/strong>&#8220;<\/p>\n\n\n\n<p>Me identifico com muitas \u00e1reas da Fisioterapia, em especial a <strong>Traumato<\/strong>&#8211;<strong>Ortopedia<\/strong> e tudo que envolva les\u00f5es ortop\u00e9dicas. Gosto de trabalhar com idosos, e atuar no trabalho de preven\u00e7\u00e3o, quebrando um pouco o tabu que o fisioterapeuta apenas reabilita, evidenciando que um trabalho de preven\u00e7\u00e3o bem feito pode prevenir m\u00faltiplas complica\u00e7\u00f5es futuras e somar na qualidade de vida dos pacientes. <\/p>\n\n\n\n<h2><strong>Fisioterapia&nbsp;Traumato-ortop\u00e9dica<\/strong><\/h2>\n\n\n\n<p><em><a rel=\"noreferrer noopener\" href=\"https:\/\/www.coffito.gov.br\/nsite\/?p=15716\" target=\"_blank\">Confira a defini\u00e7\u00e3o encontrado na p\u00e1gina oficial do COFFITO &#8211; Conselho Federal de Fisioterapia e Terapia Ocupacional.<\/a><\/em><\/p>\n\n\n\n<figure class=\"wp-block-image size-large\"><img data-attachment-id=\"1623\" data-permalink=\"https:\/\/blog.univicosa.com.br\/index.php\/2021\/01\/07\/a-familia-uniloverfisio-esta-esperando-por-voce\/shutterstock_1177541623\/\" data-orig-file=\"https:\/\/blog.univicosa.com.br\/wp-content\/uploads\/2021\/01\/shutterstock_1177541623.jpg\" data-orig-size=\"1000,667\" data-comments-opened=\"1\" data-image-meta=\"{&quot;aperture&quot;:&quot;0&quot;,&quot;credit&quot;:&quot;&quot;,&quot;camera&quot;:&quot;&quot;,&quot;caption&quot;:&quot;&quot;,&quot;created_timestamp&quot;:&quot;0&quot;,&quot;copyright&quot;:&quot;&quot;,&quot;focal_length&quot;:&quot;0&quot;,&quot;iso&quot;:&quot;0&quot;,&quot;shutter_speed&quot;:&quot;0&quot;,&quot;title&quot;:&quot;&quot;,&quot;orientation&quot;:&quot;0&quot;}\" data-image-title=\"shutterstock_1177541623\" data-image-description=\"\" data-medium-file=\"https:\/\/blog.univicosa.com.br\/wp-content\/uploads\/2021\/01\/shutterstock_1177541623-300x200.jpg\" data-large-file=\"https:\/\/blog.univicosa.com.br\/wp-content\/uploads\/2021\/01\/shutterstock_1177541623.jpg\" loading=\"lazy\" width=\"1000\" height=\"667\" src=\"https:\/\/blog.univicosa.com.br\/wp-content\/uploads\/2021\/01\/shutterstock_1177541623.jpg\" alt=\"\" class=\"wp-image-1623\" srcset=\"https:\/\/blog.univicosa.com.br\/wp-content\/uploads\/2021\/01\/shutterstock_1177541623.jpg 1000w, https:\/\/blog.univicosa.com.br\/wp-content\/uploads\/2021\/01\/shutterstock_1177541623-300x200.jpg 300w, https:\/\/blog.univicosa.com.br\/wp-content\/uploads\/2021\/01\/shutterstock_1177541623-768x512.jpg 768w, https:\/\/blog.univicosa.com.br\/wp-content\/uploads\/2021\/01\/shutterstock_1177541623-850x567.jpg 850w\" sizes=\"(max-width: 1000px) 100vw, 1000px\" \/><\/figure>\n\n\n\n<p>&#8220;Na Aten\u00e7\u00e3o Prim\u00e1ria \u00e0 Sa\u00fade, os conhecimentos da Fisioterapia Traumato-Ortop\u00e9dica se aplicam no manejo das demandas de disfun\u00e7\u00f5es musculoesquel\u00e9ticas, colaborando com as a\u00e7\u00f5es desenvolvidas pelas equipes de sa\u00fade. O profissional deve priorizar as a\u00e7\u00f5es de vigil\u00e2ncia \u00e0 Sa\u00fade Funcional e em \u00e2mbito coletivo, intervindo no territ\u00f3rio e em popula\u00e7\u00f5es de risco para quedas, traumas e fraturas por causas externas e doen\u00e7as ocupacionais relacionadas ao trabalho, como os idosos, adolescentes e adultos jovens inseridos no mercado de trabalho.<\/p>\n\n\n\n<p>Nesta linha, ele pode desenvolver a\u00e7\u00f5es de educa\u00e7\u00e3o em sa\u00fade em escolas, estabelecimentos comerciais e empresas existentes na regi\u00e3o, conscientizando as pessoas sobre a preven\u00e7\u00e3o de acidentes e viol\u00eancia no tr\u00e2nsito, e oferecendo orienta\u00e7\u00f5es ergon\u00f4micas e de exerc\u00edcios terap\u00eauticos laborais para prepara\u00e7\u00e3o e relaxamento de estruturas do sistema musculoesquel\u00e9tico sobrecarregadas na atividade de trabalho ou tarefas do dia a dia&#8221;. <\/p>\n\n\n\n<p class=\"has-text-align-center\"><strong>Venha conhecer o melhor curso de Fisioterapia da regi\u00e3o. Agende uma visita (31) 3899-8036 e fa\u00e7a parte do Centro Universit\u00e1rio de Vi\u00e7osa &#8211; UNIVI\u00c7OSA<\/strong><\/p>\n\n\n\n<p><\/p>\n","protected":false},"excerpt":{"rendered":"<p>Tawan Vieira &#8211; estudante do 10\u00ba per\u00edodo do curso de Fisioterapia da UNIVI\u00c7OSA. &#8220;Queridos calouros do curso de Fisioterapia e alunos dos per\u00edodos iniciais. Deixo aqui alguns conselhos e dicas importantes de um veterano do d\u00e9cimo per\u00edodo: levem o curso a s\u00e9rio, estudem, se dediquem, deem sempre o seu melhor! Valorizem os professores &#8211; absorvam&#8230;<\/p>\n","protected":false},"author":2,"featured_media":1623,"comment_status":"open","ping_status":"open","sticky":false,"template":"","format":"standard","meta":{"spay_email":""},"categories":[42,16],"tags":[],"jetpack_featured_media_url":"https:\/\/blog.univicosa.com.br\/wp-content\/uploads\/2021\/01\/shutterstock_1177541623.jpg","jetpack_shortlink":"https:\/\/wp.me\/pbcCKk-q2","_links":{"self":[{"href":"https:\/\/blog.univicosa.com.br\/index.php\/wp-json\/wp\/v2\/posts\/1614"}],"collection":[{"href":"https:\/\/blog.univicosa.com.br\/index.php\/wp-json\/wp\/v2\/posts"}],"about":[{"href":"https:\/\/blog.univicosa.com.br\/index.php\/wp-json\/wp\/v2\/types\/post"}],"author":[{"embeddable":true,"href":"https:\/\/blog.univicosa.com.br\/index.php\/wp-json\/wp\/v2\/users\/2"}],"replies":[{"embeddable":true,"href":"https:\/\/blog.univicosa.com.br\/index.php\/wp-json\/wp\/v2\/comments?post=1614"}],"version-history":[{"count":3,"href":"https:\/\/blog.univicosa.com.br\/index.php\/wp-json\/wp\/v2\/posts\/1614\/revisions"}],"predecessor-version":[{"id":1624,"href":"https:\/\/blog.univicosa.com.br\/index.php\/wp-json\/wp\/v2\/posts\/1614\/revisions\/1624"}],"wp:featuredmedia":[{"embeddable":true,"href":"https:\/\/blog.univicosa.com.br\/index.php\/wp-json\/wp\/v2\/media\/1623"}],"wp:attachment":[{"href":"https:\/\/blog.univicosa.com.br\/index.php\/wp-json\/wp\/v2\/media?parent=1614"}],"wp:term":[{"taxonomy":"category","embeddable":true,"href":"https:\/\/blog.univicosa.com.br\/index.php\/wp-json\/wp\/v2\/categories?post=1614"},{"taxonomy":"post_tag","embeddable":true,"href":"https:\/\/blog.univicosa.com.br\/index.php\/wp-json\/wp\/v2\/tags?post=1614"}],"curies":[{"name":"wp","href":"https:\/\/api.w.org\/{rel}","templated":true}]}}