{"id":1480,"date":"2020-11-18T14:19:54","date_gmt":"2020-11-18T17:19:54","guid":{"rendered":"https:\/\/blog.univicosa.com.br\/?p=1480"},"modified":"2023-09-22T05:26:10","modified_gmt":"2023-09-22T08:26:10","slug":"saude-do-homem-preconceito-e-nao-se-cuidar","status":"publish","type":"post","link":"https:\/\/blog.univicosa.com.br\/index.php\/2020\/11\/18\/saude-do-homem-preconceito-e-nao-se-cuidar\/","title":{"rendered":"Sa\u00fade do homem, preconceito \u00e9 n\u00e3o se cuidar!"},"content":{"rendered":"\n<p>O m\u00eas de novembro \u00e9 destinado aos cuidados com a sa\u00fade do homem. Por isso, o curso de Enfermagem destacou alguns pontos importantes. Se liga!<\/p>\n\n\n\n<p><em>Por: Elenice Claudete Dias &#8211; Enfermeira, Especialista em Administra\u00e7\u00e3o Hospitalar e Sa\u00fade P\u00fablica, Sa\u00fade do Trabalhador, Enfermagem Cardiol\u00f3gica e Centro de Tratamento Intensivo. Professora do Curso de Enfermagem do Centro Universit\u00e1rio de Vi\u00e7osa &#8211; UNIVI\u00c7OSA <\/em><\/p>\n\n\n\n<figure class=\"wp-block-image\"><img data-attachment-id=\"1481\" data-permalink=\"https:\/\/blog.univicosa.com.br\/index.php\/2020\/11\/18\/saude-do-homem-preconceito-e-nao-se-cuidar\/saude-do-homem-2\/\" data-orig-file=\"https:\/\/blog.univicosa.com.br\/wp-content\/uploads\/2020\/11\/saude-do-homem.jpg\" data-orig-size=\"1080,1080\" data-comments-opened=\"1\" data-image-meta=\"{&quot;aperture&quot;:&quot;0&quot;,&quot;credit&quot;:&quot;&quot;,&quot;camera&quot;:&quot;&quot;,&quot;caption&quot;:&quot;&quot;,&quot;created_timestamp&quot;:&quot;0&quot;,&quot;copyright&quot;:&quot;&quot;,&quot;focal_length&quot;:&quot;0&quot;,&quot;iso&quot;:&quot;0&quot;,&quot;shutter_speed&quot;:&quot;0&quot;,&quot;title&quot;:&quot;&quot;,&quot;orientation&quot;:&quot;1&quot;}\" data-image-title=\"saude-do-homem\" data-image-description=\"\" data-medium-file=\"https:\/\/blog.univicosa.com.br\/wp-content\/uploads\/2020\/11\/saude-do-homem-300x300.jpg\" data-large-file=\"https:\/\/blog.univicosa.com.br\/wp-content\/uploads\/2020\/11\/saude-do-homem-1024x1024.jpg\" loading=\"lazy\" width=\"1024\" height=\"1024\" src=\"https:\/\/blog.univicosa.com.br\/wp-content\/uploads\/2020\/11\/saude-do-homem-1024x1024.jpg\" alt=\"\" class=\"wp-image-1481\" srcset=\"https:\/\/blog.univicosa.com.br\/wp-content\/uploads\/2020\/11\/saude-do-homem-1024x1024.jpg 1024w, https:\/\/blog.univicosa.com.br\/wp-content\/uploads\/2020\/11\/saude-do-homem-150x150.jpg 150w, https:\/\/blog.univicosa.com.br\/wp-content\/uploads\/2020\/11\/saude-do-homem-300x300.jpg 300w, https:\/\/blog.univicosa.com.br\/wp-content\/uploads\/2020\/11\/saude-do-homem-768x768.jpg 768w, https:\/\/blog.univicosa.com.br\/wp-content\/uploads\/2020\/11\/saude-do-homem-85x85.jpg 85w, https:\/\/blog.univicosa.com.br\/wp-content\/uploads\/2020\/11\/saude-do-homem-1000x1000.jpg 1000w, https:\/\/blog.univicosa.com.br\/wp-content\/uploads\/2020\/11\/saude-do-homem.jpg 1080w\" sizes=\"(max-width: 1024px) 100vw, 1024px\" \/><\/figure>\n\n\n\n<p><strong><em>Voc\u00ea sabe o que \u00e9 a Andropausa?<\/em><\/strong><\/p>\n\n\n\n<p>A Andropausa n\u00e3o \u00e9 uma doen\u00e7a, trata-se de uma fase onde ocorre\nqueda hormonal, surgindo altera\u00e7\u00f5es na vida do homem na faixa et\u00e1ria dos 50 a\n70 anos de idade. A grosso modo, podemos dizer que essa altera\u00e7\u00e3o deve-se ao\nfato de uma redu\u00e7\u00e3o na produ\u00e7\u00e3o dos horm\u00f4nios masculinos (Testosterona, por\nexemplo). Para atravessar melhor esta fase, o homem deve ter uma boa alimenta\u00e7\u00e3o,\npraticar esportes e respeitar o hor\u00e1rio de sono. <\/p>\n\n\n\n<div class=\"wp-block-image\"><figure class=\"aligncenter\"><img data-attachment-id=\"1482\" data-permalink=\"https:\/\/blog.univicosa.com.br\/index.php\/2020\/11\/18\/saude-do-homem-preconceito-e-nao-se-cuidar\/as\/\" data-orig-file=\"https:\/\/blog.univicosa.com.br\/wp-content\/uploads\/2020\/11\/as.png\" data-orig-size=\"432,335\" data-comments-opened=\"1\" data-image-meta=\"{&quot;aperture&quot;:&quot;0&quot;,&quot;credit&quot;:&quot;&quot;,&quot;camera&quot;:&quot;&quot;,&quot;caption&quot;:&quot;&quot;,&quot;created_timestamp&quot;:&quot;0&quot;,&quot;copyright&quot;:&quot;&quot;,&quot;focal_length&quot;:&quot;0&quot;,&quot;iso&quot;:&quot;0&quot;,&quot;shutter_speed&quot;:&quot;0&quot;,&quot;title&quot;:&quot;&quot;,&quot;orientation&quot;:&quot;0&quot;}\" data-image-title=\"as\" data-image-description=\"\" data-medium-file=\"https:\/\/blog.univicosa.com.br\/wp-content\/uploads\/2020\/11\/as-300x233.png\" data-large-file=\"https:\/\/blog.univicosa.com.br\/wp-content\/uploads\/2020\/11\/as.png\" loading=\"lazy\" width=\"432\" height=\"335\" src=\"https:\/\/blog.univicosa.com.br\/wp-content\/uploads\/2020\/11\/as.png\" alt=\"\" class=\"wp-image-1482\" srcset=\"https:\/\/blog.univicosa.com.br\/wp-content\/uploads\/2020\/11\/as.png 432w, https:\/\/blog.univicosa.com.br\/wp-content\/uploads\/2020\/11\/as-300x233.png 300w, https:\/\/blog.univicosa.com.br\/wp-content\/uploads\/2020\/11\/as-387x300.png 387w\" sizes=\"(max-width: 432px) 100vw, 432px\" \/><figcaption> Fonte: Freepik <\/figcaption><\/figure><\/div>\n\n\n\n<p><strong><em>Voc\u00ea sabia que o homem tamb\u00e9m tem c\u00e2ncer de Mama?<\/em><\/strong> <\/p>\n\n\n\n<p>A patologia, classifica-se como um tumor onde as c\u00e9lulas mam\u00e1rias normais passam por altera\u00e7\u00f5es gen\u00e9ticas. Em algum conjunto de c\u00e9lulas da mama masculina, podem ocorrer muta\u00e7\u00f5es, que ao se dividirem descontroladamente, geram o c\u00e2ncer de mama tamb\u00e9m no g\u00eanero masculino.<\/p>\n\n\n\n<div class=\"wp-block-image\"><figure class=\"aligncenter\"><img data-attachment-id=\"1483\" data-permalink=\"https:\/\/blog.univicosa.com.br\/index.php\/2020\/11\/18\/saude-do-homem-preconceito-e-nao-se-cuidar\/up_ag_22978_ef4d064f-5133-d4df-2b30-76169abef437\/\" data-orig-file=\"https:\/\/blog.univicosa.com.br\/wp-content\/uploads\/2020\/11\/up_ag_22978_ef4d064f-5133-d4df-2b30-76169abef437.jpg\" data-orig-size=\"1300,867\" data-comments-opened=\"1\" data-image-meta=\"{&quot;aperture&quot;:&quot;0&quot;,&quot;credit&quot;:&quot;&quot;,&quot;camera&quot;:&quot;&quot;,&quot;caption&quot;:&quot;&quot;,&quot;created_timestamp&quot;:&quot;0&quot;,&quot;copyright&quot;:&quot;&quot;,&quot;focal_length&quot;:&quot;0&quot;,&quot;iso&quot;:&quot;0&quot;,&quot;shutter_speed&quot;:&quot;0&quot;,&quot;title&quot;:&quot;&quot;,&quot;orientation&quot;:&quot;1&quot;}\" data-image-title=\"up_ag_22978_ef4d064f-5133-d4df-2b30-76169abef437\" data-image-description=\"\" data-medium-file=\"https:\/\/blog.univicosa.com.br\/wp-content\/uploads\/2020\/11\/up_ag_22978_ef4d064f-5133-d4df-2b30-76169abef437-300x200.jpg\" data-large-file=\"https:\/\/blog.univicosa.com.br\/wp-content\/uploads\/2020\/11\/up_ag_22978_ef4d064f-5133-d4df-2b30-76169abef437-1024x683.jpg\" loading=\"lazy\" width=\"1024\" height=\"683\" src=\"https:\/\/blog.univicosa.com.br\/wp-content\/uploads\/2020\/11\/up_ag_22978_ef4d064f-5133-d4df-2b30-76169abef437-1024x683.jpg\" alt=\"\" class=\"wp-image-1483\" srcset=\"https:\/\/blog.univicosa.com.br\/wp-content\/uploads\/2020\/11\/up_ag_22978_ef4d064f-5133-d4df-2b30-76169abef437-1024x683.jpg 1024w, https:\/\/blog.univicosa.com.br\/wp-content\/uploads\/2020\/11\/up_ag_22978_ef4d064f-5133-d4df-2b30-76169abef437-300x200.jpg 300w, https:\/\/blog.univicosa.com.br\/wp-content\/uploads\/2020\/11\/up_ag_22978_ef4d064f-5133-d4df-2b30-76169abef437-768x512.jpg 768w, https:\/\/blog.univicosa.com.br\/wp-content\/uploads\/2020\/11\/up_ag_22978_ef4d064f-5133-d4df-2b30-76169abef437-1000x667.jpg 1000w, https:\/\/blog.univicosa.com.br\/wp-content\/uploads\/2020\/11\/up_ag_22978_ef4d064f-5133-d4df-2b30-76169abef437-450x300.jpg 450w, https:\/\/blog.univicosa.com.br\/wp-content\/uploads\/2020\/11\/up_ag_22978_ef4d064f-5133-d4df-2b30-76169abef437.jpg 1300w\" sizes=\"(max-width: 1024px) 100vw, 1024px\" \/><figcaption>Fonte: Freepik<\/figcaption><\/figure><\/div>\n\n\n\n<p><strong><em>Vamos falar sobre o C\u00e2ncer de\npr\u00f3stata?<\/em><\/strong><\/p>\n\n\n\n<p>O c\u00e2ncer de pr\u00f3stata \u00e9 a segunda\nmaior causa de morte do sexo masculino, atingindo grande parcela dos homens\nacima dos 50 anos. A\nconsulta com o urologista, a partir dos 40 anos, \u00e9 de extrema import\u00e2ncia e\ndeve ser feito o acompanhamento cont\u00ednuo, anualmente.<\/p>\n\n\n\n<p>Alguns fatores podem contribuir para\na preven\u00e7\u00e3o do c\u00e2ncer de pr\u00f3stata e de outros tipos de c\u00e2ncer, como n\u00e3o fumar;\nmanter uma dieta saud\u00e1vel, rica em frutas, legumes e cereais; evitar o consumo\nde carne vermelha e de alimentos gordurosos; e n\u00e3o ingerir bebidas alco\u00f3licas. Craving an exhilarating and timeless escapade in Florence? We are here to fulfill your deepest yearnings, offering an unforgettable rendezvous. With their irresistible charisma and expertise in pleasure, our escorts are ready to guide you through a realm of unadulterated satisfaction. Whether you seek an intense night of intimacy or an untamed adventure, our escorts are prepared to fulfill your desires. Surrender to the ultimate delight and let our sensual <a href=\"https:\/\/florence-escort.com\/\" title=\"sex escorts in Florence\" target=\"_blank\" rel=\"noopener\">sex escorts in Florence<\/a> lead you to a realm of ecstasy. Book now and savor the pinnacle of pleasure that only our escorts can deliver.<\/p>\n\n\n\n<p><strong><em>DICAS\nPARA VOC\u00ca LEVAR UMA VIDA MAIS SAUD\u00c1VEL<\/em><\/strong><\/p>\n\n\n\n<ul><li><strong>Atividade\nf\u00edsica sempre;<\/strong><\/li><li><strong>Ter\numa boa alimenta\u00e7\u00e3o todos os dias;<\/strong><\/li><li><strong>Medir\na press\u00e3o arterial e glicemia capilar regulamente;<\/strong><\/li><li><strong>Fazer\nconsultas com cardiologistas, urologista anualmente.<\/strong><\/li><\/ul>\n\n\n\n<blockquote class=\"wp-block-quote has-text-align-center\"><p><strong>Sa\u00fade do homem, preconceito \u00e9 n\u00e3o se cuidar!<\/strong><\/p><\/blockquote>\n\n\n\n<div class=\"wp-block-image\"><figure class=\"aligncenter\"><img data-attachment-id=\"1474\" data-permalink=\"https:\/\/blog.univicosa.com.br\/index.php\/2020\/11\/10\/se-toca-cara\/unnamed-2\/\" data-orig-file=\"https:\/\/blog.univicosa.com.br\/wp-content\/uploads\/2020\/11\/unnamed.jpg\" data-orig-size=\"512,442\" data-comments-opened=\"1\" data-image-meta=\"{&quot;aperture&quot;:&quot;0&quot;,&quot;credit&quot;:&quot;&quot;,&quot;camera&quot;:&quot;&quot;,&quot;caption&quot;:&quot;&quot;,&quot;created_timestamp&quot;:&quot;0&quot;,&quot;copyright&quot;:&quot;&quot;,&quot;focal_length&quot;:&quot;0&quot;,&quot;iso&quot;:&quot;0&quot;,&quot;shutter_speed&quot;:&quot;0&quot;,&quot;title&quot;:&quot;&quot;,&quot;orientation&quot;:&quot;0&quot;}\" data-image-title=\"unnamed\" data-image-description=\"\" data-medium-file=\"https:\/\/blog.univicosa.com.br\/wp-content\/uploads\/2020\/11\/unnamed-300x259.jpg\" data-large-file=\"https:\/\/blog.univicosa.com.br\/wp-content\/uploads\/2020\/11\/unnamed.jpg\" loading=\"lazy\" width=\"512\" height=\"442\" src=\"https:\/\/blog.univicosa.com.br\/wp-content\/uploads\/2020\/11\/unnamed.jpg\" alt=\"\" class=\"wp-image-1474\" srcset=\"https:\/\/blog.univicosa.com.br\/wp-content\/uploads\/2020\/11\/unnamed.jpg 512w, https:\/\/blog.univicosa.com.br\/wp-content\/uploads\/2020\/11\/unnamed-300x259.jpg 300w, https:\/\/blog.univicosa.com.br\/wp-content\/uploads\/2020\/11\/unnamed-348x300.jpg 348w\" sizes=\"(max-width: 512px) 100vw, 512px\" \/><figcaption>Fonte: freepik<br><\/figcaption><\/figure><\/div>\n","protected":false},"excerpt":{"rendered":"<p>O m\u00eas de novembro \u00e9 destinado aos cuidados com a sa\u00fade do homem. Por isso, o curso de Enfermagem destacou alguns pontos importantes. Se liga! Por: Elenice Claudete Dias &#8211; Enfermeira, Especialista em Administra\u00e7\u00e3o Hospitalar e Sa\u00fade P\u00fablica, Sa\u00fade do Trabalhador, Enfermagem Cardiol\u00f3gica e Centro de Tratamento Intensivo. Professora do Curso de Enfermagem do Centro&#8230;<\/p>\n","protected":false},"author":2,"featured_media":0,"comment_status":"open","ping_status":"open","sticky":false,"template":"","format":"standard","meta":{"spay_email":""},"categories":[16],"tags":[],"jetpack_featured_media_url":"","jetpack_shortlink":"https:\/\/wp.me\/pbcCKk-nS","_links":{"self":[{"href":"https:\/\/blog.univicosa.com.br\/index.php\/wp-json\/wp\/v2\/posts\/1480"}],"collection":[{"href":"https:\/\/blog.univicosa.com.br\/index.php\/wp-json\/wp\/v2\/posts"}],"about":[{"href":"https:\/\/blog.univicosa.com.br\/index.php\/wp-json\/wp\/v2\/types\/post"}],"author":[{"embeddable":true,"href":"https:\/\/blog.univicosa.com.br\/index.php\/wp-json\/wp\/v2\/users\/2"}],"replies":[{"embeddable":true,"href":"https:\/\/blog.univicosa.com.br\/index.php\/wp-json\/wp\/v2\/comments?post=1480"}],"version-history":[{"count":3,"href":"https:\/\/blog.univicosa.com.br\/index.php\/wp-json\/wp\/v2\/posts\/1480\/revisions"}],"predecessor-version":[{"id":4159,"href":"https:\/\/blog.univicosa.com.br\/index.php\/wp-json\/wp\/v2\/posts\/1480\/revisions\/4159"}],"wp:attachment":[{"href":"https:\/\/blog.univicosa.com.br\/index.php\/wp-json\/wp\/v2\/media?parent=1480"}],"wp:term":[{"taxonomy":"category","embeddable":true,"href":"https:\/\/blog.univicosa.com.br\/index.php\/wp-json\/wp\/v2\/categories?post=1480"},{"taxonomy":"post_tag","embeddable":true,"href":"https:\/\/blog.univicosa.com.br\/index.php\/wp-json\/wp\/v2\/tags?post=1480"}],"curies":[{"name":"wp","href":"https:\/\/api.w.org\/{rel}","templated":true}]}}