{"id":1473,"date":"2020-11-10T09:35:26","date_gmt":"2020-11-10T12:35:26","guid":{"rendered":"https:\/\/blog.univicosa.com.br\/?p=1473"},"modified":"2021-01-08T09:01:46","modified_gmt":"2021-01-08T12:01:46","slug":"se-toca-cara","status":"publish","type":"post","link":"https:\/\/blog.univicosa.com.br\/index.php\/2020\/11\/10\/se-toca-cara\/","title":{"rendered":"Se toca, cara!"},"content":{"rendered":"\n<p><em>No m\u00eas de incentivo \u00e0 preven\u00e7\u00e3o ao c\u00e2ncer de pr\u00f3stata, \u00e9 importante salientar que o corpo f\u00edsico n\u00e3o pode ser visto isoladamente da experi\u00eancia de vida das pessoas e dos determinantes sociais da sa\u00fade. Por isso, a abordagem preventiva n\u00e3o pode ser apenas focada no biol\u00f3gico, mas tamb\u00e9m em aspectos da psican\u00e1lise. <\/em><\/p>\n\n\n\n<figure class=\"wp-block-image\"><img data-attachment-id=\"1474\" data-permalink=\"https:\/\/blog.univicosa.com.br\/index.php\/2020\/11\/10\/se-toca-cara\/unnamed-2\/\" data-orig-file=\"https:\/\/blog.univicosa.com.br\/wp-content\/uploads\/2020\/11\/unnamed.jpg\" data-orig-size=\"512,442\" data-comments-opened=\"1\" data-image-meta=\"{&quot;aperture&quot;:&quot;0&quot;,&quot;credit&quot;:&quot;&quot;,&quot;camera&quot;:&quot;&quot;,&quot;caption&quot;:&quot;&quot;,&quot;created_timestamp&quot;:&quot;0&quot;,&quot;copyright&quot;:&quot;&quot;,&quot;focal_length&quot;:&quot;0&quot;,&quot;iso&quot;:&quot;0&quot;,&quot;shutter_speed&quot;:&quot;0&quot;,&quot;title&quot;:&quot;&quot;,&quot;orientation&quot;:&quot;0&quot;}\" data-image-title=\"unnamed\" data-image-description=\"\" data-medium-file=\"https:\/\/blog.univicosa.com.br\/wp-content\/uploads\/2020\/11\/unnamed-300x259.jpg\" data-large-file=\"https:\/\/blog.univicosa.com.br\/wp-content\/uploads\/2020\/11\/unnamed.jpg\" loading=\"lazy\" width=\"512\" height=\"442\" src=\"https:\/\/blog.univicosa.com.br\/wp-content\/uploads\/2020\/11\/unnamed.jpg\" alt=\"\" class=\"wp-image-1474\" srcset=\"https:\/\/blog.univicosa.com.br\/wp-content\/uploads\/2020\/11\/unnamed.jpg 512w, https:\/\/blog.univicosa.com.br\/wp-content\/uploads\/2020\/11\/unnamed-300x259.jpg 300w, https:\/\/blog.univicosa.com.br\/wp-content\/uploads\/2020\/11\/unnamed-348x300.jpg 348w\" sizes=\"(max-width: 512px) 100vw, 512px\" \/><\/figure>\n\n\n\n<p>O C\u00e2ncer de Pr\u00f3stata\n\u00e9 um grande problema de Sa\u00fade P\u00fablica no Brasil e considerado um dos maiores\ncausadores de mortes masculinas em diversos pa\u00edses do mundo. Todavia, com o\navan\u00e7o de tecnologia e estudos, o rastreamento da doen\u00e7a est\u00e1 cada vez mais\neficaz, e atrav\u00e9s do exame de toque retal ou do Ant\u00edgeno Prost\u00e1tico Espec\u00edfico\n(PSA), profissionais da sa\u00fade s\u00e3o capazes de detectar a doen\u00e7a. O C\u00e2ncer de\nPr\u00f3stata, mesmo sendo uma doen\u00e7a muito agressiva, quando descoberto precocemente,\npossui aproximadamente 90% de chance de cura. <\/p>\n\n\n\n<p>Em nossa\nsociedade, a presen\u00e7a de estigmas e o refor\u00e7o de estere\u00f3tipos preconceituosos,\nenvoltos na representa\u00e7\u00e3o da masculinidade, ainda s\u00e3o grandes vil\u00f5es no combate\ne preven\u00e7\u00e3o da doen\u00e7a. Durante o m\u00eas de novembro, a campanha do Minist\u00e9rio de\nSa\u00fade \u2018Novembro Azul\u2019, visa diariamente trazer essa importante discuss\u00e3o para a\nm\u00eddia.<\/p>\n\n\n\n<p>\u00c9 not\u00f3rio que,\no preconceito acerca da tem\u00e1tica, persegue milhares e milhares de homens em\nnossa sociedade. Hoje, podemos afirmar que a Psicologia possui t\u00e9cnicas\ncab\u00edveis para solucionar tal quest\u00e3o, por\u00e9m, vivemos em uma sociedade com\nresqu\u00edcios do patriarcado, onde a masculinidade t\u00f3xica faz com que pessoas do\nsexo masculino sintam a necessidade de provar virilidade o tempo todo; provar for\u00e7a;\nque \u00e9 auto suficiente; que n\u00e3o precisa de ajuda. Esse pensamento retr\u00f3gado\nafasta homens dos consult\u00f3rios m\u00e9dicos, e refor\u00e7o todo o preconceito sobre o exame\nde toque retal (o mais indicado e especifico para diagn\u00f3stico dessas patologias)\npelo fato de ir \u201ccontra os princ\u00edpios \u00e9ticos masculinos\u201d, mera constru\u00e7\u00e3o\nsocial do que se entende por masculinidade. <\/p>\n\n\n\n<p>Mas afinal,\nser\u00e1 mesmo que \u00e9 valido n\u00e3o se submeter ao exame, assumindo um risco de vida\npor conta dessa masculinidade fr\u00e1gil? Segundo a Sociedade Brasileira de\nUrologia (SBU), 42 homens morrem diariamente acometidos com de C\u00e2ncer de\nPr\u00f3stata, enquanto aproximadamente 3 milh\u00f5es de homens vivem com a doen\u00e7a e\nainda n\u00e3o sabem. <\/p>\n\n\n\n<figure class=\"wp-block-image\"><img data-attachment-id=\"1475\" data-permalink=\"https:\/\/blog.univicosa.com.br\/index.php\/2020\/11\/10\/se-toca-cara\/novembro-azuol2\/\" data-orig-file=\"https:\/\/blog.univicosa.com.br\/wp-content\/uploads\/2020\/11\/novembro-azuol2.jpg\" data-orig-size=\"1080,1080\" data-comments-opened=\"1\" data-image-meta=\"{&quot;aperture&quot;:&quot;0&quot;,&quot;credit&quot;:&quot;&quot;,&quot;camera&quot;:&quot;&quot;,&quot;caption&quot;:&quot;&quot;,&quot;created_timestamp&quot;:&quot;0&quot;,&quot;copyright&quot;:&quot;&quot;,&quot;focal_length&quot;:&quot;0&quot;,&quot;iso&quot;:&quot;0&quot;,&quot;shutter_speed&quot;:&quot;0&quot;,&quot;title&quot;:&quot;&quot;,&quot;orientation&quot;:&quot;1&quot;}\" data-image-title=\"novembro-azuol2\" data-image-description=\"\" data-medium-file=\"https:\/\/blog.univicosa.com.br\/wp-content\/uploads\/2020\/11\/novembro-azuol2-300x300.jpg\" data-large-file=\"https:\/\/blog.univicosa.com.br\/wp-content\/uploads\/2020\/11\/novembro-azuol2-1024x1024.jpg\" loading=\"lazy\" width=\"1024\" height=\"1024\" src=\"https:\/\/blog.univicosa.com.br\/wp-content\/uploads\/2020\/11\/novembro-azuol2-1024x1024.jpg\" alt=\"\" class=\"wp-image-1475\" srcset=\"https:\/\/blog.univicosa.com.br\/wp-content\/uploads\/2020\/11\/novembro-azuol2-1024x1024.jpg 1024w, https:\/\/blog.univicosa.com.br\/wp-content\/uploads\/2020\/11\/novembro-azuol2-150x150.jpg 150w, https:\/\/blog.univicosa.com.br\/wp-content\/uploads\/2020\/11\/novembro-azuol2-300x300.jpg 300w, https:\/\/blog.univicosa.com.br\/wp-content\/uploads\/2020\/11\/novembro-azuol2-768x768.jpg 768w, https:\/\/blog.univicosa.com.br\/wp-content\/uploads\/2020\/11\/novembro-azuol2-85x85.jpg 85w, https:\/\/blog.univicosa.com.br\/wp-content\/uploads\/2020\/11\/novembro-azuol2-1000x1000.jpg 1000w, https:\/\/blog.univicosa.com.br\/wp-content\/uploads\/2020\/11\/novembro-azuol2.jpg 1080w\" sizes=\"(max-width: 1024px) 100vw, 1024px\" \/><\/figure>\n\n\n\n<p class=\"has-text-align-center\"><strong>Se toca, cara! Sua vida vale mais que um simples apontamento de dedo! A Psicologia pode auxiliar voc\u00ea em suas quest\u00f5es. Fa\u00e7a terapia e cuide da sua sa\u00fade.<\/strong><\/p>\n","protected":false},"excerpt":{"rendered":"<p>No m\u00eas de incentivo \u00e0 preven\u00e7\u00e3o ao c\u00e2ncer de pr\u00f3stata, \u00e9 importante salientar que o corpo f\u00edsico n\u00e3o pode ser visto isoladamente da experi\u00eancia de vida das pessoas e dos determinantes sociais da sa\u00fade. Por isso, a abordagem preventiva n\u00e3o pode ser apenas focada no biol\u00f3gico, mas tamb\u00e9m em aspectos da psican\u00e1lise. O C\u00e2ncer de&#8230;<\/p>\n","protected":false},"author":2,"featured_media":0,"comment_status":"open","ping_status":"open","sticky":false,"template":"","format":"standard","meta":{"spay_email":""},"categories":[16],"tags":[],"jetpack_featured_media_url":"","jetpack_shortlink":"https:\/\/wp.me\/pbcCKk-nL","_links":{"self":[{"href":"https:\/\/blog.univicosa.com.br\/index.php\/wp-json\/wp\/v2\/posts\/1473"}],"collection":[{"href":"https:\/\/blog.univicosa.com.br\/index.php\/wp-json\/wp\/v2\/posts"}],"about":[{"href":"https:\/\/blog.univicosa.com.br\/index.php\/wp-json\/wp\/v2\/types\/post"}],"author":[{"embeddable":true,"href":"https:\/\/blog.univicosa.com.br\/index.php\/wp-json\/wp\/v2\/users\/2"}],"replies":[{"embeddable":true,"href":"https:\/\/blog.univicosa.com.br\/index.php\/wp-json\/wp\/v2\/comments?post=1473"}],"version-history":[{"count":4,"href":"https:\/\/blog.univicosa.com.br\/index.php\/wp-json\/wp\/v2\/posts\/1473\/revisions"}],"predecessor-version":[{"id":1611,"href":"https:\/\/blog.univicosa.com.br\/index.php\/wp-json\/wp\/v2\/posts\/1473\/revisions\/1611"}],"wp:attachment":[{"href":"https:\/\/blog.univicosa.com.br\/index.php\/wp-json\/wp\/v2\/media?parent=1473"}],"wp:term":[{"taxonomy":"category","embeddable":true,"href":"https:\/\/blog.univicosa.com.br\/index.php\/wp-json\/wp\/v2\/categories?post=1473"},{"taxonomy":"post_tag","embeddable":true,"href":"https:\/\/blog.univicosa.com.br\/index.php\/wp-json\/wp\/v2\/tags?post=1473"}],"curies":[{"name":"wp","href":"https:\/\/api.w.org\/{rel}","templated":true}]}}