{"id":1405,"date":"2020-08-12T09:03:18","date_gmt":"2020-08-12T12:03:18","guid":{"rendered":"https:\/\/blog.univicosa.com.br\/?p=1405"},"modified":"2021-01-08T09:04:07","modified_gmt":"2021-01-08T12:04:07","slug":"curso-de-direito-firma-termo-de-cooperacao-com-a-vara-civel-da-comarca-de-vicosa","status":"publish","type":"post","link":"https:\/\/blog.univicosa.com.br\/index.php\/2020\/08\/12\/curso-de-direito-firma-termo-de-cooperacao-com-a-vara-civel-da-comarca-de-vicosa\/","title":{"rendered":"Curso de Direito firma termo de coopera\u00e7\u00e3o com a Vara C\u00edvel da Comarca de Vi\u00e7osa"},"content":{"rendered":"\n<p><em>A coopera\u00e7\u00e3o em conjunto visa facilitar os processos em andamento e torn\u00e1-los exclusivamente dispon\u00edveis em plataformas virtuais para auxiliar o acesso e no combate \u00e0 COVID-19<\/em>.<\/p>\n\n\n\n<figure class=\"wp-block-image\"><img data-attachment-id=\"1406\" data-permalink=\"https:\/\/blog.univicosa.com.br\/index.php\/2020\/08\/12\/curso-de-direito-firma-termo-de-cooperacao-com-a-vara-civel-da-comarca-de-vicosa\/curso-de-direito-firma-termo-de-cooperacao-com-a-vara-civil-da-comarca-de-vicosa-arte\/\" data-orig-file=\"https:\/\/blog.univicosa.com.br\/wp-content\/uploads\/2020\/08\/CURSO-DE-DIREITO-FIRMA-TERMO-DE-COOPERA\u00c7\u00c3O-COM-A-VARA-C\u00cdVIL-DA-COMARCA-DE-VI\u00c7OSA-ARTE.jpg\" data-orig-size=\"1080,1080\" data-comments-opened=\"1\" data-image-meta=\"{&quot;aperture&quot;:&quot;0&quot;,&quot;credit&quot;:&quot;&quot;,&quot;camera&quot;:&quot;&quot;,&quot;caption&quot;:&quot;&quot;,&quot;created_timestamp&quot;:&quot;0&quot;,&quot;copyright&quot;:&quot;&quot;,&quot;focal_length&quot;:&quot;0&quot;,&quot;iso&quot;:&quot;0&quot;,&quot;shutter_speed&quot;:&quot;0&quot;,&quot;title&quot;:&quot;&quot;,&quot;orientation&quot;:&quot;1&quot;}\" data-image-title=\"CURSO-DE-DIREITO-FIRMA-TERMO-DE-COOPERA\u00c7\u00c3O-COM-A-VARA-C\u00cdVIL-DA-COMARCA-DE-VI\u00c7OSA-ARTE\" data-image-description=\"\" data-medium-file=\"https:\/\/blog.univicosa.com.br\/wp-content\/uploads\/2020\/08\/CURSO-DE-DIREITO-FIRMA-TERMO-DE-COOPERA\u00c7\u00c3O-COM-A-VARA-C\u00cdVIL-DA-COMARCA-DE-VI\u00c7OSA-ARTE-300x300.jpg\" data-large-file=\"https:\/\/blog.univicosa.com.br\/wp-content\/uploads\/2020\/08\/CURSO-DE-DIREITO-FIRMA-TERMO-DE-COOPERA\u00c7\u00c3O-COM-A-VARA-C\u00cdVIL-DA-COMARCA-DE-VI\u00c7OSA-ARTE-1024x1024.jpg\" loading=\"lazy\" width=\"1024\" height=\"1024\" src=\"https:\/\/blog.univicosa.com.br\/wp-content\/uploads\/2020\/08\/CURSO-DE-DIREITO-FIRMA-TERMO-DE-COOPERA\u00c7\u00c3O-COM-A-VARA-C\u00cdVIL-DA-COMARCA-DE-VI\u00c7OSA-ARTE-1024x1024.jpg\" alt=\"\" class=\"wp-image-1406\" srcset=\"https:\/\/blog.univicosa.com.br\/wp-content\/uploads\/2020\/08\/CURSO-DE-DIREITO-FIRMA-TERMO-DE-COOPERA\u00c7\u00c3O-COM-A-VARA-C\u00cdVIL-DA-COMARCA-DE-VI\u00c7OSA-ARTE-1024x1024.jpg 1024w, https:\/\/blog.univicosa.com.br\/wp-content\/uploads\/2020\/08\/CURSO-DE-DIREITO-FIRMA-TERMO-DE-COOPERA\u00c7\u00c3O-COM-A-VARA-C\u00cdVIL-DA-COMARCA-DE-VI\u00c7OSA-ARTE-150x150.jpg 150w, https:\/\/blog.univicosa.com.br\/wp-content\/uploads\/2020\/08\/CURSO-DE-DIREITO-FIRMA-TERMO-DE-COOPERA\u00c7\u00c3O-COM-A-VARA-C\u00cdVIL-DA-COMARCA-DE-VI\u00c7OSA-ARTE-300x300.jpg 300w, https:\/\/blog.univicosa.com.br\/wp-content\/uploads\/2020\/08\/CURSO-DE-DIREITO-FIRMA-TERMO-DE-COOPERA\u00c7\u00c3O-COM-A-VARA-C\u00cdVIL-DA-COMARCA-DE-VI\u00c7OSA-ARTE-768x768.jpg 768w, https:\/\/blog.univicosa.com.br\/wp-content\/uploads\/2020\/08\/CURSO-DE-DIREITO-FIRMA-TERMO-DE-COOPERA\u00c7\u00c3O-COM-A-VARA-C\u00cdVIL-DA-COMARCA-DE-VI\u00c7OSA-ARTE-85x85.jpg 85w, https:\/\/blog.univicosa.com.br\/wp-content\/uploads\/2020\/08\/CURSO-DE-DIREITO-FIRMA-TERMO-DE-COOPERA\u00c7\u00c3O-COM-A-VARA-C\u00cdVIL-DA-COMARCA-DE-VI\u00c7OSA-ARTE-1000x1000.jpg 1000w, https:\/\/blog.univicosa.com.br\/wp-content\/uploads\/2020\/08\/CURSO-DE-DIREITO-FIRMA-TERMO-DE-COOPERA\u00c7\u00c3O-COM-A-VARA-C\u00cdVIL-DA-COMARCA-DE-VI\u00c7OSA-ARTE.jpg 1080w\" sizes=\"(max-width: 1024px) 100vw, 1024px\" \/><\/figure>\n\n\n\n<p>No in\u00edcio desta semana, mais precisamente na segunda-feira\n(10), o curso de Direito do Centro Universit\u00e1rio de Vi\u00e7osa &#8211; Univi\u00e7osa deu mais\num importante passo em sua hist\u00f3ria com o intuito de proporcionar mais\nconforto, transpar\u00eancia e continuidade aos processos civis. <\/p>\n\n\n\n<p>Por meio de um esfor\u00e7o comum e in\u00e9dito, o Tribunal de\nJusti\u00e7a de Minas Gerais (TJMG) da Comarca de Vi\u00e7osa, juntamente com a Univi\u00e7osa,\na Ordem dos Advogados do Brasil (OAB) do estado, da 91\u00aa Subse\u00e7\u00e3o de Vi\u00e7osa e a\nCaixa de Assist\u00eancia dos Advogados de Minas Gerais (CAA) firmaram um termo de\ncoopera\u00e7\u00e3o t\u00e9cnica no intuito de virtualizar processos f\u00edsicos comuns das Vara\nC\u00edveis da Comarca de Vi\u00e7osa\/MG.<\/p>\n\n\n\n<p>A t\u00edtulo de exemplo, esses s\u00e3o processos relacionados a\nquest\u00f5es civis, direitos do consumidor, danos morais, entre outros.&nbsp; <\/p>\n\n\n\n<p>O professor Rafael Pacheco Lanes Ribeiro, do curso de\nDireito, representou a Institui\u00e7\u00e3o e legitimou o acordo. Com tudo devidamente\ndefinido, a a\u00e7\u00e3o passa a garantir o devido andamento processual na comarca,\nmantendo o devido distanciamento social t\u00e3o importante no momento em que\nvivemos.<\/p>\n\n\n\n<p>Em entrevista, o professor demonstrou profunda felicidade e\ngratid\u00e3o a mais este marco na hist\u00f3ria:<\/p>\n\n\n\n<p>\u201cAgrade\u00e7o imensamente ao\nTribunal de Justi\u00e7a de Minas Gerais (TJMG), na pessoa das Excelent\u00edssimas\nSenhoras Doutoras Ju\u00edzas de Direito, Daiele Viana e Giovanna Travenzoli, bem\ncomo a Ordem de Advogados do Brasil (OAB) do estado, na pessoa de sua\nExcelent\u00edssima Presidente, Lucilene Maria Vidigal Castro, e \u00e0 Dra. Paola\nAra\u00fajo, representante da Caixa de Assist\u00eancia dos Advogados.<br>\n<br>\nTive o prazer de representar a Univi\u00e7osa neste\nato. Tenho certeza que esse projeto trar\u00e1 benef\u00edcios gigantescos n\u00e3o s\u00f3 aos\nenvolvidos, mas tamb\u00e9m \u00e0 toda comunidade\u201d, finaliza.<\/p>\n","protected":false},"excerpt":{"rendered":"<p>A coopera\u00e7\u00e3o em conjunto visa facilitar os processos em andamento e torn\u00e1-los exclusivamente dispon\u00edveis em plataformas virtuais para auxiliar o acesso e no combate \u00e0 COVID-19. No in\u00edcio desta semana, mais precisamente na segunda-feira (10), o curso de Direito do Centro Universit\u00e1rio de Vi\u00e7osa &#8211; Univi\u00e7osa deu mais um importante passo em sua hist\u00f3ria com&#8230;<\/p>\n","protected":false},"author":2,"featured_media":0,"comment_status":"open","ping_status":"open","sticky":false,"template":"","format":"standard","meta":{"spay_email":""},"categories":[15],"tags":[],"jetpack_featured_media_url":"","jetpack_shortlink":"https:\/\/wp.me\/pbcCKk-mF","_links":{"self":[{"href":"https:\/\/blog.univicosa.com.br\/index.php\/wp-json\/wp\/v2\/posts\/1405"}],"collection":[{"href":"https:\/\/blog.univicosa.com.br\/index.php\/wp-json\/wp\/v2\/posts"}],"about":[{"href":"https:\/\/blog.univicosa.com.br\/index.php\/wp-json\/wp\/v2\/types\/post"}],"author":[{"embeddable":true,"href":"https:\/\/blog.univicosa.com.br\/index.php\/wp-json\/wp\/v2\/users\/2"}],"replies":[{"embeddable":true,"href":"https:\/\/blog.univicosa.com.br\/index.php\/wp-json\/wp\/v2\/comments?post=1405"}],"version-history":[{"count":1,"href":"https:\/\/blog.univicosa.com.br\/index.php\/wp-json\/wp\/v2\/posts\/1405\/revisions"}],"predecessor-version":[{"id":1407,"href":"https:\/\/blog.univicosa.com.br\/index.php\/wp-json\/wp\/v2\/posts\/1405\/revisions\/1407"}],"wp:attachment":[{"href":"https:\/\/blog.univicosa.com.br\/index.php\/wp-json\/wp\/v2\/media?parent=1405"}],"wp:term":[{"taxonomy":"category","embeddable":true,"href":"https:\/\/blog.univicosa.com.br\/index.php\/wp-json\/wp\/v2\/categories?post=1405"},{"taxonomy":"post_tag","embeddable":true,"href":"https:\/\/blog.univicosa.com.br\/index.php\/wp-json\/wp\/v2\/tags?post=1405"}],"curies":[{"name":"wp","href":"https:\/\/api.w.org\/{rel}","templated":true}]}}