{"id":1394,"date":"2020-08-07T11:01:12","date_gmt":"2020-08-07T14:01:12","guid":{"rendered":"https:\/\/blog.univicosa.com.br\/?p=1394"},"modified":"2021-01-08T09:04:31","modified_gmt":"2021-01-08T12:04:31","slug":"o-projeto-direito-arte-nasuacasa-traz-reflexoes-opinioes-e-condenacoes-previas-sobre-o-filme-a-caca-de-thomas-vinterberg","status":"publish","type":"post","link":"https:\/\/blog.univicosa.com.br\/index.php\/2020\/08\/07\/o-projeto-direito-arte-nasuacasa-traz-reflexoes-opinioes-e-condenacoes-previas-sobre-o-filme-a-caca-de-thomas-vinterberg\/","title":{"rendered":"O projeto Direito &#038; Arte #NaSuaCasa traz reflex\u00f5es, opini\u00f5es e condena\u00e7\u00f5es pr\u00e9vias sobre o filme &#8220;A Ca\u00e7a&#8221;, de Thomas Vinterberg"},"content":{"rendered":"\n<div class=\"wp-block-image\"><figure class=\"aligncenter\"><img data-attachment-id=\"1231\" data-permalink=\"https:\/\/blog.univicosa.com.br\/index.php\/2020\/06\/26\/o-projeto-direito-arte-nasuacasa-traz-reflexoes-sobre-a-serie-hoje-e-dia-de-maria\/direito-e-arte-1\/\" data-orig-file=\"https:\/\/blog.univicosa.com.br\/wp-content\/uploads\/2020\/06\/DIREITO-E-ARTE-1.jpg\" data-orig-size=\"1920,1080\" data-comments-opened=\"1\" data-image-meta=\"{&quot;aperture&quot;:&quot;0&quot;,&quot;credit&quot;:&quot;&quot;,&quot;camera&quot;:&quot;&quot;,&quot;caption&quot;:&quot;&quot;,&quot;created_timestamp&quot;:&quot;0&quot;,&quot;copyright&quot;:&quot;&quot;,&quot;focal_length&quot;:&quot;0&quot;,&quot;iso&quot;:&quot;0&quot;,&quot;shutter_speed&quot;:&quot;0&quot;,&quot;title&quot;:&quot;&quot;,&quot;orientation&quot;:&quot;1&quot;}\" data-image-title=\"DIREITO-E-ARTE-1\" data-image-description=\"\" data-medium-file=\"https:\/\/blog.univicosa.com.br\/wp-content\/uploads\/2020\/06\/DIREITO-E-ARTE-1-300x169.jpg\" data-large-file=\"https:\/\/blog.univicosa.com.br\/wp-content\/uploads\/2020\/06\/DIREITO-E-ARTE-1-1024x576.jpg\" loading=\"lazy\" width=\"1024\" height=\"576\" src=\"https:\/\/blog.univicosa.com.br\/wp-content\/uploads\/2020\/06\/DIREITO-E-ARTE-1-1024x576.jpg\" alt=\"\" class=\"wp-image-1231\" srcset=\"https:\/\/blog.univicosa.com.br\/wp-content\/uploads\/2020\/06\/DIREITO-E-ARTE-1-1024x576.jpg 1024w, https:\/\/blog.univicosa.com.br\/wp-content\/uploads\/2020\/06\/DIREITO-E-ARTE-1-300x169.jpg 300w, https:\/\/blog.univicosa.com.br\/wp-content\/uploads\/2020\/06\/DIREITO-E-ARTE-1-768x432.jpg 768w, https:\/\/blog.univicosa.com.br\/wp-content\/uploads\/2020\/06\/DIREITO-E-ARTE-1-1000x563.jpg 1000w, https:\/\/blog.univicosa.com.br\/wp-content\/uploads\/2020\/06\/DIREITO-E-ARTE-1-533x300.jpg 533w, https:\/\/blog.univicosa.com.br\/wp-content\/uploads\/2020\/06\/DIREITO-E-ARTE-1.jpg 1920w\" sizes=\"(max-width: 1024px) 100vw, 1024px\" \/><figcaption> S\u00e9rie produzida por alunos do 8\u00ba per\u00edodo do curso de Direito da Univi\u00e7osa, Jos\u00e9 Bruno Aparecida da Silva e Diego de Castro, e orientada pelas docentes \u00c2ngela Barbosa Franco e Maria Antonieta Rigueira. <\/figcaption><\/figure><\/div>\n\n\n\n<p>\u201cA Ca\u00e7a\u201d (2012), filme dirigido por Thomas Vinterberg, \u00e9 uma daquelas obras de dif\u00edcil digest\u00e3o, mas necess\u00e1rias devido \u00e0 import\u00e2ncia da abordagem que fazem de temas complexos e de grande relev\u00e2ncia social. A busca por retratar a realidade de uma forma crua, sem tantos atenuantes, \u00e9 uma marca da filmografia de Vinterberg. Ele, que em 1995 escreveu juntamente com Lars Von Trier o manifesto intitulado Dogma 95, se tornaria um nome seminal deste movimento e do cinema dinamarqu\u00eas como um todo. <\/p>\n\n\n\n<div class=\"wp-block-image\"><figure class=\"aligncenter\"><img data-attachment-id=\"1396\" data-permalink=\"https:\/\/blog.univicosa.com.br\/index.php\/2020\/08\/07\/o-projeto-direito-arte-nasuacasa-traz-reflexoes-opinioes-e-condenacoes-previas-sobre-o-filme-a-caca-de-thomas-vinterberg\/direito-filme\/\" data-orig-file=\"https:\/\/blog.univicosa.com.br\/wp-content\/uploads\/2020\/08\/direito-FILME.png\" data-orig-size=\"500,643\" data-comments-opened=\"1\" data-image-meta=\"{&quot;aperture&quot;:&quot;0&quot;,&quot;credit&quot;:&quot;&quot;,&quot;camera&quot;:&quot;&quot;,&quot;caption&quot;:&quot;&quot;,&quot;created_timestamp&quot;:&quot;0&quot;,&quot;copyright&quot;:&quot;&quot;,&quot;focal_length&quot;:&quot;0&quot;,&quot;iso&quot;:&quot;0&quot;,&quot;shutter_speed&quot;:&quot;0&quot;,&quot;title&quot;:&quot;&quot;,&quot;orientation&quot;:&quot;0&quot;}\" data-image-title=\"direito-FILME\" data-image-description=\"\" data-medium-file=\"https:\/\/blog.univicosa.com.br\/wp-content\/uploads\/2020\/08\/direito-FILME-233x300.png\" data-large-file=\"https:\/\/blog.univicosa.com.br\/wp-content\/uploads\/2020\/08\/direito-FILME.png\" loading=\"lazy\" width=\"500\" height=\"643\" src=\"https:\/\/blog.univicosa.com.br\/wp-content\/uploads\/2020\/08\/direito-FILME.png\" alt=\"\" class=\"wp-image-1396\" srcset=\"https:\/\/blog.univicosa.com.br\/wp-content\/uploads\/2020\/08\/direito-FILME.png 500w, https:\/\/blog.univicosa.com.br\/wp-content\/uploads\/2020\/08\/direito-FILME-233x300.png 233w\" sizes=\"(max-width: 500px) 100vw, 500px\" \/><figcaption>Filme &#8220;A Ca\u00e7a&#8221;, de Thomas Vinterberg<\/figcaption><\/figure><\/div>\n\n\n\n<p>O Dogma 95, movimento\nnascido do manifesto feito por Vinterberg e Trier, propunha uma volta aos\nprim\u00f3rdios do cinema e para tal apresentava regras r\u00edgidas que buscavam ir de\nencontro ao modelo de cinema comercial adotado em Hollywood. Dentre as regras\nestavam, por exemplo, a proibi\u00e7\u00e3o do uso de luz n\u00e3o natural e o uso de trilha\nsonora apenas dieg\u00e9tica (aquela que toca no contexto da cena que est\u00e1 sendo\nfilmada). Estas regras n\u00e3o se limitavam ao aspecto t\u00e9cnico, afetando tamb\u00e9m a\nescolha dos temas abordados e o estilo da narrativa.<\/p>\n\n\n\n<p>Do rigor do Dogma 95, abandonado\npor ambos os cineastas que o idealizaram, \u201cA Ca\u00e7a\u201d herdou apenas a busca por\nretratar a realidade de forma n\u00e3o romanesca ou glamourizada. O seu tema central\n&#8211; uma falsa acusa\u00e7\u00e3o de abuso sexual &#8211; \u00e9, obviamente, indigesto. Definitivamente\nn\u00e3o \u00e9 um filme indicado pra quem busca mera distra\u00e7\u00e3o ou o escapismo\ncaracter\u00edstico do cinema <em>mainstream<\/em>.\nContudo, ser\u00e1 um deleite para quem aprecia grandes atua\u00e7\u00f5es e roteiros que\nfujam dos lugares comuns. <\/p>\n\n\n\n<p>O personagem principal,\nbrilhantemente interpretado pelo ator Mads Mikkelsen\u200e, \u00e9 um professor que passa\na cuidar de crian\u00e7as no jardim da inf\u00e2ncia ap\u00f3s perder seu emprego anterior.\nSua vida vira ao avesso ap\u00f3s ele ser injustamente acusado de ter abusado de uma\ngarotinha, a filha de seu melhor amigo. Na trama, ele \u00e9 a grande v\u00edtima, ele \u00e9\na ca\u00e7a \u00e0 qual o t\u00edtulo do filme faz refer\u00eancia. Os ca\u00e7adores s\u00e3o ex-amigos, ex-colegas\nde trabalho e outros membros da sociedade na qual at\u00e9 ent\u00e3o ele era respeitado\n\u00e9 estimado.<\/p>\n\n\n\n<p>Apesar de n\u00e3o manter o\nseu foco sobre as quest\u00f5es de natureza judicial e passar apenas\nsuperficialmente por algumas das fases do inqu\u00e9rito policial, que se encontra\nem andamento, o filme possui grande relev\u00e2ncia para reflex\u00f5es acerca de temas\nrelacionados ao direito. Dentre uma gama de quest\u00f5es que podem ser discutidas a\npartir de sua narrativa, uma em especial merece destaque: a condena\u00e7\u00e3o pr\u00e9via\nfeita pela opini\u00e3o p\u00fablica; fen\u00f4meno que constitui uma express\u00e3o daquilo que\nScuro Neto (2010) conceitua como justi\u00e7a popular.<\/p>\n\n\n\n<p>Na est\u00f3ria contada, n\u00e3o\nbasta ao personagem provar \u00e0s autoridades que \u00e9 inocente, ele precisa se\nlibertar tamb\u00e9m da reprova\u00e7\u00e3o de seus pr\u00f3prios pares, com o agravante de que,\nneste caso, a aplica\u00e7\u00e3o das penas n\u00e3o sucede a condena\u00e7\u00e3o, ela vem antes, e\nindepende desta \u00faltima, como se n\u00e3o restasse d\u00favidas da responsabilidade pela\nautoria do fato. A opini\u00e3o p\u00fablica constitui um tribunal \u00e0 parte, um tribunal\nque n\u00e3o reconhece garantias, n\u00e3o concede direito ao contradit\u00f3rio e \u00e0 ampla\ndefesa.<\/p>\n\n\n\n<p>\u00c9 interessante notar que\nno intento de punir algu\u00e9m que considera culpado, o indiv\u00edduo, tomado pela \u00e2nsia\nde fazer justi\u00e7a com as pr\u00f3prias m\u00e3os, e de assim corrigir um erro social, acaba\npor cometer novos erros, dando ensejo \u00e0 l\u00f3gica da vingan\u00e7a privada, j\u00e1 abordada\nem um epis\u00f3dio anterior do <em>Direito e Arte\n#NaSuaCasa<\/em>, que faz com que a viol\u00eancia e os erros associados ao seu uso se\nperpetuem no tempo.<\/p>\n\n\n\n<p>O filme e sua narrativa ganham maior import\u00e2ncia em um per\u00edodo em que se tem discutido muito sobre o fen\u00f4meno chamado de \u201ccultura do cancelamento\u201d, que consiste no isolamento nas redes sociais e no mercado de trabalho de personalidades e at\u00e9 de an\u00f4nimos que tenham cometido de erros graves a pequenos deslizes, que, na opini\u00e3o de determinado grupo, sejam considerados merecedores de tal pena. Tal fen\u00f4meno surgido no ambiente web tem provocado mudan\u00e7as significativas fora do mundo virtual, tem feito pessoas e corpora\u00e7\u00f5es repensarem comportamentos e posicionamentos, todavia, h\u00e1 o risco de que, com os julgamentos pr\u00e9vios, injusti\u00e7as sejam cometidas e danos de dif\u00edcil repara\u00e7\u00e3o sejam provocados (SANCHES, 2020).<\/p>\n\n\n\n<p>O tema \u00e9, portanto, atual e merece ser debatido por todos, n\u00e3o s\u00f3 por estudantes e profissionais do direito. Come\u00e7ar este debate com uma sess\u00e3o de <em>A Ca\u00e7a<\/em> \u00e9 uma grande pedida. <\/p>\n\n\n\n<p><strong>Por: estudante Jos\u00e9 Bruno <\/strong><\/p>\n\n\n\n<p>Refer\u00eancias: <\/p>\n\n\n\n<p><strong>A CA\u00c7A<\/strong>. Dire\u00e7\u00e3o: Thomas Vinterberg.\nRoteiro de Thomas Vinterberg e Tobias Lindholm. Produ\u00e7\u00e3o de Zentropa Entertainments,\nZentropa International Sweden e Film i V\u00e4st. Dinamarca\/Su\u00e9cia: California\nFilmes, 2013. 1 DVD.<\/p>\n\n\n\n<p>SANCHES,\nMariana. <strong>O que \u00e9 a &#8216;cultura de\ncancelamento&#8217;<\/strong>. BBC, 25 jul. 2020. Dispon\u00edvel em: &lt; <a href=\"https:\/\/www.bbc.com\/portuguese\/geral-53537542\">https:\/\/www.bbc.com\/portuguese\/geral-53537542<\/a>&gt;. Acesso em:\n02 ago. 2020.<\/p>\n\n\n\n<p>SCURO\nNETO, Pedro. <strong>Sociologia geral e jur\u00eddica<\/strong>.\n7\u00b0 ed.\nS\u00e3o Paulo: Saraiva, 2010.<\/p>\n","protected":false},"excerpt":{"rendered":"<p>\u201cA Ca\u00e7a\u201d (2012), filme dirigido por Thomas Vinterberg, \u00e9 uma daquelas obras de dif\u00edcil digest\u00e3o, mas necess\u00e1rias devido \u00e0 import\u00e2ncia da abordagem que fazem de temas complexos e de grande relev\u00e2ncia social. A busca por retratar a realidade de uma forma crua, sem tantos atenuantes, \u00e9 uma marca da filmografia de Vinterberg. Ele, que em&#8230;<\/p>\n","protected":false},"author":2,"featured_media":0,"comment_status":"open","ping_status":"open","sticky":false,"template":"","format":"standard","meta":{"spay_email":""},"categories":[15],"tags":[],"jetpack_featured_media_url":"","jetpack_shortlink":"https:\/\/wp.me\/pbcCKk-mu","_links":{"self":[{"href":"https:\/\/blog.univicosa.com.br\/index.php\/wp-json\/wp\/v2\/posts\/1394"}],"collection":[{"href":"https:\/\/blog.univicosa.com.br\/index.php\/wp-json\/wp\/v2\/posts"}],"about":[{"href":"https:\/\/blog.univicosa.com.br\/index.php\/wp-json\/wp\/v2\/types\/post"}],"author":[{"embeddable":true,"href":"https:\/\/blog.univicosa.com.br\/index.php\/wp-json\/wp\/v2\/users\/2"}],"replies":[{"embeddable":true,"href":"https:\/\/blog.univicosa.com.br\/index.php\/wp-json\/wp\/v2\/comments?post=1394"}],"version-history":[{"count":1,"href":"https:\/\/blog.univicosa.com.br\/index.php\/wp-json\/wp\/v2\/posts\/1394\/revisions"}],"predecessor-version":[{"id":1397,"href":"https:\/\/blog.univicosa.com.br\/index.php\/wp-json\/wp\/v2\/posts\/1394\/revisions\/1397"}],"wp:attachment":[{"href":"https:\/\/blog.univicosa.com.br\/index.php\/wp-json\/wp\/v2\/media?parent=1394"}],"wp:term":[{"taxonomy":"category","embeddable":true,"href":"https:\/\/blog.univicosa.com.br\/index.php\/wp-json\/wp\/v2\/categories?post=1394"},{"taxonomy":"post_tag","embeddable":true,"href":"https:\/\/blog.univicosa.com.br\/index.php\/wp-json\/wp\/v2\/tags?post=1394"}],"curies":[{"name":"wp","href":"https:\/\/api.w.org\/{rel}","templated":true}]}}