{"id":1369,"date":"2020-08-03T09:28:16","date_gmt":"2020-08-03T12:28:16","guid":{"rendered":"https:\/\/blog.univicosa.com.br\/?p=1369"},"modified":"2021-01-08T09:08:37","modified_gmt":"2021-01-08T12:08:37","slug":"alunas-de-enfermagem-da-univicosa-foram-convocadas-para-atuar-no-enfrentamento-da-covid-19-por-meio-do-programa-brasil-conta-comigo","status":"publish","type":"post","link":"https:\/\/blog.univicosa.com.br\/index.php\/2020\/08\/03\/alunas-de-enfermagem-da-univicosa-foram-convocadas-para-atuar-no-enfrentamento-da-covid-19-por-meio-do-programa-brasil-conta-comigo\/","title":{"rendered":"Alunas de Enfermagem da Univi\u00e7osa foram convocadas para atuar no enfrentamento da COVID-19 por meio do Programa \u201cBrasil Conta Comigo\u201d"},"content":{"rendered":"\n<figure class=\"wp-block-image\"><img data-attachment-id=\"1370\" data-permalink=\"https:\/\/blog.univicosa.com.br\/index.php\/2020\/08\/03\/alunas-de-enfermagem-da-univicosa-foram-convocadas-para-atuar-no-enfrentamento-da-covid-19-por-meio-do-programa-brasil-conta-comigo\/alunas-covid-19\/\" data-orig-file=\"https:\/\/blog.univicosa.com.br\/wp-content\/uploads\/2020\/08\/ALUNAS-COVID-19.jpg\" data-orig-size=\"1080,1080\" data-comments-opened=\"1\" data-image-meta=\"{&quot;aperture&quot;:&quot;0&quot;,&quot;credit&quot;:&quot;&quot;,&quot;camera&quot;:&quot;&quot;,&quot;caption&quot;:&quot;&quot;,&quot;created_timestamp&quot;:&quot;0&quot;,&quot;copyright&quot;:&quot;&quot;,&quot;focal_length&quot;:&quot;0&quot;,&quot;iso&quot;:&quot;0&quot;,&quot;shutter_speed&quot;:&quot;0&quot;,&quot;title&quot;:&quot;&quot;,&quot;orientation&quot;:&quot;1&quot;}\" data-image-title=\"ALUNAS-COVID-19\" data-image-description=\"\" data-medium-file=\"https:\/\/blog.univicosa.com.br\/wp-content\/uploads\/2020\/08\/ALUNAS-COVID-19-300x300.jpg\" data-large-file=\"https:\/\/blog.univicosa.com.br\/wp-content\/uploads\/2020\/08\/ALUNAS-COVID-19-1024x1024.jpg\" loading=\"lazy\" width=\"1024\" height=\"1024\" src=\"https:\/\/blog.univicosa.com.br\/wp-content\/uploads\/2020\/08\/ALUNAS-COVID-19-1024x1024.jpg\" alt=\"\" class=\"wp-image-1370\" srcset=\"https:\/\/blog.univicosa.com.br\/wp-content\/uploads\/2020\/08\/ALUNAS-COVID-19-1024x1024.jpg 1024w, https:\/\/blog.univicosa.com.br\/wp-content\/uploads\/2020\/08\/ALUNAS-COVID-19-150x150.jpg 150w, https:\/\/blog.univicosa.com.br\/wp-content\/uploads\/2020\/08\/ALUNAS-COVID-19-300x300.jpg 300w, https:\/\/blog.univicosa.com.br\/wp-content\/uploads\/2020\/08\/ALUNAS-COVID-19-768x768.jpg 768w, https:\/\/blog.univicosa.com.br\/wp-content\/uploads\/2020\/08\/ALUNAS-COVID-19-85x85.jpg 85w, https:\/\/blog.univicosa.com.br\/wp-content\/uploads\/2020\/08\/ALUNAS-COVID-19-1000x1000.jpg 1000w, https:\/\/blog.univicosa.com.br\/wp-content\/uploads\/2020\/08\/ALUNAS-COVID-19.jpg 1080w\" sizes=\"(max-width: 1024px) 100vw, 1024px\" \/><figcaption>Alunas Fernanda Amaral e Ros\u00e2ngela Santana atuando no Hospital Gavazza, no munic\u00edpio de Ponte Nova &#8211; MG <\/figcaption><\/figure>\n\n\n\n<p>Uma das medidas adotadas pelo Governo Federal brasileiro\npara o enfrentamento da pandemia no pa\u00eds foi o Programa \u201cBrasil Conta Comigo\u201d,\nque convoca estudantes da \u00e1rea da sa\u00fade que estejam cursando o \u00faltimo ano da\ngradua\u00e7\u00e3o. Os alvos s\u00e3o graduandos de Medicina, Enfermagem, Fisioterapia e\nFarm\u00e1cia. <\/p>\n\n\n\n<p>Com esta proposta do Minist\u00e9rio da Sa\u00fade, que est\u00e1 m vigor desde\no m\u00eas de abril, o maior objetivo \u00e9 atuar de modo intensivo no enfrentamento da\nCOVID-19 no pa\u00eds, proporcionando um refor\u00e7o maior ao Sistema \u00danico de Sa\u00fade\n(SUS). A convoca\u00e7\u00e3o tempor\u00e1ria atua principalmente em \u00e1reas mais distantes e\ncom sistemas prec\u00e1rios de sa\u00fade, como comunidades ribeirinhas e comunidades\nremanescentes de quilombos. <\/p>\n\n\n\n<p>Al\u00e9m de ajudar o pa\u00eds no combate de uma doen\u00e7a t\u00e3o perigosa\ne fatal, os estudantes tamb\u00e9m receber\u00e3o bonifica\u00e7\u00f5es: reconhecimento de est\u00e1gio\nsupervisionado, pontua\u00e7\u00e3o em programas de resid\u00eancia e pagamento de bolsas de\nestudo. <\/p>\n\n\n\n<p><strong>As alunas convocadas <\/strong><\/p>\n\n\n\n<p>Duas alunas do curso de Enfermagem da Univi\u00e7osa foram\nselecionadas para o Programa e est\u00e3o atuando no Hospital Arnaldo Gavazza, no\nmunic\u00edpio de Ponte Nova \u2013 MG. <\/p>\n\n\n\n<p>A estudante <strong>Fernanda\nAmaral<\/strong>, que est\u00e1 cursando o \u00faltimo ano do curso, deixou o seu depoimento\nsobre como tem sido a sua experi\u00eancia e o qu\u00e3o gratificante \u00e9 poder contribuir\ncom a intensifica\u00e7\u00e3o do combate \u00e0 pandemia:<\/p>\n\n\n\n<p>\u201cO programa \u2018Brasil Conte Comigo\u2019 facilitou muito para n\u00f3s\nestudantes realizarmos nosso est\u00e1gio nesta \u00e9poca t\u00e3o dif\u00edcil para o mundo.\nHoje, digo que atuar no combate \u00e0 COVID-19 tem sido uma experi\u00eancia \u00fanica! O\nest\u00e1gio trouxe significativas contribui\u00e7\u00f5es para o nosso saber e foi uma\npossibilidade de amadurecimento tanto pessoal quanto profissional. S\u00f3 quero\nagradecer ao hospital Arnaldo Gavazza pela oportunidade. \u00c0 equipe de Enfermagem,\n\u00e0 minha supervisora Josilene, aos colaboradores da recep\u00e7\u00e3o e da farm\u00e1cia do Pronto\nSocorro, e \u00e0 Sabrina do servi\u00e7o geral, muito obrigada pela recep\u00e7\u00e3o\u201d.&nbsp; <\/p>\n\n\n\n<p>A estudante <strong>Ros\u00e2ngela\nSantana<\/strong>, tamb\u00e9m do \u00faltimo per\u00edodo, deixou o seu depoimento:<\/p>\n\n\n\n<p>&#8220;Estamos enfrentando uma pandemia na qual o\nconhecimento faz toda a diferen\u00e7a. Poder participar deste momento a fim de\nsalvar vidas e combater a doen\u00e7a tem sido uma grande forma de aprendizado e\nfundamental para o meu crescimento profissional\u201d.<\/p>\n\n\n\n<p>Ver os nossos estudantes atuando na linha de frente para\namenizar os efeitos da pandemia e salvar vidas \u00e9, no m\u00ednimo, um orgulho e uma\ngrande satisfa\u00e7\u00e3o. <\/p>\n\n\n\n<p>A Univi\u00e7osa parabeniza as alunas pela forma\u00e7\u00e3o, pela sele\u00e7\u00e3o\ne pela coragem! Acreditamos veemente que a pandemia s\u00f3 ter\u00e1 fim porque os\nprofissionais da sa\u00fade e pesquisadores da \u00e1rea t\u00eam trabalho de forma ass\u00eddua e\nfocada em salvar vidas. <\/p>\n","protected":false},"excerpt":{"rendered":"<p>Uma das medidas adotadas pelo Governo Federal brasileiro para o enfrentamento da pandemia no pa\u00eds foi o Programa \u201cBrasil Conta Comigo\u201d, que convoca estudantes da \u00e1rea da sa\u00fade que estejam cursando o \u00faltimo ano da gradua\u00e7\u00e3o. Os alvos s\u00e3o graduandos de Medicina, Enfermagem, Fisioterapia e Farm\u00e1cia. Com esta proposta do Minist\u00e9rio da Sa\u00fade, que est\u00e1&#8230;<\/p>\n","protected":false},"author":2,"featured_media":0,"comment_status":"open","ping_status":"open","sticky":false,"template":"","format":"standard","meta":{"spay_email":""},"categories":[16],"tags":[],"jetpack_featured_media_url":"","jetpack_shortlink":"https:\/\/wp.me\/pbcCKk-m5","_links":{"self":[{"href":"https:\/\/blog.univicosa.com.br\/index.php\/wp-json\/wp\/v2\/posts\/1369"}],"collection":[{"href":"https:\/\/blog.univicosa.com.br\/index.php\/wp-json\/wp\/v2\/posts"}],"about":[{"href":"https:\/\/blog.univicosa.com.br\/index.php\/wp-json\/wp\/v2\/types\/post"}],"author":[{"embeddable":true,"href":"https:\/\/blog.univicosa.com.br\/index.php\/wp-json\/wp\/v2\/users\/2"}],"replies":[{"embeddable":true,"href":"https:\/\/blog.univicosa.com.br\/index.php\/wp-json\/wp\/v2\/comments?post=1369"}],"version-history":[{"count":1,"href":"https:\/\/blog.univicosa.com.br\/index.php\/wp-json\/wp\/v2\/posts\/1369\/revisions"}],"predecessor-version":[{"id":1371,"href":"https:\/\/blog.univicosa.com.br\/index.php\/wp-json\/wp\/v2\/posts\/1369\/revisions\/1371"}],"wp:attachment":[{"href":"https:\/\/blog.univicosa.com.br\/index.php\/wp-json\/wp\/v2\/media?parent=1369"}],"wp:term":[{"taxonomy":"category","embeddable":true,"href":"https:\/\/blog.univicosa.com.br\/index.php\/wp-json\/wp\/v2\/categories?post=1369"},{"taxonomy":"post_tag","embeddable":true,"href":"https:\/\/blog.univicosa.com.br\/index.php\/wp-json\/wp\/v2\/tags?post=1369"}],"curies":[{"name":"wp","href":"https:\/\/api.w.org\/{rel}","templated":true}]}}