{"id":1359,"date":"2020-07-31T10:41:02","date_gmt":"2020-07-31T13:41:02","guid":{"rendered":"https:\/\/blog.univicosa.com.br\/?p=1359"},"modified":"2021-01-08T09:14:42","modified_gmt":"2021-01-08T12:14:42","slug":"funcoes-administrativas-pilares-importantes-para-sua-empresa","status":"publish","type":"post","link":"https:\/\/blog.univicosa.com.br\/index.php\/2020\/07\/31\/funcoes-administrativas-pilares-importantes-para-sua-empresa\/","title":{"rendered":"Fun\u00e7\u00f5es administrativas: pilares importantes que todos aspirantes \u00e0 Administra\u00e7\u00e3o precisam conhecer"},"content":{"rendered":"\n<p><\/p>\n\n\n\n<figure class=\"wp-block-image\"><img data-attachment-id=\"1364\" data-permalink=\"https:\/\/blog.univicosa.com.br\/index.php\/2020\/07\/31\/funcoes-administrativas-pilares-importantes-para-sua-empresa\/tumb\/\" data-orig-file=\"https:\/\/blog.univicosa.com.br\/wp-content\/uploads\/2020\/07\/tumb.jpg\" data-orig-size=\"1080,1080\" data-comments-opened=\"1\" data-image-meta=\"{&quot;aperture&quot;:&quot;0&quot;,&quot;credit&quot;:&quot;&quot;,&quot;camera&quot;:&quot;&quot;,&quot;caption&quot;:&quot;&quot;,&quot;created_timestamp&quot;:&quot;0&quot;,&quot;copyright&quot;:&quot;&quot;,&quot;focal_length&quot;:&quot;0&quot;,&quot;iso&quot;:&quot;0&quot;,&quot;shutter_speed&quot;:&quot;0&quot;,&quot;title&quot;:&quot;&quot;,&quot;orientation&quot;:&quot;1&quot;}\" data-image-title=\"tumb\" data-image-description=\"\" data-medium-file=\"https:\/\/blog.univicosa.com.br\/wp-content\/uploads\/2020\/07\/tumb-300x300.jpg\" data-large-file=\"https:\/\/blog.univicosa.com.br\/wp-content\/uploads\/2020\/07\/tumb-1024x1024.jpg\" loading=\"lazy\" width=\"1024\" height=\"1024\" src=\"https:\/\/blog.univicosa.com.br\/wp-content\/uploads\/2020\/07\/tumb-1024x1024.jpg\" alt=\"\" class=\"wp-image-1364\" srcset=\"https:\/\/blog.univicosa.com.br\/wp-content\/uploads\/2020\/07\/tumb-1024x1024.jpg 1024w, https:\/\/blog.univicosa.com.br\/wp-content\/uploads\/2020\/07\/tumb-150x150.jpg 150w, https:\/\/blog.univicosa.com.br\/wp-content\/uploads\/2020\/07\/tumb-300x300.jpg 300w, https:\/\/blog.univicosa.com.br\/wp-content\/uploads\/2020\/07\/tumb-768x768.jpg 768w, https:\/\/blog.univicosa.com.br\/wp-content\/uploads\/2020\/07\/tumb-85x85.jpg 85w, https:\/\/blog.univicosa.com.br\/wp-content\/uploads\/2020\/07\/tumb-1000x1000.jpg 1000w, https:\/\/blog.univicosa.com.br\/wp-content\/uploads\/2020\/07\/tumb.jpg 1080w\" sizes=\"(max-width: 1024px) 100vw, 1024px\" \/><\/figure>\n\n\n\n<p> A express\u00e3o PODC &#8211; planejamento, organiza\u00e7\u00e3o, dire\u00e7\u00e3o e controle &#8211; t\u00eam origem na Teoria Neocl\u00e1ssica, de Peter Drucker. O conceito compreende um grande universo de a\u00e7\u00f5es que o gestor deve tomar para manter a organiza\u00e7\u00e3o no rumo certo.<\/p>\n\n\n\n<p><br>Os alunos do curso de Administra\u00e7\u00e3o da Univi\u00e7osa, J\u00falio Cezar, Milene Freitas, Gabriel Rezende e Jacimara Floresta entraram na onda tiktoker (arrasarammm, n\u00e9?) para mostrar para voc\u00eas quais s\u00e3o as fun\u00e7\u00f5es b\u00e1sicas da Administra\u00e7\u00e3o.<\/p>\n\n\n\n<p><br><strong>Saiba o conceito acerca de cada uma das a\u00e7\u00f5es:<\/strong><\/p>\n\n\n\n<p><strong>Planejar<\/strong> &#8211; significa estabelecer os objetivos da empresa e por quais caminhos se chegar\u00e1 a eles.<\/p>\n\n\n\n<p><br><strong>Organizar <\/strong>&#8211; colocar em pr\u00e1tica tudo aquilo que foi planejado,  organizando os recursos dispon\u00edveis na empresa.<\/p>\n\n\n\n<p><br><strong>Dirigir <\/strong>&#8211; significa liderar. Ou seja, a capacidade de mobilizar os recursos humanos para que os resultados desejados sejam alcan\u00e7ados.<\/p>\n\n\n\n<p><br><strong>Controlar <\/strong>&#8211; envolve a cria\u00e7\u00e3o de padr\u00f5es de desempenho, medi\u00e7\u00e3o do desempenho atual, a compara\u00e7\u00e3o entre o desempenho padr\u00e3o e o atual e as poss\u00edveis a\u00e7\u00f5es corretivas para redirecionar os esfor\u00e7os no caminho dos objetivos inicialmente tra\u00e7ados.<\/p>\n\n\n\n<p><\/p>\n","protected":false},"excerpt":{"rendered":"<p>A express\u00e3o PODC &#8211; planejamento, organiza\u00e7\u00e3o, dire\u00e7\u00e3o e controle &#8211; t\u00eam origem na Teoria Neocl\u00e1ssica, de Peter Drucker. O conceito compreende um grande universo de a\u00e7\u00f5es que o gestor deve tomar para manter a organiza\u00e7\u00e3o no rumo certo. Os alunos do curso de Administra\u00e7\u00e3o da Univi\u00e7osa, J\u00falio Cezar, Milene Freitas, Gabriel Rezende e Jacimara Floresta&#8230;<\/p>\n","protected":false},"author":2,"featured_media":0,"comment_status":"open","ping_status":"open","sticky":false,"template":"","format":"standard","meta":{"spay_email":""},"categories":[15],"tags":[],"jetpack_featured_media_url":"","jetpack_shortlink":"https:\/\/wp.me\/pbcCKk-lV","_links":{"self":[{"href":"https:\/\/blog.univicosa.com.br\/index.php\/wp-json\/wp\/v2\/posts\/1359"}],"collection":[{"href":"https:\/\/blog.univicosa.com.br\/index.php\/wp-json\/wp\/v2\/posts"}],"about":[{"href":"https:\/\/blog.univicosa.com.br\/index.php\/wp-json\/wp\/v2\/types\/post"}],"author":[{"embeddable":true,"href":"https:\/\/blog.univicosa.com.br\/index.php\/wp-json\/wp\/v2\/users\/2"}],"replies":[{"embeddable":true,"href":"https:\/\/blog.univicosa.com.br\/index.php\/wp-json\/wp\/v2\/comments?post=1359"}],"version-history":[{"count":4,"href":"https:\/\/blog.univicosa.com.br\/index.php\/wp-json\/wp\/v2\/posts\/1359\/revisions"}],"predecessor-version":[{"id":1409,"href":"https:\/\/blog.univicosa.com.br\/index.php\/wp-json\/wp\/v2\/posts\/1359\/revisions\/1409"}],"wp:attachment":[{"href":"https:\/\/blog.univicosa.com.br\/index.php\/wp-json\/wp\/v2\/media?parent=1359"}],"wp:term":[{"taxonomy":"category","embeddable":true,"href":"https:\/\/blog.univicosa.com.br\/index.php\/wp-json\/wp\/v2\/categories?post=1359"},{"taxonomy":"post_tag","embeddable":true,"href":"https:\/\/blog.univicosa.com.br\/index.php\/wp-json\/wp\/v2\/tags?post=1359"}],"curies":[{"name":"wp","href":"https:\/\/api.w.org\/{rel}","templated":true}]}}