{"id":1353,"date":"2020-07-31T08:59:20","date_gmt":"2020-07-31T11:59:20","guid":{"rendered":"https:\/\/blog.univicosa.com.br\/?p=1353"},"modified":"2021-01-08T09:14:49","modified_gmt":"2021-01-08T12:14:49","slug":"o-projeto-direito-arte-nasuacasa-traz-reflexoes-sobre-o-livro-e-isto-um-homem-de-primo-levi","status":"publish","type":"post","link":"https:\/\/blog.univicosa.com.br\/index.php\/2020\/07\/31\/o-projeto-direito-arte-nasuacasa-traz-reflexoes-sobre-o-livro-e-isto-um-homem-de-primo-levi\/","title":{"rendered":"O projeto Direito &#038; Arte #NaSuaCasa traz reflex\u00f5es sobre o livro &#8220;\u00c9 isto um homem?&#8221;, de Primo Levi."},"content":{"rendered":"\n<figure class=\"wp-block-image\"><img data-attachment-id=\"1231\" data-permalink=\"https:\/\/blog.univicosa.com.br\/index.php\/2020\/06\/26\/o-projeto-direito-arte-nasuacasa-traz-reflexoes-sobre-a-serie-hoje-e-dia-de-maria\/direito-e-arte-1\/\" data-orig-file=\"https:\/\/blog.univicosa.com.br\/wp-content\/uploads\/2020\/06\/DIREITO-E-ARTE-1.jpg\" data-orig-size=\"1920,1080\" data-comments-opened=\"1\" data-image-meta=\"{&quot;aperture&quot;:&quot;0&quot;,&quot;credit&quot;:&quot;&quot;,&quot;camera&quot;:&quot;&quot;,&quot;caption&quot;:&quot;&quot;,&quot;created_timestamp&quot;:&quot;0&quot;,&quot;copyright&quot;:&quot;&quot;,&quot;focal_length&quot;:&quot;0&quot;,&quot;iso&quot;:&quot;0&quot;,&quot;shutter_speed&quot;:&quot;0&quot;,&quot;title&quot;:&quot;&quot;,&quot;orientation&quot;:&quot;1&quot;}\" data-image-title=\"DIREITO-E-ARTE-1\" data-image-description=\"\" data-medium-file=\"https:\/\/blog.univicosa.com.br\/wp-content\/uploads\/2020\/06\/DIREITO-E-ARTE-1-300x169.jpg\" data-large-file=\"https:\/\/blog.univicosa.com.br\/wp-content\/uploads\/2020\/06\/DIREITO-E-ARTE-1-1024x576.jpg\" loading=\"lazy\" width=\"1024\" height=\"576\" src=\"https:\/\/blog.univicosa.com.br\/wp-content\/uploads\/2020\/06\/DIREITO-E-ARTE-1-1024x576.jpg\" alt=\"\" class=\"wp-image-1231\" srcset=\"https:\/\/blog.univicosa.com.br\/wp-content\/uploads\/2020\/06\/DIREITO-E-ARTE-1-1024x576.jpg 1024w, https:\/\/blog.univicosa.com.br\/wp-content\/uploads\/2020\/06\/DIREITO-E-ARTE-1-300x169.jpg 300w, https:\/\/blog.univicosa.com.br\/wp-content\/uploads\/2020\/06\/DIREITO-E-ARTE-1-768x432.jpg 768w, https:\/\/blog.univicosa.com.br\/wp-content\/uploads\/2020\/06\/DIREITO-E-ARTE-1-1000x563.jpg 1000w, https:\/\/blog.univicosa.com.br\/wp-content\/uploads\/2020\/06\/DIREITO-E-ARTE-1-533x300.jpg 533w, https:\/\/blog.univicosa.com.br\/wp-content\/uploads\/2020\/06\/DIREITO-E-ARTE-1.jpg 1920w\" sizes=\"(max-width: 1024px) 100vw, 1024px\" \/><figcaption> S\u00e9rie produzida por alunos do 8\u00ba per\u00edodo do curso de Direito da Univi\u00e7osa, Jos\u00e9 Bruno Aparecida da Silva e Diego de Castro, e orientada pelas docentes \u00c2ngela Barbosa Franco e Maria Antonieta Rigueira.<\/figcaption><\/figure>\n\n\n\n<p>Em 1944, aos 24 anos, o Primo Levi, um judeu italiano com forma\u00e7\u00e3o superior em Qu\u00edmica, foi enviado, juntamente com outros 650 judeus italianos, ao campo de exterm\u00ednio de Auschwitz. Dentre os homens, mulheres e crian\u00e7as, apenas tr\u00eas sobreviveram e deixaram aquela realidade desastrosa em 1945. Primo Levi foi um deles. <\/p>\n\n\n\n<p>J\u00e1 no ano de 1947 publicou &#8220;<strong>\u00c9 isto um homem?<\/strong>&#8221; a partir da necessidade de revelar sua viv\u00eancia dentro do campo de concentra\u00e7\u00e3o e de transportar os leitores para o que l\u00e1 passou. O livro \u00e9 um tratado sensorial sobre o Holocausto e um estudo profundo da alma humana em condi\u00e7\u00f5es das mais degradantes e desumanas. <\/p>\n\n\n\n<div class=\"wp-block-image\"><figure class=\"aligncenter is-resized\"><img data-attachment-id=\"1355\" data-permalink=\"https:\/\/blog.univicosa.com.br\/index.php\/2020\/07\/31\/o-projeto-direito-arte-nasuacasa-traz-reflexoes-sobre-o-livro-e-isto-um-homem-de-primo-levi\/e-isto-homem\/\" data-orig-file=\"https:\/\/blog.univicosa.com.br\/wp-content\/uploads\/2020\/07\/\u00c9-ISTO-HOMEM.jpg\" data-orig-size=\"750,1096\" data-comments-opened=\"1\" data-image-meta=\"{&quot;aperture&quot;:&quot;0&quot;,&quot;credit&quot;:&quot;&quot;,&quot;camera&quot;:&quot;&quot;,&quot;caption&quot;:&quot;&quot;,&quot;created_timestamp&quot;:&quot;0&quot;,&quot;copyright&quot;:&quot;&quot;,&quot;focal_length&quot;:&quot;0&quot;,&quot;iso&quot;:&quot;0&quot;,&quot;shutter_speed&quot;:&quot;0&quot;,&quot;title&quot;:&quot;&quot;,&quot;orientation&quot;:&quot;0&quot;}\" data-image-title=\"\u00c9-ISTO-HOMEM\" data-image-description=\"\" data-medium-file=\"https:\/\/blog.univicosa.com.br\/wp-content\/uploads\/2020\/07\/\u00c9-ISTO-HOMEM-205x300.jpg\" data-large-file=\"https:\/\/blog.univicosa.com.br\/wp-content\/uploads\/2020\/07\/\u00c9-ISTO-HOMEM-701x1024.jpg\" loading=\"lazy\" src=\"https:\/\/blog.univicosa.com.br\/wp-content\/uploads\/2020\/07\/\u00c9-ISTO-HOMEM-701x1024.jpg\" alt=\"\" class=\"wp-image-1355\" width=\"217\" height=\"318\" srcset=\"https:\/\/blog.univicosa.com.br\/wp-content\/uploads\/2020\/07\/\u00c9-ISTO-HOMEM-701x1024.jpg 701w, https:\/\/blog.univicosa.com.br\/wp-content\/uploads\/2020\/07\/\u00c9-ISTO-HOMEM-205x300.jpg 205w, https:\/\/blog.univicosa.com.br\/wp-content\/uploads\/2020\/07\/\u00c9-ISTO-HOMEM.jpg 750w\" sizes=\"(max-width: 217px) 100vw, 217px\" \/><figcaption><em>Capa do livro &#8220;\u00c9 isto um homem?&#8221;<\/em><\/figcaption><\/figure><\/div>\n\n\n\n<p>O livro come\u00e7a com um contundente poema (sim, Levi tamb\u00e9m era um poeta!), no qual \u00e9 feita uma compara\u00e7\u00e3o entre dois modos de viver: o das pessoas livres e o das cativas. Essa dicotomia permeia todo o livro e permite in\u00fameras discuss\u00f5es filos\u00f3ficas sobre a relativiza\u00e7\u00e3o da \u00e9tica e da moral (bem x mal; certo x errado) em situa\u00e7\u00f5es e circunst\u00e2ncias extremas de fome, frio, cansa\u00e7o, dor e opress\u00e3o.<\/p>\n\n\n\n<p>O livro n\u00e3o \u00e9, nem de longe, um manifesto de \u00f3dio aos alem\u00e3es e ao nazismo, muito menos um relato heroico de um sobrevivente. \u00c9 muito mais tocante, muito mais intenso, muito mais humano! Por isso, em muitas passagens, \u00e9 preciso parar e tomar f\u00f4lego, para em seguida retomar a leitura e se transportar novamente para outro tempo, outro espa\u00e7o e confrontar os fantasmas que, para todo o sempre, v\u00e3o assombrar a hist\u00f3ria da humanidade. <\/p>\n\n\n\n<p>N\u00e3o se trata de descrever o horror pelo horror. Primo Levi desnuda, magistralmente, o mecanismo de desumaniza\u00e7\u00e3o dos judeus levado a efeito pelo Reich e que tornou poss\u00edvel o Holocausto. Foi-lhes imposto um deslocamento for\u00e7ado de suas terras e de suas casas, retiraram-lhe seus bens e objetos pessoais (at\u00e9 os sapatos!), substitu\u00edram-lhes os nomes por n\u00fameros, cortaram seus cabelos, negaram seu direito \u00e0 fala (se falassem, n\u00e3o eram ouvidos; se ouvidos n\u00e3o eram compreendidos), transformaram-lhes em <em>haftlinge<\/em> (prisioneiros, em alem\u00e3o). <\/p>\n\n\n\n<p>Assim, totalmente desprovidos de racionalidade e compreens\u00e3o e esvaziados de qualquer esperan\u00e7a, seguiam, dia ap\u00f3s dia, noite ap\u00f3s noite, esses inv\u00f3lucros de homens (da\u00ed a pergunta que d\u00e1 o t\u00edtulo ao livro) para as f\u00e1bricas e campos de trabalho for\u00e7ados ou para as c\u00e2maras de g\u00e1s, para morrerem \u201cmortes an\u00f4nimas\u201d. <\/p>\n\n\n\n<p>Assim, a sobreviv\u00eancia n\u00e3o se limitava ao corpo&#8230; Era preciso manter viva a personalidade, a alma, o esp\u00edrito e tudo o mais que lhes rememorava a consci\u00eancia de que ainda eram humanos, apesar de tudo, apesar de todos. <\/p>\n\n\n\n<p>Este livro j\u00e1 entrou na lista dos meus favoritos. Duas outras obras de Primo Levi, falecido em 1987, e que tamb\u00e9m tratam da viv\u00eancia da Guerra na pr\u00f3pria pele, em breve ser\u00e3o lidas: &#8220;Sobreviventes e Afogados&#8221; e &#8220;A tr\u00e9gua&#8221;. Primo Levi foi um destes seres humanos diferenciados e &#8220;\u00c9 isto um homem?&#8221;, um livro essencial e sempre atual, para que nunca nos esque\u00e7amos que o Direito muitas vezes \u00e9 utilizado para o cometimento das mais diversas atrocidades!!!<\/p>\n\n\n\n<p>Importante tamb\u00e9m a leitura de &#8220;O fascismo eterno de Umberto Eco&#8221;. O livro \u00e9 a transcri\u00e7\u00e3o de uma confer\u00eancia que ele proferiu em ingl\u00eas, na Universidade de Columbia, em abril de 1995, logo ap\u00f3s os atentados ocorridos em Oklahoma. Ele identifica e enumera quatorze caracter\u00edsticas daquilo que ele denomina de \u201cUr Fascismo\u201d ou \u201cFascismo Eterno\u201d e demonstra que a nuvem totalit\u00e1ria est\u00e1 sempre a pairar sobre n\u00f3s e a qualquer momento pode chover e nos inundar, a exemplo do que j\u00e1 ocorreu no passado.<\/p>\n\n\n\n<p><strong>Por: Maria Antonieta Rigueira Leal Gurgel<\/strong><\/p>\n\n\n\n<p><strong>BIBLIOGRAFIA:<\/strong><\/p>\n\n\n\n<p>Eco,\nUmberto. <strong>O Fascismo Eterno<\/strong>. Rio de\nJaneiro: Record, 2018.<\/p>\n\n\n\n<p>Levi,\nPrimo. <strong>\u00c9 isto um homem?<\/strong> S\u00e3o Paulo:\nRocco, 2013.<\/p>\n\n\n\n<p>_________.\n<strong>A tr\u00e9gua<\/strong>. S\u00e3o Paulo: Companhia das\nLetras, 2010.<\/p>\n\n\n\n<p>_________.\n<strong>Os afogados e os sobreviventes<\/strong>: os\ndelitos, os castigos, as penas, as impunidades. S\u00e3o Paulo: Paz e Terra, 2016.<\/p>\n","protected":false},"excerpt":{"rendered":"<p>Em 1944, aos 24 anos, o Primo Levi, um judeu italiano com forma\u00e7\u00e3o superior em Qu\u00edmica, foi enviado, juntamente com outros 650 judeus italianos, ao campo de exterm\u00ednio de Auschwitz. Dentre os homens, mulheres e crian\u00e7as, apenas tr\u00eas sobreviveram e deixaram aquela realidade desastrosa em 1945. Primo Levi foi um deles. J\u00e1 no ano de&#8230;<\/p>\n","protected":false},"author":2,"featured_media":0,"comment_status":"open","ping_status":"open","sticky":false,"template":"","format":"standard","meta":{"spay_email":""},"categories":[15],"tags":[],"jetpack_featured_media_url":"","jetpack_shortlink":"https:\/\/wp.me\/pbcCKk-lP","_links":{"self":[{"href":"https:\/\/blog.univicosa.com.br\/index.php\/wp-json\/wp\/v2\/posts\/1353"}],"collection":[{"href":"https:\/\/blog.univicosa.com.br\/index.php\/wp-json\/wp\/v2\/posts"}],"about":[{"href":"https:\/\/blog.univicosa.com.br\/index.php\/wp-json\/wp\/v2\/types\/post"}],"author":[{"embeddable":true,"href":"https:\/\/blog.univicosa.com.br\/index.php\/wp-json\/wp\/v2\/users\/2"}],"replies":[{"embeddable":true,"href":"https:\/\/blog.univicosa.com.br\/index.php\/wp-json\/wp\/v2\/comments?post=1353"}],"version-history":[{"count":1,"href":"https:\/\/blog.univicosa.com.br\/index.php\/wp-json\/wp\/v2\/posts\/1353\/revisions"}],"predecessor-version":[{"id":1358,"href":"https:\/\/blog.univicosa.com.br\/index.php\/wp-json\/wp\/v2\/posts\/1353\/revisions\/1358"}],"wp:attachment":[{"href":"https:\/\/blog.univicosa.com.br\/index.php\/wp-json\/wp\/v2\/media?parent=1353"}],"wp:term":[{"taxonomy":"category","embeddable":true,"href":"https:\/\/blog.univicosa.com.br\/index.php\/wp-json\/wp\/v2\/categories?post=1353"},{"taxonomy":"post_tag","embeddable":true,"href":"https:\/\/blog.univicosa.com.br\/index.php\/wp-json\/wp\/v2\/tags?post=1353"}],"curies":[{"name":"wp","href":"https:\/\/api.w.org\/{rel}","templated":true}]}}