{"id":1339,"date":"2020-07-29T08:16:42","date_gmt":"2020-07-29T11:16:42","guid":{"rendered":"https:\/\/blog.univicosa.com.br\/?p=1339"},"modified":"2021-01-08T09:15:13","modified_gmt":"2021-01-08T12:15:13","slug":"cuide-se-seu-corpo-relacao-entre-obesidade-e-covid-19","status":"publish","type":"post","link":"https:\/\/blog.univicosa.com.br\/index.php\/2020\/07\/29\/cuide-se-seu-corpo-relacao-entre-obesidade-e-covid-19\/","title":{"rendered":"Cuide se seu corpo: rela\u00e7\u00e3o entre obesidade e COVID-19"},"content":{"rendered":"\n<p>Por: Luciana Marques Vieira, docente do curso de Nutri\u00e7\u00e3o. <\/p>\n\n\n\n<figure class=\"wp-block-image\"><img data-attachment-id=\"1340\" data-permalink=\"https:\/\/blog.univicosa.com.br\/index.php\/2020\/07\/29\/cuide-se-seu-corpo-relacao-entre-obesidade-e-covid-19\/sa\/\" data-orig-file=\"https:\/\/blog.univicosa.com.br\/wp-content\/uploads\/2020\/07\/sa.jpg\" data-orig-size=\"670,664\" data-comments-opened=\"1\" data-image-meta=\"{&quot;aperture&quot;:&quot;0&quot;,&quot;credit&quot;:&quot;Usuario&quot;,&quot;camera&quot;:&quot;&quot;,&quot;caption&quot;:&quot;&quot;,&quot;created_timestamp&quot;:&quot;1596010325&quot;,&quot;copyright&quot;:&quot;&quot;,&quot;focal_length&quot;:&quot;0&quot;,&quot;iso&quot;:&quot;0&quot;,&quot;shutter_speed&quot;:&quot;0&quot;,&quot;title&quot;:&quot;&quot;,&quot;orientation&quot;:&quot;0&quot;}\" data-image-title=\"sa\" data-image-description=\"\" data-medium-file=\"https:\/\/blog.univicosa.com.br\/wp-content\/uploads\/2020\/07\/sa-300x297.jpg\" data-large-file=\"https:\/\/blog.univicosa.com.br\/wp-content\/uploads\/2020\/07\/sa.jpg\" loading=\"lazy\" width=\"670\" height=\"664\" src=\"https:\/\/blog.univicosa.com.br\/wp-content\/uploads\/2020\/07\/sa.jpg\" alt=\"\" class=\"wp-image-1340\" srcset=\"https:\/\/blog.univicosa.com.br\/wp-content\/uploads\/2020\/07\/sa.jpg 670w, https:\/\/blog.univicosa.com.br\/wp-content\/uploads\/2020\/07\/sa-150x150.jpg 150w, https:\/\/blog.univicosa.com.br\/wp-content\/uploads\/2020\/07\/sa-300x297.jpg 300w, https:\/\/blog.univicosa.com.br\/wp-content\/uploads\/2020\/07\/sa-85x85.jpg 85w, https:\/\/blog.univicosa.com.br\/wp-content\/uploads\/2020\/07\/sa-303x300.jpg 303w\" sizes=\"(max-width: 670px) 100vw, 670px\" \/><\/figure>\n\n\n\n<p>Falar de obesidade vai muito al\u00e9m de falar de um padr\u00e3o de beleza imposto pela sociedade e de est\u00e9tica. Falar de obesidade \u00e9 falar de qualidade de vida. Falar de obesidade \u00e9 falar de sa\u00fade. \u2063<br>\u2063<br>A obesidade \u00e9 uma doen\u00e7a cr\u00f4nica, que est\u00e1 fortemente relacionada ao aumento do risco de desenvolvimento de doen\u00e7as cardiovasculares, hipertens\u00e3o arterial, altera\u00e7\u00f5es no n\u00edvel do colesterol plasm\u00e1tico, diabetes e in\u00fameras outras complica\u00e7\u00f5es cl\u00ednicas. <\/p>\n\n\n\n<p>O peso corporal excessivo requer ainda mais aten\u00e7\u00e3o, uma vez que presume-se que esteja associado \u00e0 gravidade da pandemia da COVID-19. \u2063<br>\u2063<br>Embora os efeitos da COVID-19 em pacientes obesos ainda n\u00e3o tenham sido bem descritos, estudos t\u00eam verificado que pessoas com excesso de peso tendem a um curso mais grave da infec\u00e7\u00e3o, sugerindo que a perda de peso deve estar dentre os cuidados preventivos durante a pandemia.<br>\u2063<br>Obesidade \u00e9 uma DOEN\u00c7A! Mas ESTAR obeso n\u00e3o significa SER obeso. Se voc\u00ea est\u00e1 obeso, CUIDE-SE! Procure um profissional que possa te auxiliar neste processo. S\u00f3 lembrando que o emagrecimento \u00e9 um processo. Para umas pessoas pode ser, inclusive, mais lento que outras &#8230;. Exige um esfor\u00e7o multidisciplinar.<br>\u2063<br>Voc\u00ea est\u00e1 acima do peso e n\u00e3o sabe o que fazer? Comece por mudan\u00e7as b\u00e1sicas. Tra\u00e7ar metas pode ser uma excelente op\u00e7\u00e3o. Tenha um foco. \u00c9 importante equilibrar sua alimenta\u00e7\u00e3o, praticar exerc\u00edcios f\u00edsicos, melhorar o sono e controlar a ansiedade. N\u00e3o fique a\u00ed parado! VOC\u00ca \u00c9 CAPAZ!<br>\u2063<br>Fonte: Rychter, A.M. et al. Should patients with obesity be more afraid of COVID-19? Obesity Reviews, v. 1, n. 8, 2020.<br>\u2063<br>E se voc\u00ea ainda n\u00e3o \u00e9 nosso aluno, venha estudar com a gente!\u2063\u2063<\/p>\n\n\n\n<p><br>&#x1f4da; <a href=\"https:\/\/www.univicosa.com.br\/graduacao\/cursos\/nutricao\">Conhe\u00e7a o melhor curso de Nutri\u00e7\u00e3o &#8211; Univi\u00e7osa\u2063\u2063\u2063<\/a><br>&#x1f4cd;Vi\u00e7osa &#8211; MG\u2063\u2063\u2063<br>&#x1f4e7; nutricao@univicosa.com.br \u2063\u2063<br>&#x260e; (31) 3899-8034<br> <\/p>\n","protected":false},"excerpt":{"rendered":"<p>Por: Luciana Marques Vieira, docente do curso de Nutri\u00e7\u00e3o. Falar de obesidade vai muito al\u00e9m de falar de um padr\u00e3o de beleza imposto pela sociedade e de est\u00e9tica. Falar de obesidade \u00e9 falar de qualidade de vida. Falar de obesidade \u00e9 falar de sa\u00fade. \u2063\u2063A obesidade \u00e9 uma doen\u00e7a cr\u00f4nica, que est\u00e1 fortemente relacionada ao&#8230;<\/p>\n","protected":false},"author":2,"featured_media":0,"comment_status":"open","ping_status":"open","sticky":false,"template":"","format":"standard","meta":{"spay_email":""},"categories":[16],"tags":[],"jetpack_featured_media_url":"","jetpack_shortlink":"https:\/\/wp.me\/pbcCKk-lB","_links":{"self":[{"href":"https:\/\/blog.univicosa.com.br\/index.php\/wp-json\/wp\/v2\/posts\/1339"}],"collection":[{"href":"https:\/\/blog.univicosa.com.br\/index.php\/wp-json\/wp\/v2\/posts"}],"about":[{"href":"https:\/\/blog.univicosa.com.br\/index.php\/wp-json\/wp\/v2\/types\/post"}],"author":[{"embeddable":true,"href":"https:\/\/blog.univicosa.com.br\/index.php\/wp-json\/wp\/v2\/users\/2"}],"replies":[{"embeddable":true,"href":"https:\/\/blog.univicosa.com.br\/index.php\/wp-json\/wp\/v2\/comments?post=1339"}],"version-history":[{"count":3,"href":"https:\/\/blog.univicosa.com.br\/index.php\/wp-json\/wp\/v2\/posts\/1339\/revisions"}],"predecessor-version":[{"id":1343,"href":"https:\/\/blog.univicosa.com.br\/index.php\/wp-json\/wp\/v2\/posts\/1339\/revisions\/1343"}],"wp:attachment":[{"href":"https:\/\/blog.univicosa.com.br\/index.php\/wp-json\/wp\/v2\/media?parent=1339"}],"wp:term":[{"taxonomy":"category","embeddable":true,"href":"https:\/\/blog.univicosa.com.br\/index.php\/wp-json\/wp\/v2\/categories?post=1339"},{"taxonomy":"post_tag","embeddable":true,"href":"https:\/\/blog.univicosa.com.br\/index.php\/wp-json\/wp\/v2\/tags?post=1339"}],"curies":[{"name":"wp","href":"https:\/\/api.w.org\/{rel}","templated":true}]}}