{"id":1294,"date":"2020-07-21T10:56:35","date_gmt":"2020-07-21T13:56:35","guid":{"rendered":"https:\/\/blog.univicosa.com.br\/?p=1294"},"modified":"2023-10-03T03:24:29","modified_gmt":"2023-10-03T06:24:29","slug":"glossario-da-covid-19-termos-rotineiros-que-precisamos-saber","status":"publish","type":"post","link":"https:\/\/blog.univicosa.com.br\/index.php\/2020\/07\/21\/glossario-da-covid-19-termos-rotineiros-que-precisamos-saber\/","title":{"rendered":"Gloss\u00e1rio da COVID-19: termos rotineiros que precisamos saber"},"content":{"rendered":"\n<p>Separamos um gloss\u00e1rio com <strong>21 termos<\/strong> que se tornaram rotineiros e muito explorados durante a pandemia causada pela COVID-19. Sempre que necess\u00e1rio, consulte os significados e fique por dentro. <\/p>\n\n\n\n<figure class=\"wp-block-image\"><img data-attachment-id=\"1295\" data-permalink=\"https:\/\/blog.univicosa.com.br\/index.php\/2020\/07\/21\/glossario-da-covid-19-termos-rotineiros-que-precisamos-saber\/glossario-covid-redes-sociais\/\" data-orig-file=\"https:\/\/blog.univicosa.com.br\/wp-content\/uploads\/2020\/07\/GLOSS\u00c1RIO-COVID-REDES-SOCIAIS.jpg\" data-orig-size=\"1080,1080\" data-comments-opened=\"1\" data-image-meta=\"{&quot;aperture&quot;:&quot;0&quot;,&quot;credit&quot;:&quot;&quot;,&quot;camera&quot;:&quot;&quot;,&quot;caption&quot;:&quot;&quot;,&quot;created_timestamp&quot;:&quot;0&quot;,&quot;copyright&quot;:&quot;&quot;,&quot;focal_length&quot;:&quot;0&quot;,&quot;iso&quot;:&quot;0&quot;,&quot;shutter_speed&quot;:&quot;0&quot;,&quot;title&quot;:&quot;&quot;,&quot;orientation&quot;:&quot;1&quot;}\" data-image-title=\"GLOSS\u00c1RIO-COVID-REDES-SOCIAIS\" data-image-description=\"\" data-medium-file=\"https:\/\/blog.univicosa.com.br\/wp-content\/uploads\/2020\/07\/GLOSS\u00c1RIO-COVID-REDES-SOCIAIS-300x300.jpg\" data-large-file=\"https:\/\/blog.univicosa.com.br\/wp-content\/uploads\/2020\/07\/GLOSS\u00c1RIO-COVID-REDES-SOCIAIS-1024x1024.jpg\" loading=\"lazy\" width=\"1024\" height=\"1024\" src=\"https:\/\/blog.univicosa.com.br\/wp-content\/uploads\/2020\/07\/GLOSS\u00c1RIO-COVID-REDES-SOCIAIS-1024x1024.jpg\" alt=\"\" class=\"wp-image-1295\" srcset=\"https:\/\/blog.univicosa.com.br\/wp-content\/uploads\/2020\/07\/GLOSS\u00c1RIO-COVID-REDES-SOCIAIS-1024x1024.jpg 1024w, https:\/\/blog.univicosa.com.br\/wp-content\/uploads\/2020\/07\/GLOSS\u00c1RIO-COVID-REDES-SOCIAIS-150x150.jpg 150w, https:\/\/blog.univicosa.com.br\/wp-content\/uploads\/2020\/07\/GLOSS\u00c1RIO-COVID-REDES-SOCIAIS-300x300.jpg 300w, https:\/\/blog.univicosa.com.br\/wp-content\/uploads\/2020\/07\/GLOSS\u00c1RIO-COVID-REDES-SOCIAIS-768x768.jpg 768w, https:\/\/blog.univicosa.com.br\/wp-content\/uploads\/2020\/07\/GLOSS\u00c1RIO-COVID-REDES-SOCIAIS-85x85.jpg 85w, https:\/\/blog.univicosa.com.br\/wp-content\/uploads\/2020\/07\/GLOSS\u00c1RIO-COVID-REDES-SOCIAIS-1000x1000.jpg 1000w, https:\/\/blog.univicosa.com.br\/wp-content\/uploads\/2020\/07\/GLOSS\u00c1RIO-COVID-REDES-SOCIAIS.jpg 1080w\" sizes=\"(max-width: 1024px) 100vw, 1024px\" \/><\/figure>\n\n\n\n<p>\u2022 <strong>Achatar a curva \u2013 <\/strong>\u00e9 a diminui\u00e7\u00e3o gradual do n\u00famero de casos positivos e a menor propaga\u00e7\u00e3o do v\u00edrus;<\/p>\n\n\n\n<p>\u2022 <strong>Assintom\u00e1tico \u2013 <\/strong>indiv\u00edduo que n\u00e3o apresenta sintomas aparentes da doen\u00e7a;<\/p>\n\n\n\n<p>\u2022 <strong>COVID-19 <\/strong>\u2013 nome que se d\u00e1 a doen\u00e7a causada pelo v\u00edrus SARS-CoV-2. \u00c9 uma abrevia\u00e7\u00e3o de &nbsp;<strong>Co<\/strong><em>rona&nbsp;<\/em><strong>VI<\/strong><em>rus&nbsp;<\/em><strong>D<\/strong><em>isease;<\/em><\/p>\n\n\n\n<p>\u2022 <strong>Pandemia<\/strong> \u2013 configura-se como a dissemina\u00e7\u00e3o a n\u00edvel mundial de uma doen\u00e7a, que acomete pessoas em pelo menos tr\u00eas continentes;<\/p>\n\n\n\n<p>\u2022 <strong>Casos suspeitos \u2013 <\/strong>s\u00e3o os pacientes que apresentam sintomas da doen\u00e7a e que tiveram contato com infectados recentemente, mas que ainda n\u00e3o s\u00e3o casos confirmados;<\/p>\n\n\n\n<p>\u2022 <strong>Estado de calamidade p\u00fablica \u2013 <\/strong>pode ser decretado por munic\u00edpios, estados, regi\u00f5es ou a n\u00edvel nacional. Acontece quando uma situa\u00e7\u00e3o anormal afeta uma regi\u00e3o. Neste caso, os governos ficam aptos a realizar compras emergenciais sem a necessidade de licita\u00e7\u00f5es e de contratar profissionais necess\u00e1rios para reverter a situa\u00e7\u00e3o;<\/p>\n\n\n\n<p>\u2022 <strong>Grupo de risco \u2013 <\/strong>representa os indiv\u00edduos com maior probabilidade de agravamento da doen\u00e7a, caso contraiam-na;<\/p>\n\n\n\n<p>\u2022 <strong>Tempo de incuba\u00e7\u00e3o <\/strong>\u2013 este \u00e9 o tempo que o infectado leva para apresentar ind\u00edcios da doen\u00e7a ap\u00f3s ter sido exposto ao v\u00edrus;<\/p>\n\n\n\n<p>\u2022 <strong>Taxa de transmiss\u00e3o \u2013 <\/strong>representa o quanto um infectado pode transmitir para mais pessoas. No caso da COVID-19, esta taxa pode chegar at\u00e9 3 transmiss\u00f5es;<\/p>\n\n\n\n<p>\u2022 <strong>Transmiss\u00e3o comunit\u00e1ria \u2013 <\/strong>acontece quando a taxa de transmiss\u00e3o j\u00e1 atingiu um n\u00edvel t\u00e3o alto na comunidade que fica cada vez mais dif\u00edcil de identificar a origem;<\/p>\n\n\n\n<p>\u2022 <strong>Quarentena \u2013 <\/strong>configura-se como o isolamento de indiv\u00edduos que aparentemente est\u00e3o saud\u00e1veis, mas que podem ter sido expostos \u00e0 doen\u00e7a. Para confirmar que n\u00e3o est\u00e3o infectados, ficam de quarentena por tempo necess\u00e1rio;<\/p>\n\n\n\n<p>\u2022 <strong>Paciente zero \u2013 <\/strong>faz refer\u00eancia ao primeiro caso acometido pela doen\u00e7a;<\/p>\n\n\n\n<p>\u2022 <strong>Distanciamento social <\/strong>\u2013 \u00e9 uma medida para desacelerar a prolifera\u00e7\u00e3o do v\u00edrus. Em muitos casos, servi\u00e7os n\u00e3o essenciais s\u00e3o fechados para evitar aglomera\u00e7\u00e3o de pessoas (sejam elas infectadas ou n\u00e3o);<\/p>\n\n\n\n<p>\u2022 <strong>Taxa de letalidade \u2013 <\/strong>configura-se como a m\u00e9dia de pessoas que morrem por causa da doen\u00e7a. O c\u00e1lculo \u00e9 feito levando em considera\u00e7\u00e3o a rela\u00e7\u00e3o entre o total de mortes j\u00e1 confirmadas e o total de casos positivos;<\/p>\n\n\n\n<p>\u2022 <strong>Telemedicina \u2013 <\/strong>durante a pandemia, em car\u00e1ter excepcional, o Conselho Federal de Medicina (CFM) e o Minist\u00e9rio da Sa\u00fade regulamentaram a Telemedicina para que atendimentos m\u00e9dicos sejam realizados de forma remota;<\/p>\n\n\n\n<p>\u2022 <strong>Colapso do sistema de sa\u00fade \u2013 <\/strong>configura-se como a superlota\u00e7\u00e3o dos hospitais &#8211; o que indica que os leitos j\u00e1 est\u00e3o preenchidos por completo. Isso pode acontecer, principalmente, porque nunca estamos preparados e n\u00e3o sabemos quando uma pandemia pode come\u00e7ar;<\/p>\n\n\n\n<p>\u2022 <strong>Comorbidade \u2013 <\/strong>termo utilizado por profissionais da sa\u00fade que indica a coexist\u00eancia de doen\u00e7as em um mesmo paciente. <strong>Exemplo: <\/strong>o paciente contraiu a COVID-19, mas j\u00e1 tem hipertens\u00e3o e diabetes;<\/p>\n\n\n\n<p>\u2022 <strong>EPI \u2013 <\/strong>sigla para Equipamento de Prote\u00e7\u00e3o Individual, como m\u00e1scaras e luvas. S\u00e3o utilizados para nos proteger de amea\u00e7as \u00e0 sa\u00fade e para diminuir as chances de cont\u00e1gio e contra\u00e7\u00e3o da doen\u00e7a. Nos hospitais, os EPIs s\u00e3o obrigat\u00f3rios;<\/p>\n\n\n\n<p>\u2022 <strong>Hospital de Campanha \u2013 <\/strong>\u00e9 uma unidade hospital constru\u00edda, em car\u00e1ter m\u00f3vel e n\u00e3o definitivo, para atender pacientes que o sistema de sa\u00fade j\u00e1 n\u00e3o comporta. Normalmente, o Hospital de Campanha \u00e9 constru\u00eddo em per\u00edodos emergenciais, como de calamidade p\u00fablica; <a href=\"https:\/\/raqqa-sl.co\/\">Raqqa Media<\/a><\/p>\n\n\n\n<p>\u2022 <strong><em>Lockdown<\/em> \u2013 <\/strong>\u00e9 o n\u00edvel mais alto de controle da popula\u00e7\u00e3o para diminuir as chances de propaga\u00e7\u00e3o do v\u00edrus e para achatar a curva da doen\u00e7a. Inseridos neste decreto de bloqueio total, a popula\u00e7\u00e3o fica confinada em suas casas e proibida de circular em \u00e1reas p\u00fablicas (a n\u00e3o ser se for para realizar alguma atividade essencial). Profissionais da sa\u00fade e de servi\u00e7os essenciais, como supermercados, n\u00e3o s\u00e3o restritos;<\/p>\n\n\n\n<p>\u2022 <strong>Subnotifica\u00e7\u00e3o &#8211; <\/strong>&nbsp;os pacientes submetidos a testes, internados ou que vieram a \u00f3bito por causa da doen\u00e7a s\u00e3o caracterizados como casos notificados e entram para as estat\u00edsticas do Governo Federal. Entretanto, h\u00e1 in\u00fameros casos subnotificados, ou seja, que n\u00e3o entram nas estat\u00edsticas devido \u00e0 falta de testes e ao n\u00famero limitado de leitos nos hospitais. <\/p>\n","protected":false},"excerpt":{"rendered":"<p>Separamos um gloss\u00e1rio com 21 termos que se tornaram rotineiros e muito explorados durante a pandemia causada pela COVID-19. Sempre que necess\u00e1rio, consulte os significados e fique por dentro. \u2022 Achatar a curva \u2013 \u00e9 a diminui\u00e7\u00e3o gradual do n\u00famero de casos positivos e a menor propaga\u00e7\u00e3o do v\u00edrus; \u2022 Assintom\u00e1tico \u2013 indiv\u00edduo que n\u00e3o&#8230;<\/p>\n","protected":false},"author":2,"featured_media":0,"comment_status":"open","ping_status":"open","sticky":false,"template":"","format":"standard","meta":{"spay_email":""},"categories":[1],"tags":[],"jetpack_featured_media_url":"","jetpack_shortlink":"https:\/\/wp.me\/pbcCKk-kS","_links":{"self":[{"href":"https:\/\/blog.univicosa.com.br\/index.php\/wp-json\/wp\/v2\/posts\/1294"}],"collection":[{"href":"https:\/\/blog.univicosa.com.br\/index.php\/wp-json\/wp\/v2\/posts"}],"about":[{"href":"https:\/\/blog.univicosa.com.br\/index.php\/wp-json\/wp\/v2\/types\/post"}],"author":[{"embeddable":true,"href":"https:\/\/blog.univicosa.com.br\/index.php\/wp-json\/wp\/v2\/users\/2"}],"replies":[{"embeddable":true,"href":"https:\/\/blog.univicosa.com.br\/index.php\/wp-json\/wp\/v2\/comments?post=1294"}],"version-history":[{"count":2,"href":"https:\/\/blog.univicosa.com.br\/index.php\/wp-json\/wp\/v2\/posts\/1294\/revisions"}],"predecessor-version":[{"id":4176,"href":"https:\/\/blog.univicosa.com.br\/index.php\/wp-json\/wp\/v2\/posts\/1294\/revisions\/4176"}],"wp:attachment":[{"href":"https:\/\/blog.univicosa.com.br\/index.php\/wp-json\/wp\/v2\/media?parent=1294"}],"wp:term":[{"taxonomy":"category","embeddable":true,"href":"https:\/\/blog.univicosa.com.br\/index.php\/wp-json\/wp\/v2\/categories?post=1294"},{"taxonomy":"post_tag","embeddable":true,"href":"https:\/\/blog.univicosa.com.br\/index.php\/wp-json\/wp\/v2\/tags?post=1294"}],"curies":[{"name":"wp","href":"https:\/\/api.w.org\/{rel}","templated":true}]}}