{"id":1276,"date":"2020-07-16T11:22:00","date_gmt":"2020-07-16T14:22:00","guid":{"rendered":"https:\/\/blog.univicosa.com.br\/?p=1276"},"modified":"2020-07-16T11:23:27","modified_gmt":"2020-07-16T14:23:27","slug":"julho-amarelo-mes-de-conscientizacao-das-hepatites-virais","status":"publish","type":"post","link":"https:\/\/blog.univicosa.com.br\/index.php\/2020\/07\/16\/julho-amarelo-mes-de-conscientizacao-das-hepatites-virais\/","title":{"rendered":"Julho Amarelo \u2013 M\u00eas de Conscientiza\u00e7\u00e3o das Hepatites Virais"},"content":{"rendered":"\n<p><em>Segundo dados da Organiza\u00e7\u00e3o Mundial da Sa\u00fade (OMS), a doen\u00e7a mata cerca de 1,4 milh\u00f5es de pessoas todos os anos por causa do seu grave desenvolvimento ou por outras doen\u00e7as acarretadas, como c\u00e2ncer e fibrose. Por isto, a conscientiza\u00e7\u00e3o e o acesso \u00e0 informa\u00e7\u00e3o se tornam imprescind\u00edveis. <\/em><\/p>\n\n\n\n<figure class=\"wp-block-image\"><img data-attachment-id=\"1277\" data-permalink=\"https:\/\/blog.univicosa.com.br\/index.php\/2020\/07\/16\/julho-amarelo-mes-de-conscientizacao-das-hepatites-virais\/julho-amarelo\/\" data-orig-file=\"https:\/\/blog.univicosa.com.br\/wp-content\/uploads\/2020\/07\/JULHO-AMARELO.jpg\" data-orig-size=\"1080,1080\" data-comments-opened=\"1\" data-image-meta=\"{&quot;aperture&quot;:&quot;0&quot;,&quot;credit&quot;:&quot;&quot;,&quot;camera&quot;:&quot;&quot;,&quot;caption&quot;:&quot;&quot;,&quot;created_timestamp&quot;:&quot;0&quot;,&quot;copyright&quot;:&quot;&quot;,&quot;focal_length&quot;:&quot;0&quot;,&quot;iso&quot;:&quot;0&quot;,&quot;shutter_speed&quot;:&quot;0&quot;,&quot;title&quot;:&quot;&quot;,&quot;orientation&quot;:&quot;1&quot;}\" data-image-title=\"JULHO-AMARELO\" data-image-description=\"\" data-medium-file=\"https:\/\/blog.univicosa.com.br\/wp-content\/uploads\/2020\/07\/JULHO-AMARELO-300x300.jpg\" data-large-file=\"https:\/\/blog.univicosa.com.br\/wp-content\/uploads\/2020\/07\/JULHO-AMARELO-1024x1024.jpg\" loading=\"lazy\" width=\"1024\" height=\"1024\" src=\"https:\/\/blog.univicosa.com.br\/wp-content\/uploads\/2020\/07\/JULHO-AMARELO-1024x1024.jpg\" alt=\"\" class=\"wp-image-1277\" srcset=\"https:\/\/blog.univicosa.com.br\/wp-content\/uploads\/2020\/07\/JULHO-AMARELO-1024x1024.jpg 1024w, https:\/\/blog.univicosa.com.br\/wp-content\/uploads\/2020\/07\/JULHO-AMARELO-150x150.jpg 150w, https:\/\/blog.univicosa.com.br\/wp-content\/uploads\/2020\/07\/JULHO-AMARELO-300x300.jpg 300w, https:\/\/blog.univicosa.com.br\/wp-content\/uploads\/2020\/07\/JULHO-AMARELO-768x768.jpg 768w, https:\/\/blog.univicosa.com.br\/wp-content\/uploads\/2020\/07\/JULHO-AMARELO-85x85.jpg 85w, https:\/\/blog.univicosa.com.br\/wp-content\/uploads\/2020\/07\/JULHO-AMARELO-1000x1000.jpg 1000w, https:\/\/blog.univicosa.com.br\/wp-content\/uploads\/2020\/07\/JULHO-AMARELO.jpg 1080w\" sizes=\"(max-width: 1024px) 100vw, 1024px\" \/><\/figure>\n\n\n\n<p>No Brasil, a <strong>Campanha Julho\nAmarelo<\/strong>, lan\u00e7ada pelo Minist\u00e9rio da Sa\u00fade juntamente com o Comit\u00ea Estadual de Hepatites Virais, traz\no alerta e evidencia a luta constante contra as hepatites virais durante todo o\nm\u00eas. Uma s\u00e9rie de a\u00e7\u00f5es, informa\u00e7\u00f5es e testes s\u00e3o realizados a fim de que a\npopula\u00e7\u00e3o se conscientize sobre esta doen\u00e7a viral que s\u00f3 n\u00e3o faz mais v\u00edtimas\ndo que a tuberculose. <\/p>\n\n\n\n<p>Promovendo a conscientiza\u00e7\u00e3o, a estimativa \u00e9 de que a taxa de\nletalidade diminu\u00eda de maneira significativa e deixe de ser um problema grave de\nsa\u00fade p\u00fablica \u2013 at\u00e9 porque, como alerta o Minist\u00e9rio da Sa\u00fade, nem todos os\ninfectados sabem que o v\u00edrus est\u00e1 incubado em seu corpo. Por isso, h\u00e1 testes e\ntratamentos dispon\u00edveis na rede p\u00fablica de sa\u00fade brasileira. <\/p>\n\n\n\n<h2><strong>O que \u00e9 hepatite viral e quais s\u00e3o os tipos da\ndoen\u00e7a?<\/strong><\/h2>\n\n\n\n<p>Hepatite viral se configura como uma inflama\u00e7\u00e3o no f\u00edgado que\natinge graus leves, moderados ou graves. Muitas vezes, a inflama\u00e7\u00e3o,\ncaracterizada como uma doen\u00e7a, \u00e9 silenciosa e os infectados n\u00e3o se d\u00e3o conta de\nque carregam o v\u00edrus at\u00e9 que os sintomas se manifestem de maneira aguda: febre,\ntontura, enjoo, pele e olhos amarelados, urina escura e fezes em tons mais\nclaros. <\/p>\n\n\n\n<p>Quando n\u00e3o diagnosticada e devidamente tratada, a doen\u00e7a pode\ncausar fibrose, cirrose e at\u00e9 chegar ao desenvolvimento de um c\u00e2ncer. Por isto,\nd\u00e1-se a sua urg\u00eancia de conscientiza\u00e7\u00e3o e de um diagn\u00f3stico r\u00e1pido. <\/p>\n\n\n\n<p><strong>Dados alarmantes<\/strong><\/p>\n\n\n\n<p><strong><em>No mundo<\/em><\/strong><\/p>\n\n\n\n<p>Segundo dados divulgados pela Organiza\u00e7\u00e3o Mundial da Sa\u00fade (OMS), cerca de 350 milh\u00f5es de pessoas no mundo vivem infectadas por hepatites virais. Deste montante, 1,4 milh\u00f5es morrem anualmente.<\/p>\n\n\n\n<figure class=\"wp-block-image\"><img data-attachment-id=\"1278\" data-permalink=\"https:\/\/blog.univicosa.com.br\/index.php\/2020\/07\/16\/julho-amarelo-mes-de-conscientizacao-das-hepatites-virais\/mapa-brasil\/\" data-orig-file=\"https:\/\/blog.univicosa.com.br\/wp-content\/uploads\/2020\/07\/mapa-brasil.jpg\" data-orig-size=\"1080,1080\" data-comments-opened=\"1\" data-image-meta=\"{&quot;aperture&quot;:&quot;0&quot;,&quot;credit&quot;:&quot;&quot;,&quot;camera&quot;:&quot;&quot;,&quot;caption&quot;:&quot;&quot;,&quot;created_timestamp&quot;:&quot;0&quot;,&quot;copyright&quot;:&quot;&quot;,&quot;focal_length&quot;:&quot;0&quot;,&quot;iso&quot;:&quot;0&quot;,&quot;shutter_speed&quot;:&quot;0&quot;,&quot;title&quot;:&quot;&quot;,&quot;orientation&quot;:&quot;1&quot;}\" data-image-title=\"mapa-brasil\" data-image-description=\"\" data-medium-file=\"https:\/\/blog.univicosa.com.br\/wp-content\/uploads\/2020\/07\/mapa-brasil-300x300.jpg\" data-large-file=\"https:\/\/blog.univicosa.com.br\/wp-content\/uploads\/2020\/07\/mapa-brasil-1024x1024.jpg\" loading=\"lazy\" width=\"1024\" height=\"1024\" src=\"https:\/\/blog.univicosa.com.br\/wp-content\/uploads\/2020\/07\/mapa-brasil-1024x1024.jpg\" alt=\"\" class=\"wp-image-1278\" srcset=\"https:\/\/blog.univicosa.com.br\/wp-content\/uploads\/2020\/07\/mapa-brasil-1024x1024.jpg 1024w, https:\/\/blog.univicosa.com.br\/wp-content\/uploads\/2020\/07\/mapa-brasil-150x150.jpg 150w, https:\/\/blog.univicosa.com.br\/wp-content\/uploads\/2020\/07\/mapa-brasil-300x300.jpg 300w, https:\/\/blog.univicosa.com.br\/wp-content\/uploads\/2020\/07\/mapa-brasil-768x768.jpg 768w, https:\/\/blog.univicosa.com.br\/wp-content\/uploads\/2020\/07\/mapa-brasil-85x85.jpg 85w, https:\/\/blog.univicosa.com.br\/wp-content\/uploads\/2020\/07\/mapa-brasil-1000x1000.jpg 1000w, https:\/\/blog.univicosa.com.br\/wp-content\/uploads\/2020\/07\/mapa-brasil.jpg 1080w\" sizes=\"(max-width: 1024px) 100vw, 1024px\" \/><figcaption>Imagem: Freepik<\/figcaption><\/figure>\n\n\n\n<p><strong><em>No Brasil <\/em><\/strong><\/p>\n\n\n\n<p>Ainda segundo a OMS, os dados do boletim epidemiol\u00f3gico divulgado\nem 2019 mostram que de 1999 a 2018, 632.814\ncasos positivos foram confirmados, enquanto que de 2000 a 2017, a doen\u00e7a\nmatou 70.671 vidas.<\/p>\n\n\n\n<p>Reconhecimento a gravidade da doen\u00e7a, que atinge todas as faixas et\u00e1rias, a OMS reconheceu o dia 28 de julho como o Dia Mundial de Combate \u00e0 Hepatite. O grande objetivo \u00e9 de que a popula\u00e7\u00e3o de todo o mundo se conscientize para que a doen\u00e7a n\u00e3o se enquadre mais como um grav\u00edssimo problema de sa\u00fade p\u00fablica. Assim, a estimativa \u00e9 de que o dado alarmante de 350 milh\u00f5es de infectados pelas hepatites cr\u00f4nicas virais no mundo diminua em at\u00e9 90% at\u00e9 2030. <\/p>\n\n\n\n<figure class=\"wp-block-image\"><img data-attachment-id=\"1279\" data-permalink=\"https:\/\/blog.univicosa.com.br\/index.php\/2020\/07\/16\/julho-amarelo-mes-de-conscientizacao-das-hepatites-virais\/mapa-brasil-real\/\" data-orig-file=\"https:\/\/blog.univicosa.com.br\/wp-content\/uploads\/2020\/07\/MAPA-BRASIL-REAL.jpg\" data-orig-size=\"1080,1080\" data-comments-opened=\"1\" data-image-meta=\"{&quot;aperture&quot;:&quot;0&quot;,&quot;credit&quot;:&quot;&quot;,&quot;camera&quot;:&quot;&quot;,&quot;caption&quot;:&quot;&quot;,&quot;created_timestamp&quot;:&quot;0&quot;,&quot;copyright&quot;:&quot;&quot;,&quot;focal_length&quot;:&quot;0&quot;,&quot;iso&quot;:&quot;0&quot;,&quot;shutter_speed&quot;:&quot;0&quot;,&quot;title&quot;:&quot;&quot;,&quot;orientation&quot;:&quot;1&quot;}\" data-image-title=\"MAPA-BRASIL-REAL\" data-image-description=\"\" data-medium-file=\"https:\/\/blog.univicosa.com.br\/wp-content\/uploads\/2020\/07\/MAPA-BRASIL-REAL-300x300.jpg\" data-large-file=\"https:\/\/blog.univicosa.com.br\/wp-content\/uploads\/2020\/07\/MAPA-BRASIL-REAL-1024x1024.jpg\" loading=\"lazy\" width=\"1024\" height=\"1024\" src=\"https:\/\/blog.univicosa.com.br\/wp-content\/uploads\/2020\/07\/MAPA-BRASIL-REAL-1024x1024.jpg\" alt=\"\" class=\"wp-image-1279\" srcset=\"https:\/\/blog.univicosa.com.br\/wp-content\/uploads\/2020\/07\/MAPA-BRASIL-REAL-1024x1024.jpg 1024w, https:\/\/blog.univicosa.com.br\/wp-content\/uploads\/2020\/07\/MAPA-BRASIL-REAL-150x150.jpg 150w, https:\/\/blog.univicosa.com.br\/wp-content\/uploads\/2020\/07\/MAPA-BRASIL-REAL-300x300.jpg 300w, https:\/\/blog.univicosa.com.br\/wp-content\/uploads\/2020\/07\/MAPA-BRASIL-REAL-768x768.jpg 768w, https:\/\/blog.univicosa.com.br\/wp-content\/uploads\/2020\/07\/MAPA-BRASIL-REAL-85x85.jpg 85w, https:\/\/blog.univicosa.com.br\/wp-content\/uploads\/2020\/07\/MAPA-BRASIL-REAL-1000x1000.jpg 1000w, https:\/\/blog.univicosa.com.br\/wp-content\/uploads\/2020\/07\/MAPA-BRASIL-REAL.jpg 1080w\" sizes=\"(max-width: 1024px) 100vw, 1024px\" \/><figcaption>Imagem: Freepik<\/figcaption><\/figure>\n\n\n\n<h2><strong>Hepatites\nA, B, C, D e E<\/strong><\/h2>\n\n\n\n<p>No Brasil, as mais comuns s\u00e3o os tipos A, B e C. O tipo D, apesar\nde n\u00e3o ser comum, tem registros na regi\u00e3o Norte do pa\u00eds; enquanto que o v\u00edrus\nda hepatite D e E s\u00e3o mais encontrados em pa\u00edses dos continentes africano e\nasi\u00e1tico. <\/p>\n\n\n\n<h2><strong>Hepatite A<\/strong><\/h2>\n\n\n\n<p>A hepatite do tipo A \u00e9 extremamente contagiosa. A transmiss\u00e3o pode\nser feita por meio fecal-oral, pelo contato f\u00edsico ou at\u00e9 mesmo pela \u00e1gua e\nalimentos. Na grande maioria dos casos, este tipo \u00e9 benigno, sintom\u00e1tico e pode\nse agravar com a idade. <\/p>\n\n\n\n<p>A sua taxa de transmiss\u00e3o se agrava em locais em que h\u00e1 baixo\nn\u00edvel de saneamento b\u00e1sico e onde os alimentos e a \u00e1gua s\u00e3o de proced\u00eancia\nduvidosa. <\/p>\n\n\n\n<p><strong>Como \u00e9\ndiagnosticada? <\/strong><\/p>\n\n\n\n<p>A hepatite do tipo A \u00e9 diagnosticada por meio de exame de sangue.<\/p>\n\n\n\n<p><strong>Como prevenir\ncontra o v\u00edrus?<\/strong><\/p>\n\n\n\n<ul><li>Vacina\u00e7\u00e3o contra a doen\u00e7a (sua efic\u00e1cia \u00e9\ncomprovada);<\/li><li>Higieniza\u00e7\u00e3o correta e constante das m\u00e3os;<\/li><li>Lavagem correta de alimentos crus com \u00e1gua\ntratada e clorada;<\/li><li>Utiliza\u00e7\u00e3o de \u00e1gua sanit\u00e1ria para desinfetar\nlocais p\u00fablicos ou objetos utilizados por muitas pessoas (como cadeiras escolares);<\/li><li>Evitar o contato com a \u00e1gua proveniente de\nesgoto e enchente.<\/li><\/ul>\n\n\n\n<h2><strong>Hepatite B<\/strong><\/h2>\n\n\n\n<p>A hepatite do tipo B se torna extremamente perigosa porque, na\nmaioria dos casos, \u00e9 assintom\u00e1tica. Por isso, seu diagn\u00f3stico pode vir anos\ndepois. Apesar do seu desenvolvimento poder ser agudo e cr\u00f4nico, o tratamento \u00e9\nessencial para que o agravamento seja evitado e constantemente monitorado. &nbsp;<\/p>\n\n\n\n<p><strong>Como \u00e9\ndiagnosticada? <\/strong><\/p>\n\n\n\n<p>A hepatite do tipo B \u00e9 diagnosticada\npor meio da pesquisa do ant\u00edgeno do HBV; realizado em testes r\u00e1pidos. <\/p>\n\n\n\n<p><strong>Como prevenir\ncontra o v\u00edrus?<\/strong><\/p>\n\n\n\n<ul><li>Vacina\u00e7\u00e3o contra a doen\u00e7a (sua efic\u00e1cia \u00e9\ncomprovada);<\/li><li>Utiliza\u00e7\u00e3o de preservativo nas rela\u00e7\u00f5es\nsexuais;<\/li><li>N\u00e3o compartilhamento de objetos de uso pessoal.<\/li><\/ul>\n\n\n\n<h2><strong>Hepatite C<\/strong><\/h2>\n\n\n\n<p>A hepatite do tipo C \u00e9 extremamente infecciosa, inflamat\u00f3ria para\no f\u00edgado e silenciosa. Apesar do seu desenvolvimento poder ser agudo e cr\u00f4nico,\no tratamento \u00e9 essencial para que o agravamento seja evitado e constantemente\nmonitorado. &nbsp;<\/p>\n\n\n\n<p><strong>Como \u00e9\ndiagnosticada? <\/strong><\/p>\n\n\n\n<p>A hepatite do tipo B \u00e9 diagnosticada\npor meio de testes rotineiros ou exame de sangue. <\/p>\n\n\n\n<p><strong>Como prevenir\ncontra o v\u00edrus?<\/strong><\/p>\n\n\n\n<p>Como n\u00e3o existe vacina desenvolvida contra este tipo, as demais\nformas de preven\u00e7\u00e3o se tornam ainda mais essenciais. S\u00e3o elas: <\/p>\n\n\n\n<ul><li>N\u00e3o compartilhar objetos que tiveram contato\ncom sangue;<\/li><li>Utiliza\u00e7\u00e3o de preservativo nas rela\u00e7\u00f5es\nsexuais;<\/li><li>Toda mulher gr\u00e1vida deve fazer os exames\nnecess\u00e1rios do pr\u00e9-natal para identifica\u00e7\u00e3o da presen\u00e7a do v\u00edrus.<\/li><\/ul>\n\n\n\n<h2><strong>Hepatite D<\/strong><\/h2>\n\n\n\n<p>A hepatite do tipo D, tamb\u00e9m conhecida como Delta, pode ser cr\u00f4nica\ne apresentar consequ\u00eancias grav\u00edssimas para o organismo \u2013 podendo ser mais\ngrave para os casos de cirrose. &nbsp;<\/p>\n\n\n\n<p><strong>Como \u00e9\ndiagnosticada? <\/strong><\/p>\n\n\n\n<p>A hepatite do tipo D \u00e9 diagnosticada\npor meio de sintomas, como febre e tontura, e por meio do diagn\u00f3stico de\nanticorpos anti-HDV (realizado em testes). A confirma\u00e7\u00e3o da doen\u00e7a vem\nrepresentada pela rela\u00e7\u00e3o e an\u00e1lise de aspectos cl\u00ednicos, epidemiol\u00f3gicos e\ndemogr\u00e1ficos. <\/p>\n\n\n\n<p><strong>Como prevenir\ncontra o v\u00edrus?<\/strong><\/p>\n\n\n\n<ul><li>Vacina\u00e7\u00e3o contra a doen\u00e7a; <\/li><li>Pr\u00e9-natal com todos os exames poss\u00edveis para\nas gr\u00e1vidas; <\/li><li>Utiliza\u00e7\u00e3o de preservativo em todas as rela\u00e7\u00f5es\nsexuais;<\/li><li>N\u00e3o compartilhamento de objetos de uso\npessoal. <\/li><\/ul>\n\n\n\n<h2><strong>Hepatite E<\/strong><\/h2>\n\n\n\n<p>A hepatite do tipo E \u00e9 aguda, de curta dura\u00e7\u00e3o, limitada e de\ncar\u00e1ter benigno. Contudo, pode apresentar sinais graves em gestantes e\ncomplica\u00e7\u00f5es em alguns casos espec\u00edficos. <\/p>\n\n\n\n<p><strong>Como \u00e9\ndiagnosticada? <\/strong><\/p>\n\n\n\n<p>A hepatite do tipo E pode ser\ndiagnosticada tanto por meio de sintomas, como fadiga e febre, como tamb\u00e9m por\ntestes de pesquisa da exist\u00eancia de anticorpos IgM anti-HEV. <\/p>\n\n\n\n<p><strong>Como prevenir\ncontra o v\u00edrus?<\/strong><\/p>\n\n\n\n<p>Os casos deste tipo de hepatite poderiam ser menos comuns se o\nsaneamento b\u00e1sico e de higiene a n\u00edvel mundial atingissem mais \u00e1reas. Para\nminimizar os impactos: <\/p>\n\n\n\n<ul><li>Lavagem correta e constante das m\u00e3os;<\/li><li>Lavagem com \u00e1gua tratada e clorada de\nalimentos crus;<\/li><li>Utiliza\u00e7\u00e3o de \u00e1gua sanit\u00e1ria para desinfetar\nlocais p\u00fablicos ou objetos utilizados por muitas pessoas (como cadeiras escolares);<\/li><li>Evitar o contato com \u00e1gua proveniente de\nesgoto e enchente.<\/li><\/ul>\n\n\n\n<p>Ressaltamos a import\u00e2ncia de se evitar a automedica\u00e7\u00e3o, que pode\nagravar o quadro e n\u00e3o ser eficaz para o melhoramento da doen\u00e7a. As medica\u00e7\u00f5es\ningeridas devem ser sempre prescritas. <\/p>\n\n\n\n<p>Os infectados devem procurar ajuda de profissionais da sa\u00fade para que o tratamento seja eficaz, monitorado e cada vez menos letal. Assim, com acesso \u00e0 informa\u00e7\u00e3o, as hepatite virais podem atingir cada vez menos pessoas no mundo. <\/p>\n\n\n\n<p>Vamos juntos nessa!  <strong>Julho Amarelo \u2013 M\u00eas de Conscientiza\u00e7\u00e3o das Hepatites Virais<\/strong> <\/p>\n\n\n\n<p>Entre em contato com o curso de <a href=\"https:\/\/www.univicosa.com.br\/graduacao\/cursos\/farmacia\">Farm\u00e1cia<\/a> e de <a href=\"https:\/\/www.univicosa.com.br\/graduacao\/cursos\/enfermagem\">Enfermagem<\/a> do Centro Universit\u00e1rio de Vi\u00e7osa &#8211; UNIVI\u00c7OSA.<\/p>\n","protected":false},"excerpt":{"rendered":"<p>Segundo dados da Organiza\u00e7\u00e3o Mundial da Sa\u00fade (OMS), a doen\u00e7a mata cerca de 1,4 milh\u00f5es de pessoas todos os anos por causa do seu grave desenvolvimento ou por outras doen\u00e7as acarretadas, como c\u00e2ncer e fibrose. Por isto, a conscientiza\u00e7\u00e3o e o acesso \u00e0 informa\u00e7\u00e3o se tornam imprescind\u00edveis. No Brasil, a Campanha Julho Amarelo, lan\u00e7ada pelo&#8230;<\/p>\n","protected":false},"author":2,"featured_media":0,"comment_status":"open","ping_status":"open","sticky":false,"template":"","format":"standard","meta":{"spay_email":""},"categories":[1],"tags":[],"jetpack_featured_media_url":"","jetpack_shortlink":"https:\/\/wp.me\/pbcCKk-kA","_links":{"self":[{"href":"https:\/\/blog.univicosa.com.br\/index.php\/wp-json\/wp\/v2\/posts\/1276"}],"collection":[{"href":"https:\/\/blog.univicosa.com.br\/index.php\/wp-json\/wp\/v2\/posts"}],"about":[{"href":"https:\/\/blog.univicosa.com.br\/index.php\/wp-json\/wp\/v2\/types\/post"}],"author":[{"embeddable":true,"href":"https:\/\/blog.univicosa.com.br\/index.php\/wp-json\/wp\/v2\/users\/2"}],"replies":[{"embeddable":true,"href":"https:\/\/blog.univicosa.com.br\/index.php\/wp-json\/wp\/v2\/comments?post=1276"}],"version-history":[{"count":2,"href":"https:\/\/blog.univicosa.com.br\/index.php\/wp-json\/wp\/v2\/posts\/1276\/revisions"}],"predecessor-version":[{"id":1281,"href":"https:\/\/blog.univicosa.com.br\/index.php\/wp-json\/wp\/v2\/posts\/1276\/revisions\/1281"}],"wp:attachment":[{"href":"https:\/\/blog.univicosa.com.br\/index.php\/wp-json\/wp\/v2\/media?parent=1276"}],"wp:term":[{"taxonomy":"category","embeddable":true,"href":"https:\/\/blog.univicosa.com.br\/index.php\/wp-json\/wp\/v2\/categories?post=1276"},{"taxonomy":"post_tag","embeddable":true,"href":"https:\/\/blog.univicosa.com.br\/index.php\/wp-json\/wp\/v2\/tags?post=1276"}],"curies":[{"name":"wp","href":"https:\/\/api.w.org\/{rel}","templated":true}]}}