{"id":1271,"date":"2020-07-16T09:09:39","date_gmt":"2020-07-16T12:09:39","guid":{"rendered":"https:\/\/blog.univicosa.com.br\/?p=1271"},"modified":"2020-07-16T09:09:39","modified_gmt":"2020-07-16T12:09:39","slug":"curriculo-lattes-desvendando-o-grande-aliado-da-jornada-academica","status":"publish","type":"post","link":"https:\/\/blog.univicosa.com.br\/index.php\/2020\/07\/16\/curriculo-lattes-desvendando-o-grande-aliado-da-jornada-academica\/","title":{"rendered":"Curr\u00edculo Lattes: desvendando o grande aliado da jornada acad\u00eamica"},"content":{"rendered":"\n<p>Muitas vezes, quando pensamos em curr\u00edculo, a primeira associa\u00e7\u00e3o que vem \u00e0 mente \u00e9 aquele padr\u00e3o, que \u00e9 usualmente analisado pelo mercado de trabalho. Mas, sabia que tamb\u00e9m existe o curr\u00edculo acad\u00eamico, que pode ser requisitado por escolas, universidades e institui\u00e7\u00f5es de fomento \u00e0 pesquisa? O nome dele \u00e9 <strong>Curr\u00edculo Lattes<\/strong> e ele pode ser um grande aliado quando o intuito \u00e9 seguir uma carreira acad\u00eamica. <\/p>\n\n\n\n<p>\u00c9 tamb\u00e9m pelo Lattes, hospedado na Plataforma Lattes, onde \u00e9 poss\u00edvel encontrar curr\u00edculos e atualiza\u00e7\u00f5es de docentes, pesquisadores, estudantes e grupos de pesquisas de todo o territ\u00f3rio nacional. <\/p>\n\n\n\n<p>Neste post, desvendaremos cada detalhe desse nosso aliado t\u00e3o essencial na jornada acad\u00eamica.<\/p>\n\n\n\n<figure class=\"wp-block-image\"><img data-attachment-id=\"1273\" data-permalink=\"https:\/\/blog.univicosa.com.br\/index.php\/2020\/07\/16\/curriculo-lattes-desvendando-o-grande-aliado-da-jornada-academica\/lattes-sem-nada\/\" data-orig-file=\"https:\/\/blog.univicosa.com.br\/wp-content\/uploads\/2020\/07\/lattes-sem-nada.jpg\" data-orig-size=\"1080,1080\" data-comments-opened=\"1\" data-image-meta=\"{&quot;aperture&quot;:&quot;0&quot;,&quot;credit&quot;:&quot;&quot;,&quot;camera&quot;:&quot;&quot;,&quot;caption&quot;:&quot;&quot;,&quot;created_timestamp&quot;:&quot;0&quot;,&quot;copyright&quot;:&quot;&quot;,&quot;focal_length&quot;:&quot;0&quot;,&quot;iso&quot;:&quot;0&quot;,&quot;shutter_speed&quot;:&quot;0&quot;,&quot;title&quot;:&quot;&quot;,&quot;orientation&quot;:&quot;1&quot;}\" data-image-title=\"lattes-sem-nada\" data-image-description=\"\" data-medium-file=\"https:\/\/blog.univicosa.com.br\/wp-content\/uploads\/2020\/07\/lattes-sem-nada-300x300.jpg\" data-large-file=\"https:\/\/blog.univicosa.com.br\/wp-content\/uploads\/2020\/07\/lattes-sem-nada-1024x1024.jpg\" loading=\"lazy\" width=\"1024\" height=\"1024\" src=\"https:\/\/blog.univicosa.com.br\/wp-content\/uploads\/2020\/07\/lattes-sem-nada-1024x1024.jpg\" alt=\"\" class=\"wp-image-1273\" srcset=\"https:\/\/blog.univicosa.com.br\/wp-content\/uploads\/2020\/07\/lattes-sem-nada-1024x1024.jpg 1024w, https:\/\/blog.univicosa.com.br\/wp-content\/uploads\/2020\/07\/lattes-sem-nada-150x150.jpg 150w, https:\/\/blog.univicosa.com.br\/wp-content\/uploads\/2020\/07\/lattes-sem-nada-300x300.jpg 300w, https:\/\/blog.univicosa.com.br\/wp-content\/uploads\/2020\/07\/lattes-sem-nada-768x768.jpg 768w, https:\/\/blog.univicosa.com.br\/wp-content\/uploads\/2020\/07\/lattes-sem-nada-85x85.jpg 85w, https:\/\/blog.univicosa.com.br\/wp-content\/uploads\/2020\/07\/lattes-sem-nada-1000x1000.jpg 1000w, https:\/\/blog.univicosa.com.br\/wp-content\/uploads\/2020\/07\/lattes-sem-nada.jpg 1080w\" sizes=\"(max-width: 1024px) 100vw, 1024px\" \/><figcaption>Foto: Freepik<\/figcaption><\/figure>\n\n\n\n<h2><strong>O que \u00e9 o Curr\u00edculo Lattes e como ele surgiu? <\/strong><\/h2>\n\n\n\n<p>Foi em 1999 que o Conselho Nacional de Desenvolvimento Cient\u00edfico e Tecnol\u00f3gico (CNPq) lan\u00e7ou a plataforma virtual de curr\u00edculo acad\u00eamico. O seu grande objetivo era digitalizar, unificar e facilitar a integra\u00e7\u00e3o de docentes e pesquisadores brasileiros das mais diversas \u00e1reas do conhecimento. <\/p>\n\n\n\n<figure class=\"wp-block-image\"><img data-attachment-id=\"1274\" data-permalink=\"https:\/\/blog.univicosa.com.br\/index.php\/2020\/07\/16\/curriculo-lattes-desvendando-o-grande-aliado-da-jornada-academica\/conheca-a-interface-lattes\/\" data-orig-file=\"https:\/\/blog.univicosa.com.br\/wp-content\/uploads\/2020\/07\/CONHE\u00c7A-A-INTERFACE-LATTES.jpg\" data-orig-size=\"1345,582\" data-comments-opened=\"1\" data-image-meta=\"{&quot;aperture&quot;:&quot;0&quot;,&quot;credit&quot;:&quot;&quot;,&quot;camera&quot;:&quot;&quot;,&quot;caption&quot;:&quot;&quot;,&quot;created_timestamp&quot;:&quot;0&quot;,&quot;copyright&quot;:&quot;&quot;,&quot;focal_length&quot;:&quot;0&quot;,&quot;iso&quot;:&quot;0&quot;,&quot;shutter_speed&quot;:&quot;0&quot;,&quot;title&quot;:&quot;&quot;,&quot;orientation&quot;:&quot;1&quot;}\" data-image-title=\"CONHE\u00c7A-A-INTERFACE-LATTES\" data-image-description=\"\" data-medium-file=\"https:\/\/blog.univicosa.com.br\/wp-content\/uploads\/2020\/07\/CONHE\u00c7A-A-INTERFACE-LATTES-300x130.jpg\" data-large-file=\"https:\/\/blog.univicosa.com.br\/wp-content\/uploads\/2020\/07\/CONHE\u00c7A-A-INTERFACE-LATTES-1024x443.jpg\" loading=\"lazy\" width=\"1024\" height=\"443\" src=\"https:\/\/blog.univicosa.com.br\/wp-content\/uploads\/2020\/07\/CONHE\u00c7A-A-INTERFACE-LATTES-1024x443.jpg\" alt=\"\" class=\"wp-image-1274\" srcset=\"https:\/\/blog.univicosa.com.br\/wp-content\/uploads\/2020\/07\/CONHE\u00c7A-A-INTERFACE-LATTES-1024x443.jpg 1024w, https:\/\/blog.univicosa.com.br\/wp-content\/uploads\/2020\/07\/CONHE\u00c7A-A-INTERFACE-LATTES-300x130.jpg 300w, https:\/\/blog.univicosa.com.br\/wp-content\/uploads\/2020\/07\/CONHE\u00c7A-A-INTERFACE-LATTES-768x332.jpg 768w, https:\/\/blog.univicosa.com.br\/wp-content\/uploads\/2020\/07\/CONHE\u00c7A-A-INTERFACE-LATTES-1000x433.jpg 1000w, https:\/\/blog.univicosa.com.br\/wp-content\/uploads\/2020\/07\/CONHE\u00c7A-A-INTERFACE-LATTES-693x300.jpg 693w, https:\/\/blog.univicosa.com.br\/wp-content\/uploads\/2020\/07\/CONHE\u00c7A-A-INTERFACE-LATTES.jpg 1345w\" sizes=\"(max-width: 1024px) 100vw, 1024px\" \/><figcaption>Conhe\u00e7a a interface da Plataforma Lattes<\/figcaption><\/figure>\n\n\n\n<p>O Lattes ganhou uma refer\u00eancia t\u00e3o imponente que se tornou instrumento de avalia\u00e7\u00e3o em processos seletivos de cursos de mestrado e doutorado, e tamb\u00e9m em an\u00e1lises de perfis profissionais de \u00f3rg\u00e3os p\u00fablicos e privados (como em cargos de doc\u00eancia). \u00c9, ainda, um importante meio de preserva\u00e7\u00e3o e armazenamento de pesquisas desenvolvidas por brasileiros e de concess\u00e3o de bolsas.<\/p>\n\n\n\n<p><strong>Aliado da sua vida profissional<\/strong><\/p>\n\n\n\n<p>Um Curr\u00edculo Lattes bem feito, completo e detalhado, com certeza abre portas. Em processos seletivos para ingresso em cursos de p\u00f3s-gradua\u00e7\u00e3o de institui\u00e7\u00f5es p\u00fablicas e privadas, por exemplo, os recrutadores ir\u00e3o querer conhecer a sua trajet\u00f3ria acad\u00eamica: cursos, pesquisas desenvolvidas, apresenta\u00e7\u00e3o de trabalhos, participa\u00e7\u00e3o em Congressos, pr\u00eamios, conquistas, etc. <\/p>\n\n\n\n<p>Em suma, a sua rela\u00e7\u00e3o e interesse pela pesquisa podem e devem ser apresentados de maneira bem clara, para que os recrutadores percebam o seu real interesse &#8211; al\u00e9m do aumento da possibilidade de que pesquisadores de todo o pa\u00eds encontrem o seu perfil e saibam mais sobre a sua jornada acad\u00eamica. <\/p>\n\n\n\n<p><strong>N\u00e3o, o LinkdelIn n\u00e3o \u00e9 substituto<\/strong><\/p>\n\n\n\n<p>Diferente do Lattes, o LinkdelIn \u00e9 uma rede social profissional que visa o <em>networking<\/em> constante e intera\u00e7\u00f5es dos usu\u00e1rios por meio de publica\u00e7\u00f5es, coment\u00e1rios e curtidas. No LinkdelIn, apesar de tamb\u00e9m ser um meio para expor informa\u00e7\u00f5es profissionais, \u00e9 poss\u00edvel encontrar oportunidades para atuar, majoritariamente, no mercado de trabalho. Em contrapartida, o Lattes prioriza trajet\u00f3rias, oportunidades e carreiras essencialmente acad\u00eamicas. <\/p>\n\n\n\n<h2><strong>O que n\u00e3o\npode faltar em seu Lattes?<\/strong><\/h2>\n\n\n\n<p>Antes de pensar acerca das informa\u00e7\u00f5es que constar\u00e3o em seu curr\u00edculo, o <strong>primeiro passo<\/strong> \u00e9 fazer o cadastro na plataforma online.<\/p>\n\n\n\n<p>Acesse a <strong><a href=\"http:\/\/lattes.cnpq.br\/\">Plataforma Lattes<\/a> > Clique em cadastrar novo curr\u00edculo (aparece na aba direita da tela) > Preencha as informa\u00e7\u00f5es b\u00e1sicas exigidas > Crie uma senha > Clique em pr\u00f3ximo (aparece no canto direito da tela). <\/strong><\/p>\n\n\n\n<p>Com o cadastro finalizado, o <strong>segundo passo<\/strong> \u00e9 coletar, resgatar e juntar todo o seu hist\u00f3rico acad\u00eamico e atua\u00e7\u00e3o profissional at\u00e9 o momento &#8211; a incluir certificados em cursos e experi\u00eancias em congressos, e atua\u00e7\u00e3o no mercado de trabalho, por exemplo.<\/p>\n\n\n\n<p>Pronto. Agora \u00e9 s\u00f3 come\u00e7ar o preenchimento dos campos solicitados. Caso sinta necessidade, at\u00e9 mesmo os que n\u00e3o estiverem assinalados como obrigat\u00f3rios, s\u00e3o importantes. <\/p>\n\n\n\n<p>Alguns dos campos a serem preenchidos s\u00e3o: <\/p>\n\n\n\n<ul><li>dados pessoais;<\/li><li>forma\u00e7\u00e3o acad\u00eamica;<\/li><li>idiomas falados;<\/li><li>compet\u00eancias;<\/li><li>artigos desenvolvidos;<\/li><li>projetos de pesquisa ou de extens\u00e3o desenvolvidos;<\/li><li>grupos de pesquisa em que foi\/\u00e9 membro;<\/li><li>bancas de apresenta\u00e7\u00e3o de trabalho que tenha participado (exemplo: TCC, Simp\u00f3sios, etc).<\/li><\/ul>\n\n\n\n<p>Aproveite cada um dos campos para trazer informa\u00e7\u00f5es mais\ndetalhadas sobre: <\/p>\n\n\n\n<ul><li>Participa\u00e7\u00e3o em eventos e congressos;<\/li><li>Apresenta\u00e7\u00f5es e exposi\u00e7\u00e3o de trabalhos;<\/li><li>Palestras protagonizadas;<\/li><li>Mesas redondas e debates que j\u00e1 participou (tema e experi\u00eancia);<\/li><li>Links de acesso para as suas redes sociais e portf\u00f3lio online; <\/li><li>Links de acesso para textos publicados em peri\u00f3dicos nacionais e internacionais;<\/li><li>Experi\u00eancias profissionais em sua \u00e1rea de atua\u00e7\u00e3o. <\/li><\/ul>\n\n\n\n<p>As possibilidades de preenchimento e\ncomplementa\u00e7\u00e3o das informa\u00e7\u00f5es s\u00e3o in\u00fameras e muito importantes (mas, claro,\nsem exageros &#x1f60a;).<\/p>\n\n\n\n<h2><strong>Voc\u00ea\nsabia? <\/strong><\/h2>\n\n\n\n<ol><li>Lattes \u00e9 o sobrenome de um f\u00edsico brasileiro, chamado C\u00e9sare Mansueto Giulio Lattes, que contribuiu arduamente para o avan\u00e7o da Ci\u00eancia no pa\u00eds;<\/li><li>A Plataforma Lattes, site que hospeda o Curr\u00edculo, \u00e9 um importante instrumento para os pesquisadores, visto que not\u00edcias, dados, estat\u00edsticas e resultados de pesquisas desenvolvidas s\u00e3o divulgados constantemente. <\/li><\/ol>\n\n\n\n<p><strong>Por fim, a nossa dica final:<\/strong> fa\u00e7a o seu cadastro no Curr\u00edculo Lattes, construa-o de maneira completa, sempre o mantenha atualizado e desfrute de suas usabilidades, como grande abrang\u00eancia, tradu\u00e7\u00e3o para uma segunda l\u00edngua, encontro de pesquisadores de todo o Brasil, entre outros. Lembre-se de que este \u00e9 uma grande refer\u00eancia e um importante instrumento em processos seletivos. <\/p>\n","protected":false},"excerpt":{"rendered":"<p>Muitas vezes, quando pensamos em curr\u00edculo, a primeira associa\u00e7\u00e3o que vem \u00e0 mente \u00e9 aquele padr\u00e3o, que \u00e9 usualmente analisado pelo mercado de trabalho. Mas, sabia que tamb\u00e9m existe o curr\u00edculo acad\u00eamico, que pode ser requisitado por escolas, universidades e institui\u00e7\u00f5es de fomento \u00e0 pesquisa? O nome dele \u00e9 Curr\u00edculo Lattes e ele pode ser&#8230;<\/p>\n","protected":false},"author":2,"featured_media":0,"comment_status":"open","ping_status":"open","sticky":false,"template":"","format":"standard","meta":{"spay_email":""},"categories":[1],"tags":[],"jetpack_featured_media_url":"","jetpack_shortlink":"https:\/\/wp.me\/pbcCKk-kv","_links":{"self":[{"href":"https:\/\/blog.univicosa.com.br\/index.php\/wp-json\/wp\/v2\/posts\/1271"}],"collection":[{"href":"https:\/\/blog.univicosa.com.br\/index.php\/wp-json\/wp\/v2\/posts"}],"about":[{"href":"https:\/\/blog.univicosa.com.br\/index.php\/wp-json\/wp\/v2\/types\/post"}],"author":[{"embeddable":true,"href":"https:\/\/blog.univicosa.com.br\/index.php\/wp-json\/wp\/v2\/users\/2"}],"replies":[{"embeddable":true,"href":"https:\/\/blog.univicosa.com.br\/index.php\/wp-json\/wp\/v2\/comments?post=1271"}],"version-history":[{"count":1,"href":"https:\/\/blog.univicosa.com.br\/index.php\/wp-json\/wp\/v2\/posts\/1271\/revisions"}],"predecessor-version":[{"id":1275,"href":"https:\/\/blog.univicosa.com.br\/index.php\/wp-json\/wp\/v2\/posts\/1271\/revisions\/1275"}],"wp:attachment":[{"href":"https:\/\/blog.univicosa.com.br\/index.php\/wp-json\/wp\/v2\/media?parent=1271"}],"wp:term":[{"taxonomy":"category","embeddable":true,"href":"https:\/\/blog.univicosa.com.br\/index.php\/wp-json\/wp\/v2\/categories?post=1271"},{"taxonomy":"post_tag","embeddable":true,"href":"https:\/\/blog.univicosa.com.br\/index.php\/wp-json\/wp\/v2\/tags?post=1271"}],"curies":[{"name":"wp","href":"https:\/\/api.w.org\/{rel}","templated":true}]}}