{"id":1261,"date":"2020-07-09T12:09:31","date_gmt":"2020-07-09T15:09:31","guid":{"rendered":"https:\/\/blog.univicosa.com.br\/?p=1261"},"modified":"2020-07-09T12:09:31","modified_gmt":"2020-07-09T15:09:31","slug":"estamos-nos-aproximando-do-pico-da-pandemia-e-agora","status":"publish","type":"post","link":"https:\/\/blog.univicosa.com.br\/index.php\/2020\/07\/09\/estamos-nos-aproximando-do-pico-da-pandemia-e-agora\/","title":{"rendered":"Estamos nos aproximando do pico da pandemia. E agora?"},"content":{"rendered":"\n<p><em>Na cidade de Vi\u00e7osa,\nestimativas e dados revelam que estamos cada vez mais pr\u00f3ximos ao pico da\nCOVID-19. Entretanto, especialistas apontam que s\u00f3 teremos certeza que passamos\ndo pico depois que ele passar. Enquanto isso, os cuidados devem ser redobrados.\n<\/em><\/p>\n\n\n\n<figure class=\"wp-block-image\"><img data-attachment-id=\"1262\" data-permalink=\"https:\/\/blog.univicosa.com.br\/index.php\/2020\/07\/09\/estamos-nos-aproximando-do-pico-da-pandemia-e-agora\/estamos-nos-aproximando-do-pico-da-pandemia-arte\/\" data-orig-file=\"https:\/\/blog.univicosa.com.br\/wp-content\/uploads\/2020\/07\/Estamos-nos-aproximando-do-pico-da-pandemiA-ARTE.jpg\" data-orig-size=\"1080,1080\" data-comments-opened=\"1\" data-image-meta=\"{&quot;aperture&quot;:&quot;0&quot;,&quot;credit&quot;:&quot;&quot;,&quot;camera&quot;:&quot;&quot;,&quot;caption&quot;:&quot;&quot;,&quot;created_timestamp&quot;:&quot;0&quot;,&quot;copyright&quot;:&quot;&quot;,&quot;focal_length&quot;:&quot;0&quot;,&quot;iso&quot;:&quot;0&quot;,&quot;shutter_speed&quot;:&quot;0&quot;,&quot;title&quot;:&quot;&quot;,&quot;orientation&quot;:&quot;1&quot;}\" data-image-title=\"Estamos-nos-aproximando-do-pico-da-pandemiA-ARTE\" data-image-description=\"\" data-medium-file=\"https:\/\/blog.univicosa.com.br\/wp-content\/uploads\/2020\/07\/Estamos-nos-aproximando-do-pico-da-pandemiA-ARTE-300x300.jpg\" data-large-file=\"https:\/\/blog.univicosa.com.br\/wp-content\/uploads\/2020\/07\/Estamos-nos-aproximando-do-pico-da-pandemiA-ARTE-1024x1024.jpg\" loading=\"lazy\" width=\"1024\" height=\"1024\" src=\"https:\/\/blog.univicosa.com.br\/wp-content\/uploads\/2020\/07\/Estamos-nos-aproximando-do-pico-da-pandemiA-ARTE-1024x1024.jpg\" alt=\"\" class=\"wp-image-1262\" srcset=\"https:\/\/blog.univicosa.com.br\/wp-content\/uploads\/2020\/07\/Estamos-nos-aproximando-do-pico-da-pandemiA-ARTE-1024x1024.jpg 1024w, https:\/\/blog.univicosa.com.br\/wp-content\/uploads\/2020\/07\/Estamos-nos-aproximando-do-pico-da-pandemiA-ARTE-150x150.jpg 150w, https:\/\/blog.univicosa.com.br\/wp-content\/uploads\/2020\/07\/Estamos-nos-aproximando-do-pico-da-pandemiA-ARTE-300x300.jpg 300w, https:\/\/blog.univicosa.com.br\/wp-content\/uploads\/2020\/07\/Estamos-nos-aproximando-do-pico-da-pandemiA-ARTE-768x768.jpg 768w, https:\/\/blog.univicosa.com.br\/wp-content\/uploads\/2020\/07\/Estamos-nos-aproximando-do-pico-da-pandemiA-ARTE-85x85.jpg 85w, https:\/\/blog.univicosa.com.br\/wp-content\/uploads\/2020\/07\/Estamos-nos-aproximando-do-pico-da-pandemiA-ARTE-1000x1000.jpg 1000w, https:\/\/blog.univicosa.com.br\/wp-content\/uploads\/2020\/07\/Estamos-nos-aproximando-do-pico-da-pandemiA-ARTE.jpg 1080w\" sizes=\"(max-width: 1024px) 100vw, 1024px\" \/><figcaption>Foto: Freepik<\/figcaption><\/figure>\n\n\n\n<p>Segundo a Prefeitura de Vi\u00e7osa, a cidade vive um momento muito delicado, que revela o quanto precisamos redobrar os cuidados e zelar pela sa\u00fade de todos. <\/p>\n\n\n\n<h2><strong>Mas o que \u00e9 o pico?<\/strong><\/h2>\n\n\n\n<p>O pico da curva de cont\u00e1gio indica o n\u00famero m\u00e1ximo de\npessoas que j\u00e1 tiveram contato com o v\u00edrus desde o seu surgimento. A partir\ndeste ponto, a estimativa \u00e9 de que cada vez menos pessoas estejam suscet\u00edveis a\ntestar positivo para a COVID-19. <\/p>\n\n\n\n<h2><strong>Como saberemos que chegamos ao pico da curva de cont\u00e1gio? <\/strong><\/h2>\n\n\n\n<p>O gestor do curso de Enfermagem da Univi\u00e7osa, professor e enfermeiro Leonardo Santana, explica que s\u00f3 \u00e9 poss\u00edvel ter certeza que passamos pelo pico quando os casos come\u00e7arem a diminuir. \u201cVemos os casos positivos subindo aceleradamente, at\u00e9 que se estabilizam &#8211; surgindo assim uma nova tend\u00eancia decrescente da curva\u201d. <\/p>\n\n\n\n<p>Ainda, \u00e9 preciso se atentar para o per\u00edodo em que a curva apresenta reca\u00eddas: os n\u00fameros devem diminuir por, pelo menos, duas semanas seguidas (que \u00e9 o per\u00edodo de encuba\u00e7\u00e3o do v\u00edrus em nosso organismo). Ou seja, n\u00e3o se trata de uma queda pontual. <\/p>\n\n\n\n<p>Contudo, o professor tamb\u00e9m nos orienta que o per\u00edodo que se\nsucede ao pico n\u00e3o significa que todas as medidas preventivas adotadas at\u00e9\nent\u00e3o ser\u00e3o extintas: \u201ctrata-se de um momento extremamente delicado que exige\naten\u00e7\u00e3o redobrada. Caso contr\u00e1rio, se a quantidade de novos casos n\u00e3o estiver estabilizada\nde fato, correremos o risco de aumentar as taxas de contamina\u00e7\u00e3o e prejudicar\ntodo o esfor\u00e7o feito at\u00e9 o momento\u201d, conclui. <\/p>\n\n\n\n<p><strong>Fatores indicadores <\/strong><\/p>\n\n\n\n<p>Epidemiologistas e estudiosos apontam para os tr\u00eas fatores que\nindicam que chegamos ao pico do cont\u00e1gio, que s\u00e3o: <strong>n\u00famero de novos casos nas \u00faltimas 24h, taxa de reprodu\u00e7\u00e3o do v\u00edrus e n\u00famero\nde notifica\u00e7\u00f5es de s\u00edndrome respirat\u00f3ria aguda.<\/strong> O pico pode ser analisando\nlevando em considera\u00e7\u00e3o cidades, regi\u00f5es ou at\u00e9 mesmo a n\u00edvel nacional. <\/p>\n\n\n\n<p>Entendendo os fatores: <\/p>\n\n\n\n<p><strong>N\u00famero de novos casos\nnas \u00faltimas 24h<\/strong><\/p>\n\n\n\n<p>Todos os dias, os \u00f3rg\u00e3os competentes municipais, estaduais e\nfederais divulgam os novos casos registrados nas \u00faltimas 24 horas. Os dados n\u00e3o\ns\u00f3 nos mant\u00eam informados, como tamb\u00e9m nos mostra em qual est\u00e1gio da pandemia\nnos encontramos. <\/p>\n\n\n\n<p>\u00c0 medida que os n\u00fameros v\u00e3o aumentando, consideramos que estamos cada vez mais perto do pico. Em contrapartida, \u00e0 medida que eles v\u00e3o diminuindo, consideramos que cada vez menos pessoas est\u00e3o sendo v\u00edtimas. Entretanto, \u00e9 importante ressaltar que o crescimento ou diminui\u00e7\u00e3o, se n\u00e3o for mantido por pelo menos duas semanas (per\u00edodo de incuba\u00e7\u00e3o do v\u00edrus), n\u00e3o deve ser considerado determinante. <\/p>\n\n\n\n<p><strong>Taxa de reprodu\u00e7\u00e3o do\nv\u00edrus <\/strong><\/p>\n\n\n\n<p>Tamb\u00e9m conhecida como Rt, a taxa de reprodu\u00e7\u00e3o do v\u00edrus indica, por meio de c\u00e1lculos, o quanto a pandemia est\u00e1 acelerando ou desacelerando. Quanto mais pr\u00f3ximo de 1, mais perto estamos do pico. E s\u00f3 podemos dizer que o superamos quando o \u00edndice se mantiver abaixo de 1 pelo prazo de duas semanas ou mais. <\/p>\n\n\n\n<p>\u201cS\u00f3 estaremos mais \u2018sossegados\u2019 e mais confiantes de que a\npandemia est\u00e1 controlada quando estivermos abaixo de 0,5\u201d, aponta o professor\nLeonardo Santana. <\/p>\n\n\n\n<p><strong>N\u00famero de\nnotifica\u00e7\u00f5es de s\u00edndrome respirat\u00f3ria aguda<\/strong><\/p>\n\n\n\n<p>Desde a pandemia causada pela H1N1 em 2009, os casos de s\u00edndrome respirat\u00f3ria aguda s\u00e3o notificados para que a situa\u00e7\u00e3o tenha um controle maior. Como o v\u00edrus da COVID-19 tamb\u00e9m afeta o sistema respirat\u00f3rio, essas notifica\u00e7\u00f5es se tornam fatores indicadores de como est\u00e1 a situa\u00e7\u00e3o em termos de testagem positiva, fases epidemiol\u00f3gicas e agravamento.<\/p>\n\n\n\n<p>O professor Leonardo conclui que o distanciamento social ainda\n\u00e9 a melhor forma de contermos a pandemia e zelarmos o m\u00e1ximo que podemos pela\nnossa sa\u00fade. Vai chegar o momento em que passaremos pelo pico e teremos um\ncontrole maior de toda esta situa\u00e7\u00e3o. \u201cEnquanto isso, se cuidem muito\u201d. <\/p>\n","protected":false},"excerpt":{"rendered":"<p>Na cidade de Vi\u00e7osa, estimativas e dados revelam que estamos cada vez mais pr\u00f3ximos ao pico da COVID-19. Entretanto, especialistas apontam que s\u00f3 teremos certeza que passamos do pico depois que ele passar. Enquanto isso, os cuidados devem ser redobrados. Segundo a Prefeitura de Vi\u00e7osa, a cidade vive um momento muito delicado, que revela o&#8230;<\/p>\n","protected":false},"author":2,"featured_media":0,"comment_status":"open","ping_status":"open","sticky":false,"template":"","format":"standard","meta":{"spay_email":""},"categories":[1],"tags":[],"jetpack_featured_media_url":"","jetpack_shortlink":"https:\/\/wp.me\/pbcCKk-kl","_links":{"self":[{"href":"https:\/\/blog.univicosa.com.br\/index.php\/wp-json\/wp\/v2\/posts\/1261"}],"collection":[{"href":"https:\/\/blog.univicosa.com.br\/index.php\/wp-json\/wp\/v2\/posts"}],"about":[{"href":"https:\/\/blog.univicosa.com.br\/index.php\/wp-json\/wp\/v2\/types\/post"}],"author":[{"embeddable":true,"href":"https:\/\/blog.univicosa.com.br\/index.php\/wp-json\/wp\/v2\/users\/2"}],"replies":[{"embeddable":true,"href":"https:\/\/blog.univicosa.com.br\/index.php\/wp-json\/wp\/v2\/comments?post=1261"}],"version-history":[{"count":1,"href":"https:\/\/blog.univicosa.com.br\/index.php\/wp-json\/wp\/v2\/posts\/1261\/revisions"}],"predecessor-version":[{"id":1263,"href":"https:\/\/blog.univicosa.com.br\/index.php\/wp-json\/wp\/v2\/posts\/1261\/revisions\/1263"}],"wp:attachment":[{"href":"https:\/\/blog.univicosa.com.br\/index.php\/wp-json\/wp\/v2\/media?parent=1261"}],"wp:term":[{"taxonomy":"category","embeddable":true,"href":"https:\/\/blog.univicosa.com.br\/index.php\/wp-json\/wp\/v2\/categories?post=1261"},{"taxonomy":"post_tag","embeddable":true,"href":"https:\/\/blog.univicosa.com.br\/index.php\/wp-json\/wp\/v2\/tags?post=1261"}],"curies":[{"name":"wp","href":"https:\/\/api.w.org\/{rel}","templated":true}]}}