{"id":1216,"date":"2020-06-18T15:46:18","date_gmt":"2020-06-18T18:46:18","guid":{"rendered":"https:\/\/blog.univicosa.com.br\/?p=1216"},"modified":"2020-06-18T15:46:18","modified_gmt":"2020-06-18T18:46:18","slug":"trocas-de-conhecimento-do-curso-de-engenharia-de-computacao-inicia-com-carta-aberta-da-gestora","status":"publish","type":"post","link":"https:\/\/blog.univicosa.com.br\/index.php\/2020\/06\/18\/trocas-de-conhecimento-do-curso-de-engenharia-de-computacao-inicia-com-carta-aberta-da-gestora\/","title":{"rendered":"Trocas de conhecimento do curso de Engenharia de Computa\u00e7\u00e3o inicia com carta aberta da gestora"},"content":{"rendered":"\n<p><em>A gestora do curso de Engenharia de Computa\u00e7\u00e3o da Univi\u00e7osa, professora Vanderl\u00e9a Queiroz, deu in\u00edcio ao evento com carta aberta.<\/em><\/p>\n\n\n\n<figure class=\"wp-block-image\"><img data-attachment-id=\"1217\" data-permalink=\"https:\/\/blog.univicosa.com.br\/index.php\/2020\/06\/18\/trocas-de-conhecimento-do-curso-de-engenharia-de-computacao-inicia-com-carta-aberta-da-gestora\/whatsapp-image-2020-06-16-at-12-46-04\/\" data-orig-file=\"https:\/\/blog.univicosa.com.br\/wp-content\/uploads\/2020\/06\/WhatsApp-Image-2020-06-16-at-12.46.04.jpeg\" data-orig-size=\"1080,1080\" data-comments-opened=\"1\" data-image-meta=\"{&quot;aperture&quot;:&quot;0&quot;,&quot;credit&quot;:&quot;&quot;,&quot;camera&quot;:&quot;&quot;,&quot;caption&quot;:&quot;&quot;,&quot;created_timestamp&quot;:&quot;0&quot;,&quot;copyright&quot;:&quot;&quot;,&quot;focal_length&quot;:&quot;0&quot;,&quot;iso&quot;:&quot;0&quot;,&quot;shutter_speed&quot;:&quot;0&quot;,&quot;title&quot;:&quot;&quot;,&quot;orientation&quot;:&quot;0&quot;}\" data-image-title=\"WhatsApp-Image-2020-06-16-at-12.46.04\" data-image-description=\"\" data-medium-file=\"https:\/\/blog.univicosa.com.br\/wp-content\/uploads\/2020\/06\/WhatsApp-Image-2020-06-16-at-12.46.04-300x300.jpeg\" data-large-file=\"https:\/\/blog.univicosa.com.br\/wp-content\/uploads\/2020\/06\/WhatsApp-Image-2020-06-16-at-12.46.04-1024x1024.jpeg\" loading=\"lazy\" width=\"1024\" height=\"1024\" src=\"https:\/\/blog.univicosa.com.br\/wp-content\/uploads\/2020\/06\/WhatsApp-Image-2020-06-16-at-12.46.04-1024x1024.jpeg\" alt=\"\" class=\"wp-image-1217\" srcset=\"https:\/\/blog.univicosa.com.br\/wp-content\/uploads\/2020\/06\/WhatsApp-Image-2020-06-16-at-12.46.04-1024x1024.jpeg 1024w, https:\/\/blog.univicosa.com.br\/wp-content\/uploads\/2020\/06\/WhatsApp-Image-2020-06-16-at-12.46.04-150x150.jpeg 150w, https:\/\/blog.univicosa.com.br\/wp-content\/uploads\/2020\/06\/WhatsApp-Image-2020-06-16-at-12.46.04-300x300.jpeg 300w, https:\/\/blog.univicosa.com.br\/wp-content\/uploads\/2020\/06\/WhatsApp-Image-2020-06-16-at-12.46.04-768x768.jpeg 768w, https:\/\/blog.univicosa.com.br\/wp-content\/uploads\/2020\/06\/WhatsApp-Image-2020-06-16-at-12.46.04-85x85.jpeg 85w, https:\/\/blog.univicosa.com.br\/wp-content\/uploads\/2020\/06\/WhatsApp-Image-2020-06-16-at-12.46.04-1000x1000.jpeg 1000w, https:\/\/blog.univicosa.com.br\/wp-content\/uploads\/2020\/06\/WhatsApp-Image-2020-06-16-at-12.46.04.jpeg 1080w\" sizes=\"(max-width: 1024px) 100vw, 1024px\" \/><\/figure>\n\n\n\n<p><strong>Confira a carta na \u00edntegra:<\/strong><\/p>\n\n\n\n<p>&#8220;Na ter\u00e7a-feira, dia 16 de junho, iniciamos nossa Troca de Conhecimento do curso de Engenharia de Computa\u00e7\u00e3o da Univi\u00e7osa. Uma excelente op\u00e7\u00e3o para a constru\u00e7\u00e3o de uma carreira de sucesso e para o compartilhamento do que temos de mais precioso: a educa\u00e7\u00e3o. \u00c9 s\u00f3 olhar em volta para ver solu\u00e7\u00f5es projetadas e desenvolvidas por engenheiros de computa\u00e7\u00e3o.<br> <br> Estamos vencendo o desafio atual juntos, a certeza de que vai passar e que estamos compartilhando conhecimento e experi\u00eancias nos fortalece em nossas jornadas, nos torna mais resilientes e preparados para carreiras solos em um futuro breve, que exigir\u00e1: autoconhecimento, atividades remotas, criatividade, constru\u00e7\u00e3o coletiva, colabora\u00e7\u00e3o, capacidade de continuar aprendendo. <\/p>\n\n\n\n<p>Lembre-se: voc\u00ea n\u00e3o \u00e9 um simples passageiro, e sim o condutor do seu processo de aprendizagem. Estamos aqui para te apoiar, compartilhar experi\u00eancias e trocar. Por isso do nome escolhido para o nosso evento.<br><\/p>\n\n\n\n<p>Uma das maneiras mais efetivas de aprender \u00e9 ensinar. Quem sabe voc\u00ea poder\u00e1 estar tamb\u00e9m, em breve, ministrando um minicurso, apresentando algo que conhe\u00e7a melhor? \u00c9 um desafio, confesso! Ent\u00e3o, que tal criar suas oportunidades para que possamos constru\u00ed-las juntos?!<br> <br>E neste momento, podemos ver a realidade do boom dos processos digitais em todas as \u00e1reas, como a tecnologia que vem apoiando os profissionais da sa\u00fade no combate \u00e0 pandemia. Al\u00e9m disso, \u00e9 f\u00e1cil perceber como \u00e9 relevante a atividade de programar computadores no contexto atual. Diria que \u00e9 um item essencial em todas as solu\u00e7\u00f5es digitais, afinal, \u00e9 um processo que nunca para. <\/p>\n\n\n\n<p>Muitos se perguntam: \u201ca Intelig\u00eancia Artificial roubar\u00e1 meu emprego?\u201d. N\u00e3o se voc\u00ea se adaptar, aprender a utiliz\u00e1-la e torn\u00e1-la sua aliada para melhorar seus potenciais. Por isso estamos aqui, junto com os demais docentes do curso, para mostrar alguns caminhos poss\u00edveis. E contamos com a sua presen\u00e7a para que possamos trocar muito! <br><\/p>\n\n\n\n<p>O professor Cristiano Cabral, pedagogo de forma\u00e7\u00e3o, profissional da \u00e1rea de tecnologia, programador de cora\u00e7\u00e3o e entusiasta do mundo maker, foi o nosso convidado para dar in\u00edcio ao evento, ministrando a webinar intitulada &#8216;COVID-19 e o boom tecnol\u00f3gico: programar \u00e9 para mim?&#8217;.<br><\/p>\n\n\n\n<figure class=\"wp-block-image\"><img data-attachment-id=\"1218\" data-permalink=\"https:\/\/blog.univicosa.com.br\/index.php\/2020\/06\/18\/trocas-de-conhecimento-do-curso-de-engenharia-de-computacao-inicia-com-carta-aberta-da-gestora\/whatsapp-image-2020-06-17-at-21-44-43\/\" data-orig-file=\"https:\/\/blog.univicosa.com.br\/wp-content\/uploads\/2020\/06\/WhatsApp-Image-2020-06-17-at-21.44.43.jpeg\" data-orig-size=\"1280,682\" data-comments-opened=\"1\" data-image-meta=\"{&quot;aperture&quot;:&quot;0&quot;,&quot;credit&quot;:&quot;&quot;,&quot;camera&quot;:&quot;&quot;,&quot;caption&quot;:&quot;&quot;,&quot;created_timestamp&quot;:&quot;0&quot;,&quot;copyright&quot;:&quot;&quot;,&quot;focal_length&quot;:&quot;0&quot;,&quot;iso&quot;:&quot;0&quot;,&quot;shutter_speed&quot;:&quot;0&quot;,&quot;title&quot;:&quot;&quot;,&quot;orientation&quot;:&quot;0&quot;}\" data-image-title=\"WhatsApp-Image-2020-06-17-at-21.44.43\" data-image-description=\"\" data-medium-file=\"https:\/\/blog.univicosa.com.br\/wp-content\/uploads\/2020\/06\/WhatsApp-Image-2020-06-17-at-21.44.43-300x160.jpeg\" data-large-file=\"https:\/\/blog.univicosa.com.br\/wp-content\/uploads\/2020\/06\/WhatsApp-Image-2020-06-17-at-21.44.43-1024x546.jpeg\" loading=\"lazy\" width=\"1024\" height=\"546\" src=\"https:\/\/blog.univicosa.com.br\/wp-content\/uploads\/2020\/06\/WhatsApp-Image-2020-06-17-at-21.44.43-1024x546.jpeg\" alt=\"\" class=\"wp-image-1218\" srcset=\"https:\/\/blog.univicosa.com.br\/wp-content\/uploads\/2020\/06\/WhatsApp-Image-2020-06-17-at-21.44.43-1024x546.jpeg 1024w, https:\/\/blog.univicosa.com.br\/wp-content\/uploads\/2020\/06\/WhatsApp-Image-2020-06-17-at-21.44.43-300x160.jpeg 300w, https:\/\/blog.univicosa.com.br\/wp-content\/uploads\/2020\/06\/WhatsApp-Image-2020-06-17-at-21.44.43-768x409.jpeg 768w, https:\/\/blog.univicosa.com.br\/wp-content\/uploads\/2020\/06\/WhatsApp-Image-2020-06-17-at-21.44.43-1000x533.jpeg 1000w, https:\/\/blog.univicosa.com.br\/wp-content\/uploads\/2020\/06\/WhatsApp-Image-2020-06-17-at-21.44.43-563x300.jpeg 563w, https:\/\/blog.univicosa.com.br\/wp-content\/uploads\/2020\/06\/WhatsApp-Image-2020-06-17-at-21.44.43.jpeg 1280w\" sizes=\"(max-width: 1024px) 100vw, 1024px\" \/><figcaption>Primeira webinar do evento<\/figcaption><\/figure>\n\n\n\n<p>Ah! E lembrem-se que sortearemos 2 (dois) kits Ardu\u00edno no nosso \u00faltimo encontro para come\u00e7ar a projetar e colocar suas ideias em pr\u00e1tica. Hoje (18), \u00e0s 20h30, voc\u00eas ter\u00e3o o encontro com o professor Hermes Nunes, que mostrar\u00e1 os primeiros passos com o Ardu\u00edno para criar online. Sejam todos bem-vindos. \u00d3timo evento a todos\u201d, encerra. <\/p>\n","protected":false},"excerpt":{"rendered":"<p>A gestora do curso de Engenharia de Computa\u00e7\u00e3o da Univi\u00e7osa, professora Vanderl\u00e9a Queiroz, deu in\u00edcio ao evento com carta aberta. Confira a carta na \u00edntegra: &#8220;Na ter\u00e7a-feira, dia 16 de junho, iniciamos nossa Troca de Conhecimento do curso de Engenharia de Computa\u00e7\u00e3o da Univi\u00e7osa. Uma excelente op\u00e7\u00e3o para a constru\u00e7\u00e3o de uma carreira de sucesso&#8230;<\/p>\n","protected":false},"author":2,"featured_media":0,"comment_status":"open","ping_status":"open","sticky":false,"template":"","format":"standard","meta":{"spay_email":""},"categories":[1],"tags":[],"jetpack_featured_media_url":"","jetpack_shortlink":"https:\/\/wp.me\/pbcCKk-jC","_links":{"self":[{"href":"https:\/\/blog.univicosa.com.br\/index.php\/wp-json\/wp\/v2\/posts\/1216"}],"collection":[{"href":"https:\/\/blog.univicosa.com.br\/index.php\/wp-json\/wp\/v2\/posts"}],"about":[{"href":"https:\/\/blog.univicosa.com.br\/index.php\/wp-json\/wp\/v2\/types\/post"}],"author":[{"embeddable":true,"href":"https:\/\/blog.univicosa.com.br\/index.php\/wp-json\/wp\/v2\/users\/2"}],"replies":[{"embeddable":true,"href":"https:\/\/blog.univicosa.com.br\/index.php\/wp-json\/wp\/v2\/comments?post=1216"}],"version-history":[{"count":1,"href":"https:\/\/blog.univicosa.com.br\/index.php\/wp-json\/wp\/v2\/posts\/1216\/revisions"}],"predecessor-version":[{"id":1219,"href":"https:\/\/blog.univicosa.com.br\/index.php\/wp-json\/wp\/v2\/posts\/1216\/revisions\/1219"}],"wp:attachment":[{"href":"https:\/\/blog.univicosa.com.br\/index.php\/wp-json\/wp\/v2\/media?parent=1216"}],"wp:term":[{"taxonomy":"category","embeddable":true,"href":"https:\/\/blog.univicosa.com.br\/index.php\/wp-json\/wp\/v2\/categories?post=1216"},{"taxonomy":"post_tag","embeddable":true,"href":"https:\/\/blog.univicosa.com.br\/index.php\/wp-json\/wp\/v2\/tags?post=1216"}],"curies":[{"name":"wp","href":"https:\/\/api.w.org\/{rel}","templated":true}]}}