{"id":1195,"date":"2020-06-09T10:13:06","date_gmt":"2020-06-09T13:13:06","guid":{"rendered":"https:\/\/blog.univicosa.com.br\/?p=1195"},"modified":"2020-06-09T10:13:06","modified_gmt":"2020-06-09T13:13:06","slug":"faca-pos-graduacao-comece-a-pensar-em-especializacao-hoje-mesmo","status":"publish","type":"post","link":"https:\/\/blog.univicosa.com.br\/index.php\/2020\/06\/09\/faca-pos-graduacao-comece-a-pensar-em-especializacao-hoje-mesmo\/","title":{"rendered":"Fa\u00e7a P\u00f3s-Gradua\u00e7\u00e3o: comece a pensar em especializa\u00e7\u00e3o hoje mesmo"},"content":{"rendered":"\n<p><em>Durante o per\u00edodo de distanciamento social, \u00e9 natural refletir sobre nosso futuro profissional e aspira\u00e7\u00f5es que ainda vir\u00e3o. Entender a necessidade da Educa\u00e7\u00e3o Continuada pode ser o start de uma carreira promissora p\u00f3s-pandemia.<\/em><\/p>\n\n\n\n<ul data-carousel-extra='{\"blog_id\":1,\"permalink\":\"https:\\\/\\\/blog.univicosa.com.br\\\/index.php\\\/2020\\\/06\\\/09\\\/faca-pos-graduacao-comece-a-pensar-em-especializacao-hoje-mesmo\\\/\"}' class=\"wp-block-gallery columns-1 is-cropped\"><li class=\"blocks-gallery-item\"><figure><img data-attachment-id=\"1196\" data-permalink=\"https:\/\/blog.univicosa.com.br\/index.php\/2020\/06\/09\/faca-pos-graduacao-comece-a-pensar-em-especializacao-hoje-mesmo\/arte-frame-para-videos-da-campanha\/\" data-orig-file=\"https:\/\/blog.univicosa.com.br\/wp-content\/uploads\/2020\/06\/Arte-frame-para-v\u00eddeos-da-campanha.jpg\" data-orig-size=\"1000,1000\" data-comments-opened=\"1\" data-image-meta=\"{&quot;aperture&quot;:&quot;0&quot;,&quot;credit&quot;:&quot;&quot;,&quot;camera&quot;:&quot;&quot;,&quot;caption&quot;:&quot;&quot;,&quot;created_timestamp&quot;:&quot;0&quot;,&quot;copyright&quot;:&quot;&quot;,&quot;focal_length&quot;:&quot;0&quot;,&quot;iso&quot;:&quot;0&quot;,&quot;shutter_speed&quot;:&quot;0&quot;,&quot;title&quot;:&quot;&quot;,&quot;orientation&quot;:&quot;1&quot;}\" data-image-title=\"Arte-frame-para-v\u00eddeos-da-campanha\" data-image-description=\"\" data-medium-file=\"https:\/\/blog.univicosa.com.br\/wp-content\/uploads\/2020\/06\/Arte-frame-para-v\u00eddeos-da-campanha-300x300.jpg\" data-large-file=\"https:\/\/blog.univicosa.com.br\/wp-content\/uploads\/2020\/06\/Arte-frame-para-v\u00eddeos-da-campanha.jpg\" loading=\"lazy\" width=\"1000\" height=\"1000\" src=\"https:\/\/blog.univicosa.com.br\/wp-content\/uploads\/2020\/06\/Arte-frame-para-v\u00eddeos-da-campanha.jpg\" alt=\"\" data-id=\"1196\" data-link=\"https:\/\/blog.univicosa.com.br\/?attachment_id=1196\" class=\"wp-image-1196\" srcset=\"https:\/\/blog.univicosa.com.br\/wp-content\/uploads\/2020\/06\/Arte-frame-para-v\u00eddeos-da-campanha.jpg 1000w, https:\/\/blog.univicosa.com.br\/wp-content\/uploads\/2020\/06\/Arte-frame-para-v\u00eddeos-da-campanha-150x150.jpg 150w, https:\/\/blog.univicosa.com.br\/wp-content\/uploads\/2020\/06\/Arte-frame-para-v\u00eddeos-da-campanha-300x300.jpg 300w, https:\/\/blog.univicosa.com.br\/wp-content\/uploads\/2020\/06\/Arte-frame-para-v\u00eddeos-da-campanha-768x768.jpg 768w, https:\/\/blog.univicosa.com.br\/wp-content\/uploads\/2020\/06\/Arte-frame-para-v\u00eddeos-da-campanha-85x85.jpg 85w\" sizes=\"(max-width: 1000px) 100vw, 1000px\" \/><\/figure><\/li><\/ul>\n\n\n\n<p>Possuir uma P\u00f3s-Gradua\u00e7\u00e3o representa um grande diferencial num mercado de trabalho cada vez mais seletivo. Um exemplo s\u00e3o as empresas com planos de carreira que&nbsp;preveem&nbsp;a ascens\u00e3o de funcion\u00e1rios que d\u00e3o continuidade aos estudos ap\u00f3s a gradua\u00e7\u00e3o.&nbsp;<\/p>\n\n\n\n<p>S\u00e3o dois tipos de p\u00f3s-gradua\u00e7\u00e3o \u2013&nbsp;<strong><em>lato sensu<\/em><\/strong>&nbsp;e&nbsp;<strong><em>stricto sensu<\/em><\/strong>&nbsp;\u2013 cada qual com as suas especificidades. Tamb\u00e9m nomeada \u201cEspecializa\u00e7\u00e3o\u201d, a P\u00f3s-Gradua\u00e7\u00e3o&nbsp;<em>lato sensu<\/em>&nbsp;\u00e9 voltada \u00e0s expectativas de aprimoramento acad\u00eamico e profissional e com car\u00e1ter de educa\u00e7\u00e3o continuada. Nesta categoria est\u00e3o os cursos de Especializa\u00e7\u00e3o \u2013 dentro destes os cursos designados como MBA (<em>Ma<\/em><em>ster Business&nbsp;<\/em><em>Administration<\/em>).&nbsp;<\/p>\n\n\n\n<p>A Especializa\u00e7\u00e3o&nbsp;<em>lato sensu<\/em>&nbsp;geralmente tem um formato semelhante ao dos cursos tradicionais, com aulas&nbsp;expositivas,&nbsp;din\u00e2micas de grupo, visitas t\u00e9cnicas, estudos de casos,&nbsp;dentro outros.&nbsp;A carga hor\u00e1ria tem dura\u00e7\u00e3o m\u00e9dia de 360 horas (o equivalente a um ou dois anos de dura\u00e7\u00e3o) dependendo do curso. O MBA, uma categoria da Especializa\u00e7\u00e3o que possui significativa demanda nos dias atuais, \u00e9 um&nbsp;curso de forma\u00e7\u00e3o focada em&nbsp;gest\u00e3o empresarial&nbsp;e em&nbsp;neg\u00f3cios, com dura\u00e7\u00e3o m\u00e9dia de, tamb\u00e9m,&nbsp;360 horas.&nbsp;&nbsp;<\/p>\n\n\n\n<p>A P\u00f3s-Gradua\u00e7\u00e3o&nbsp;<em>stricto sensu<\/em>&nbsp;caracteriza-se pela forma\u00e7\u00e3o de profissionais altamente qualificados, com vistas ao ensino, pesquisa e ao desenvolvimento cient\u00edfico e tecnol\u00f3gico. Existem dois tipos de especializa\u00e7\u00e3o stricto sensu:&nbsp;<strong>mestrado&nbsp;<\/strong>e&nbsp;<strong>doutorado<\/strong>. O Mestrado tem dura\u00e7\u00e3o m\u00e9dia de dois anos e se diferencia em dois tipos: Mestrado Profissional, a pesquisa direcionada ao trabalho em institui\u00e7\u00f5es p\u00fablicas ou privadas; e Mestrado Acad\u00eamico, a pesquisa direcionada ao exerc\u00edcio do magist\u00e9rio no ensino superior. Ao final do curso, o estudante tem que elaborar e apresentar uma disserta\u00e7\u00e3o. Por sua vez, o Doutorado, geralmente realizado ap\u00f3s o Mestrado, \u00e9 um curso que tem dura\u00e7\u00e3o m\u00e9dia de quatro anos, e exige a elabora\u00e7\u00e3o e defesa de uma tese.&nbsp;<\/p>\n\n\n\n<p><strong>Qual tipo de P\u00f3s-Gradua\u00e7\u00e3o melhor se enquadra ao meu perfil?<\/strong>&nbsp;<\/p>\n\n\n\n<p>Essa escolha depende, necessariamente, da estrat\u00e9gia de carreira profissional do universit\u00e1rio, de como ele se v\u00ea atuando futuramente no mercado de trabalho. Se voc\u00ea deseja&nbsp;atuar no ramo empresarial ou em diversas organiza\u00e7\u00f5es, a op\u00e7\u00e3o&nbsp;<em>lato<\/em><em>&nbsp;sensu<\/em>&nbsp;(especializa\u00e7\u00e3o) \u00e9 a ideal, caso queira&nbsp;ser um professor universit\u00e1rio o melhor \u00e9 optar por um mestrado e\/ou doutorado. J\u00e1 se o seu perfil for o de ser pesquisador numa institui\u00e7\u00e3o, voc\u00ea pode optar pelo Mestrado Profissional, que se assemelha bastante com o Mestrado Acad\u00eamico.&nbsp;<\/p>\n\n\n\n<p style=\"text-align:center\"><a href=\"https:\/\/www.univicosa.com.br\/pos_graduacao\">Conhe\u00e7a as op\u00e7\u00f5es de cursos\u00a0<\/a><strong><em><a href=\"https:\/\/www.univicosa.com.br\/pos_graduacao\">lato sensu<\/a><\/em><\/strong><a href=\"https:\/\/www.univicosa.com.br\/pos_graduacao\">\u00a0e\u00a0<\/a><strong><em><a href=\"https:\/\/www.univicosa.com.br\/pos_graduacao\">stricto sensu<\/a><\/em><\/strong><a href=\"https:\/\/www.univicosa.com.br\/pos_graduacao\">\u00a0ofertados pelo Centro Universit\u00e1rio de Vi\u00e7osa &#8211; UNIVI\u00c7OSA, e se prepare para uma carreira de sucesso!\u00a0<\/a><\/p>\n\n\n\n<p><\/p>\n","protected":false},"excerpt":{"rendered":"<p>Durante o per\u00edodo de distanciamento social, \u00e9 natural refletir sobre nosso futuro profissional e aspira\u00e7\u00f5es que ainda vir\u00e3o. Entender a necessidade da Educa\u00e7\u00e3o Continuada pode ser o start de uma carreira promissora p\u00f3s-pandemia. Possuir uma P\u00f3s-Gradua\u00e7\u00e3o representa um grande diferencial num mercado de trabalho cada vez mais seletivo. Um exemplo s\u00e3o as empresas com planos&#8230;<\/p>\n","protected":false},"author":2,"featured_media":0,"comment_status":"open","ping_status":"open","sticky":false,"template":"","format":"standard","meta":{"spay_email":""},"categories":[1],"tags":[],"jetpack_featured_media_url":"","jetpack_shortlink":"https:\/\/wp.me\/pbcCKk-jh","_links":{"self":[{"href":"https:\/\/blog.univicosa.com.br\/index.php\/wp-json\/wp\/v2\/posts\/1195"}],"collection":[{"href":"https:\/\/blog.univicosa.com.br\/index.php\/wp-json\/wp\/v2\/posts"}],"about":[{"href":"https:\/\/blog.univicosa.com.br\/index.php\/wp-json\/wp\/v2\/types\/post"}],"author":[{"embeddable":true,"href":"https:\/\/blog.univicosa.com.br\/index.php\/wp-json\/wp\/v2\/users\/2"}],"replies":[{"embeddable":true,"href":"https:\/\/blog.univicosa.com.br\/index.php\/wp-json\/wp\/v2\/comments?post=1195"}],"version-history":[{"count":1,"href":"https:\/\/blog.univicosa.com.br\/index.php\/wp-json\/wp\/v2\/posts\/1195\/revisions"}],"predecessor-version":[{"id":1197,"href":"https:\/\/blog.univicosa.com.br\/index.php\/wp-json\/wp\/v2\/posts\/1195\/revisions\/1197"}],"wp:attachment":[{"href":"https:\/\/blog.univicosa.com.br\/index.php\/wp-json\/wp\/v2\/media?parent=1195"}],"wp:term":[{"taxonomy":"category","embeddable":true,"href":"https:\/\/blog.univicosa.com.br\/index.php\/wp-json\/wp\/v2\/categories?post=1195"},{"taxonomy":"post_tag","embeddable":true,"href":"https:\/\/blog.univicosa.com.br\/index.php\/wp-json\/wp\/v2\/tags?post=1195"}],"curies":[{"name":"wp","href":"https:\/\/api.w.org\/{rel}","templated":true}]}}