{"id":1181,"date":"2020-06-03T15:02:40","date_gmt":"2020-06-03T18:02:40","guid":{"rendered":"https:\/\/blog.univicosa.com.br\/?p=1181"},"modified":"2020-06-03T15:02:40","modified_gmt":"2020-06-03T18:02:40","slug":"sabia-que-58-do-desempenho-profissional-esta-relacionado-a-inteligencia-emocional","status":"publish","type":"post","link":"https:\/\/blog.univicosa.com.br\/index.php\/2020\/06\/03\/sabia-que-58-do-desempenho-profissional-esta-relacionado-a-inteligencia-emocional\/","title":{"rendered":"Sabia que 58% do desempenho profissional est\u00e1 relacionado \u00e0 intelig\u00eancia emocional?"},"content":{"rendered":"\n<p><em>Esta capacidade n\u00e3o s\u00f3 \u00e9 muito procurada pelos recrutadores, como se tornou uma das grandes apostas para as compet\u00eancias exigidas no mundo p\u00f3s-pandemia; o chamado \u201cnovo normal\u201d<\/em><\/p>\n\n\n\n<figure class=\"wp-block-image\"><img data-attachment-id=\"1182\" data-permalink=\"https:\/\/blog.univicosa.com.br\/index.php\/2020\/06\/03\/sabia-que-58-do-desempenho-profissional-esta-relacionado-a-inteligencia-emocional\/ie-capa\/\" data-orig-file=\"https:\/\/blog.univicosa.com.br\/wp-content\/uploads\/2020\/06\/IE-CAPA.jpg\" data-orig-size=\"1080,1080\" data-comments-opened=\"1\" data-image-meta=\"{&quot;aperture&quot;:&quot;0&quot;,&quot;credit&quot;:&quot;&quot;,&quot;camera&quot;:&quot;&quot;,&quot;caption&quot;:&quot;&quot;,&quot;created_timestamp&quot;:&quot;0&quot;,&quot;copyright&quot;:&quot;&quot;,&quot;focal_length&quot;:&quot;0&quot;,&quot;iso&quot;:&quot;0&quot;,&quot;shutter_speed&quot;:&quot;0&quot;,&quot;title&quot;:&quot;&quot;,&quot;orientation&quot;:&quot;1&quot;}\" data-image-title=\"IE-CAPA\" data-image-description=\"\" data-medium-file=\"https:\/\/blog.univicosa.com.br\/wp-content\/uploads\/2020\/06\/IE-CAPA-300x300.jpg\" data-large-file=\"https:\/\/blog.univicosa.com.br\/wp-content\/uploads\/2020\/06\/IE-CAPA-1024x1024.jpg\" loading=\"lazy\" width=\"1024\" height=\"1024\" src=\"https:\/\/blog.univicosa.com.br\/wp-content\/uploads\/2020\/06\/IE-CAPA-1024x1024.jpg\" alt=\"\" class=\"wp-image-1182\" srcset=\"https:\/\/blog.univicosa.com.br\/wp-content\/uploads\/2020\/06\/IE-CAPA-1024x1024.jpg 1024w, https:\/\/blog.univicosa.com.br\/wp-content\/uploads\/2020\/06\/IE-CAPA-150x150.jpg 150w, https:\/\/blog.univicosa.com.br\/wp-content\/uploads\/2020\/06\/IE-CAPA-300x300.jpg 300w, https:\/\/blog.univicosa.com.br\/wp-content\/uploads\/2020\/06\/IE-CAPA-768x768.jpg 768w, https:\/\/blog.univicosa.com.br\/wp-content\/uploads\/2020\/06\/IE-CAPA-85x85.jpg 85w, https:\/\/blog.univicosa.com.br\/wp-content\/uploads\/2020\/06\/IE-CAPA-1000x1000.jpg 1000w, https:\/\/blog.univicosa.com.br\/wp-content\/uploads\/2020\/06\/IE-CAPA.jpg 1080w\" sizes=\"(max-width: 1024px) 100vw, 1024px\" \/><\/figure>\n\n\n\n<p>De acordo com um estudo desenvolvido por um famoso site de emprego dos Estados Unidos, o Career Builder, 58% do nosso desempenho profissional est\u00e1 relacionado \u00e0 intelig\u00eancia emocional que desenvolvemos. Por isso, essa n\u00e3o \u00e9 apenas uma compet\u00eancia muito requisitada e procurada pelos recrutadores nas corpora\u00e7\u00f5es, como tamb\u00e9m uma das grandes apostas das caracter\u00edsticas mais importantes do mundo p\u00f3s-pandemia. <\/p>\n\n\n\n<p>O mundo p\u00f3s-pandemia ser\u00e1 o \u201cnovo normal\u201d e nos depararemos com novas maneiras e cen\u00e1rios de trabalho, de frequentar lugares e de higieniza\u00e7\u00e3o. Portanto, quanto mais desenvolvida a capacidade de conhecer seus pr\u00f3prios sentimentos e de quem est\u00e1 \u00e0 sua volta, e de saber lidar com os novos cen\u00e1rios da melhor forma poss\u00edvel, maiores as chances de estar preparado para o futuro. <\/p>\n\n\n\n<p><strong>Quais s\u00e3o as compet\u00eancias e pilares que sustentam a\nintelig\u00eancia emocional?<\/strong><\/p>\n\n\n\n<p>A intelig\u00eancia emocional \u00e9 constitu\u00edda por quatro pilares e\npor 12 compet\u00eancias:<\/p>\n\n\n\n<p>O pilar <strong>autoconhecimento <\/strong>\u00e9 constitu\u00eddo pela\nautoconsci\u00eancia emocional \u2013 compet\u00eancia que permite com que pensemos em nossos\ngatilhos mentais. Este pilar representa a base do nosso equil\u00edbrio emocional. &nbsp;&nbsp;<\/p>\n\n\n\n<p>Ap\u00f3s o desenvolvimento e melhoramento do autoconhecimento, o pilar <strong>autogerenciamento <\/strong>nos d\u00e1 oportunidade de pensar em nossas decis\u00f5es de maneira mais assertiva. As compet\u00eancias que o constituem s\u00e3o: gest\u00e3o das emo\u00e7\u00f5es, adaptabilidade, orienta\u00e7\u00e3o para a realiza\u00e7\u00e3o de nossos objetivos e vis\u00e3o otimista. <\/p>\n\n\n\n<p>Ao alcan\u00e7ar o pilar da <strong>consci\u00eancia social, <\/strong>temos a\noportunidade de olhar para o outro com mais aten\u00e7\u00e3o e zelo; desenvolvendo\ncompet\u00eancias como esp\u00edrito coletivo, empatia e a consci\u00eancia organizacional de\ndesenvolver trabalhos em equipe. <\/p>\n\n\n\n<p>Por \u00faltimo, o pilar de <strong>gerenciamento de rela\u00e7\u00f5es <\/strong>nos\nfaz pensar se nos relacionamos de maneira satisfat\u00f3ria com as pessoas. As compet\u00eancias\nque o constituem s\u00e3o: influ\u00eancia positiva; ser um coach e mentor para\nacompanhamento do progresso dessas rela\u00e7\u00f5es; neutralizador de conflitos \u00e0 sua\nvolta; ser capaz de trabalhar em equipe e ser um l\u00edder que deixa um legado. <\/p>\n\n\n\n<p><strong>Por que desenvolver intelig\u00eancia emocional \u00e9 t\u00e3o importante?\n<\/strong><\/p>\n\n\n\n<p>Inseridos em um mundo extremamente vol\u00e1til, incerto e din\u00e2mico, uma importante estrat\u00e9gia para se desenvolver de forma cont\u00ednua \u00e9 se conhecer verdadeiramente; criando motiva\u00e7\u00f5es para si pr\u00f3prio, persistindo em seus objetivos, tendo um maior controle de impulsos e impedindo que a ansiedade interfira na capacidade de raciocinar, de respeitar o pr\u00f3ximo e de se manter autoconfiante.<\/p>\n\n\n\n<p><strong>Por fim, reflita: em qual das compet\u00eancias voc\u00ea ainda precisa desenvolver ou melhorar?<\/strong> <\/p>\n\n\n\n<p>Se poss\u00edvel, deixe o seu coment\u00e1rio sobre o post.<\/p>\n","protected":false},"excerpt":{"rendered":"<p>Esta capacidade n\u00e3o s\u00f3 \u00e9 muito procurada pelos recrutadores, como se tornou uma das grandes apostas para as compet\u00eancias exigidas no mundo p\u00f3s-pandemia; o chamado \u201cnovo normal\u201d De acordo com um estudo desenvolvido por um famoso site de emprego dos Estados Unidos, o Career Builder, 58% do nosso desempenho profissional est\u00e1 relacionado \u00e0 intelig\u00eancia emocional&#8230;<\/p>\n","protected":false},"author":2,"featured_media":0,"comment_status":"open","ping_status":"open","sticky":false,"template":"","format":"standard","meta":{"spay_email":""},"categories":[1],"tags":[],"jetpack_featured_media_url":"","jetpack_shortlink":"https:\/\/wp.me\/pbcCKk-j3","_links":{"self":[{"href":"https:\/\/blog.univicosa.com.br\/index.php\/wp-json\/wp\/v2\/posts\/1181"}],"collection":[{"href":"https:\/\/blog.univicosa.com.br\/index.php\/wp-json\/wp\/v2\/posts"}],"about":[{"href":"https:\/\/blog.univicosa.com.br\/index.php\/wp-json\/wp\/v2\/types\/post"}],"author":[{"embeddable":true,"href":"https:\/\/blog.univicosa.com.br\/index.php\/wp-json\/wp\/v2\/users\/2"}],"replies":[{"embeddable":true,"href":"https:\/\/blog.univicosa.com.br\/index.php\/wp-json\/wp\/v2\/comments?post=1181"}],"version-history":[{"count":1,"href":"https:\/\/blog.univicosa.com.br\/index.php\/wp-json\/wp\/v2\/posts\/1181\/revisions"}],"predecessor-version":[{"id":1183,"href":"https:\/\/blog.univicosa.com.br\/index.php\/wp-json\/wp\/v2\/posts\/1181\/revisions\/1183"}],"wp:attachment":[{"href":"https:\/\/blog.univicosa.com.br\/index.php\/wp-json\/wp\/v2\/media?parent=1181"}],"wp:term":[{"taxonomy":"category","embeddable":true,"href":"https:\/\/blog.univicosa.com.br\/index.php\/wp-json\/wp\/v2\/categories?post=1181"},{"taxonomy":"post_tag","embeddable":true,"href":"https:\/\/blog.univicosa.com.br\/index.php\/wp-json\/wp\/v2\/tags?post=1181"}],"curies":[{"name":"wp","href":"https:\/\/api.w.org\/{rel}","templated":true}]}}