{"id":1168,"date":"2020-05-27T13:10:36","date_gmt":"2020-05-27T16:10:36","guid":{"rendered":"https:\/\/blog.univicosa.com.br\/?p=1168"},"modified":"2020-09-01T07:32:31","modified_gmt":"2020-09-01T10:32:31","slug":"mudancas-na-vida-profissional-como-lidar-e-reconhecer-a-necessidade","status":"publish","type":"post","link":"https:\/\/blog.univicosa.com.br\/index.php\/2020\/05\/27\/mudancas-na-vida-profissional-como-lidar-e-reconhecer-a-necessidade\/","title":{"rendered":"Mudan\u00e7as na vida acad\u00eamica: como lidar e reconhecer a necessidade?"},"content":{"rendered":"\n<p><em>As mudan\u00e7as s\u00e3o inevit\u00e1veis, principalmente inseridos em um novo mundo provocado pela COVID-19. Entretanto, j\u00e1 se perguntou o qu\u00e3o preparados e dispostos estamos \u00e0 elas?<\/em><\/p>\n\n\n\n<p>Por si s\u00f3, a palavra mudan\u00e7a n\u00e3o \u00e9 t\u00e3o f\u00e1cil de encarar,\nporque, ao mudar, \u00e9 preciso ir de um ponto ao outro, encarar novas realidades,\natividades, pessoas e questionamentos. Em suma, geralmente as mudan\u00e7as nos\nlevam a contextos que at\u00e9 ent\u00e3o eram desconhecidos por n\u00f3s. <\/p>\n\n\n\n<p>N\u00e3o h\u00e1 d\u00favidas de que o desconhecido nos traz inseguran\u00e7a,\nmedo e incerteza, porque ficamos diante \u00e0 in\u00fameras possibilidades e poucas\ncertezas. Contudo, inseridos em um contexto de pandemia causada pela COVID-19,\nestamos experienciando fortemente a import\u00e2ncia e necessidade de adapta\u00e7\u00e3o \u00e0s\nmudan\u00e7as \u2013 as quais podem ser impactadas por motivos control\u00e1veis por n\u00f3s ou\nn\u00e3o. <\/p>\n\n\n\n<p>A pergunta \u00e9: como voc\u00ea est\u00e1 lidando com as possibilidades de mudan\u00e7as na sua vida profissional? <\/p>\n\n\n\n<figure class=\"wp-block-image\"><img data-attachment-id=\"1169\" data-permalink=\"https:\/\/blog.univicosa.com.br\/index.php\/2020\/05\/27\/mudancas-na-vida-profissional-como-lidar-e-reconhecer-a-necessidade\/mudancas-vida-profisisonal-blog\/\" data-orig-file=\"https:\/\/blog.univicosa.com.br\/wp-content\/uploads\/2020\/05\/mudan\u00e7as-vida-profisisonal-BLOG.jpg\" data-orig-size=\"1080,1080\" data-comments-opened=\"1\" data-image-meta=\"{&quot;aperture&quot;:&quot;0&quot;,&quot;credit&quot;:&quot;&quot;,&quot;camera&quot;:&quot;&quot;,&quot;caption&quot;:&quot;&quot;,&quot;created_timestamp&quot;:&quot;0&quot;,&quot;copyright&quot;:&quot;&quot;,&quot;focal_length&quot;:&quot;0&quot;,&quot;iso&quot;:&quot;0&quot;,&quot;shutter_speed&quot;:&quot;0&quot;,&quot;title&quot;:&quot;&quot;,&quot;orientation&quot;:&quot;1&quot;}\" data-image-title=\"mudan\u00e7as-vida-profisisonal-BLOG\" data-image-description=\"\" data-medium-file=\"https:\/\/blog.univicosa.com.br\/wp-content\/uploads\/2020\/05\/mudan\u00e7as-vida-profisisonal-BLOG-300x300.jpg\" data-large-file=\"https:\/\/blog.univicosa.com.br\/wp-content\/uploads\/2020\/05\/mudan\u00e7as-vida-profisisonal-BLOG-1024x1024.jpg\" loading=\"lazy\" width=\"1024\" height=\"1024\" src=\"https:\/\/blog.univicosa.com.br\/wp-content\/uploads\/2020\/05\/mudan\u00e7as-vida-profisisonal-BLOG-1024x1024.jpg\" alt=\"\" class=\"wp-image-1169\" srcset=\"https:\/\/blog.univicosa.com.br\/wp-content\/uploads\/2020\/05\/mudan\u00e7as-vida-profisisonal-BLOG-1024x1024.jpg 1024w, https:\/\/blog.univicosa.com.br\/wp-content\/uploads\/2020\/05\/mudan\u00e7as-vida-profisisonal-BLOG-150x150.jpg 150w, https:\/\/blog.univicosa.com.br\/wp-content\/uploads\/2020\/05\/mudan\u00e7as-vida-profisisonal-BLOG-300x300.jpg 300w, https:\/\/blog.univicosa.com.br\/wp-content\/uploads\/2020\/05\/mudan\u00e7as-vida-profisisonal-BLOG-768x768.jpg 768w, https:\/\/blog.univicosa.com.br\/wp-content\/uploads\/2020\/05\/mudan\u00e7as-vida-profisisonal-BLOG-85x85.jpg 85w, https:\/\/blog.univicosa.com.br\/wp-content\/uploads\/2020\/05\/mudan\u00e7as-vida-profisisonal-BLOG-1000x1000.jpg 1000w, https:\/\/blog.univicosa.com.br\/wp-content\/uploads\/2020\/05\/mudan\u00e7as-vida-profisisonal-BLOG.jpg 1080w\" sizes=\"(max-width: 1024px) 100vw, 1024px\" \/><\/figure>\n\n\n\n<p><strong>Vida profissional: zona de expans\u00e3o cont\u00ednua <\/strong><\/p>\n\n\n\n<p>Ao longo da nossa vida, a nossa carreira; isto \u00e9, as\nexperi\u00eancias e feitos no \u00e2mbito profissional, dita os rumos e caminhos que\niremos seguir. Muitas das vezes, alcan\u00e7amos lugares e postos inimagin\u00e1veis, e\nacumulamos uma s\u00e9rie de descobertas e aprendizagens. <\/p>\n\n\n\n<p>Entretanto, em alguns momentos, estabilizamos e nos acomodamos \u00e0 uma vida profissional que n\u00e3o nos desafia e n\u00e3o nos desenvolve mais. \u00c9 a partir desta percep\u00e7\u00e3o que devemos pensar sobre as escolhas que est\u00e3o sendo feitas e a necessidade de mudan\u00e7a. <\/p>\n\n\n\n<p>Analise os fatores internos e externos e reflita sobre qual\nzona de conforto voc\u00ea se encontra:<\/p>\n\n\n\n<p>\u2022 Zona morta: estagna\u00e7\u00e3o e desmotiva\u00e7\u00e3o;<\/p>\n\n\n\n<p>\u2022 Zona de conforto: satisfeito e complacente onde se encontra;<\/p>\n\n\n\n<p>\u2022 Zona de p\u00e2nico: desorientado e desesperado;<\/p>\n\n\n\n<p>\u2022 Zona de expans\u00e3o: energizado, focado e proativo.<\/p>\n\n\n\n<p><strong>Necessidade de mudan\u00e7a <\/strong><\/p>\n\n\n\n<p>Ser agente da sua vida profissional requer, primeiramente,\nautoconhecimento para que reconhe\u00e7a seus limites, habilidades, conhecimentos,\natitudes e anseios. Desta forma, o processo de assumir responsabilidades, de\ncriar alternativas e de fazer escolhas n\u00e3o imediatistas \u00e9 facilitado. <\/p>\n\n\n\n<p>Mesmo que a necessidade de mudan\u00e7a seja identificada e traga riscos e certa resist\u00eancia, a etapa de explora\u00e7\u00e3o e aceita\u00e7\u00e3o do novo pode ser encarada de uma maneira menos leviana. <\/p>\n\n\n\n<p><strong>As sete experi\u00eancias de Peter Drucker: fa\u00e7a a diferen\u00e7a\nna sua carreira <\/strong><\/p>\n\n\n\n<p>Peter Drucker, nascido na \u00c1ustria em 1909, foi um escritor,\nprofessor e consultor administrativo muito influente no que diz respeito as\nteorias das mudan\u00e7as que nos desenvolvem profissionalmente. <\/p>\n\n\n\n<p>Drucker defende que, <em>a priori,<\/em> as mudan\u00e7as podem parecer uma sequ\u00eancia de acontecimentos negativos, mas os seus efeitos positivos e vantagens s\u00e3o percebidos durante o tempo. Profissionalmente falando, para nos destacarmos, \u00e9 preciso que sejamos continuamente comprometidos, resilientes e que sempre tiremos boas li\u00e7\u00f5es durante os processos de mudan\u00e7a. <\/p>\n\n\n\n<p>Abaixo, a lista das sete experi\u00eancias de Peter Drucker para\nprofissionais que anseiam fazer a diferen\u00e7a de maneira cont\u00ednua: <\/p>\n\n\n\n<ol><li>Meta e vis\u00e3o \u2013 \u00e9 poss\u00edvel melhorar sempre;<\/li><li>\u201cOs deuses podem v\u00ea-la\u201d \u2013 o grau de exig\u00eancia e qualidade da sua carreira devem partir de voc\u00ea;<\/li><li>Aprendizagem cont\u00ednua \u2013 constru\u00e7\u00e3o de uma base s\u00f3lida de conhecimentos e preocupa\u00e7\u00e3o em sempre revisar com capricho o que \u00e9 feito;<\/li><li>Revis\u00e3o \u2013 estabelecer prioridades no trabalho; <\/li><li>O que \u00e9 necess\u00e1rio em uma nova posi\u00e7\u00e3o? \u2013 concentrar-se nas novas exig\u00eancias e desafios;<\/li><li>Anotar e avaliar sempre \u2013 atentar aos pontos fortes e fracos;<\/li><li>Ser lembrado \u2013 certifique-se de que est\u00e1 se esfor\u00e7ando para ser um profissional que faz a diferen\u00e7a.<\/li><\/ol>\n\n\n\n<p>A coordenadora da p\u00f3s-gradua\u00e7\u00e3o do Centro Universit\u00e1rio de\nVi\u00e7osa \u2013 Univi\u00e7osa, Adriana Cambu\u00ed, destaca que o \u201cnovo normal\u201d que vamos e j\u00e1\nestamos encarando devido \u00e0 COVID-19 est\u00e1 nos trazendo uma imensid\u00e3o de novos\nobst\u00e1culos e aprendizagens. \u201cEstar preparado, munido de informa\u00e7\u00f5es,\nconhecimentos e habilidades ser\u00e1 o grande diferencial no mercado de trabalho\u201d,\nconclu\u00ed. <\/p>\n","protected":false},"excerpt":{"rendered":"<p>As mudan\u00e7as s\u00e3o inevit\u00e1veis, principalmente inseridos em um novo mundo provocado pela COVID-19. Entretanto, j\u00e1 se perguntou o qu\u00e3o preparados e dispostos estamos \u00e0 elas? Por si s\u00f3, a palavra mudan\u00e7a n\u00e3o \u00e9 t\u00e3o f\u00e1cil de encarar, porque, ao mudar, \u00e9 preciso ir de um ponto ao outro, encarar novas realidades, atividades, pessoas e questionamentos&#8230;.<\/p>\n","protected":false},"author":2,"featured_media":0,"comment_status":"open","ping_status":"open","sticky":false,"template":"","format":"standard","meta":{"spay_email":""},"categories":[1],"tags":[],"jetpack_featured_media_url":"","jetpack_shortlink":"https:\/\/wp.me\/pbcCKk-iQ","_links":{"self":[{"href":"https:\/\/blog.univicosa.com.br\/index.php\/wp-json\/wp\/v2\/posts\/1168"}],"collection":[{"href":"https:\/\/blog.univicosa.com.br\/index.php\/wp-json\/wp\/v2\/posts"}],"about":[{"href":"https:\/\/blog.univicosa.com.br\/index.php\/wp-json\/wp\/v2\/types\/post"}],"author":[{"embeddable":true,"href":"https:\/\/blog.univicosa.com.br\/index.php\/wp-json\/wp\/v2\/users\/2"}],"replies":[{"embeddable":true,"href":"https:\/\/blog.univicosa.com.br\/index.php\/wp-json\/wp\/v2\/comments?post=1168"}],"version-history":[{"count":2,"href":"https:\/\/blog.univicosa.com.br\/index.php\/wp-json\/wp\/v2\/posts\/1168\/revisions"}],"predecessor-version":[{"id":1410,"href":"https:\/\/blog.univicosa.com.br\/index.php\/wp-json\/wp\/v2\/posts\/1168\/revisions\/1410"}],"wp:attachment":[{"href":"https:\/\/blog.univicosa.com.br\/index.php\/wp-json\/wp\/v2\/media?parent=1168"}],"wp:term":[{"taxonomy":"category","embeddable":true,"href":"https:\/\/blog.univicosa.com.br\/index.php\/wp-json\/wp\/v2\/categories?post=1168"},{"taxonomy":"post_tag","embeddable":true,"href":"https:\/\/blog.univicosa.com.br\/index.php\/wp-json\/wp\/v2\/tags?post=1168"}],"curies":[{"name":"wp","href":"https:\/\/api.w.org\/{rel}","templated":true}]}}