{"id":1148,"date":"2020-05-13T15:34:36","date_gmt":"2020-05-13T18:34:36","guid":{"rendered":"https:\/\/blog.univicosa.com.br\/?p=1148"},"modified":"2020-05-14T14:45:39","modified_gmt":"2020-05-14T17:45:39","slug":"pos-graduacao-em-tempos-de-covid-19-por-que-devo-continuar-me-especializando","status":"publish","type":"post","link":"https:\/\/blog.univicosa.com.br\/index.php\/2020\/05\/13\/pos-graduacao-em-tempos-de-covid-19-por-que-devo-continuar-me-especializando\/","title":{"rendered":"P\u00f3s-Gradua\u00e7\u00e3o em tempos de COVID-19: por que devo continuar me especializando?"},"content":{"rendered":"\n<p><em>Por:  Adriana\u00a0Silva Fialho Cambu\u00ed &#8211; Coordenadora da P\u00f3s-Gradua\u00e7\u00e3o latu sensu. <\/em><\/p>\n\n\n\n<figure class=\"wp-block-image\"><img data-attachment-id=\"1149\" data-permalink=\"https:\/\/blog.univicosa.com.br\/index.php\/2020\/05\/13\/pos-graduacao-em-tempos-de-covid-19-por-que-devo-continuar-me-especializando\/pos\/\" data-orig-file=\"https:\/\/blog.univicosa.com.br\/wp-content\/uploads\/2020\/05\/pos.jpg\" data-orig-size=\"1080,1080\" data-comments-opened=\"1\" data-image-meta=\"{&quot;aperture&quot;:&quot;0&quot;,&quot;credit&quot;:&quot;&quot;,&quot;camera&quot;:&quot;&quot;,&quot;caption&quot;:&quot;&quot;,&quot;created_timestamp&quot;:&quot;0&quot;,&quot;copyright&quot;:&quot;&quot;,&quot;focal_length&quot;:&quot;0&quot;,&quot;iso&quot;:&quot;0&quot;,&quot;shutter_speed&quot;:&quot;0&quot;,&quot;title&quot;:&quot;&quot;,&quot;orientation&quot;:&quot;1&quot;}\" data-image-title=\"pos\" data-image-description=\"\" data-medium-file=\"https:\/\/blog.univicosa.com.br\/wp-content\/uploads\/2020\/05\/pos-300x300.jpg\" data-large-file=\"https:\/\/blog.univicosa.com.br\/wp-content\/uploads\/2020\/05\/pos-1024x1024.jpg\" loading=\"lazy\" width=\"1024\" height=\"1024\" src=\"https:\/\/blog.univicosa.com.br\/wp-content\/uploads\/2020\/05\/pos-1024x1024.jpg\" alt=\"\" class=\"wp-image-1149\" srcset=\"https:\/\/blog.univicosa.com.br\/wp-content\/uploads\/2020\/05\/pos-1024x1024.jpg 1024w, https:\/\/blog.univicosa.com.br\/wp-content\/uploads\/2020\/05\/pos-150x150.jpg 150w, https:\/\/blog.univicosa.com.br\/wp-content\/uploads\/2020\/05\/pos-300x300.jpg 300w, https:\/\/blog.univicosa.com.br\/wp-content\/uploads\/2020\/05\/pos-768x768.jpg 768w, https:\/\/blog.univicosa.com.br\/wp-content\/uploads\/2020\/05\/pos-85x85.jpg 85w, https:\/\/blog.univicosa.com.br\/wp-content\/uploads\/2020\/05\/pos-1000x1000.jpg 1000w, https:\/\/blog.univicosa.com.br\/wp-content\/uploads\/2020\/05\/pos.jpg 1080w\" sizes=\"(max-width: 1024px) 100vw, 1024px\" \/><\/figure>\n\n\n\n<p>Hoje estamos vivemos em um mundo de incertezas, de muitos questionamentos, principalmente ao pensarmos no futuro. Estamos diante de uma crise mundial, de grandes mudan\u00e7as e dificuldades econ\u00f4micas. As medidas de distanciamento social, paralisaram grande parte dos setores produtivos e os impactos dessa nova realidade, ainda n\u00e3o conseguimos de fato mensurar.<\/p>\n\n\n\n<p>Precisamos genuinamente nos adaptar ao contexto atual e, sobretudo, voltar mais fortalecidos empresarialmente e encontrar solu\u00e7\u00f5es criativas. Isso porque, as situa\u00e7\u00f5es de crise, levam \u00e0 novas oportunidades e as empresas almejam por profissionais criativos e que queiram superar desafios. O termo \u201cpensar fora da caixa\u201d e propor solu\u00e7\u00f5es inovadoras, s\u00e3o de suma relev\u00e2ncia nesse momento.<\/p>\n\n\n\n<p>Os Cursos de P\u00f3s-Gradua\u00e7\u00e3o do Centro Universit\u00e1rio de Vi\u00e7osa-UNIVI\u00c7OSA, t\u00eam essa proposta: estrutura da grade curricular, aliada a vasta experi\u00eancia profissional dos professores, resultando em op\u00e7\u00f5es de cursos altamente v\u00e1lidos, verdadeiros diferenciais no mercado de trabalho.<\/p>\n\n\n\n<p>S\u00e3o 13 oportunidades de Educa\u00e7\u00e3o Continuada, onde o principal objetivo \u00e9 atualizar os conhecimentos dos alunos com o que h\u00e1 de mais novo em diversas \u00e1reas do conhecimento e a troca de experi\u00eancia entre estudantes e professores, proporcionando grandes diferenciais que se destacam nas organiza\u00e7\u00f5es.<\/p>\n\n\n\n<p>Em tempos de crise, a d\u00favida sobre a empregabilidade nos pr\u00f3ximos meses, \u00e9 algo que tem deixado muitas pessoas inseguras, com medo de investir em suas respectivas carreiras. Mas, \u00e9 justamente nesse momento que destacamos a fundamental import\u00e2ncia da educa\u00e7\u00e3o continuada. Afinal, trata-se de uma aquisi\u00e7\u00e3o permanente e necess\u00e1ria, pois o mercado est\u00e1 exigindo, frente a tanta instabilidade econ\u00f4mica, profissionais que superem as expectativas, propondo novas solu\u00e7\u00f5es, buscando resultados que sejam cada vez mais satisfat\u00f3rios, diante de um cen\u00e1rio t\u00e3o complexo, vivenciados atualmente. <\/p>\n\n\n\n<p>Investir na forma\u00e7\u00e3o profissional sempre ser\u00e1 algo isento de riscos e preju\u00edzos, pois todo aprendizado adquirido, transforma efetivamente a vida das pessoas, pois concretiza sonhos, amplia sobremaneira, a capacidade de atua\u00e7\u00e3o, proporcionando novas perspectivas de carreira, e principalmente eleva, de forma exponencial, a remunera\u00e7\u00e3o. <\/p>\n\n\n\n<p>Portanto, a aquisi\u00e7\u00e3o de conhecimento, em tempos dif\u00edceis, de grandes incertezas, \u00e9 o melhor caminho que trilhamos para surgir novas oportunidades financeiras, dentro de uma vis\u00e3o criativa e inovadora. E diante desse contexto, a P\u00f3s-Gradua\u00e7\u00e3o cumpre genuinamente o seu papel, proporcionando aos seus alunos grandes perspectivas de crescimento profissional.<\/p>\n","protected":false},"excerpt":{"rendered":"<p>Por: Adriana\u00a0Silva Fialho Cambu\u00ed &#8211; Coordenadora da P\u00f3s-Gradua\u00e7\u00e3o latu sensu. Hoje estamos vivemos em um mundo de incertezas, de muitos questionamentos, principalmente ao pensarmos no futuro. Estamos diante de uma crise mundial, de grandes mudan\u00e7as e dificuldades econ\u00f4micas. As medidas de distanciamento social, paralisaram grande parte dos setores produtivos e os impactos dessa nova realidade,&#8230;<\/p>\n","protected":false},"author":2,"featured_media":0,"comment_status":"open","ping_status":"open","sticky":false,"template":"","format":"standard","meta":{"spay_email":""},"categories":[1],"tags":[],"jetpack_featured_media_url":"","jetpack_shortlink":"https:\/\/wp.me\/pbcCKk-iw","_links":{"self":[{"href":"https:\/\/blog.univicosa.com.br\/index.php\/wp-json\/wp\/v2\/posts\/1148"}],"collection":[{"href":"https:\/\/blog.univicosa.com.br\/index.php\/wp-json\/wp\/v2\/posts"}],"about":[{"href":"https:\/\/blog.univicosa.com.br\/index.php\/wp-json\/wp\/v2\/types\/post"}],"author":[{"embeddable":true,"href":"https:\/\/blog.univicosa.com.br\/index.php\/wp-json\/wp\/v2\/users\/2"}],"replies":[{"embeddable":true,"href":"https:\/\/blog.univicosa.com.br\/index.php\/wp-json\/wp\/v2\/comments?post=1148"}],"version-history":[{"count":4,"href":"https:\/\/blog.univicosa.com.br\/index.php\/wp-json\/wp\/v2\/posts\/1148\/revisions"}],"predecessor-version":[{"id":1154,"href":"https:\/\/blog.univicosa.com.br\/index.php\/wp-json\/wp\/v2\/posts\/1148\/revisions\/1154"}],"wp:attachment":[{"href":"https:\/\/blog.univicosa.com.br\/index.php\/wp-json\/wp\/v2\/media?parent=1148"}],"wp:term":[{"taxonomy":"category","embeddable":true,"href":"https:\/\/blog.univicosa.com.br\/index.php\/wp-json\/wp\/v2\/categories?post=1148"},{"taxonomy":"post_tag","embeddable":true,"href":"https:\/\/blog.univicosa.com.br\/index.php\/wp-json\/wp\/v2\/tags?post=1148"}],"curies":[{"name":"wp","href":"https:\/\/api.w.org\/{rel}","templated":true}]}}